{"id":101,"date":"2025-09-01T07:34:32","date_gmt":"2025-09-01T07:34:32","guid":{"rendered":"https:\/\/www.druckstdu.de\/magazin\/?p=101"},"modified":"2025-09-05T02:44:55","modified_gmt":"2025-09-05T02:44:55","slug":"erinnerungen-festhalten-wie-gemeinsame-fotoprojekte-menschen-verbinden","status":"publish","type":"post","link":"https:\/\/www.druckstdu.de\/magazin\/erinnerungen-festhalten-wie-gemeinsame-fotoprojekte-menschen-verbinden\/","title":{"rendered":"Erinnerungen festhalten: Wie gemeinsame Fotoprojekte Menschen verbinden"},"content":{"rendered":"\n<p>Erinnerungen sind ein kostbares Gut. <strong>Momente festhalten<\/strong> zu k\u00f6nnen, bedeutet, sie immer wieder neu zu erleben. Bestimmt m\u00f6chten auch Sie <strong>wichtige Erinnerungen festhalten<\/strong> und mit den Menschen teilen, die Ihnen nahestehen. Gemeinsam Fotos zu sichten und kreative Fotoprojekte umzusetzen, schafft Verbundenheit und macht Spa\u00df, egal ob im Kreis der Familie, mit Freunden oder als Paar. In diesem Beitrag erfahren Sie, warum <strong>gemeinsame Erinnerungen<\/strong> so wertvoll sind, wie <strong>geteilte Fotoprojekte<\/strong> Menschen enger zusammenbringen und mit welchen Ideen Sie solche Projekte kreativ gestalten k\u00f6nnen.<\/p>\n\n\n\n<h2 class=\"wp-block-heading\">Erinnerungen festhalten \u2013 warum gemeinsame Erlebnisse so wertvoll sind<\/h2>\n\n\n\n<p>Jeder von uns erlebt t\u00e4glich sch\u00f6ne Augenblicke, doch mit der Zeit geraten viele davon in Vergessenheit. Fotos helfen uns dabei, besondere <strong>Erlebnisse und Erinnerungen festzuhalten<\/strong>. Gerade in der heutigen Zeit, in der unz\u00e4hlige Bilder auf unseren Smartphones lagern, gewinnen <strong>physische Fotoprodukte<\/strong> einen besonderen Stellenwert.&nbsp;<\/p>\n\n\n\n<p>Eine aktuelle <a href=\"https:\/\/press.epson.eu\/de_DE\/newsroom\/fotoabzuege-helfen-dem-gedaechtnis-auf-die-spruenge1\/\">Epson-Studie von 2023<\/a> zeigt zum Beispiel, dass rund 70\u202f% der Menschen bef\u00fcrchten, digitale Bilder k\u00f6nnten eines Tages verloren gehen. Vor allem j\u00fcngere Leute vertrauen darauf, wichtige <strong>Erinnerungen lieber auf Papier festzuhalten<\/strong>. Gedruckte Fotos und Alben werden nicht zuf\u00e4llig hochgesch\u00e4tzt. Sie sind greifbare Erinnerungsst\u00fccke, die sich in die Hand nehmen, anschauen und gemeinsam durchbl\u00e4ttern lassen. Fotos an der Wand oder im Album machen Erlebtes im Alltag pr\u00e4sent. Oft reicht schon ein fl\u00fcchtiger Blick, um an die sch\u00f6nen Momente zur\u00fcckzudenken. Kurz gesagt, wer <strong>Erinnerungen bewahren<\/strong> m\u00f6chte, hat mit ausgedruckten Fotos und Fotob\u00fcchern etwas in der Hand, das auch nach Jahren noch emotional ber\u00fchrt.<\/p>\n\n\n\n<p>Zudem hat das aktive Besch\u00e4ftigen mit Fotos und Erinnerungen positive Effekte auf uns. Psychologen betonen, dass das <strong>gemeinsame Erinnern<\/strong> unsere Stimmung heben und den <strong>Zusammenhalt<\/strong> f\u00f6rdern kann. Wenn Sie sich die Zeit nehmen, Fotos zu sortieren, zu beschriften und in ein Album zu kleben oder online ein Fotobuch zu gestalten, dann lassen Sie Erlebtes im wahrsten Sinne wieder aufleben. Dieses <strong>\u201eIn-Erinnerungen-Schwelgen\u201c <\/strong>stiftet ein Gef\u00fchl von N\u00e4he und gemeinsamer Geschichte, besonders wenn Sie es nicht allein, sondern zusammen mit Ihren Lieben tun. Jeder Blick auf das fertige Fotoprojekt wird dann zu einer kleinen Zeitreise, die zeigt: <strong>Erlebnisse von gestern verbinden uns auch morgen noch.<\/strong><\/p>\n\n\n\n<p><em>Wie <a href=\"https:\/\/www.druckstdu.de\/magazin\/visual-journaling\/\">Visual Journaling<\/a> funktioniert, erfahren Sie ebenfalls bei uns<\/em> im Magazin. <\/p>\n\n\n\n<h2 class=\"wp-block-heading\">Warum verbinden gemeinsame Fotoprojekte?<\/h2>\n\n\n\n<p>Gemeinsam ein Fotoprojekt zu starten, sei es ein Album, <a href=\"https:\/\/www.druckstdu.de\/fotobuecher\/\"><strong>Fotobuch<\/strong><\/a> oder eine <strong>Collage<\/strong>, bedeutet mehr, als nur Bilder auf Papier zu bringen. Es ist ein sozialer Prozess, der Menschen n\u00e4herbringt. Hier sind einige Gr\u00fcnde, warum <strong>geteilte Fotoprojekte verbinden<\/strong>:<\/p>\n\n\n\n<ul class=\"wp-block-list\">\n<li><strong>Qualit\u00e4tszeit miteinander:<\/strong> Wenn Sie zusammen Fotos durchst\u00f6bern und ausw\u00e4hlen, verbringen Sie bewusste Zeit miteinander. Dieses gemeinsame Erlebnis \u2013 vielleicht bei einer Tasse Kaffee und vielen <em>\u201eWei\u00dft du noch?\u201c<\/em>-Momenten \u2013 st\u00e4rkt die Bindung. Gemeinsam wird \u00fcber witzige Schnappsch\u00fcsse gelacht und in Erinnerungen geschwelgt.<\/li>\n\n\n\n<li><strong>Geteilte Perspektiven:<\/strong> Jeder Beteiligte bringt seinen eigenen Blickwinkel ein. Vielleicht erinnern Sie und Ihre Freunde sich an unterschiedliche Details eines Ereignisses. Genau das macht ein gemeinsames Fotoprojekt so spannend! Indem alle ihre Lieblingsfotos und Anekdoten beitragen, entsteht ein facettenreiches Bild der gemeinsamen Geschichte.<\/li>\n\n\n\n<li><strong>Kreatives Teamwork:<\/strong> Ein <strong>Fotoprojekt gemeinsam gestalten<\/strong> ist Teamarbeit. Gemeinsam werden Layouts diskutiert, Hintergr\u00fcnde ausgew\u00e4hlt oder Texte zu den Bildern geschrieben. Diese Zusammenarbeit f\u00f6rdert die Kreativit\u00e4t jedes Einzelnen und schafft ein Gemeinschaftsgef\u00fchl. Denn alle ziehen an einem Strang, um etwas Sch\u00f6nes zu erschaffen.<\/li>\n\n\n\n<li><strong>Vertieftes Erinnern:<\/strong> Beim gemeinsamen Gestalten kommen Geschichten auf den Tisch. <strong>Fotos halten die Momente fest<\/strong>, aber erst wenn Sie dar\u00fcber sprechen, werden die Erlebnisse wirklich lebendig. Dieses <em>gemeinsame Erinnern<\/em> l\u00e4sst Sie Ereignisse oft noch intensiver wahrnehmen und festigt das Gef\u00fchl, etwas Wertvolles miteinander zu teilen.<\/li>\n\n\n\n<li><strong>Ein bleibendes Gemeinschaftswerk:<\/strong> Am Ende halten Sie ein Ergebnis in den H\u00e4nden, das <strong>Sie alle miteinander verbindet<\/strong> \u2013 sei es ein Album, ein gedrucktes Fotobuch oder eine Wandgalerie. Jeder hat dazu beigetragen. Ein solches Produkt ist mehr als Dekoration. Es ist ein Symbol f\u00fcr Zusammenhalt und gemeinsame Geschichte. Immer wenn Sie das fertige Werk anschauen, f\u00fchlen Sie sich Ihren Mitgestaltern verbunden und sagen sich: <em>\u201eDas haben wir zusammen geschaffen.\u201c<\/em><\/li>\n<\/ul>\n\n\n\n<p>Wie Sie sehen, geht es bei <strong>gemeinsamen Fotoprojekten<\/strong> nicht nur um das Endergebnis, sondern vor allem um den Weg dorthin. Das Miteinander steht im Vordergrund. Oft ist schon der Prozess des Gestaltens voller sch\u00f6ner Momente \u2013 vom nostalgischen Durchgehen alter Fotos bis zum kreativen Austauschen von Ideen. Genau deshalb <strong>schaffen gemeinsame Erinnerungen Verbundenheit<\/strong>, denn beim Gestalten entsteht etwas Neues, das auf Vergangenem aufbaut und die gemeinsame Geschichte weiterschreibt.<\/p>\n\n\n\n<h2 class=\"wp-block-heading\">Kreative Ideen, um gemeinsame Erinnerungen festzuhalten<\/h2>\n\n\n\n<p>Es gibt viele M\u00f6glichkeiten, wie Sie <strong>gemeinsame Erinnerungen kreativ festhalten<\/strong> k\u00f6nnen. Je nach Anlass und Vorlieben der Beteiligten lassen sich verschiedene <strong>Fotoprojekte<\/strong> umsetzen. Hier sind einige inspirierende Ideen:<\/p>\n\n\n\n<ul class=\"wp-block-list\">\n<li><strong>Fotobuch gemeinsam gestalten:<\/strong> Ein Fotobuch ist ein Klassiker, um <strong>Erinnerungen festzuhalten<\/strong>. Das gilt besonders, wenn es gemeinsam erstellt wird. Treffen Sie sich mit Familie oder Freunden (oder verabreden Sie sich online) und stellen Sie ein Buch \u00fcber ein besonderes Erlebnis zusammen, etwa eine Hochzeit, einen Urlaub oder ein Jahr voller Familienmomente. Jeder kann Fotos beisteuern und eigene Texte oder <strong>Insider-Geschichten<\/strong> dazuschreiben. <em>Tipp:<\/em> Bei druckstdu k\u00f6nnen Sie Ihr Fotobuch direkt online gestalten \u2013 mit intuitiven Vorlagen, flexiblem Layout und 100 % hochwertigem Vierfarbdruck. So wird das gemeinsame Erstellen nicht nur einfach, sondern auch das Ergebnis beeindruckt in Qualit\u00e4t und pers\u00f6nlicher Note. <strong>Gestalten Sie Ihr Fotobuch<\/strong> am besten zusammen, das macht doppelt Freude!<\/li>\n\n\n\n<li><strong>Familien-Jahrbuch erstellen:<\/strong> F\u00fcr Familien bietet es sich an, am Ende des Jahres ein <strong>Jahrbuch<\/strong> zu gestalten. Sichten Sie alle zusammen die sch\u00f6nsten Fotos des Jahres \u2013 vom ersten Schultag der Kleinen bis zum Sommerurlaub \u2013 und f\u00fcgen Sie sie in chronologischer Reihenfolge in einem Album oder Fotobuch zusammen. Jeder in der Familie kann seine Erinnerungen beitragen. Kinder malen vielleicht etwas dazu, Eltern schreiben kurze Beschreibungen. Ein solcher Jahresr\u00fcckblick als Buch wird zu einem echten Familienschatz, der Jahr f\u00fcr Jahr fortgef\u00fchrt werden kann.<\/li>\n\n\n\n<li><strong>Gemeinsamer Fotokalender:<\/strong> Ein Fotokalender ist nicht nur praktisch, sondern auch ein tolles Gemeinschaftsprojekt. Gestalten Sie zum Beispiel im Freundeskreis einen Kalender f\u00fcrs kommende Jahr, bei dem jeder eine oder zwei Monatsseiten \u00fcbernimmt. So steuert jeder kreative Ideen und Bilder bei \u2013 und am Ende haben alle einen Kalender voller pers\u00f6nlicher Motive an der Wand h\u00e4ngen. Gerade als Geschenk unter Freunden oder in der Familie ist ein gemeinsamer Fotokalender unschlagbar, weil alle Beteiligten darin verewigt sind.<\/li>\n\n\n\n<li><strong>Wandbilder oder Collagen als Gemeinschaftswerk:<\/strong> Wie w\u00e4re es mit einer <strong>Foto-Collage<\/strong> f\u00fcrs Wohnzimmer oder einem Set aus Leinwanddrucken, bei dem jeder eines der Bilder ausw\u00e4hlt? Gemeinsam k\u00f6nnen Sie ein Konzept f\u00fcr eine Bilderwand entwickeln \u2013 etwa jeder bringt das liebste Foto eines gemeinsamen Ausflugs mit. Die einzelnen Fotos werden auf <strong>Wandbilder<\/strong> (etwa auf <a href=\"https:\/\/www.druckstdu.de\/wandbilder\/foto-auf-leinwand\/\">Leinwand<\/a>, <a href=\"https:\/\/www.druckstdu.de\/wandbilder\/foto-alu-dibond\/\">Alu-Dibond<\/a> oder <a href=\"https:\/\/www.druckstdu.de\/wandbilder\/fotoposter\/\">Poster<\/a>) gedruckt und dann zu Hause als Collage arrangiert. Das Ergebnis ist eine <strong>gemeinsame Galerie<\/strong>, die in jedem Zuhause die Blicke auf sich zieht und t\u00e4glich an die gemeinsamen Erlebnisse erinnert.<\/li>\n\n\n\n<li><strong>Scrapbook oder Erinnerungsalbum basteln:<\/strong> Wenn Sie es gerne haptisch m\u00f6gen, basteln Sie doch gemeinsam ein Scrapbook. Das kann unter anderem ein Freundschafts-Album sein, zu dem jeder eine Seite beitr\u00e4gt \u2013 mit ausgedruckten Fotos, kleinen Notizen, Aufklebern und Zeichnungen. Bei einem solchen analogen Fotoprojekt kommen alle am Basteltisch zusammen, was gerade mit Kindern eine wunderbare Aktivit\u00e4t ist. Am Ende entsteht ein einzigartiges, kunterbuntes Erinnerungsalbum voller pers\u00f6nlicher Gestaltung.<\/li>\n<\/ul>\n\n\n\n<p>Diese Ideen zeigen: F\u00fcr <strong>geteilte Fotoprojekte<\/strong> gibt es keine Grenzen. Wichtig ist, dass es allen Beteiligten Spa\u00df macht und jeder ein St\u00fcck von sich einbringen kann. \u00dcberlegen Sie gemeinsam, welches Projekt am besten zu Ihrem Anlass passt. Ob digital gestaltet und hochwertig gedruckt (etwa als <a href=\"https:\/\/www.druckstdu.de\/fotobuecher\/\">Fotobuch<\/a>, <a href=\"https:\/\/www.druckstdu.de\/fotokalender\/\">Kalender<\/a>, <a href=\"https:\/\/www.druckstdu.de\/wandbilder\/\">Wandbild<\/a>) oder handgemacht geklebt \u2013 <strong>Hauptsache, Sie halten Ihre Erinnerungen fest<\/strong> und tun dies <strong>gemeinsam<\/strong>.<\/p>\n\n\n\n<h2 class=\"wp-block-heading\">Tipps: So gelingt das gemeinsame Fotoprojekt<\/h2>\n\n\n\n<p>Damit Ihr gemeinsames Fotoprojekt reibungslos klappt und alle mit dem Ergebnis gl\u00fccklich sind, haben wir zum Abschluss noch einige <strong>praxisnahe Tipps<\/strong> f\u00fcr Sie:<\/p>\n\n\n\n<ul class=\"wp-block-list\">\n<li><strong>Fr\u00fchzeitig planen:<\/strong> Legen Sie zun\u00e4chst gemeinsam das Ziel Ihres Projekts fest. Handelt es sich um ein Urlaubsalbum, ein Jubil\u00e4ums-Fotobuch oder eine Familiengalerie? Stimmen Sie sich \u00fcber Format und Umfang ab. Eine klare Idee von Anfang an verhindert Chaos und jeder wei\u00df, woran er ist.<\/li>\n\n\n\n<li><strong>Fotos zusammenstellen und sortieren:<\/strong> Sammeln Sie alle relevanten Fotos an einem Ort. Nutzen Sie etwa eine gemeinsame Cloud oder erstellen Sie ein geteiltes Online-Album, in das jeder seine Bilder hochl\u00e4dt. Treffen Sie dann <strong>gemeinsam eine Auswahl<\/strong> der besten Aufnahmen. Achten Sie auf Abwechslung: Gruppenfotos, Schnappsch\u00fcsse, Details \u2013 die Mischung macht\u2019s.<\/li>\n\n\n\n<li><strong>Aufgaben verteilen:<\/strong> Je nach Projekt kann es helfen, Rollen zu vergeben. Zum Beispiel k\u00f6nnte eine Person das Layout im Online-Editor \u00fcbernehmen, jemand anders schreibt Texte oder Bildunterschriften, und ein Dritter koordiniert die Fotoauswahl. So bringt sich jeder ein und f\u00fchlt sich verantwortlich. Gleichzeitig wird niemand \u00fcberlastet und das Projekt bleibt f\u00fcr alle \u00fcberschaubar.<\/li>\n\n\n\n<li><strong>Kreativ werden und personalisieren:<\/strong> Ermuntern Sie alle Beteiligten, ihre Pers\u00f6nlichkeit einzubringen. Das k\u00f6nnen kleine <strong>pers\u00f6nliche Texte<\/strong>, Insider-Witze oder Gestaltungselemente sein. Im Fotobuch k\u00f6nnten Sie etwa Zitate der Familienmitglieder neben die Bilder setzen. Bei druckstdu haben Sie viele M\u00f6glichkeiten, Farben, Hintergr\u00fcnde und Cliparts einzuf\u00fcgen \u2013 nutzen Sie diese kreativ, um Ihr Projekt wirklich einzigartig zu machen.<\/li>\n\n\n\n<li><strong>Qualit\u00e4t nicht vergessen:<\/strong> Achten Sie darauf, dass die Fotos in ausreichender Aufl\u00f6sung vorliegen, damit der Druck gestochen scharf wird. W\u00e4hlen Sie einen <strong>Druckservice mit hoher Qualit\u00e4t<\/strong> \u2013 schlie\u00dflich soll Ihr gemeinsames Werk lange halten und immer wieder gerne angeschaut werden. Druckstdu etwa bietet professionellen Vierfarb-Digitaldruck auf hochwertigen Papieren, sodass Ihre Erinnerungen brillant zur Geltung kommen. Eine exzellente Verarbeitung sorgt daf\u00fcr, dass auch nach Jahren das Bl\u00e4ttern im Fotobuch oder Anschauen der Leinwand Freude macht.<\/li>\n\n\n\n<li><strong>Gemeinsam genie\u00dfen:<\/strong> Nehmen Sie sich, sobald das fertige Produkt da ist, Zeit, es gemeinsam anzuschauen! Eine kleine \u201eAlbum-Party\u201c oder ein gem\u00fctlicher Abend, an dem Sie den neuen Fotokalender durchbl\u00e4ttern, verl\u00e4ngert das gemeinsame Erlebnis. Feiern Sie Ihr Werk \u2013 Sie haben zusammen etwas geschaffen, das Ihnen allen geh\u00f6rt. Dieses Erfolgserlebnis schwei\u00dft zus\u00e4tzlich zusammen.<\/li>\n<\/ul>\n\n\n\n<p>Mit diesen Tipps steht Ihrem erfolgreichen Fotoprojekt nichts mehr im Wege. Wichtig ist haupts\u00e4chlich, die Freude am gemeinsamen Tun im Vordergrund zu behalten. Dann wird bereits der Weg zum Ergebnis zu einer wertvollen Erinnerung an sich.<\/p>\n\n\n\n<p>Weitere Tipps, um ein Fotoprojekt zu starten, finden Sie hier: <a href=\"https:\/\/www.druckstdu.de\/magazin\/fotoprojekt-fuer-erinnerungen\/\">Von der Speicherkarte zur Erinnerung: So entsteht ein pers\u00f6nliches Fotoprojekt<\/a>.<\/p>\n\n\n\n<h2 class=\"wp-block-heading\">Fazit: Gemeinsam Erinnerungen festhalten verbindet nachhaltig<\/h2>\n\n\n\n<p><strong>Erinnerungen festzuhalten<\/strong> ist an sich schon etwas Wundervolles, doch sie <strong>gemeinsam festzuhalten<\/strong> bringt noch mehr. Ob Sie mit Ihrer besseren H\u00e4lfte ein Hochzeitsalbum gestalten, mit Freunden ein Fotobuch \u00fcber die letzte Reise erstellen oder im Team ein besonderes Geschenk basteln: Solche <strong>geteilten Fotoprojekte<\/strong> schaffen Erlebnisse im Erleben. Sie f\u00f6rdern den Austausch, lassen Sie zusammen lachen und vielleicht sogar mal eine Tr\u00e4ne der R\u00fchrung teilen. Am Ende steht nicht nur ein fertiges Fotoprodukt, sondern vor allem das Gef\u00fchl: <em>Wir haben etwas gemeinsam erlebt und geschaffen.<\/em> Diese <strong>emotionale Verbundenheit<\/strong> bleibt lange bestehen. Jedes Mal, wenn Sie das Fotobuch aus dem Regal nehmen oder die Bilderwand betrachten, sp\u00fcren Sie ein St\u00fcck dieser Verbindung.<\/p>\n\n\n\n<p>Haben Sie jetzt Lust bekommen, <strong>gemeinsame Erinnerungen<\/strong> in die Tat umzusetzen? Dann <strong>fangen Sie gleich an<\/strong>: Kramen Sie die Fotos hervor, trommeln Sie Ihre Lieblingsmenschen zusammen und legen Sie los! <em>Kreative Ans\u00e4tze dazu gibt es in unserem <a href=\"https:\/\/www.druckstdu.de\/magazin\/kreative-fotoprojekte\/\">Beitrag zu ungew\u00f6hnlichen Fotoprojekten<\/a>.<\/em><\/p>\n\n\n\n<p>Wenn Sie Unterst\u00fctzung brauchen, stehen wir von druckstdu Ihnen gern zur Seite, mit leicht zu bedienenden Gestaltungstools, pers\u00f6nlicher Beratung und hochwertigen Ergebnissen. Viel Freude beim <strong>kreativen Erinnerungen-Schaffen<\/strong>!<\/p>\n\n\n\n<h2 class=\"wp-block-heading\">H\u00e4ufig gestellte Fragen (FAQ)<\/h2>\n\n\n\n<h3 class=\"wp-block-heading\"><strong>Wie kann ich am besten gemeinsame Erinnerungen festhalten?<\/strong><\/h3>\n\n\n\n<p>Gemeinsame Erinnerungen lassen sich am besten festhalten, indem Sie <strong>Fotoprojekte<\/strong> starten, an denen alle Beteiligten mitwirken. Das kann ein gemeinsam gestaltetes Fotobuch, ein Erinnerungsalbum oder eine digitale Foto-Show sein. Wichtig ist, dass alle ihre Lieblingsfotos einbringen und Sie das Ergebnis z.&nbsp;B. in gedruckter Form verewigen. So haben alle etwas zum Anschauen und in der Hand halten.<\/p>\n\n\n\n<h3 class=\"wp-block-heading\"><strong>Warum verbinden gemeinsame Fotoprojekte Menschen miteinander<\/strong>?<\/h3>\n\n\n\n<p>Wenn mehrere Personen zusammen ein Fotoprojekt gestalten, teilen sie Geschichten, lachen \u00fcber gemeinsame Erlebnisse und arbeiten kreativ im Team. Dieses <strong>gemeinsame Erlebnis<\/strong> st\u00e4rkt den Zusammenhalt. Als Gruppe entsteht etwas Gemeinsames, und das Ergebnis (etwa ein Fotobuch oder eine Collage) symbolisiert diese Gemeinschaft. Beim Betrachten des fertigen Werks werden nicht nur die abgebildeten Momente lebendig, sondern auch die sch\u00f6ne Zeit, die w\u00e4hrend des Gestaltens miteinander verbracht wurde.<\/p>\n\n\n\n<h3 class=\"wp-block-heading\"><strong>Welche Fotoprojekte eignen sich f\u00fcr Familien, um Erinnerungen festzuhalten?<\/strong><\/h3>\n\n\n\n<p>F\u00fcr Familien sind <strong>Fotob\u00fccher oder Familien-Jahrb\u00fccher<\/strong> ideal, um gemeinsame Erinnerungen festzuhalten. Auch Fotokalender, in denen jeder einen Monat mitgestaltet, eignen sich hervorragend. Mit kleineren Kindern l\u00e4sst sich ein Scrapbook basteln, in dem Fotos eingeklebt und selbstgemalte Bilder kombiniert werden. Wichtig ist, dass alle Generationen ihren Beitrag leisten k\u00f6nnen \u2013 vom Enkel, der vielleicht eine Zeichnung beisteuert, bis zu den Gro\u00dfeltern, die alte Familienfotos einbringen.<\/p>\n\n\n\n<h3 class=\"wp-block-heading\"><strong>Wie aufwendig ist es, ein gemeinsames Fotobuch zu gestalten?<\/strong><\/h3>\n\n\n\n<p>Mit den heutigen Online-Tools ist es erfreulich einfach, ein gemeinsames Fotobuch zu gestalten. Bei druckstdu.de zum Beispiel k\u00f6nnen mehrere Personen abwechselnd am Layout arbeiten, indem sie auf demselben Account oder Projekt Entw\u00fcrfe erstellen. Der Aufwand verteilt sich auf mehrere Schultern. Einer sortiert die Fotos, der n\u00e4chste gestaltet die Seiten, ein dritter korrigiert Texte. Planen Sie ein bisschen Zeit f\u00fcr Absprachen ein, vielleicht ein oder zwei Treffen (vor Ort oder per Videochat), um alles durchzugehen. Der Spa\u00df am gemeinsamen Kreativsein \u00fcberwiegt den Arbeitsaufwand bei weitem.<\/p>\n\n\n\n<h3 class=\"wp-block-heading\"><strong>Kann ich Fotoprojekte auch online teilen, bevor ich sie drucken lasse?<\/strong><\/h3>\n\n\n\n<p>Ja, viele Plattformen (auch druckstdu) erm\u00f6glichen es, Entw\u00fcrfe digital zu teilen. Sie k\u00f6nnen zum Beispiel einen <strong>Online-Vorschaulink<\/strong> Ihres Fotobuchs an Freunde schicken, damit alle vor dem Druck einen Blick darauf werfen und Feedback geben k\u00f6nnen. So stellen Sie sicher, dass jeder zufrieden ist, bevor das Werk in den Druck geht. Nach dem Druck k\u00f6nnen Sie nat\u00fcrlich auch digital Fotos vom fertigen Produkt teilen oder zus\u00e4tzliche Exemplare drucken lassen, sodass jeder ein Exemplar der <strong>gemeinsamen Erinnerung<\/strong> erh\u00e4lt.<\/p>\n<a class=\"simplefavorite-button\" data-postid=\"101\" data-siteid=\"1\" data-groupid=\"1\" data-favoritecount=\"0\" style=\"\"><img decoding=\"async\" src=\"\/magazin\/wp-content\/uploads\/2025\/07\/heart.svg\">Speichern f\u00fcr sp\u00e4ter<\/a>","protected":false},"excerpt":{"rendered":"<p>Erinnerungen sind ein kostbares Gut. Momente festhalten zu k\u00f6nnen, bedeutet, sie immer wieder neu zu erleben. Bestimmt m\u00f6chten auch Sie&#8230;<\/p>\n","protected":false},"author":3,"featured_media":102,"comment_status":"closed","ping_status":"closed","sticky":false,"template":"","format":"standard","meta":{"_acf_changed":false,"inline_featured_image":false,"footnotes":""},"categories":[4],"tags":[],"class_list":["post-101","post","type-post","status-publish","format-standard","has-post-thumbnail","hentry","category-diy"],"acf":[],"yoast_head":"<!-- This site is optimized with the Yoast SEO plugin v27.5 - https:\/\/yoast.com\/product\/yoast-seo-wordpress\/ -->\n<title>Erinnerungen festhalten: Gemeinsame Fotoprojekte verbinden<\/title>\n<meta name=\"description\" content=\"Erinnerungen festhalten + teilen: Wie gemeinsame Fotoprojekte Freunde und Familie verbinden. Tipps, Ideen &amp; Fotobuch-Inspiration\" \/>\n<link rel=\"canonical\" href=\"https:\/\/www.druckstdu.de\/magazin\/erinnerungen-festhalten-wie-gemeinsame-fotoprojekte-menschen-verbinden\/\" \/>\n<meta property=\"og:locale\" content=\"de_DE\" \/>\n<meta property=\"og:type\" content=\"article\" \/>\n<meta property=\"og:title\" content=\"Erinnerungen festhalten: Gemeinsame Fotoprojekte verbinden\" \/>\n<meta property=\"og:description\" content=\"Erinnerungen festhalten + teilen: Wie gemeinsame Fotoprojekte Freunde und Familie verbinden. Tipps, Ideen &amp; Fotobuch-Inspiration\" \/>\n<meta property=\"og:url\" content=\"https:\/\/www.druckstdu.de\/magazin\/erinnerungen-festhalten-wie-gemeinsame-fotoprojekte-menschen-verbinden\/\" \/>\n<meta property=\"og:site_name\" content=\"Magazin | Druckstdu\" \/>\n<meta property=\"article:published_time\" content=\"2025-09-01T07:34:32+00:00\" \/>\n<meta property=\"article:modified_time\" content=\"2025-09-05T02:44:55+00:00\" \/>\n<meta property=\"og:image\" content=\"https:\/\/www.druckstdu.de\/magazin\/wp-content\/uploads\/2025\/09\/erinnerungen-festhalten-ein-stapel-alter-schwarz-weiss-fotos.webp\" \/>\n\t<meta property=\"og:image:width\" content=\"1920\" \/>\n\t<meta property=\"og:image:height\" content=\"628\" \/>\n\t<meta property=\"og:image:type\" content=\"image\/webp\" \/>\n<meta name=\"author\" content=\"Julia\" \/>\n<meta name=\"twitter:card\" content=\"summary_large_image\" \/>\n<meta name=\"twitter:label1\" content=\"Verfasst von\" \/>\n\t<meta name=\"twitter:data1\" content=\"Julia\" \/>\n\t<meta name=\"twitter:label2\" content=\"Gesch\u00e4tzte Lesezeit\" \/>\n\t<meta name=\"twitter:data2\" content=\"13\u00a0Minuten\" \/>\n<script type=\"application\/ld+json\" class=\"yoast-schema-graph\">{\"@context\":\"https:\\\/\\\/schema.org\",\"@graph\":[{\"@type\":\"Article\",\"@id\":\"https:\\\/\\\/www.druckstdu.de\\\/magazin\\\/erinnerungen-festhalten-wie-gemeinsame-fotoprojekte-menschen-verbinden\\\/#article\",\"isPartOf\":{\"@id\":\"https:\\\/\\\/www.druckstdu.de\\\/magazin\\\/erinnerungen-festhalten-wie-gemeinsame-fotoprojekte-menschen-verbinden\\\/\"},\"author\":{\"name\":\"Julia\",\"@id\":\"https:\\\/\\\/www.druckstdu.de\\\/magazin\\\/#\\\/schema\\\/person\\\/21d94f7931f413d20158ecb9769efa5b\"},\"headline\":\"Erinnerungen festhalten: Wie gemeinsame Fotoprojekte Menschen verbinden\",\"datePublished\":\"2025-09-01T07:34:32+00:00\",\"dateModified\":\"2025-09-05T02:44:55+00:00\",\"mainEntityOfPage\":{\"@id\":\"https:\\\/\\\/www.druckstdu.de\\\/magazin\\\/erinnerungen-festhalten-wie-gemeinsame-fotoprojekte-menschen-verbinden\\\/\"},\"wordCount\":2340,\"image\":{\"@id\":\"https:\\\/\\\/www.druckstdu.de\\\/magazin\\\/erinnerungen-festhalten-wie-gemeinsame-fotoprojekte-menschen-verbinden\\\/#primaryimage\"},\"thumbnailUrl\":\"https:\\\/\\\/www.druckstdu.de\\\/magazin\\\/wp-content\\\/uploads\\\/2025\\\/09\\\/erinnerungen-festhalten-ein-stapel-alter-schwarz-weiss-fotos.webp\",\"articleSection\":[\"DIY\"],\"inLanguage\":\"de\"},{\"@type\":\"WebPage\",\"@id\":\"https:\\\/\\\/www.druckstdu.de\\\/magazin\\\/erinnerungen-festhalten-wie-gemeinsame-fotoprojekte-menschen-verbinden\\\/\",\"url\":\"https:\\\/\\\/www.druckstdu.de\\\/magazin\\\/erinnerungen-festhalten-wie-gemeinsame-fotoprojekte-menschen-verbinden\\\/\",\"name\":\"Erinnerungen festhalten: Gemeinsame Fotoprojekte verbinden\",\"isPartOf\":{\"@id\":\"https:\\\/\\\/www.druckstdu.de\\\/magazin\\\/#website\"},\"primaryImageOfPage\":{\"@id\":\"https:\\\/\\\/www.druckstdu.de\\\/magazin\\\/erinnerungen-festhalten-wie-gemeinsame-fotoprojekte-menschen-verbinden\\\/#primaryimage\"},\"image\":{\"@id\":\"https:\\\/\\\/www.druckstdu.de\\\/magazin\\\/erinnerungen-festhalten-wie-gemeinsame-fotoprojekte-menschen-verbinden\\\/#primaryimage\"},\"thumbnailUrl\":\"https:\\\/\\\/www.druckstdu.de\\\/magazin\\\/wp-content\\\/uploads\\\/2025\\\/09\\\/erinnerungen-festhalten-ein-stapel-alter-schwarz-weiss-fotos.webp\",\"datePublished\":\"2025-09-01T07:34:32+00:00\",\"dateModified\":\"2025-09-05T02:44:55+00:00\",\"author\":{\"@id\":\"https:\\\/\\\/www.druckstdu.de\\\/magazin\\\/#\\\/schema\\\/person\\\/21d94f7931f413d20158ecb9769efa5b\"},\"description\":\"Erinnerungen festhalten + teilen: Wie gemeinsame Fotoprojekte Freunde und Familie verbinden. Tipps, Ideen & Fotobuch-Inspiration\",\"breadcrumb\":{\"@id\":\"https:\\\/\\\/www.druckstdu.de\\\/magazin\\\/erinnerungen-festhalten-wie-gemeinsame-fotoprojekte-menschen-verbinden\\\/#breadcrumb\"},\"inLanguage\":\"de\",\"potentialAction\":[{\"@type\":\"ReadAction\",\"target\":[\"https:\\\/\\\/www.druckstdu.de\\\/magazin\\\/erinnerungen-festhalten-wie-gemeinsame-fotoprojekte-menschen-verbinden\\\/\"]}]},{\"@type\":\"ImageObject\",\"inLanguage\":\"de\",\"@id\":\"https:\\\/\\\/www.druckstdu.de\\\/magazin\\\/erinnerungen-festhalten-wie-gemeinsame-fotoprojekte-menschen-verbinden\\\/#primaryimage\",\"url\":\"https:\\\/\\\/www.druckstdu.de\\\/magazin\\\/wp-content\\\/uploads\\\/2025\\\/09\\\/erinnerungen-festhalten-ein-stapel-alter-schwarz-weiss-fotos.webp\",\"contentUrl\":\"https:\\\/\\\/www.druckstdu.de\\\/magazin\\\/wp-content\\\/uploads\\\/2025\\\/09\\\/erinnerungen-festhalten-ein-stapel-alter-schwarz-weiss-fotos.webp\",\"width\":1920,\"height\":628,\"caption\":\"@ Esra Korkmaz von Pexels\"},{\"@type\":\"BreadcrumbList\",\"@id\":\"https:\\\/\\\/www.druckstdu.de\\\/magazin\\\/erinnerungen-festhalten-wie-gemeinsame-fotoprojekte-menschen-verbinden\\\/#breadcrumb\",\"itemListElement\":[{\"@type\":\"ListItem\",\"position\":1,\"name\":\"Startseite\",\"item\":\"https:\\\/\\\/www.druckstdu.de\\\/magazin\\\/\"},{\"@type\":\"ListItem\",\"position\":2,\"name\":\"Erinnerungen festhalten: Wie gemeinsame Fotoprojekte Menschen verbinden\"}]},{\"@type\":\"WebSite\",\"@id\":\"https:\\\/\\\/www.druckstdu.de\\\/magazin\\\/#website\",\"url\":\"https:\\\/\\\/www.druckstdu.de\\\/magazin\\\/\",\"name\":\"Magazin | Druckstdu\",\"description\":\"\",\"potentialAction\":[{\"@type\":\"SearchAction\",\"target\":{\"@type\":\"EntryPoint\",\"urlTemplate\":\"https:\\\/\\\/www.druckstdu.de\\\/magazin\\\/?s={search_term_string}\"},\"query-input\":{\"@type\":\"PropertyValueSpecification\",\"valueRequired\":true,\"valueName\":\"search_term_string\"}}],\"inLanguage\":\"de\"},{\"@type\":\"Person\",\"@id\":\"https:\\\/\\\/www.druckstdu.de\\\/magazin\\\/#\\\/schema\\\/person\\\/21d94f7931f413d20158ecb9769efa5b\",\"name\":\"Julia\",\"image\":{\"@type\":\"ImageObject\",\"inLanguage\":\"de\",\"@id\":\"https:\\\/\\\/secure.gravatar.com\\\/avatar\\\/f8d49d230387fe95329c8c2282dda447963627f07b20969a21414d5cb19c58dc?s=96&d=mm&r=g\",\"url\":\"https:\\\/\\\/secure.gravatar.com\\\/avatar\\\/f8d49d230387fe95329c8c2282dda447963627f07b20969a21414d5cb19c58dc?s=96&d=mm&r=g\",\"contentUrl\":\"https:\\\/\\\/secure.gravatar.com\\\/avatar\\\/f8d49d230387fe95329c8c2282dda447963627f07b20969a21414d5cb19c58dc?s=96&d=mm&r=g\",\"caption\":\"Julia\"},\"url\":\"https:\\\/\\\/www.druckstdu.de\\\/magazin\\\/author\\\/julia\\\/\"}]}<\/script>\n<!-- \/ Yoast SEO plugin. -->","yoast_head_json":{"title":"Erinnerungen festhalten: Gemeinsame Fotoprojekte verbinden","description":"Erinnerungen festhalten + teilen: Wie gemeinsame Fotoprojekte Freunde und Familie verbinden. Tipps, Ideen & Fotobuch-Inspiration","canonical":"https:\/\/www.druckstdu.de\/magazin\/erinnerungen-festhalten-wie-gemeinsame-fotoprojekte-menschen-verbinden\/","og_locale":"de_DE","og_type":"article","og_title":"Erinnerungen festhalten: Gemeinsame Fotoprojekte verbinden","og_description":"Erinnerungen festhalten + teilen: Wie gemeinsame Fotoprojekte Freunde und Familie verbinden. Tipps, Ideen & Fotobuch-Inspiration","og_url":"https:\/\/www.druckstdu.de\/magazin\/erinnerungen-festhalten-wie-gemeinsame-fotoprojekte-menschen-verbinden\/","og_site_name":"Magazin | Druckstdu","article_published_time":"2025-09-01T07:34:32+00:00","article_modified_time":"2025-09-05T02:44:55+00:00","og_image":[{"width":1920,"height":628,"url":"https:\/\/www.druckstdu.de\/magazin\/wp-content\/uploads\/2025\/09\/erinnerungen-festhalten-ein-stapel-alter-schwarz-weiss-fotos.webp","type":"image\/webp"}],"author":"Julia","twitter_card":"summary_large_image","twitter_misc":{"Verfasst von":"Julia","Gesch\u00e4tzte Lesezeit":"13\u00a0Minuten"},"schema":{"@context":"https:\/\/schema.org","@graph":[{"@type":"Article","@id":"https:\/\/www.druckstdu.de\/magazin\/erinnerungen-festhalten-wie-gemeinsame-fotoprojekte-menschen-verbinden\/#article","isPartOf":{"@id":"https:\/\/www.druckstdu.de\/magazin\/erinnerungen-festhalten-wie-gemeinsame-fotoprojekte-menschen-verbinden\/"},"author":{"name":"Julia","@id":"https:\/\/www.druckstdu.de\/magazin\/#\/schema\/person\/21d94f7931f413d20158ecb9769efa5b"},"headline":"Erinnerungen festhalten: Wie gemeinsame Fotoprojekte Menschen verbinden","datePublished":"2025-09-01T07:34:32+00:00","dateModified":"2025-09-05T02:44:55+00:00","mainEntityOfPage":{"@id":"https:\/\/www.druckstdu.de\/magazin\/erinnerungen-festhalten-wie-gemeinsame-fotoprojekte-menschen-verbinden\/"},"wordCount":2340,"image":{"@id":"https:\/\/www.druckstdu.de\/magazin\/erinnerungen-festhalten-wie-gemeinsame-fotoprojekte-menschen-verbinden\/#primaryimage"},"thumbnailUrl":"https:\/\/www.druckstdu.de\/magazin\/wp-content\/uploads\/2025\/09\/erinnerungen-festhalten-ein-stapel-alter-schwarz-weiss-fotos.webp","articleSection":["DIY"],"inLanguage":"de"},{"@type":"WebPage","@id":"https:\/\/www.druckstdu.de\/magazin\/erinnerungen-festhalten-wie-gemeinsame-fotoprojekte-menschen-verbinden\/","url":"https:\/\/www.druckstdu.de\/magazin\/erinnerungen-festhalten-wie-gemeinsame-fotoprojekte-menschen-verbinden\/","name":"Erinnerungen festhalten: Gemeinsame Fotoprojekte verbinden","isPartOf":{"@id":"https:\/\/www.druckstdu.de\/magazin\/#website"},"primaryImageOfPage":{"@id":"https:\/\/www.druckstdu.de\/magazin\/erinnerungen-festhalten-wie-gemeinsame-fotoprojekte-menschen-verbinden\/#primaryimage"},"image":{"@id":"https:\/\/www.druckstdu.de\/magazin\/erinnerungen-festhalten-wie-gemeinsame-fotoprojekte-menschen-verbinden\/#primaryimage"},"thumbnailUrl":"https:\/\/www.druckstdu.de\/magazin\/wp-content\/uploads\/2025\/09\/erinnerungen-festhalten-ein-stapel-alter-schwarz-weiss-fotos.webp","datePublished":"2025-09-01T07:34:32+00:00","dateModified":"2025-09-05T02:44:55+00:00","author":{"@id":"https:\/\/www.druckstdu.de\/magazin\/#\/schema\/person\/21d94f7931f413d20158ecb9769efa5b"},"description":"Erinnerungen festhalten + teilen: Wie gemeinsame Fotoprojekte Freunde und Familie verbinden. Tipps, Ideen & Fotobuch-Inspiration","breadcrumb":{"@id":"https:\/\/www.druckstdu.de\/magazin\/erinnerungen-festhalten-wie-gemeinsame-fotoprojekte-menschen-verbinden\/#breadcrumb"},"inLanguage":"de","potentialAction":[{"@type":"ReadAction","target":["https:\/\/www.druckstdu.de\/magazin\/erinnerungen-festhalten-wie-gemeinsame-fotoprojekte-menschen-verbinden\/"]}]},{"@type":"ImageObject","inLanguage":"de","@id":"https:\/\/www.druckstdu.de\/magazin\/erinnerungen-festhalten-wie-gemeinsame-fotoprojekte-menschen-verbinden\/#primaryimage","url":"https:\/\/www.druckstdu.de\/magazin\/wp-content\/uploads\/2025\/09\/erinnerungen-festhalten-ein-stapel-alter-schwarz-weiss-fotos.webp","contentUrl":"https:\/\/www.druckstdu.de\/magazin\/wp-content\/uploads\/2025\/09\/erinnerungen-festhalten-ein-stapel-alter-schwarz-weiss-fotos.webp","width":1920,"height":628,"caption":"@ Esra Korkmaz von Pexels"},{"@type":"BreadcrumbList","@id":"https:\/\/www.druckstdu.de\/magazin\/erinnerungen-festhalten-wie-gemeinsame-fotoprojekte-menschen-verbinden\/#breadcrumb","itemListElement":[{"@type":"ListItem","position":1,"name":"Startseite","item":"https:\/\/www.druckstdu.de\/magazin\/"},{"@type":"ListItem","position":2,"name":"Erinnerungen festhalten: Wie gemeinsame Fotoprojekte Menschen verbinden"}]},{"@type":"WebSite","@id":"https:\/\/www.druckstdu.de\/magazin\/#website","url":"https:\/\/www.druckstdu.de\/magazin\/","name":"Magazin | Druckstdu","description":"","potentialAction":[{"@type":"SearchAction","target":{"@type":"EntryPoint","urlTemplate":"https:\/\/www.druckstdu.de\/magazin\/?s={search_term_string}"},"query-input":{"@type":"PropertyValueSpecification","valueRequired":true,"valueName":"search_term_string"}}],"inLanguage":"de"},{"@type":"Person","@id":"https:\/\/www.druckstdu.de\/magazin\/#\/schema\/person\/21d94f7931f413d20158ecb9769efa5b","name":"Julia","image":{"@type":"ImageObject","inLanguage":"de","@id":"https:\/\/secure.gravatar.com\/avatar\/f8d49d230387fe95329c8c2282dda447963627f07b20969a21414d5cb19c58dc?s=96&d=mm&r=g","url":"https:\/\/secure.gravatar.com\/avatar\/f8d49d230387fe95329c8c2282dda447963627f07b20969a21414d5cb19c58dc?s=96&d=mm&r=g","contentUrl":"https:\/\/secure.gravatar.com\/avatar\/f8d49d230387fe95329c8c2282dda447963627f07b20969a21414d5cb19c58dc?s=96&d=mm&r=g","caption":"Julia"},"url":"https:\/\/www.druckstdu.de\/magazin\/author\/julia\/"}]}},"wp-worthy-pixel":{"ignored":false,"public":null,"server":null,"url":null},"wp-worthy-type":"normal","_links":{"self":[{"href":"https:\/\/www.druckstdu.de\/magazin\/wp-json\/wp\/v2\/posts\/101","targetHints":{"allow":["GET"]}}],"collection":[{"href":"https:\/\/www.druckstdu.de\/magazin\/wp-json\/wp\/v2\/posts"}],"about":[{"href":"https:\/\/www.druckstdu.de\/magazin\/wp-json\/wp\/v2\/types\/post"}],"author":[{"embeddable":true,"href":"https:\/\/www.druckstdu.de\/magazin\/wp-json\/wp\/v2\/users\/3"}],"replies":[{"embeddable":true,"href":"https:\/\/www.druckstdu.de\/magazin\/wp-json\/wp\/v2\/comments?post=101"}],"version-history":[{"count":4,"href":"https:\/\/www.druckstdu.de\/magazin\/wp-json\/wp\/v2\/posts\/101\/revisions"}],"predecessor-version":[{"id":211,"href":"https:\/\/www.druckstdu.de\/magazin\/wp-json\/wp\/v2\/posts\/101\/revisions\/211"}],"wp:featuredmedia":[{"embeddable":true,"href":"https:\/\/www.druckstdu.de\/magazin\/wp-json\/wp\/v2\/media\/102"}],"wp:attachment":[{"href":"https:\/\/www.druckstdu.de\/magazin\/wp-json\/wp\/v2\/media?parent=101"}],"wp:term":[{"taxonomy":"category","embeddable":true,"href":"https:\/\/www.druckstdu.de\/magazin\/wp-json\/wp\/v2\/categories?post=101"},{"taxonomy":"post_tag","embeddable":true,"href":"https:\/\/www.druckstdu.de\/magazin\/wp-json\/wp\/v2\/tags?post=101"}],"curies":[{"name":"wp","href":"https:\/\/api.w.org\/{rel}","templated":true}]}}