{"id":119,"date":"2025-09-02T11:21:56","date_gmt":"2025-09-02T11:21:56","guid":{"rendered":"https:\/\/www.druckstdu.de\/magazin\/?p=119"},"modified":"2025-09-05T01:54:31","modified_gmt":"2025-09-05T01:54:31","slug":"365-tage-foto-challenge","status":"publish","type":"post","link":"https:\/\/www.druckstdu.de\/magazin\/365-tage-foto-challenge\/","title":{"rendered":"365 Tage Foto Challenge: Jeden Tag ein Bild \u2013 und was es mit Ihnen macht"},"content":{"rendered":"\n<p>Stellen Sie sich vor, Sie halten <strong>jeden Tag<\/strong> f\u00fcr ein ganzes Jahr lang einen Moment in einem Foto fest. Genau darum geht es bei der <strong>365 Tage Foto-Challenge<\/strong>, auch bekannt als <em>365-Tage-Fotoprojekt<\/em> oder im Englischen <em>Daily Photo Project<\/em>. Dieses Fotoprojekt fordert Sie heraus, an <strong>365 Tagen<\/strong> in Folge jeweils mindestens ein Bild aufzunehmen \u2013 sei es mit der hochwertigen Kamera oder einfach mit dem Smartphone. Was zun\u00e4chst nach einer gro\u00dfen Herausforderung klingt, entpuppt sich f\u00fcr viele Fotografie-Begeisterte als bereichernde Erfahrung voller Kreativit\u00e4t, Achtsamkeit und pers\u00f6nlicher Weiterentwicklung.<\/p>\n\n\n\n<h2 class=\"wp-block-heading\">Was ist die 365-Tage-Foto-Challenge?<\/h2>\n\n\n\n<p>Die <strong>365-Tage-Foto-Challenge<\/strong> ist ein Fotoprojekt, bei dem Sie ein Jahr lang t\u00e4glich ein neues Bild aufnehmen. Ziel ist nicht Perfektion, sondern regelm\u00e4\u00dfiges Fotografieren, bewussteres Wahrnehmen und die Freude am Entdecken. Ob Spiegelreflex, Digitalkamera oder Smartphone \u2013 entscheidend ist, jeden Tag mit Begeisterung ein Foto festzuhalten.<\/p>\n\n\n\n<p>Unter Kreativen weltweit ist das Projekt beliebt, bekannt auch als <em>Projekt 365<\/em> oder <em>Fotoprojekt \u201ejeden Tag ein Bild\u201c<\/em>. Online-Plattformen und Foren bieten Austausch, Motivation und Gemeinschaft, sodass Teilnehmende die H\u00f6hen und Tiefen des Projekts gemeinsam erleben. So wird die Challenge zu einer inspirierenden Einladung, die Welt t\u00e4glich mit neuen Augen zu betrachten.<\/p>\n\n\n\n<p>Weitere tolle Foto-Challenges finden Sie in dem Beitrag &#8222;<a href=\"https:\/\/www.druckstdu.de\/magazin\/kreative-fotoprojekte\/\">Kreative Fotoprojekte: 10 ungew\u00f6hnliche Projekte abseits vom Standard<\/a>&#8222;.<\/p>\n\n\n\n<h2 class=\"wp-block-heading\">Warum sich auf ein t\u00e4gliches Fotoprojekt einlassen?<\/h2>\n\n\n\n<p>Was bringt es eigentlich, ein ganzes Jahr lang jeden Tag ein Bild zu machen? Die Antwort: <strong>eine ganze Menge!<\/strong> F\u00fcr Hobbyfotografen, kreative K\u00f6pfe und alle, die gerne Erinnerungen festhalten, bietet die 365-Tage-Challenge vielf\u00e4ltige <strong>Vorteile<\/strong> und Lerneffekte.<\/p>\n\n\n\n<ul class=\"wp-block-list\">\n<li><strong>Kreativit\u00e4t und neuer Blickwinkel:<\/strong> Durch das t\u00e4gliche Fotografieren sch\u00e4rfen Sie den Blick f\u00fcr Details im Alltag. Selbst scheinbar unscheinbare Dinge \u2013 etwa der Lichteinfall auf dem Fr\u00fchst\u00fcckstisch oder ein Herbstblatt auf dem Gehweg \u2013 werden zu spannenden Motiven. Viele Teilnehmer berichten, dass sie durch die Challenge achtsamer werden und \u00fcberall interessante Bildideen entdecken.<\/li>\n\n\n\n<li><strong>Verbesserung der fotografischen F\u00e4higkeiten:<\/strong> Regelm\u00e4\u00dfiges \u00dcben verbessert automatisch Technik und Bildaufbau. Ob manueller Modus, Komposition oder spezielle Aufnahmetechniken \u2013 mit der Zeit gelingt vieles leichter. Die Challenge l\u00e4dt zum Experimentieren ein: heute Portr\u00e4t, morgen Landschaft, \u00fcbermorgen Makro.<\/li>\n\n\n\n<li><strong>Achtsamkeit und Erinnerungen: <\/strong>Ein Bild pro Tag schafft kleine Pausen im Alltag und h\u00e4lt besondere wie allt\u00e4gliche Momente fest. Am Ende entsteht eine einzigartige Sammlung von 365 Erinnerungen, die Ihr Jahr dokumentiert.<\/li>\n\n\n\n<li><strong>Motivation und Erfolgserlebnis:<\/strong> Ein ganzes Jahr durchzuhalten ist eine starke Leistung. Jeder Haken motiviert, und das 365. Foto vermittelt ein erf\u00fcllendes Gef\u00fchl von Erfolg. Es zeigt eindrucksvoll, wie wertvoll Best\u00e4ndigkeit ist.<\/li>\n<\/ul>\n\n\n\n<p>Neben diesen pers\u00f6nlichen Vorteilen kann ein 365-Tage-Fotoprojekt auch praktische Zwecke erf\u00fcllen. Einige nutzen es beispielsweise, um ein wichtiges Jahr in ihrem Leben festzuhalten, etwa <strong>das erste Jahr mit dem neugeborenen Kind<\/strong> (Jeden Tag ein Babyfoto? Das dokumentiert beeindruckend, wie schnell die Kleinen wachsen!) oder ein Auslandsjahr, ein langer Urlaub etc. Solch ein t\u00e4gliches Foto-Tagebuch wird zu einem wertvollen Schatz an Erinnerungen, der sich sp\u00e4ter wunderbar mit Familie und Freunden teilen l\u00e4sst.<\/p>\n\n\n\n<p><em>Warum Fotos gl\u00fccklich machen, erkl\u00e4rt unser <a href=\"https:\/\/www.druckstdu.de\/magazin\/warum-machen-fotos-gluecklich\/\">Beitrag zur Wissenschaft hinter Lieblingsbildern<\/a>.<\/em><\/p>\n\n\n\n<h2 class=\"wp-block-heading\">Herausforderungen der 365 Tage Foto-Challenge meistern<\/h2>\n\n\n\n<p>So lohnend das Projekt ist, machen wir uns nichts vor: Es gibt Tage, an denen f\u00e4llt das Fotografieren <em>nicht<\/em> leicht. Beruflicher Stress, schlechtes Wetter, kreative Flauten kommen vor. All das sind H\u00fcrden, die es zu \u00fcberwinden gilt. Hier kommen unsere <a href=\"https:\/\/www.spike05.de\/365-tage-foto-challenge-geschafft-ein-rueckblick\/\">Tipps aus der Praxis<\/a>, damit Sie auch an Tag 200 noch motiviert zur Kamera greifen.<\/p>\n\n\n\n<h3 class=\"wp-block-heading\">T\u00e4gliche Motivation und Dranbleiben<\/h3>\n\n\n\n<p><strong>War es leicht, jeden Tag ein Bild zu machen?<\/strong> Diese Frage beantwortet wohl jeder erfahrene \u201e365er\u201c mit <em>Nein<\/em> \u2013 und das ist normal. An manchen Tagen fehlt die Inspiration oder die Zeit ist knapp. Entscheidend ist, sich davon nicht entmutigen zu lassen. <strong>Motivationstricks<\/strong> k\u00f6nnen helfen:<\/p>\n\n\n\n<ul class=\"wp-block-list\">\n<li><strong>Feste Routine schaffen:<\/strong> Versuchen Sie, einen fixen Zeitpunkt am Tag f\u00fcrs Fotografieren einzuplanen \u2013 z.B. immer in der Mittagspause oder abends beim Spaziergang. Eine Routine hilft, das Projekt in den Alltag zu integrieren. Wenn es jeden Tag \u201ezur gleichen Zeit\u201c klick macht, wird es schneller zur Gewohnheit.<\/li>\n\n\n\n<li><strong>Inspiration suchen:<\/strong> Legen Sie sich eine <strong>Ideenliste<\/strong> an. Schreiben Sie laufend Foto-Ideen auf, die Ihnen einfallen, und greifen Sie darauf zur\u00fcck, wenn Sie planlos sind. Ein Teilnehmer der Challenge empfahl sogar, kleine Notizzettel mit Fotoaufgaben in ein Glas zu werfen und an ideenlosen Tagen einfach blind einen zu ziehen. Auf solchen Zetteln k\u00f6nnten unter anderem Aufgaben stehen wie <em>\u201eFotografieren Sie nur in Schwarzwei\u00df heute\u201c<\/em> oder <em>\u201eGehen Sie 100 Schritte vor die T\u00fcr und fotografieren Sie das Erste, was Ihnen auff\u00e4llt\u201c<\/em>. Solche spielerischen Herausforderungen innerhalb der Challenge bringen frischen Wind und neue <strong>kreative Impulse<\/strong>.<\/li>\n\n\n\n<li><strong>Themen und Variationen:<\/strong> Manche strukturieren ihr Projekt, indem sie <strong>Wochenthemen oder Monatsthemen<\/strong> festlegen. Zum Beispiel k\u00f6nnte der <strong>Januar<\/strong> dem Thema \u201eFarben\u201c gewidmet sein, der Februar \u201eArchitektur\u201c, der M\u00e4rz \u201eNaturdetails\u201c usw. So haben Sie jeden Tag einen thematischen Rahmen, der Ideen liefert. Andere machen sich selbst Challenges wie \u201ejede Woche ein neues fotografisches Technik-Experiment\u201c. Diese Variation h\u00e4lt die Sache spannend.<\/li>\n\n\n\n<li><strong>Gemeinsam starten:<\/strong> Geteiltes Leid ist halbes Leid \u2013 und geteilte Freude doppelte Freude! Vielleicht kennen Sie jemanden, der ebenfalls Lust auf ein t\u00e4gliches Fotoprojekt hat. Als <strong>Team<\/strong> oder in einer Gruppe l\u00e4sst sich die Challenge oft leichter durchhalten. Die Teilnehmenden motivieren sich gegenseitig, tauschen Ideen aus und geben sich gelegentlich auch einen freundschaftlichen Schubs, wenn der innere Schweinehund zu gro\u00df wird. In Online-Foren oder sozialen Netzwerken (Instagram, Fotocommunity etc.) finden sich ebenfalls Gleichgesinnte, mit denen sich eine Vernetzung leicht aufbauen l\u00e4sst. Teilen Sie Ihre Fotos z. B. mit dem Hashtag #365tagefoto oder #projekt365 \u2013 das Feedback und die Interaktion dort k\u00f6nnen zus\u00e4tzliche Motivation sein.<\/li>\n\n\n\n<li><strong>Belohnungen einbauen:<\/strong> Setzen Sie sich Meilensteine und belohnen Sie sich daf\u00fcr. Etwa eine kleine Belohnung nach 30 Tagen, 100 Tagen etc. Das kann etwas Einfaches sein wie ein sch\u00f6ner Druck des bisherigen Lieblingsfotos, ein neues Accessoire f\u00fcr die Kamera oder ein Ausflug an einen fotogenen Ort am Wochenende. Solche <strong>Belohnungen<\/strong> halten die Laune hoch.<\/li>\n<\/ul>\n\n\n\n<h3 class=\"wp-block-heading\">Keine Zeit? Schlechte Tage \u00fcberbr\u00fccken<\/h3>\n\n\n\n<p>365 Tage am St\u00fcck kerngesund, hochmotiviert und mit freiem Kalender zu sein, ist schlicht unrealistisch. Es kommen Tage, da <em>passt es einfach nicht<\/em>. Wichtig: <strong>Nicht sofort aufgeben!<\/strong> Erlauben Sie sich, innerhalb Ihres selbst gesetzten Rahmens flexibel zu sein. Einige Ans\u00e4tze, um Durchh\u00e4nger zu meistern:<\/p>\n\n\n\n<ul class=\"wp-block-list\">\n<li><strong>Voraus fotografieren:<\/strong> Wenn Sie wissen, dass ein bestimmter Tag extrem stressig wird (z. B. Gesch\u00e4ftsreise, Familienfeier oder Krankheit), k\u00f6nnen Sie in <strong>ruhigeren Zeiten ein oder zwei Fotos \u201eauf Vorrat\u201c schie\u00dfen<\/strong>. Viele handhaben es so: An produktiven Tagen entstehen oft mehrere gute Fotos \u2013 eines davon kann als Joker f\u00fcr Zeiten dienen, in denen kein neues Bild m\u00f6glich ist. Nat\u00fcrlich ist die <em>offizielle Regel<\/em> der Challenge eigentlich \u201ejeden Tag wirklich ein neues Foto\u201c. Aber letztlich ist es <strong>Ihr Projekt \u2013 Ihre Regeln<\/strong>. Erlaubt ist, was Ihnen hilft, dranzubleiben.<\/li>\n\n\n\n<li><strong>Smartphone nutzen:<\/strong> Haben Sie Ihre Kamera nicht dabei oder keine Zeit f\u00fcr eine aufwendige Fototour, dann schnappen Sie sich einfach das <strong>Smartphone<\/strong>. Ein Schnappschuss aus dem Alltag ist <strong>immer noch besser als gar kein Foto<\/strong>. Die Qualit\u00e4t moderner Smartphone-Kameras reicht v\u00f6llig aus, um Momente festzuhalten. Es geht ja nicht um Hochglanz-Perfektion, sondern darum, <em>den Moment einzufangen<\/em>. Viele der sch\u00f6nsten Challenge-Fotos entstehen spontan zwischendurch.<\/li>\n\n\n\n<li><strong>Verpasste Tage nachholen:<\/strong> Falls Sie doch einmal einen Tag verpassen, ist das kein Beinbruch. Einige Teilnehmer entscheiden sich dann, am n\u00e4chsten Tag <strong>zwei Fotos<\/strong> zu machen \u2013 eins f\u00fcr gestern, eins f\u00fcr heute. Andere lassen den Tag ausfallen und machen einfach normal weiter. \u00dcberlegen Sie vorher, welche Strategie Sie pers\u00f6nlich bevorzugen, falls L\u00fccken entstehen. Wichtig ist, sich von einem kleinen Aussetzer nicht das ganze Projekt kaputt machen zu lassen. Denken Sie daran: <strong>Perfektion ist nicht das Ziel<\/strong>, es geht um die Erfahrung und den Prozess.<\/li>\n\n\n\n<li><strong>Akzeptanz an schlechten Tagen:<\/strong> Mitunter entsteht zwar ein Foto, doch das Ergebnis wirkt unbefriedigend. Auch das geh\u00f6rt dazu. Nicht jedes der 365 Bilder wird ein Meisterwerk \u2013 und das muss es auch nicht. Lernen Sie, sich nicht zu sehr unter Druck zu setzen. An einem dunklen Regentag im November ist das Foto von der Kaffeetasse auf dem Fensterbrett vielleicht unspektakul\u00e4r \u2013 aber es erz\u00e4hlt von diesem echten Tag in Ihrem Leben. Und wer wei\u00df, in Schwarzwei\u00df hat selbst das vermeintlich langweilige Motiv einen k\u00fcnstlerischen Charme!<\/li>\n<\/ul>\n\n\n\n<h3 class=\"wp-block-heading\">Technische Tipps und Vorgehen<\/h3>\n\n\n\n<p>Auch technisch gibt es ein paar Tricks, die das t\u00e4gliche Fotografieren erleichtern:<\/p>\n\n\n\n<ul class=\"wp-block-list\">\n<li><strong>Immer einsatzbereit:<\/strong> Halten Sie Ihre Ausr\u00fcstung griffbereit. Wenn Sie eine gr\u00f6\u00dfere Kamera benutzen, nehmen Sie sie so oft wie m\u00f6glich mit, damit Sie spontan Fotos machen k\u00f6nnen, wenn sich Gelegenheiten bieten. Laden Sie Akkus rechtzeitig auf und haben Sie gen\u00fcgend Speicherplatz parat, damit Sie nicht am Motiv der Woche scheitern, nur weil der Akku leer ist.<\/li>\n\n\n\n<li><strong>Workflow vereinfachen:<\/strong> \u00dcberlegen Sie sich einen einfachen Workflow f\u00fcr das <strong>Speichern und Organisieren<\/strong> Ihrer Tagesfotos. Sie erstellen etwa einen speziellen Ordner auf dem Computer oder in der Cloud (\u201e365-Projekt\u201c), in dem Sie jedes Bild mit Datum ablegen. So behalten Sie den \u00dcberblick. Einige nutzen auch direkt ihr <strong>Smartphone in Kombination mit einer Cloudgalerie<\/strong> \u2013 so sind die Bilder automatisch gesichert.<\/li>\n\n\n\n<li><strong>Bildbearbeitung in Ma\u00dfen:<\/strong> Nat\u00fcrlich k\u00f6nnen Sie Ihre t\u00e4glichen Fotos bearbeiten oder optimieren. Bedenken Sie aber, dass aufwendige Nachbearbeitung jeden Tag viel Zeit frisst. Erlauben Sie sich ruhig, viele Fotos <strong>\u201eout of camera\u201c<\/strong> so zu akzeptieren, wie sie sind. Ein guter fotografischer Moment braucht nicht immer einen Instagram-Filter. Wenn Sie gerne bearbeiten, legen Sie vielleicht einen Wochen- oder Monatsr\u00fcckblick fest, an dem Sie die besten Bilder sch\u00f6n entwickeln, w\u00e4hrend Sie an den restlichen Tagen nur minimale Anpassungen machen.<\/li>\n<\/ul>\n\n\n\n<p>Sie werden sehen: Mit diesen Strategien verwandeln sich anf\u00e4ngliche \u201eH\u00fcrden\u201c schnell in Routine-Aufgaben, die sich gut meistern lassen. Und je weiter das Jahr voranschreitet, desto mehr w\u00e4chst meist auch die eigene <strong>Motivation<\/strong>, das Projekt erfolgreich abzuschlie\u00dfen.<\/p>\n\n\n\n<h2 class=\"wp-block-heading\">Vom Fotoprojekt zum Fotobuch: 365 Erinnerungen pr\u00e4sentieren<\/h2>\n\n\n\n<p>Nach 365 Tagen halten Sie schlie\u00dflich einen Schatz an Fotos in den H\u00e4nden \u2013 oder besser gesagt auf der Festplatte oder Speicherkarte. Jetzt stellt sich die Frage: <strong>Was tun mit dieser einzigartigen Sammlung?<\/strong> Statt die Bilder digital verstauben zu lassen, gibt es tolle M\u00f6glichkeiten, Ihr 365-Tage-Fotoprojekt <strong>geb\u00fchrend zu pr\u00e4sentieren<\/strong> und die Erinnerungen langfristig zu bewahren.<\/p>\n\n\n\n<p>Eine sehr beliebte Option ist es, ein <strong>Fotobuch<\/strong> zu gestalten, das alle oder die sch\u00f6nsten Bilder des Jahres enth\u00e4lt. Stellen Sie sich vor, Sie bl\u00e4ttern in einem hochwertigen Fotobuch, in dem <strong>jeder Tag des Jahres auf einer Seite verewigt ist<\/strong> \u2013 eine wunderbare Chronik Ihres Jahres! Sie k\u00f6nnen pro Tag ein Foto zeigen oder Collagen pro Monat anlegen, je nachdem, wie umfangreich es werden soll. Ein solches Buch ist nicht nur f\u00fcr Sie selbst ein toller R\u00fcckblick, sondern auch ein sehr pers\u00f6nliches Geschenk f\u00fcr Familie oder Freunde.<\/p>\n\n\n\n<p>Neben Fotob\u00fcchern gibt es weitere kreative Ideen, um die 365 Fotos zu nutzen:<\/p>\n\n\n\n<ul class=\"wp-block-list\">\n<li><strong>Monatscollagen oder Poster:<\/strong> Aus je 30 oder 31 t\u00e4glichen Bildern eines Monats l\u00e4sst sich eine attraktive Collage machen. Sie k\u00f6nnten z. B. f\u00fcr jeden Monat ein <strong>Collage-Poster<\/strong> drucken lassen und diese 12 Poster als Galerie aufh\u00e4ngen. Oder Sie w\u00e4hlen aus jedem Monat das beste Bild aus und gestalten damit einen <a href=\"https:\/\/www.druckstdu.de\/fotokalender\/wandkalender\/\"><strong>Jahreskalender<\/strong><\/a> f\u00fcrs kommende Jahr. So bleibt die Erinnerung lebendig, und jeder Monat wird von einem Highlight-Foto begleitet.<\/li>\n\n\n\n<li><a href=\"https:\/\/www.druckstdu.de\/wandbilder\/\"><strong>Wandbilder<\/strong><\/a><strong> aus den Lieblingsfotos:<\/strong> Sicher werden Sie unter den 365 Bildern einige absolute Lieblingsmotive haben. Warum nicht eines oder mehrere davon gro\u00df herausbringen? Ob als <a href=\"https:\/\/www.druckstdu.de\/wandbilder\/foto-auf-leinwand\/\"><strong>Leinwanddruck<\/strong><\/a><strong>, gerahmtes <\/strong><a href=\"https:\/\/www.druckstdu.de\/wandbilder\/fotoposter\/\"><strong>Poster<\/strong><\/a><strong> oder <\/strong><a href=\"https:\/\/www.druckstdu.de\/wandbilder\/foto-alu-dibond\/\"><strong>Alu-Dibond<\/strong><\/a> \u2013 bei druckstdu k\u00f6nnen Sie Ihr Top-Foto in ein beeindruckendes Wandbild verwandeln. So haben Sie t\u00e4glich Freude daran, wenn Sie in Ihrer Wohnung daraufblicken, und es erz\u00e4hlt die Geschichte Ihrer kreativen Reise.<\/li>\n\n\n\n<li><strong>Fotogalerie online oder Ausstellung:<\/strong> Nat\u00fcrlich k\u00f6nnen Sie die Sammlung auch digital pr\u00e4sentieren. Erstellen Sie z.B. eine Online-Galerie oder einen pers\u00f6nlichen Blogbeitrag mit allen Fotos. Manche Fotografie-Enthusiasten organisieren nach Abschluss des Projekts sogar eine kleine <strong>Ausstellung<\/strong> im Freundeskreis oder lokalen Fotoverein, bei der sie eine Auswahl der besten Bilder zeigen. Kombiniert mit gedruckten Abz\u00fcgen oder Postkarten Ihrer Aufnahmen entstehen tolle Gespr\u00e4che und Sie k\u00f6nnen stolz auf das Erreichte zur\u00fcckblicken.<\/li>\n<\/ul>\n\n\n\n<p><strong>\u00dcbrigens:<\/strong> Auch wenn Sie (noch) nicht alle 365 Fotos verwerten m\u00f6chten, kann schon ein einzelnes sch\u00f6nes Bild aus dem Projekt eine besondere Bedeutung haben. Vielleicht drucken Sie genau dieses eine Foto in gro\u00df und es wird zu Ihrem Symbol f\u00fcr die ganze Challenge \u2013 als t\u00e4gliche Erinnerung daran, dass Sie sich ein kreatives Ziel gesetzt und erreicht haben.<\/p>\n\n\n\n<p><em>Auch das Thema Achtsamkeit passt zur Foto-Challenge. Schauen Sie sich gerne unseren <a href=\"https:\/\/www.druckstdu.de\/magazin\/fotos-und-erinnerungen-achtsamkeit-im-alltag\/\">Beitrag dar\u00fcber an, wie Bilder und Erinnerungen Teil des Alltags werden<\/a> k\u00f6nnen.<\/em><\/p>\n\n\n\n<h2 class=\"wp-block-heading\">FAQ zur 365-Tage-Foto-Challenge<\/h2>\n\n\n\n<h3 class=\"wp-block-heading\"><strong>Was, wenn ich einen Tag verpasse?<\/strong><\/h3>\n\n\n\n<p>Keine Panik \u2013 ein verpasster Tag ist kein Weltuntergang. Zwar ist das Ziel, wirklich <strong>jeden<\/strong> der 365 Tage abzudecken, aber wenn Sie einmal ausfallen, k\u00f6nnen Sie das Projekt trotzdem weiterf\u00fchren. Einige Teilnehmer holen das Foto nach (sie machen am n\u00e4chsten Tag zwei Bilder), andere lassen den Tag aus und f\u00fchren die Z\u00e4hlung fort. <strong>Ihr Projekt, Ihre Regeln!<\/strong> Versuchen Sie aber, Ausrutscher zur Ausnahme zu machen, damit die Routine nicht verloren geht. Und lassen Sie sich von einem kleinen Fehltritt nicht demotivieren \u2013 es kommt auf das gro\u00dfe Ganze an.<\/p>\n\n\n\n<h3 class=\"wp-block-heading\"><strong>Ben\u00f6tige ich eine Profi-Kamera f\u00fcr die 365 Tage Foto-Challenge?<\/strong><\/h3>\n\n\n\n<p>\u00dcberhaupt nicht. <strong>Die beste Kamera ist die, die Sie dabei haben.<\/strong> Ob hochwertige DSLR, spiegellose Systemkamera, Kompaktkamera oder einfach das Smartphone \u2013 Sie k\u00f6nnen mit jedem Ger\u00e4t ansprechende Fotos machen. Tats\u00e4chlich nutzen viele bei der Challenge flexibel das, was gerade zur Hand ist. Das Smartphone \u00fcberzeugt durch st\u00e4ndige Verf\u00fcgbarkeit, w\u00e4hrend eine gr\u00f6\u00dfere Kamera mehr kreative Spielr\u00e4ume bietet. Entscheidend ist, dass Sie <em>fotografieren<\/em>, nicht womit. Und denken Sie daran: Es geht nicht um technisch perfekte Bilder, sondern um Kreativit\u00e4t und Alltagsmomente.<\/p>\n\n\n\n<h3 class=\"wp-block-heading\"><strong>Wie finde ich jeden Tag neue Foto-Ideen?<\/strong><\/h3>\n\n\n\n<p>T\u00e4gliche Inspiration zu haben, ist tats\u00e4chlich eine der gr\u00f6\u00dften Herausforderungen. Hilfreich ist es, <strong>Themen oder Aufgaben<\/strong> im Voraus festzulegen (z. B. Wochenthemen wie \u201eSpiegelungen\u201c, \u201eRot als Farbe des Tages\u201c etc.). Schreiben Sie Ideen auf, f\u00fchren Sie eine Liste oder nutzen Sie kreative Methoden wie <strong>Zufallsaufgaben aus dem Glas ziehen<\/strong>. Auch das Anschauen anderer 365-Projekte (etwa in Fotoforen oder auf Instagram unter Hashtags wie #365project) kann Anregungen geben. Und vergessen Sie nicht: Der Alltag selbst liefert viele Motive \u2013 vom Fr\u00fchst\u00fcck, Wetter, Architektur auf dem Arbeitsweg, bis zu Menschen oder Tieren im Umfeld. Je mehr Sie sich umschauen, desto leichter fallen Ihnen Ideen ein.<\/p>\n\n\n\n<h3 class=\"wp-block-heading\"><strong>Wie kann ich meine Fotos nach der Challenge pr\u00e4sentieren oder nutzen?<\/strong><\/h3>\n\n\n\n<p>Nach einem Jahr haben Sie 365 Bilder gesammelt? Das schreit f\u00f6rmlich danach, <em>w\u00fcrdig pr\u00e4sentiert<\/em> zu werden! Beliebte M\u00f6glichkeiten sind z.&nbsp;B. ein <strong>Fotobuch<\/strong>, in dem alle Bilder des Jahres versammelt sind, oder ein <strong>Kalender<\/strong> mit den 12 besten Aufnahmen f\u00fcr die 12 Monate. Auch Collagen (Monats\u00fcbersichten als Poster) sind eine sch\u00f6ne Idee. Laden Sie Ihre Fotos in unser Gestaltungstool und kreieren Sie ein individuelles Erinnerungsst\u00fcck. Viele lassen auch einzelne <strong>Lieblingsmotive gro\u00df drucken<\/strong> (als Wandbild oder Leinwand), um sich die sch\u00f6nsten Momente an die Wand zu holen. So haben Sie langfristig Freude an Ihren Werken und k\u00f6nnen stolz auf Ihr 365-Tage-Fotoprojekt zur\u00fcckblicken.<\/p>\n<a class=\"simplefavorite-button\" data-postid=\"119\" data-siteid=\"1\" data-groupid=\"1\" data-favoritecount=\"0\" style=\"\"><img decoding=\"async\" src=\"\/magazin\/wp-content\/uploads\/2025\/07\/heart.svg\">Speichern f\u00fcr sp\u00e4ter<\/a>","protected":false},"excerpt":{"rendered":"<p>Stellen Sie sich vor, Sie halten jeden Tag f\u00fcr ein ganzes Jahr lang einen Moment in einem Foto fest. Genau&#8230;<\/p>\n","protected":false},"author":3,"featured_media":120,"comment_status":"closed","ping_status":"closed","sticky":false,"template":"","format":"standard","meta":{"_acf_changed":false,"inline_featured_image":false,"footnotes":""},"categories":[5],"tags":[],"class_list":["post-119","post","type-post","status-publish","format-standard","has-post-thumbnail","hentry","category-fotografie"],"acf":[],"yoast_head":"<!-- This site is optimized with the Yoast SEO plugin v27.5 - https:\/\/yoast.com\/product\/yoast-seo-wordpress\/ -->\n<title>365 Tage Foto Challenge: Jeden Tag ein Bild fotografieren<\/title>\n<meta name=\"description\" content=\"365 Tage Foto Challenge f\u00fcr mehr Kreativit\u00e4t im Alltag. Starten Sie Ihr Fotoprojekt und halten Sie besondere Momente f\u00fcr immer fest.\" \/>\n<link rel=\"canonical\" href=\"https:\/\/www.druckstdu.de\/magazin\/365-tage-foto-challenge\/\" \/>\n<meta property=\"og:locale\" content=\"de_DE\" \/>\n<meta property=\"og:type\" content=\"article\" \/>\n<meta property=\"og:title\" content=\"365 Tage Foto Challenge: Jeden Tag ein Bild fotografieren\" \/>\n<meta property=\"og:description\" content=\"365 Tage Foto Challenge f\u00fcr mehr Kreativit\u00e4t im Alltag. Starten Sie Ihr Fotoprojekt und halten Sie besondere Momente f\u00fcr immer fest.\" \/>\n<meta property=\"og:url\" content=\"https:\/\/www.druckstdu.de\/magazin\/365-tage-foto-challenge\/\" \/>\n<meta property=\"og:site_name\" content=\"Magazin | Druckstdu\" \/>\n<meta property=\"article:published_time\" content=\"2025-09-02T11:21:56+00:00\" \/>\n<meta property=\"article:modified_time\" content=\"2025-09-05T01:54:31+00:00\" \/>\n<meta property=\"og:image\" content=\"https:\/\/www.druckstdu.de\/magazin\/wp-content\/uploads\/2025\/09\/365-tage-foto-challenge-fotografin-schaut-auf-das-display-der-kamera.webp\" \/>\n\t<meta property=\"og:image:width\" content=\"1920\" \/>\n\t<meta property=\"og:image:height\" content=\"628\" \/>\n\t<meta property=\"og:image:type\" content=\"image\/webp\" \/>\n<meta name=\"author\" content=\"Julia\" \/>\n<meta name=\"twitter:card\" content=\"summary_large_image\" \/>\n<meta name=\"twitter:label1\" content=\"Verfasst von\" \/>\n\t<meta name=\"twitter:data1\" content=\"Julia\" \/>\n\t<meta name=\"twitter:label2\" content=\"Gesch\u00e4tzte Lesezeit\" \/>\n\t<meta name=\"twitter:data2\" content=\"14\u00a0Minuten\" \/>\n<script type=\"application\/ld+json\" class=\"yoast-schema-graph\">{\"@context\":\"https:\\\/\\\/schema.org\",\"@graph\":[{\"@type\":\"Article\",\"@id\":\"https:\\\/\\\/www.druckstdu.de\\\/magazin\\\/365-tage-foto-challenge\\\/#article\",\"isPartOf\":{\"@id\":\"https:\\\/\\\/www.druckstdu.de\\\/magazin\\\/365-tage-foto-challenge\\\/\"},\"author\":{\"name\":\"Julia\",\"@id\":\"https:\\\/\\\/www.druckstdu.de\\\/magazin\\\/#\\\/schema\\\/person\\\/21d94f7931f413d20158ecb9769efa5b\"},\"headline\":\"365 Tage Foto Challenge: Jeden Tag ein Bild \u2013 und was es mit Ihnen macht\",\"datePublished\":\"2025-09-02T11:21:56+00:00\",\"dateModified\":\"2025-09-05T01:54:31+00:00\",\"mainEntityOfPage\":{\"@id\":\"https:\\\/\\\/www.druckstdu.de\\\/magazin\\\/365-tage-foto-challenge\\\/\"},\"wordCount\":2551,\"image\":{\"@id\":\"https:\\\/\\\/www.druckstdu.de\\\/magazin\\\/365-tage-foto-challenge\\\/#primaryimage\"},\"thumbnailUrl\":\"https:\\\/\\\/www.druckstdu.de\\\/magazin\\\/wp-content\\\/uploads\\\/2025\\\/09\\\/365-tage-foto-challenge-fotografin-schaut-auf-das-display-der-kamera.webp\",\"articleSection\":[\"Fotografie\"],\"inLanguage\":\"de\"},{\"@type\":\"WebPage\",\"@id\":\"https:\\\/\\\/www.druckstdu.de\\\/magazin\\\/365-tage-foto-challenge\\\/\",\"url\":\"https:\\\/\\\/www.druckstdu.de\\\/magazin\\\/365-tage-foto-challenge\\\/\",\"name\":\"365 Tage Foto Challenge: Jeden Tag ein Bild fotografieren\",\"isPartOf\":{\"@id\":\"https:\\\/\\\/www.druckstdu.de\\\/magazin\\\/#website\"},\"primaryImageOfPage\":{\"@id\":\"https:\\\/\\\/www.druckstdu.de\\\/magazin\\\/365-tage-foto-challenge\\\/#primaryimage\"},\"image\":{\"@id\":\"https:\\\/\\\/www.druckstdu.de\\\/magazin\\\/365-tage-foto-challenge\\\/#primaryimage\"},\"thumbnailUrl\":\"https:\\\/\\\/www.druckstdu.de\\\/magazin\\\/wp-content\\\/uploads\\\/2025\\\/09\\\/365-tage-foto-challenge-fotografin-schaut-auf-das-display-der-kamera.webp\",\"datePublished\":\"2025-09-02T11:21:56+00:00\",\"dateModified\":\"2025-09-05T01:54:31+00:00\",\"author\":{\"@id\":\"https:\\\/\\\/www.druckstdu.de\\\/magazin\\\/#\\\/schema\\\/person\\\/21d94f7931f413d20158ecb9769efa5b\"},\"description\":\"365 Tage Foto Challenge f\u00fcr mehr Kreativit\u00e4t im Alltag. Starten Sie Ihr Fotoprojekt und halten Sie besondere Momente f\u00fcr immer fest.\",\"breadcrumb\":{\"@id\":\"https:\\\/\\\/www.druckstdu.de\\\/magazin\\\/365-tage-foto-challenge\\\/#breadcrumb\"},\"inLanguage\":\"de\",\"potentialAction\":[{\"@type\":\"ReadAction\",\"target\":[\"https:\\\/\\\/www.druckstdu.de\\\/magazin\\\/365-tage-foto-challenge\\\/\"]}]},{\"@type\":\"ImageObject\",\"inLanguage\":\"de\",\"@id\":\"https:\\\/\\\/www.druckstdu.de\\\/magazin\\\/365-tage-foto-challenge\\\/#primaryimage\",\"url\":\"https:\\\/\\\/www.druckstdu.de\\\/magazin\\\/wp-content\\\/uploads\\\/2025\\\/09\\\/365-tage-foto-challenge-fotografin-schaut-auf-das-display-der-kamera.webp\",\"contentUrl\":\"https:\\\/\\\/www.druckstdu.de\\\/magazin\\\/wp-content\\\/uploads\\\/2025\\\/09\\\/365-tage-foto-challenge-fotografin-schaut-auf-das-display-der-kamera.webp\",\"width\":1920,\"height\":628,\"caption\":\"@Susannah Townsend von capturenow\"},{\"@type\":\"BreadcrumbList\",\"@id\":\"https:\\\/\\\/www.druckstdu.de\\\/magazin\\\/365-tage-foto-challenge\\\/#breadcrumb\",\"itemListElement\":[{\"@type\":\"ListItem\",\"position\":1,\"name\":\"Startseite\",\"item\":\"https:\\\/\\\/www.druckstdu.de\\\/magazin\\\/\"},{\"@type\":\"ListItem\",\"position\":2,\"name\":\"365 Tage Foto Challenge: Jeden Tag ein Bild \u2013 und was es mit Ihnen macht\"}]},{\"@type\":\"WebSite\",\"@id\":\"https:\\\/\\\/www.druckstdu.de\\\/magazin\\\/#website\",\"url\":\"https:\\\/\\\/www.druckstdu.de\\\/magazin\\\/\",\"name\":\"Magazin | Druckstdu\",\"description\":\"\",\"potentialAction\":[{\"@type\":\"SearchAction\",\"target\":{\"@type\":\"EntryPoint\",\"urlTemplate\":\"https:\\\/\\\/www.druckstdu.de\\\/magazin\\\/?s={search_term_string}\"},\"query-input\":{\"@type\":\"PropertyValueSpecification\",\"valueRequired\":true,\"valueName\":\"search_term_string\"}}],\"inLanguage\":\"de\"},{\"@type\":\"Person\",\"@id\":\"https:\\\/\\\/www.druckstdu.de\\\/magazin\\\/#\\\/schema\\\/person\\\/21d94f7931f413d20158ecb9769efa5b\",\"name\":\"Julia\",\"image\":{\"@type\":\"ImageObject\",\"inLanguage\":\"de\",\"@id\":\"https:\\\/\\\/secure.gravatar.com\\\/avatar\\\/f8d49d230387fe95329c8c2282dda447963627f07b20969a21414d5cb19c58dc?s=96&d=mm&r=g\",\"url\":\"https:\\\/\\\/secure.gravatar.com\\\/avatar\\\/f8d49d230387fe95329c8c2282dda447963627f07b20969a21414d5cb19c58dc?s=96&d=mm&r=g\",\"contentUrl\":\"https:\\\/\\\/secure.gravatar.com\\\/avatar\\\/f8d49d230387fe95329c8c2282dda447963627f07b20969a21414d5cb19c58dc?s=96&d=mm&r=g\",\"caption\":\"Julia\"},\"url\":\"https:\\\/\\\/www.druckstdu.de\\\/magazin\\\/author\\\/julia\\\/\"}]}<\/script>\n<!-- \/ Yoast SEO plugin. -->","yoast_head_json":{"title":"365 Tage Foto Challenge: Jeden Tag ein Bild fotografieren","description":"365 Tage Foto Challenge f\u00fcr mehr Kreativit\u00e4t im Alltag. Starten Sie Ihr Fotoprojekt und halten Sie besondere Momente f\u00fcr immer fest.","canonical":"https:\/\/www.druckstdu.de\/magazin\/365-tage-foto-challenge\/","og_locale":"de_DE","og_type":"article","og_title":"365 Tage Foto Challenge: Jeden Tag ein Bild fotografieren","og_description":"365 Tage Foto Challenge f\u00fcr mehr Kreativit\u00e4t im Alltag. Starten Sie Ihr Fotoprojekt und halten Sie besondere Momente f\u00fcr immer fest.","og_url":"https:\/\/www.druckstdu.de\/magazin\/365-tage-foto-challenge\/","og_site_name":"Magazin | Druckstdu","article_published_time":"2025-09-02T11:21:56+00:00","article_modified_time":"2025-09-05T01:54:31+00:00","og_image":[{"width":1920,"height":628,"url":"https:\/\/www.druckstdu.de\/magazin\/wp-content\/uploads\/2025\/09\/365-tage-foto-challenge-fotografin-schaut-auf-das-display-der-kamera.webp","type":"image\/webp"}],"author":"Julia","twitter_card":"summary_large_image","twitter_misc":{"Verfasst von":"Julia","Gesch\u00e4tzte Lesezeit":"14\u00a0Minuten"},"schema":{"@context":"https:\/\/schema.org","@graph":[{"@type":"Article","@id":"https:\/\/www.druckstdu.de\/magazin\/365-tage-foto-challenge\/#article","isPartOf":{"@id":"https:\/\/www.druckstdu.de\/magazin\/365-tage-foto-challenge\/"},"author":{"name":"Julia","@id":"https:\/\/www.druckstdu.de\/magazin\/#\/schema\/person\/21d94f7931f413d20158ecb9769efa5b"},"headline":"365 Tage Foto Challenge: Jeden Tag ein Bild \u2013 und was es mit Ihnen macht","datePublished":"2025-09-02T11:21:56+00:00","dateModified":"2025-09-05T01:54:31+00:00","mainEntityOfPage":{"@id":"https:\/\/www.druckstdu.de\/magazin\/365-tage-foto-challenge\/"},"wordCount":2551,"image":{"@id":"https:\/\/www.druckstdu.de\/magazin\/365-tage-foto-challenge\/#primaryimage"},"thumbnailUrl":"https:\/\/www.druckstdu.de\/magazin\/wp-content\/uploads\/2025\/09\/365-tage-foto-challenge-fotografin-schaut-auf-das-display-der-kamera.webp","articleSection":["Fotografie"],"inLanguage":"de"},{"@type":"WebPage","@id":"https:\/\/www.druckstdu.de\/magazin\/365-tage-foto-challenge\/","url":"https:\/\/www.druckstdu.de\/magazin\/365-tage-foto-challenge\/","name":"365 Tage Foto Challenge: Jeden Tag ein Bild fotografieren","isPartOf":{"@id":"https:\/\/www.druckstdu.de\/magazin\/#website"},"primaryImageOfPage":{"@id":"https:\/\/www.druckstdu.de\/magazin\/365-tage-foto-challenge\/#primaryimage"},"image":{"@id":"https:\/\/www.druckstdu.de\/magazin\/365-tage-foto-challenge\/#primaryimage"},"thumbnailUrl":"https:\/\/www.druckstdu.de\/magazin\/wp-content\/uploads\/2025\/09\/365-tage-foto-challenge-fotografin-schaut-auf-das-display-der-kamera.webp","datePublished":"2025-09-02T11:21:56+00:00","dateModified":"2025-09-05T01:54:31+00:00","author":{"@id":"https:\/\/www.druckstdu.de\/magazin\/#\/schema\/person\/21d94f7931f413d20158ecb9769efa5b"},"description":"365 Tage Foto Challenge f\u00fcr mehr Kreativit\u00e4t im Alltag. Starten Sie Ihr Fotoprojekt und halten Sie besondere Momente f\u00fcr immer fest.","breadcrumb":{"@id":"https:\/\/www.druckstdu.de\/magazin\/365-tage-foto-challenge\/#breadcrumb"},"inLanguage":"de","potentialAction":[{"@type":"ReadAction","target":["https:\/\/www.druckstdu.de\/magazin\/365-tage-foto-challenge\/"]}]},{"@type":"ImageObject","inLanguage":"de","@id":"https:\/\/www.druckstdu.de\/magazin\/365-tage-foto-challenge\/#primaryimage","url":"https:\/\/www.druckstdu.de\/magazin\/wp-content\/uploads\/2025\/09\/365-tage-foto-challenge-fotografin-schaut-auf-das-display-der-kamera.webp","contentUrl":"https:\/\/www.druckstdu.de\/magazin\/wp-content\/uploads\/2025\/09\/365-tage-foto-challenge-fotografin-schaut-auf-das-display-der-kamera.webp","width":1920,"height":628,"caption":"@Susannah Townsend von capturenow"},{"@type":"BreadcrumbList","@id":"https:\/\/www.druckstdu.de\/magazin\/365-tage-foto-challenge\/#breadcrumb","itemListElement":[{"@type":"ListItem","position":1,"name":"Startseite","item":"https:\/\/www.druckstdu.de\/magazin\/"},{"@type":"ListItem","position":2,"name":"365 Tage Foto Challenge: Jeden Tag ein Bild \u2013 und was es mit Ihnen macht"}]},{"@type":"WebSite","@id":"https:\/\/www.druckstdu.de\/magazin\/#website","url":"https:\/\/www.druckstdu.de\/magazin\/","name":"Magazin | Druckstdu","description":"","potentialAction":[{"@type":"SearchAction","target":{"@type":"EntryPoint","urlTemplate":"https:\/\/www.druckstdu.de\/magazin\/?s={search_term_string}"},"query-input":{"@type":"PropertyValueSpecification","valueRequired":true,"valueName":"search_term_string"}}],"inLanguage":"de"},{"@type":"Person","@id":"https:\/\/www.druckstdu.de\/magazin\/#\/schema\/person\/21d94f7931f413d20158ecb9769efa5b","name":"Julia","image":{"@type":"ImageObject","inLanguage":"de","@id":"https:\/\/secure.gravatar.com\/avatar\/f8d49d230387fe95329c8c2282dda447963627f07b20969a21414d5cb19c58dc?s=96&d=mm&r=g","url":"https:\/\/secure.gravatar.com\/avatar\/f8d49d230387fe95329c8c2282dda447963627f07b20969a21414d5cb19c58dc?s=96&d=mm&r=g","contentUrl":"https:\/\/secure.gravatar.com\/avatar\/f8d49d230387fe95329c8c2282dda447963627f07b20969a21414d5cb19c58dc?s=96&d=mm&r=g","caption":"Julia"},"url":"https:\/\/www.druckstdu.de\/magazin\/author\/julia\/"}]}},"wp-worthy-pixel":{"ignored":false,"public":null,"server":null,"url":null},"wp-worthy-type":"normal","_links":{"self":[{"href":"https:\/\/www.druckstdu.de\/magazin\/wp-json\/wp\/v2\/posts\/119","targetHints":{"allow":["GET"]}}],"collection":[{"href":"https:\/\/www.druckstdu.de\/magazin\/wp-json\/wp\/v2\/posts"}],"about":[{"href":"https:\/\/www.druckstdu.de\/magazin\/wp-json\/wp\/v2\/types\/post"}],"author":[{"embeddable":true,"href":"https:\/\/www.druckstdu.de\/magazin\/wp-json\/wp\/v2\/users\/3"}],"replies":[{"embeddable":true,"href":"https:\/\/www.druckstdu.de\/magazin\/wp-json\/wp\/v2\/comments?post=119"}],"version-history":[{"count":2,"href":"https:\/\/www.druckstdu.de\/magazin\/wp-json\/wp\/v2\/posts\/119\/revisions"}],"predecessor-version":[{"id":180,"href":"https:\/\/www.druckstdu.de\/magazin\/wp-json\/wp\/v2\/posts\/119\/revisions\/180"}],"wp:featuredmedia":[{"embeddable":true,"href":"https:\/\/www.druckstdu.de\/magazin\/wp-json\/wp\/v2\/media\/120"}],"wp:attachment":[{"href":"https:\/\/www.druckstdu.de\/magazin\/wp-json\/wp\/v2\/media?parent=119"}],"wp:term":[{"taxonomy":"category","embeddable":true,"href":"https:\/\/www.druckstdu.de\/magazin\/wp-json\/wp\/v2\/categories?post=119"},{"taxonomy":"post_tag","embeddable":true,"href":"https:\/\/www.druckstdu.de\/magazin\/wp-json\/wp\/v2\/tags?post=119"}],"curies":[{"name":"wp","href":"https:\/\/api.w.org\/{rel}","templated":true}]}}