{"id":122,"date":"2025-09-02T11:40:11","date_gmt":"2025-09-02T11:40:11","guid":{"rendered":"https:\/\/www.druckstdu.de\/magazin\/?p=122"},"modified":"2025-09-05T03:10:25","modified_gmt":"2025-09-05T03:10:25","slug":"kalender-als-geschenk","status":"publish","type":"post","link":"https:\/\/www.druckstdu.de\/magazin\/kalender-als-geschenk\/","title":{"rendered":"Kalender als Geschenk: Personalisierte Ideen f\u00fcr besondere Momente"},"content":{"rendered":"\n<p>Kalender sind mehr als nur praktische Helfer f\u00fcr die Planung des Alltags. Sie k\u00f6nnen auch ein <strong>besonderes Geschenk f\u00fcr jeden Anlass<\/strong> sein. Ein individuell gestalteter Kalender eignet sich immer als eine kreative und pers\u00f6nliche Geschenkidee, ob zu Weihnachten, zum Geburtstag, als Dankesch\u00f6n oder f\u00fcr besondere Feiern. In diesem Artikel zeigen wir Ihnen, wie Sie mit ein paar einfachen Ideen und etwas Kreativit\u00e4t einen Kalender zu einem unvergesslichen Geschenk machen. Von der Fotokalender-Gestaltung \u00fcber <strong>minimalistische Designs<\/strong> bis zu <strong>interaktiven<\/strong> Varianten f\u00fcr kreative K\u00f6pfe. Wir liefern Ihnen s\u00e4mtliche Tipps, um Ihren Kalender zu etwas ganz Besonderem zu machen.<\/p>\n\n\n\n<h2 class=\"wp-block-heading\">Fotokalender mit pers\u00f6nlichen Momenten<\/h2>\n\n\n\n<p>Ein <strong>Fotokalender<\/strong> als Geschenk ist eine der kreativsten und emotionalsten Ideen, die Sie w\u00e4hlen k\u00f6nnen. Hier sind einige ausgezeichnete M\u00f6glichkeiten, wie Sie diesen Kalender besonders gestalten k\u00f6nnen:<\/p>\n\n\n\n<ul class=\"wp-block-list\">\n<li><strong>Auswahl der Fotos<\/strong>: W\u00e4hlen Sie Fotos, die f\u00fcr den Beschenkten besondere Bedeutung haben. Hier einige Vorschl\u00e4ge:\n<ul class=\"wp-block-list\">\n<li><strong>Familienfotos<\/strong> aus dem letzten Jahr<\/li>\n\n\n\n<li><strong>Reiseerinnerungen<\/strong> von gemeinsamen Urlauben<\/li>\n\n\n\n<li><strong>Besondere Momente<\/strong> wie Geburten, Hochzeiten oder andere Feierlichkeiten<\/li>\n<\/ul>\n<\/li>\n\n\n\n<li><strong>Pers\u00f6nliche Texte<\/strong>: Erg\u00e4nzen Sie jedes Monatsblatt mit einer Anekdote, einer lustigen Erinnerung oder einem Zitat, das zum Thema des Monats passt.<\/li>\n\n\n\n<li><strong>Besondere Daten<\/strong>: Markieren Sie wichtige Anl\u00e4sse wie Geburtstagsfeiern, Jahrestage oder andere pers\u00f6nliche Ereignisse, die den Kalender noch bedeutsamer machen.<\/li>\n<\/ul>\n\n\n\n<p>Der Fotokalender wird dadurch nicht nur zu einem praktischen Planer, sondern auch zu einem emotionalen Geschenk, das <strong>jeden Monat eine neue Erinnerung <\/strong>mit sich bringt.<\/p>\n\n\n\n<p>Vorteile eines Fotokalenders:<\/p>\n\n\n\n<ul class=\"wp-block-list\">\n<li><strong>Emotionale Bindung<\/strong> durch pers\u00f6nliche Fotos<\/li>\n\n\n\n<li><strong>Praktische Nutzung<\/strong> im Alltag<\/li>\n\n\n\n<li><strong>Langfristige Freude<\/strong>, da der Kalender das ganze Jahr \u00fcber genutzt wird<\/li>\n<\/ul>\n\n\n\n<h2 class=\"wp-block-heading\">Thematische Kalender f\u00fcr besondere Hobbys und Interessen<\/h2>\n\n\n\n<p>Ein themenbezogener Kalender als Geschenk ist eine ideale Option, die <strong>Leidenschaften und Interessen<\/strong> des Beschenkten in einem praktischen Format zu verewigen. Hier einige Ideen, wie Sie das umsetzen k\u00f6nnen:<\/p>\n\n\n\n<ul class=\"wp-block-list\">\n<li><strong>F\u00fcr Hobbyk\u00f6che<\/strong>:\n<ul class=\"wp-block-list\">\n<li>Monatlich ein neues Rezept oder Kochtipps.<\/li>\n\n\n\n<li>F\u00fcllen Sie jeden Monat mit Fotos von Gerichten oder kulinarischen Abenteuern.<\/li>\n<\/ul>\n<\/li>\n\n\n\n<li><strong>F\u00fcr Reisebegeisterte<\/strong>:\n<ul class=\"wp-block-list\">\n<li>Traumreiseziele und Inspirationen f\u00fcr kommende Urlaube.<\/li>\n\n\n\n<li>Monatlich ein neues Reiseziel mit spannenden Tipps und geheimen Reiseorten.<\/li>\n<\/ul>\n<\/li>\n\n\n\n<li><strong>F\u00fcr Musikliebhaber<\/strong>:\n<ul class=\"wp-block-list\">\n<li>Jeden Monat ein Lied oder Zitat eines bekannten K\u00fcnstlers.<\/li>\n\n\n\n<li>Monatlich eine neue Musikrichtung oder Playlist f\u00fcr die besten musikalischen Entdeckungen.<\/li>\n<\/ul>\n<\/li>\n\n\n\n<li><strong>Fotografie-Fans<\/strong>: \n<ul class=\"wp-block-list\">\n<li>Monatliche Fototipps<\/li>\n\n\n\n<li>Inspirationen oder besondere Fotomotive<\/li>\n<\/ul>\n<\/li>\n\n\n\n<li><strong>Naturfreunde<\/strong>: \n<ul class=\"wp-block-list\">\n<li>Jahreszeiten-Fotos<\/li>\n\n\n\n<li>Wanderziele<\/li>\n\n\n\n<li>Umwelttipps<\/li>\n<\/ul>\n<\/li>\n<\/ul>\n\n\n\n<p>Mit einem themenbezogenen Kalender machen Sie das Geschenk besonders <strong>individuell<\/strong> und gleichzeitig <strong>inspirierend<\/strong>, da es den Beschenkten das ganze Jahr \u00fcber an seine Leidenschaften erinnert.<\/p>\n\n\n\n<h2 class=\"wp-block-heading\">Witzige und humorvolle Kalender f\u00fcr gute Laune<\/h2>\n\n\n\n<p>Lachen ist bekanntlich die beste Medizin! Was w\u00e4re da besser als ein humorvoller Kalender als Geschenk, der das ganze Jahr \u00fcber f\u00fcr <strong>gute Laune<\/strong> sorgt? Hier sind einige Ideen, wie Sie <strong>witzige Elemente<\/strong> in Ihren Kalender einbauen k\u00f6nnen:<\/p>\n\n\n\n<ul class=\"wp-block-list\">\n<li><strong>Lustige Spr\u00fcche<\/strong>: Erg\u00e4nzen Sie jeden Monat mit einem witzigen Spruch oder einem lustigen Fakt. Zum Beispiel:\n<ul class=\"wp-block-list\">\n<li>\u201eNat\u00fcrlich spreche ich manchmal mit mir selbst&nbsp;\u2013 ich brauche von Zeit zu Zeit eine kompetente Beratung!\u201c<\/li>\n\n\n\n<li>\u201eIch wollte ja nett sein&nbsp;\u2013 aber jetzt hab ich HUNGER!\u201c<\/li>\n<\/ul>\n<\/li>\n\n\n\n<li><strong>Cartoons oder Zeichnungen<\/strong>: F\u00fcgen Sie lustige Cartoons oder selbstgemachte Zeichnungen hinzu, die den Alltag humorvoll aufgreifen. Sie k\u00f6nnten auch witzige Illustrationen von typischen Familienereignissen oder Freundschaftsaktivit\u00e4ten erstellen.<\/li>\n\n\n\n<li><strong>Kuriose Fakten<\/strong>: Machen Sie den Kalender zu einer Fun-Fact-Quelle. Jeder Monat k\u00f6nnte einen kuriosen Fakt beinhalten, wie z.&nbsp;B. \u201eWussten Sie, dass es in Frankreich illegal ist, Schweine Napoleon zu nennen?\u201c<\/li>\n\n\n\n<li><strong>\u201eWitz des Monats\u201c<\/strong>: Jeden Monat eine neue humorvolle Anekdote oder ein Zitat<\/li>\n\n\n\n<li><strong>\u201eKalender der Missgeschicke\u201c<\/strong>: Ein humorvoller R\u00fcckblick auf die lustigsten Missgeschicke des vergangenen Jahres<\/li>\n<\/ul>\n\n\n\n<p>Mit einem humorvollen Kalender schenken Sie nicht nur ein praktisches Geschenk, sondern auch eine regelm\u00e4\u00dfige Portion <strong>Lachen<\/strong>, die den Beschenkten das ganze Jahr \u00fcber begleitet. Diese Art von Kalender sorgt immer wieder f\u00fcr <strong>Neugier<\/strong> und wird garantiert jeden Monat aufs Neue ein L\u00e4cheln hervorrufen.<\/p>\n\n\n\n<h2 class=\"wp-block-heading\">Minimalistische und elegante Kalenderdesigns<\/h2>\n\n\n\n<p>Ein minimalistischer Kalender ist die perfekte Wahl f\u00fcr Menschen, die Schlichtheit und Eleganz sch\u00e4tzen. Dieser Stil bietet eine <strong>Reduktion auf das Wesentliche<\/strong>, wobei Design und Farben gezielt eingesetzt werden, um das gesamte Jahr \u00fcber einen \u00e4sthetischen Mehrwert zu schaffen. Hier sind einige Ideen, wie Sie einen <strong>minimalistischen Kalender<\/strong> gestalten k\u00f6nnen:<\/p>\n\n\n\n<ul class=\"wp-block-list\">\n<li><strong>Farbwahl<\/strong>: Verwenden Sie dezente Farben wie Pastellt\u00f6ne, Schwarz-Wei\u00df oder Erdt\u00f6ne, um eine ruhige und harmonische Atmosph\u00e4re zu schaffen. Zu starke Farben k\u00f6nnen die Schlichtheit des Designs st\u00f6ren.<\/li>\n\n\n\n<li><strong>Typografie<\/strong>: Setzen Sie auf eine elegante Schriftart, die klar und gut lesbar ist. Ein minimalistischer Kalender lebt oft von der Schriftgestaltung, die in Verbindung mit Bildern oder einfachen Grafiken das Design bestimmt.<\/li>\n\n\n\n<li><strong>Weniger ist mehr<\/strong>: Vermeiden Sie \u00fcberfl\u00fcssige Verzierungen und lassen Sie den Kalender mit gen\u00fcgend Freiraum wirken. Nutzen Sie Platz f\u00fcr einen klaren Blick auf die Fotos und essenzielle Informationen, ohne dass der Kalender \u00fcberladen wirkt.<\/li>\n\n\n\n<li><strong>Einheitlicher Stil<\/strong>: W\u00e4hlen Sie f\u00fcr jeden Monat ein Bild, das sich durch den minimalistischen Stil auszeichnet \u2013 wie Naturaufnahmen oder einfache Architektur.<\/li>\n\n\n\n<li><strong>Schlichte Monats\u00fcbersicht<\/strong>: Setzen Sie nur den Monat und die Wochentage in einem klaren, eleganten Format in den Vordergrund.<\/li>\n<\/ul>\n\n\n\n<p>Ein minimalistischer Kalender ist nicht nur ein praktisches Geschenk, sondern auch ein Dekorationsst\u00fcck, das sich in jedes Zuhause oder B\u00fcro integrieren l\u00e4sst, ohne aufdringlich zu wirken. Die <strong>Eleganz<\/strong> und <strong>Schlichtheit<\/strong> machen ihn zu einem stilvollen Begleiter durch das Jahr.<\/p>\n\n\n\n<h2 class=\"wp-block-heading\">Interaktive Kalender f\u00fcr kreative K\u00f6pfe<\/h2>\n\n\n\n<p>Ein interaktiver Kalender als Geschenk ist eine au\u00dfergew\u00f6hnliche Variante, den Beschenkten zu ermutigen, kreativ zu werden und das Jahr mit <strong>kreativen Aufgaben<\/strong> und Herausforderungen zu f\u00fcllen. Dieser Kalender ist mehr als nur ein Planer. Er wird zu einem t\u00e4glichen Projekt, das sowohl <strong>Spa\u00df<\/strong> als auch <strong>Inspiration<\/strong> bietet. Hier sind einige kreative Ideen:<\/p>\n\n\n\n<ul class=\"wp-block-list\">\n<li><strong>W\u00f6chentliche Herausforderungen<\/strong>: F\u00fcllen Sie den Kalender mit kleinen Herausforderungen oder Zielen f\u00fcr jede Woche, wie \u201eSchreibe eine Woche lang ein Dankbarkeits-Tagebuch\u201c oder \u201eVersuche, jeden Tag ein Foto von etwas Sch\u00f6nem zu machen\u201c.<\/li>\n\n\n\n<li><strong>Freie Fl\u00e4chen f\u00fcr Notizen<\/strong>: Jeder Monat kann Leerr\u00e4ume f\u00fcr eigene Ideen, Zitate oder Skizzen bieten. Diese freien Fl\u00e4chen laden den Empf\u00e4nger dazu ein, den Kalender nach seinen eigenen Vorstellungen weiterzuf\u00fchren.<\/li>\n\n\n\n<li><strong>Kreative Themen<\/strong>: Jeder Monat k\u00f6nnte ein neues kreatives Thema beinhalten, wie \u201eFotografie des Monats\u201c, \u201eSchreib-Experiment\u201c oder \u201eDIY-Projekte\u201c. Der Empf\u00e4nger kann dann jeden Monat daran arbeiten und den <a href=\"https:\/\/www.druckstdu.de\/fotokalender\/\">Fotokalender<\/a> mit seinen eigenen Ergebnissen f\u00fcllen.<\/li>\n\n\n\n<li><strong>\u201eKalender der kleinen Abenteuer<\/strong>: Jeder Monat enth\u00e4lt eine kleine Herausforderung oder Aktivit\u00e4t, die der Empf\u00e4nger ausf\u00fchren muss.<\/li>\n\n\n\n<li><strong>Kreativit\u00e4ts-Kalender<\/strong>: Eine monatliche Motto-Woche, etwa \u201eM\u00e4rz: Schreib ein Gedicht\u201c, \u201eApril: Kreiere deine eigene Kunst\u201c usw.<\/li>\n<\/ul>\n\n\n\n<p>Dieser interaktive Kalender ist ein ideales Geschenk f\u00fcr <strong>kreative K\u00f6pfe<\/strong>, die sich von neuen Ideen und Projekten inspirieren lassen wollen. Es bietet den Beschenkten Monate voller Entfaltung und l\u00e4sst ihn das Jahr auf eine ganz neue Weise erleben.<\/p>\n\n\n\n<p>Falls Sie weitere kreative Ideen f\u00fcr Fotogeschenke suchen, dann schauen Sie sich unbedingt <a href=\"https:\/\/www.druckstdu.de\/magazin\/ausgefallene-foto-geschenke\/\">diesen Beitrag<\/a> an. <\/p>\n\n\n\n<h2 class=\"wp-block-heading\">Kalender mit Platz f\u00fcr eigene Notizen und Ideen<\/h2>\n\n\n\n<p>Ein Kalender mit Platz f\u00fcr Notizen ist besonders f\u00fcr <strong>organisierte<\/strong> und <strong>reflektierende Menschen<\/strong> eine ausgezeichnete Geschenkidee. Diese Kalender bieten nicht nur eine \u00fcbersichtliche Monatsansicht, sondern auch Felder f\u00fcr pers\u00f6nliche Gedanken und Erinnerungen. Hier einige kreative M\u00f6glichkeiten, wie man diesen Kalender gestalten kann:<\/p>\n\n\n\n<ul class=\"wp-block-list\">\n<li><strong>Notizfelder pro Monat<\/strong>: F\u00fcgen Sie f\u00fcr jeden Monat ausreichend Platz f\u00fcr pers\u00f6nliche Notizen hinzu \u2013 sei es f\u00fcr Ziele, Dankbarkeit oder t\u00e4gliche Erlebnisse.<\/li>\n\n\n\n<li><strong>Inspirierende Zitate<\/strong>: Beginnen Sie jeden Monat mit einem motivierenden Zitat oder Mantra, das den Empf\u00e4nger dazu anregt, sich neue Ziele zu setzen oder positiv zu denken.<\/li>\n\n\n\n<li><strong>W\u00f6chentliche Planer<\/strong>: F\u00fcgen Sie eine Woche-auf-einen-Blick-Ansicht hinzu, die nicht nur f\u00fcr Termine, sondern auch f\u00fcr To-do-Listen oder F\u00e4higkeiten zur Selbstorganisation genutzt werden kann.<\/li>\n\n\n\n<li><strong>Platz f\u00fcr t\u00e4gliche Reflexionen<\/strong>: F\u00fcr jeden Monat gibt es Platz f\u00fcr Dankbarkeitslisten oder Reflexionen des vergangenen Monats.<\/li>\n\n\n\n<li><strong>W\u00f6chentliche Abschnitte<\/strong> f\u00fcr Ereignisse, Erinnerungen oder Gedanken \u2013 besonders praktisch f\u00fcr den Alltag und zur F\u00f6rderung von Zielverwirklichung.<\/li>\n<\/ul>\n\n\n\n<p>Ein Kalender mit Platz f\u00fcr Notizen und Ideen ist ein vielseitiges Geschenk, das nicht nur praktische Funktionen erf\u00fcllt, sondern auch zur <strong>Selbstreflexion<\/strong> und <strong>Zielsetzung<\/strong> anregt. Der Empf\u00e4nger kann den Kalender als <a href=\"https:\/\/www.druckstdu.de\/fotokalender\/terminplaner\/\"><strong>Terminplaner<\/strong><\/a>, <strong>Tagebuch<\/strong> oder <strong>Erinnerungsbuch<\/strong> nutzen \u2013 eine echte Bereicherung f\u00fcr das Jahr.<\/p>\n\n\n\n<h2 class=\"wp-block-heading\">Fazit: Der kreative Kalender als Geschenk<\/h2>\n\n\n\n<p>Ein Kalender als Geschenk bietet unendlich viele Gestaltungsm\u00f6glichkeiten, die es Ihnen erm\u00f6glichen, ein <strong>einzigartiges<\/strong>, <strong>pers\u00f6nliches<\/strong> und <strong>praktisches Geschenk<\/strong> zu schaffen. Ganz gleich, ob Sie einen humorvollen, minimalistischen oder interaktiven Kalender kreieren, der Kalender als Geschenk wird immer f\u00fcr eine <strong>langfristige Freude<\/strong> sorgen. Nutzen Sie die Kreativit\u00e4t bei der Gestaltung und schaffen Sie ein Geschenk, das sowohl \u00e4sthetisch ansprechend als auch emotional wertvoll ist. Entdecken Sie die Welt der Kalendergeschenke und machen Sie den Beschenkten mit einem <strong>einzigartigen Design <\/strong>das ganze Jahr \u00fcber gl\u00fccklich!<\/p>\n\n\n\n<p>Weitere sch\u00f6ne Geschenkideen finden Sie hier &#8222;<a href=\"https:\/\/www.druckstdu.de\/magazin\/entdecken-sie-kreative-fotogeschenke-einzigartige-ideen-fuer-persoenliche-erinnerungen\/\">Entdecken Sie kreative Fotogeschenke: einzigartige Ideen f\u00fcr pers\u00f6nliche Erinnerungen<\/a>&#8222;.<\/p>\n\n\n\n<p>\ud83d\udc49 Gestalten Sie noch heute ihren einzigartigen Kalender bei <a href=\"https:\/\/www.druckstdu.de\/\">druckstdu<\/a> \u2013 profitieren Sie von hochwertiger <a href=\"https:\/\/www.druckstdu.de\/druck-und-qualitat\/\">Qualit\u00e4t<\/a> und einem benutzerfreundlichen Designprozess, um das perfekte Geschenk zu kreieren!<\/p>\n\n\n\n<h2 class=\"wp-block-heading\">FAQ: Kalender als Geschenk<\/h2>\n\n\n\n<h3 class=\"wp-block-heading\">Was macht einen Kalender zu einem idealen Geschenk?<\/h3>\n\n\n\n<p>Ein Kalender als Geschenk vereint Praktikabilit\u00e4t mit einer pers\u00f6nlichen Note, die ihn zu einem au\u00dfergew\u00f6hnlichen Pr\u00e4sent macht. In einer digitalen Welt, in der Kalender-Apps den Alltag bestimmen, sticht ein physischer Kalender hervor. Er bietet die Gelegenheit, Erinnerungen festzuhalten und kreative Gestaltungsm\u00f6glichkeiten zu nutzen. Ein personalisierter Kalender kann mit Fotos von besonderen Momenten, individuellen Designs oder inspirierenden Zitaten gef\u00fcllt werden, was ihn zu einem durchdachten und emotionalen Geschenk macht. Besonders zur Jahreswende sind Fotokalender beliebte Pr\u00e4sente, da sie sowohl dekorativ als auch funktional sind und das ganze Jahr \u00fcber Freude bereiten.<\/p>\n\n\n\n<h3 class=\"wp-block-heading\">Wie kann ein personalisierter Kalender gestaltet werden?<\/h3>\n\n\n\n<p>Die Gestaltung eines personalisierten Kalenders ist heute dank benutzerfreundlicher Online-Tools einfacher denn je. Plattformen wie druckstdu bieten intuitive Design-Optionen, bei denen Sie eigene Fotos hochladen und verschiedene Layouts und Designs w\u00e4hlen k\u00f6nnen. Beginnen Sie mit der Auswahl des Kalenderformats, entscheiden Sie sich f\u00fcr einen Monats- oder Wochenkalender und w\u00e4hlen Sie passende Designs aus. F\u00fcgen Sie pers\u00f6nliche Fotos, eventuell mit Kommentaren oder kleinen Notizen, hinzu. So wird Ihr Kalender nicht nur ein organisatorisches Hilfsmittel, sondern auch ein emotionales Erinnerungsst\u00fcck.<\/p>\n\n\n\n<h3 class=\"wp-block-heading\">F\u00fcr welche Anl\u00e4sse eignet sich ein Kalender als Geschenk?<\/h3>\n\n\n\n<p>Kalender sind \u00e4u\u00dferst vielseitige Geschenke, die zu vielen Anl\u00e4ssen passen. Sie sind ideale Weihnachtsgeschenke, da sie das kommende Jahr einl\u00e4uten und so ideal vorbereitet beginnen lassen. Zu Geburtstagen oder Jubil\u00e4en erfreuen sie ebenfalls, da sie individuell und durchdacht gestaltet, pers\u00f6nlich und wertsch\u00e4tzend wirken. Auch f\u00fcr Hochzeiten bieten personalisierte Kalender einen Weg, gemeinsame Erinnerungen zu zelebrieren und die Liebe festzuhalten. Die gro\u00dfe Gestaltungsfreiheit erlaubt es, f\u00fcr jeden Anlass einen passenden Kalender zu kreieren, der Freude und Nutzen miteinander verbindet.<\/p>\n\n\n\n<h3 class=\"wp-block-heading\">Welche Vorteile bietet ein Kalender von druckstdu?<\/h3>\n\n\n\n<p>Druckstdu bietet seinen Kunden hochwertige Fotokalender mit einem benutzerfreundlichen Online-Designprozess. Dank moderner Digitaldruck-Technologien garantiert druckstdu eine hohe Qualit\u00e4t bei allen Produkten. Kunden sch\u00e4tzen die schnelle Lieferung und die Flexibilit\u00e4t, individuelle Designs zu erstellen, die pers\u00f6nliche Erinnerungen w\u00fcrdigen. Ein Kalender von druckstdu wird mithilfe zahlreicher Layout-Optionen und Designvorlagen zum einzigartigen Geschenk. Ferner steht den Kunden ein engagierter Kundenservice zur Seite, der bei Fragen oder Unsicherheiten kompetent unterst\u00fctzt und sicherstellt, dass Ihr Geschenk unvergesslich wird.<\/p>\n<a class=\"simplefavorite-button\" data-postid=\"122\" data-siteid=\"1\" data-groupid=\"1\" data-favoritecount=\"0\" style=\"\"><img decoding=\"async\" src=\"\/magazin\/wp-content\/uploads\/2025\/07\/heart.svg\">Speichern f\u00fcr sp\u00e4ter<\/a>","protected":false},"excerpt":{"rendered":"<p>Kalender sind mehr als nur praktische Helfer f\u00fcr die Planung des Alltags. Sie k\u00f6nnen auch ein besonderes Geschenk f\u00fcr jeden&#8230;<\/p>\n","protected":false},"author":3,"featured_media":123,"comment_status":"closed","ping_status":"closed","sticky":false,"template":"","format":"standard","meta":{"_acf_changed":false,"inline_featured_image":false,"footnotes":""},"categories":[6],"tags":[],"class_list":["post-122","post","type-post","status-publish","format-standard","has-post-thumbnail","hentry","category-geschenke"],"acf":[],"yoast_head":"<!-- This site is optimized with the Yoast SEO plugin v27.5 - https:\/\/yoast.com\/product\/yoast-seo-wordpress\/ -->\n<title>Kalender als Geschenk: kreative Ideen f\u00fcr Ihre Erinnerungen<\/title>\n<meta name=\"description\" content=\"Personalisierte Kalender als Geschenk \ud83c\udf81 Perfekt f\u00fcr besondere Anl\u00e4sse, mit hoher Druckqualit\u00e4t und kreativen Gestaltungsm\u00f6glichkeiten.\" \/>\n<link rel=\"canonical\" href=\"https:\/\/www.druckstdu.de\/magazin\/kalender-als-geschenk\/\" \/>\n<meta property=\"og:locale\" content=\"de_DE\" \/>\n<meta property=\"og:type\" content=\"article\" \/>\n<meta property=\"og:title\" content=\"Kalender als Geschenk: kreative Ideen f\u00fcr Ihre Erinnerungen\" \/>\n<meta property=\"og:description\" content=\"Personalisierte Kalender als Geschenk \ud83c\udf81 Perfekt f\u00fcr besondere Anl\u00e4sse, mit hoher Druckqualit\u00e4t und kreativen Gestaltungsm\u00f6glichkeiten.\" \/>\n<meta property=\"og:url\" content=\"https:\/\/www.druckstdu.de\/magazin\/kalender-als-geschenk\/\" \/>\n<meta property=\"og:site_name\" content=\"Magazin | Druckstdu\" \/>\n<meta property=\"article:published_time\" content=\"2025-09-02T11:40:11+00:00\" \/>\n<meta property=\"article:modified_time\" content=\"2025-09-05T03:10:25+00:00\" \/>\n<meta property=\"og:image\" content=\"https:\/\/www.druckstdu.de\/magazin\/wp-content\/uploads\/2025\/09\/kalender-als-geschenk-tischkalender-mit-dem-bild-der-tochter-im-lavendelfeld.webp\" \/>\n\t<meta property=\"og:image:width\" content=\"1920\" \/>\n\t<meta property=\"og:image:height\" content=\"628\" \/>\n\t<meta property=\"og:image:type\" content=\"image\/webp\" \/>\n<meta name=\"author\" content=\"Julia\" \/>\n<meta name=\"twitter:card\" content=\"summary_large_image\" \/>\n<meta name=\"twitter:label1\" content=\"Verfasst von\" \/>\n\t<meta name=\"twitter:data1\" content=\"Julia\" \/>\n\t<meta name=\"twitter:label2\" content=\"Gesch\u00e4tzte Lesezeit\" \/>\n\t<meta name=\"twitter:data2\" content=\"10\u00a0Minuten\" \/>\n<script type=\"application\/ld+json\" class=\"yoast-schema-graph\">{\"@context\":\"https:\\\/\\\/schema.org\",\"@graph\":[{\"@type\":\"Article\",\"@id\":\"https:\\\/\\\/www.druckstdu.de\\\/magazin\\\/kalender-als-geschenk\\\/#article\",\"isPartOf\":{\"@id\":\"https:\\\/\\\/www.druckstdu.de\\\/magazin\\\/kalender-als-geschenk\\\/\"},\"author\":{\"name\":\"Julia\",\"@id\":\"https:\\\/\\\/www.druckstdu.de\\\/magazin\\\/#\\\/schema\\\/person\\\/21d94f7931f413d20158ecb9769efa5b\"},\"headline\":\"Kalender als Geschenk: Personalisierte Ideen f\u00fcr besondere Momente\",\"datePublished\":\"2025-09-02T11:40:11+00:00\",\"dateModified\":\"2025-09-05T03:10:25+00:00\",\"mainEntityOfPage\":{\"@id\":\"https:\\\/\\\/www.druckstdu.de\\\/magazin\\\/kalender-als-geschenk\\\/\"},\"wordCount\":1915,\"image\":{\"@id\":\"https:\\\/\\\/www.druckstdu.de\\\/magazin\\\/kalender-als-geschenk\\\/#primaryimage\"},\"thumbnailUrl\":\"https:\\\/\\\/www.druckstdu.de\\\/magazin\\\/wp-content\\\/uploads\\\/2025\\\/09\\\/kalender-als-geschenk-tischkalender-mit-dem-bild-der-tochter-im-lavendelfeld.webp\",\"articleSection\":[\"Geschenke\"],\"inLanguage\":\"de\"},{\"@type\":\"WebPage\",\"@id\":\"https:\\\/\\\/www.druckstdu.de\\\/magazin\\\/kalender-als-geschenk\\\/\",\"url\":\"https:\\\/\\\/www.druckstdu.de\\\/magazin\\\/kalender-als-geschenk\\\/\",\"name\":\"Kalender als Geschenk: kreative Ideen f\u00fcr Ihre Erinnerungen\",\"isPartOf\":{\"@id\":\"https:\\\/\\\/www.druckstdu.de\\\/magazin\\\/#website\"},\"primaryImageOfPage\":{\"@id\":\"https:\\\/\\\/www.druckstdu.de\\\/magazin\\\/kalender-als-geschenk\\\/#primaryimage\"},\"image\":{\"@id\":\"https:\\\/\\\/www.druckstdu.de\\\/magazin\\\/kalender-als-geschenk\\\/#primaryimage\"},\"thumbnailUrl\":\"https:\\\/\\\/www.druckstdu.de\\\/magazin\\\/wp-content\\\/uploads\\\/2025\\\/09\\\/kalender-als-geschenk-tischkalender-mit-dem-bild-der-tochter-im-lavendelfeld.webp\",\"datePublished\":\"2025-09-02T11:40:11+00:00\",\"dateModified\":\"2025-09-05T03:10:25+00:00\",\"author\":{\"@id\":\"https:\\\/\\\/www.druckstdu.de\\\/magazin\\\/#\\\/schema\\\/person\\\/21d94f7931f413d20158ecb9769efa5b\"},\"description\":\"Personalisierte Kalender als Geschenk \ud83c\udf81 Perfekt f\u00fcr besondere Anl\u00e4sse, mit hoher Druckqualit\u00e4t und kreativen Gestaltungsm\u00f6glichkeiten.\",\"breadcrumb\":{\"@id\":\"https:\\\/\\\/www.druckstdu.de\\\/magazin\\\/kalender-als-geschenk\\\/#breadcrumb\"},\"inLanguage\":\"de\",\"potentialAction\":[{\"@type\":\"ReadAction\",\"target\":[\"https:\\\/\\\/www.druckstdu.de\\\/magazin\\\/kalender-als-geschenk\\\/\"]}]},{\"@type\":\"ImageObject\",\"inLanguage\":\"de\",\"@id\":\"https:\\\/\\\/www.druckstdu.de\\\/magazin\\\/kalender-als-geschenk\\\/#primaryimage\",\"url\":\"https:\\\/\\\/www.druckstdu.de\\\/magazin\\\/wp-content\\\/uploads\\\/2025\\\/09\\\/kalender-als-geschenk-tischkalender-mit-dem-bild-der-tochter-im-lavendelfeld.webp\",\"contentUrl\":\"https:\\\/\\\/www.druckstdu.de\\\/magazin\\\/wp-content\\\/uploads\\\/2025\\\/09\\\/kalender-als-geschenk-tischkalender-mit-dem-bild-der-tochter-im-lavendelfeld.webp\",\"width\":1920,\"height\":628,\"caption\":\"Kalender als Geschenk: Tischkalender mit dem Bild der Tochter im Lavendelfeld.\"},{\"@type\":\"BreadcrumbList\",\"@id\":\"https:\\\/\\\/www.druckstdu.de\\\/magazin\\\/kalender-als-geschenk\\\/#breadcrumb\",\"itemListElement\":[{\"@type\":\"ListItem\",\"position\":1,\"name\":\"Startseite\",\"item\":\"https:\\\/\\\/www.druckstdu.de\\\/magazin\\\/\"},{\"@type\":\"ListItem\",\"position\":2,\"name\":\"Kalender als Geschenk: Personalisierte Ideen f\u00fcr besondere Momente\"}]},{\"@type\":\"WebSite\",\"@id\":\"https:\\\/\\\/www.druckstdu.de\\\/magazin\\\/#website\",\"url\":\"https:\\\/\\\/www.druckstdu.de\\\/magazin\\\/\",\"name\":\"Magazin | Druckstdu\",\"description\":\"\",\"potentialAction\":[{\"@type\":\"SearchAction\",\"target\":{\"@type\":\"EntryPoint\",\"urlTemplate\":\"https:\\\/\\\/www.druckstdu.de\\\/magazin\\\/?s={search_term_string}\"},\"query-input\":{\"@type\":\"PropertyValueSpecification\",\"valueRequired\":true,\"valueName\":\"search_term_string\"}}],\"inLanguage\":\"de\"},{\"@type\":\"Person\",\"@id\":\"https:\\\/\\\/www.druckstdu.de\\\/magazin\\\/#\\\/schema\\\/person\\\/21d94f7931f413d20158ecb9769efa5b\",\"name\":\"Julia\",\"image\":{\"@type\":\"ImageObject\",\"inLanguage\":\"de\",\"@id\":\"https:\\\/\\\/secure.gravatar.com\\\/avatar\\\/f8d49d230387fe95329c8c2282dda447963627f07b20969a21414d5cb19c58dc?s=96&d=mm&r=g\",\"url\":\"https:\\\/\\\/secure.gravatar.com\\\/avatar\\\/f8d49d230387fe95329c8c2282dda447963627f07b20969a21414d5cb19c58dc?s=96&d=mm&r=g\",\"contentUrl\":\"https:\\\/\\\/secure.gravatar.com\\\/avatar\\\/f8d49d230387fe95329c8c2282dda447963627f07b20969a21414d5cb19c58dc?s=96&d=mm&r=g\",\"caption\":\"Julia\"},\"url\":\"https:\\\/\\\/www.druckstdu.de\\\/magazin\\\/author\\\/julia\\\/\"}]}<\/script>\n<!-- \/ Yoast SEO plugin. -->","yoast_head_json":{"title":"Kalender als Geschenk: kreative Ideen f\u00fcr Ihre Erinnerungen","description":"Personalisierte Kalender als Geschenk \ud83c\udf81 Perfekt f\u00fcr besondere Anl\u00e4sse, mit hoher Druckqualit\u00e4t und kreativen Gestaltungsm\u00f6glichkeiten.","canonical":"https:\/\/www.druckstdu.de\/magazin\/kalender-als-geschenk\/","og_locale":"de_DE","og_type":"article","og_title":"Kalender als Geschenk: kreative Ideen f\u00fcr Ihre Erinnerungen","og_description":"Personalisierte Kalender als Geschenk \ud83c\udf81 Perfekt f\u00fcr besondere Anl\u00e4sse, mit hoher Druckqualit\u00e4t und kreativen Gestaltungsm\u00f6glichkeiten.","og_url":"https:\/\/www.druckstdu.de\/magazin\/kalender-als-geschenk\/","og_site_name":"Magazin | Druckstdu","article_published_time":"2025-09-02T11:40:11+00:00","article_modified_time":"2025-09-05T03:10:25+00:00","og_image":[{"width":1920,"height":628,"url":"https:\/\/www.druckstdu.de\/magazin\/wp-content\/uploads\/2025\/09\/kalender-als-geschenk-tischkalender-mit-dem-bild-der-tochter-im-lavendelfeld.webp","type":"image\/webp"}],"author":"Julia","twitter_card":"summary_large_image","twitter_misc":{"Verfasst von":"Julia","Gesch\u00e4tzte Lesezeit":"10\u00a0Minuten"},"schema":{"@context":"https:\/\/schema.org","@graph":[{"@type":"Article","@id":"https:\/\/www.druckstdu.de\/magazin\/kalender-als-geschenk\/#article","isPartOf":{"@id":"https:\/\/www.druckstdu.de\/magazin\/kalender-als-geschenk\/"},"author":{"name":"Julia","@id":"https:\/\/www.druckstdu.de\/magazin\/#\/schema\/person\/21d94f7931f413d20158ecb9769efa5b"},"headline":"Kalender als Geschenk: Personalisierte Ideen f\u00fcr besondere Momente","datePublished":"2025-09-02T11:40:11+00:00","dateModified":"2025-09-05T03:10:25+00:00","mainEntityOfPage":{"@id":"https:\/\/www.druckstdu.de\/magazin\/kalender-als-geschenk\/"},"wordCount":1915,"image":{"@id":"https:\/\/www.druckstdu.de\/magazin\/kalender-als-geschenk\/#primaryimage"},"thumbnailUrl":"https:\/\/www.druckstdu.de\/magazin\/wp-content\/uploads\/2025\/09\/kalender-als-geschenk-tischkalender-mit-dem-bild-der-tochter-im-lavendelfeld.webp","articleSection":["Geschenke"],"inLanguage":"de"},{"@type":"WebPage","@id":"https:\/\/www.druckstdu.de\/magazin\/kalender-als-geschenk\/","url":"https:\/\/www.druckstdu.de\/magazin\/kalender-als-geschenk\/","name":"Kalender als Geschenk: kreative Ideen f\u00fcr Ihre Erinnerungen","isPartOf":{"@id":"https:\/\/www.druckstdu.de\/magazin\/#website"},"primaryImageOfPage":{"@id":"https:\/\/www.druckstdu.de\/magazin\/kalender-als-geschenk\/#primaryimage"},"image":{"@id":"https:\/\/www.druckstdu.de\/magazin\/kalender-als-geschenk\/#primaryimage"},"thumbnailUrl":"https:\/\/www.druckstdu.de\/magazin\/wp-content\/uploads\/2025\/09\/kalender-als-geschenk-tischkalender-mit-dem-bild-der-tochter-im-lavendelfeld.webp","datePublished":"2025-09-02T11:40:11+00:00","dateModified":"2025-09-05T03:10:25+00:00","author":{"@id":"https:\/\/www.druckstdu.de\/magazin\/#\/schema\/person\/21d94f7931f413d20158ecb9769efa5b"},"description":"Personalisierte Kalender als Geschenk \ud83c\udf81 Perfekt f\u00fcr besondere Anl\u00e4sse, mit hoher Druckqualit\u00e4t und kreativen Gestaltungsm\u00f6glichkeiten.","breadcrumb":{"@id":"https:\/\/www.druckstdu.de\/magazin\/kalender-als-geschenk\/#breadcrumb"},"inLanguage":"de","potentialAction":[{"@type":"ReadAction","target":["https:\/\/www.druckstdu.de\/magazin\/kalender-als-geschenk\/"]}]},{"@type":"ImageObject","inLanguage":"de","@id":"https:\/\/www.druckstdu.de\/magazin\/kalender-als-geschenk\/#primaryimage","url":"https:\/\/www.druckstdu.de\/magazin\/wp-content\/uploads\/2025\/09\/kalender-als-geschenk-tischkalender-mit-dem-bild-der-tochter-im-lavendelfeld.webp","contentUrl":"https:\/\/www.druckstdu.de\/magazin\/wp-content\/uploads\/2025\/09\/kalender-als-geschenk-tischkalender-mit-dem-bild-der-tochter-im-lavendelfeld.webp","width":1920,"height":628,"caption":"Kalender als Geschenk: Tischkalender mit dem Bild der Tochter im Lavendelfeld."},{"@type":"BreadcrumbList","@id":"https:\/\/www.druckstdu.de\/magazin\/kalender-als-geschenk\/#breadcrumb","itemListElement":[{"@type":"ListItem","position":1,"name":"Startseite","item":"https:\/\/www.druckstdu.de\/magazin\/"},{"@type":"ListItem","position":2,"name":"Kalender als Geschenk: Personalisierte Ideen f\u00fcr besondere Momente"}]},{"@type":"WebSite","@id":"https:\/\/www.druckstdu.de\/magazin\/#website","url":"https:\/\/www.druckstdu.de\/magazin\/","name":"Magazin | Druckstdu","description":"","potentialAction":[{"@type":"SearchAction","target":{"@type":"EntryPoint","urlTemplate":"https:\/\/www.druckstdu.de\/magazin\/?s={search_term_string}"},"query-input":{"@type":"PropertyValueSpecification","valueRequired":true,"valueName":"search_term_string"}}],"inLanguage":"de"},{"@type":"Person","@id":"https:\/\/www.druckstdu.de\/magazin\/#\/schema\/person\/21d94f7931f413d20158ecb9769efa5b","name":"Julia","image":{"@type":"ImageObject","inLanguage":"de","@id":"https:\/\/secure.gravatar.com\/avatar\/f8d49d230387fe95329c8c2282dda447963627f07b20969a21414d5cb19c58dc?s=96&d=mm&r=g","url":"https:\/\/secure.gravatar.com\/avatar\/f8d49d230387fe95329c8c2282dda447963627f07b20969a21414d5cb19c58dc?s=96&d=mm&r=g","contentUrl":"https:\/\/secure.gravatar.com\/avatar\/f8d49d230387fe95329c8c2282dda447963627f07b20969a21414d5cb19c58dc?s=96&d=mm&r=g","caption":"Julia"},"url":"https:\/\/www.druckstdu.de\/magazin\/author\/julia\/"}]}},"wp-worthy-pixel":{"ignored":false,"public":null,"server":null,"url":null},"wp-worthy-type":"normal","_links":{"self":[{"href":"https:\/\/www.druckstdu.de\/magazin\/wp-json\/wp\/v2\/posts\/122","targetHints":{"allow":["GET"]}}],"collection":[{"href":"https:\/\/www.druckstdu.de\/magazin\/wp-json\/wp\/v2\/posts"}],"about":[{"href":"https:\/\/www.druckstdu.de\/magazin\/wp-json\/wp\/v2\/types\/post"}],"author":[{"embeddable":true,"href":"https:\/\/www.druckstdu.de\/magazin\/wp-json\/wp\/v2\/users\/3"}],"replies":[{"embeddable":true,"href":"https:\/\/www.druckstdu.de\/magazin\/wp-json\/wp\/v2\/comments?post=122"}],"version-history":[{"count":3,"href":"https:\/\/www.druckstdu.de\/magazin\/wp-json\/wp\/v2\/posts\/122\/revisions"}],"predecessor-version":[{"id":219,"href":"https:\/\/www.druckstdu.de\/magazin\/wp-json\/wp\/v2\/posts\/122\/revisions\/219"}],"wp:featuredmedia":[{"embeddable":true,"href":"https:\/\/www.druckstdu.de\/magazin\/wp-json\/wp\/v2\/media\/123"}],"wp:attachment":[{"href":"https:\/\/www.druckstdu.de\/magazin\/wp-json\/wp\/v2\/media?parent=122"}],"wp:term":[{"taxonomy":"category","embeddable":true,"href":"https:\/\/www.druckstdu.de\/magazin\/wp-json\/wp\/v2\/categories?post=122"},{"taxonomy":"post_tag","embeddable":true,"href":"https:\/\/www.druckstdu.de\/magazin\/wp-json\/wp\/v2\/tags?post=122"}],"curies":[{"name":"wp","href":"https:\/\/api.w.org\/{rel}","templated":true}]}}