{"id":128,"date":"2025-09-03T02:47:58","date_gmt":"2025-09-03T02:47:58","guid":{"rendered":"https:\/\/www.druckstdu.de\/magazin\/?p=128"},"modified":"2025-09-05T02:25:04","modified_gmt":"2025-09-05T02:25:04","slug":"fotokalender-format-waehlen","status":"publish","type":"post","link":"https:\/\/www.druckstdu.de\/magazin\/fotokalender-format-waehlen\/","title":{"rendered":"Fotokalender Format: So gestalten Sie Ihre pers\u00f6nlichen Erinnerungen in hochwertigem Design"},"content":{"rendered":"\n<p>Die Wahl des richtigen <strong>Fotokalender-Formats<\/strong> ist entscheidend, um Ihre <strong>Fotos<\/strong> optimal zur Geltung zu bringen und die gew\u00fcnschte <strong>Atmosph\u00e4re<\/strong> zu schaffen. Ein gut gew\u00e4hltes Format sorgt nicht nur f\u00fcr eine ansprechende <strong>optische Wirkung<\/strong>, sondern macht den Kalender auch funktional. Ob Sie nun ein <strong>gro\u00dfformatiges Bild<\/strong> oder eine <strong>kompakte Monatsansicht<\/strong> bevorzugen \u2013 das Format beeinflusst, wie Ihre Erinnerungen pr\u00e4sentiert werden. In diesem Artikel gehen wir auf die verschiedenen Formate ein und helfen Ihnen, das perfekte f\u00fcr Ihren <strong>Fotokalender<\/strong> zu finden.<\/p>\n\n\n\n<h2 class=\"wp-block-heading\">Die g\u00e4ngigsten Fotokalender-Formate<\/h2>\n\n\n\n<p>Die Auswahl des richtigen Formats f\u00fcr Ihren <strong>Fotokalender<\/strong> h\u00e4ngt von verschiedenen Faktoren ab, wie dem Platz, den Sie zur Verf\u00fcgung haben, und dem Stil, den Sie bevorzugen. Hier stellen wir Ihnen die g\u00e4ngigsten Formate vor:<\/p>\n\n\n\n<h3 class=\"wp-block-heading\">1. Das klassische A4-Format<\/h3>\n\n\n\n<p>Das <strong>A4-Format<\/strong> ist eines der beliebtesten <strong>Fotokalender-Formate<\/strong>. Es bietet ausreichend Platz f\u00fcr sowohl <strong>Monats- als auch Wochenansichten<\/strong> und ist gleichzeitig <strong>praktisch<\/strong> und <strong>\u00fcbersichtlich<\/strong>.<\/p>\n\n\n\n<p><strong>Vorteile<\/strong>:<\/p>\n\n\n\n<ul class=\"wp-block-list\">\n<li><strong>Kompakt und handlich<\/strong>: Ideal f\u00fcr den <strong>Schreibtisch<\/strong> oder <strong>kleine W\u00e4nde<\/strong>.<\/li>\n\n\n\n<li><strong>Vielf\u00e4ltige Nutzungsm\u00f6glichkeiten<\/strong>: Sowohl f\u00fcr <strong>Wandkalender<\/strong> als auch <strong>Tischkalender<\/strong> geeignet.<\/li>\n\n\n\n<li><strong>Platz f\u00fcr Fotos und Notizen<\/strong>: Perfekt, um <strong>private Erinnerungen<\/strong> und <strong>wichtige Termine<\/strong> zu kombinieren.<\/li>\n<\/ul>\n\n\n\n<p>Das <strong>A4-Format<\/strong> ist besonders geeignet, wenn Sie <strong>hochwertige Bilder<\/strong> und <strong>wichtige Daten<\/strong> miteinander kombinieren m\u00f6chten, ohne dass der Kalender zu gro\u00df oder zu klein wirkt.<\/p>\n\n\n\n<h3 class=\"wp-block-heading\">2. Das gro\u00dfz\u00fcgige A3-Format<\/h3>\n\n\n\n<p>F\u00fcr diejenigen, die gr\u00f6\u00dfere <strong>Fotokalender<\/strong> bevorzugen, ist das <strong>A3-Format<\/strong> eine ausgezeichnete Wahl. Mit seiner Gr\u00f6\u00dfe erm\u00f6glicht es, <strong>gro\u00dffl\u00e4chige Bilder<\/strong> und <strong>Fotocollagen<\/strong> in hoher Qualit\u00e4t darzustellen.<\/p>\n\n\n\n<p><strong>Vorteile<\/strong>:<\/p>\n\n\n\n<ul class=\"wp-block-list\">\n<li><strong>Gro\u00dfformatige Pr\u00e4sentation<\/strong>: Ideal f\u00fcr <strong>Landschaftsbilder<\/strong>, <strong>Gruppenfotos<\/strong> oder <strong>Reisebilder<\/strong>.<\/li>\n\n\n\n<li><strong>Hervorragende Details<\/strong>: Bietet ausreichend Platz f\u00fcr <strong>hochaufl\u00f6sende Bilder<\/strong> und macht Ihre <strong>Fotos<\/strong> zum <strong>Hingucker<\/strong>.<\/li>\n\n\n\n<li><strong>Wandkalender<\/strong>: Perfekt f\u00fcr die <strong>Wanddekoration<\/strong>, um Ihre Erinnerungen stilvoll zu pr\u00e4sentieren.<\/li>\n<\/ul>\n\n\n\n<p>Das <strong>A3-Format<\/strong> eignet sich besonders gut, wenn Sie die <strong>Wand<\/strong> als Platz f\u00fcr Ihren <strong>Fotokalender<\/strong> w\u00e4hlen und ihn zu einem <strong>echten Blickfang<\/strong> machen m\u00f6chten.<\/p>\n\n\n\n<h3 class=\"wp-block-heading\">3. Das handliche A5-Format<\/h3>\n\n\n\n<p>Wenn Sie es bevorzugen, einen <strong>Fotokalender<\/strong> im <strong>kleinen Format<\/strong> zu haben, ist das <strong>A5-Format<\/strong> eine ausgezeichnete Wahl. Dieses kompakte Format eignet sich hervorragend f\u00fcr <strong>Tischkalender<\/strong> oder <strong>Fotob\u00fccher<\/strong>, die Sie als <strong>praktisches<\/strong> Erinnerungsst\u00fcck verwenden m\u00f6chten.<\/p>\n\n\n\n<p><strong>Vorteile<\/strong>:<\/p>\n\n\n\n<ul class=\"wp-block-list\">\n<li><strong>Platzsparend und praktisch<\/strong>: Passt auf fast jeden <strong>Schreibtisch<\/strong> oder in jede <strong>Handtasche<\/strong>.<\/li>\n\n\n\n<li><strong>Einfach zu transportieren<\/strong>: Perfekt f\u00fcr den <strong>Reisebegleiter<\/strong> oder als <strong>pers\u00f6nliches Geschenk<\/strong>.<\/li>\n\n\n\n<li><strong>Einfache Handhabung<\/strong>: Der Kalender l\u00e4sst sich problemlos in <strong>kleinen R\u00e4umen<\/strong> aufstellen oder mitnehmen.<\/li>\n<\/ul>\n\n\n\n<p>Das <strong>A5-Format<\/strong> ist besonders beliebt bei denen, die einen <strong>praktischen, aber dennoch stilvollen<\/strong> Fotokalender m\u00f6chten, den sie jederzeit zur Hand haben k\u00f6nnen.<\/p>\n\n\n\n<h2 class=\"wp-block-heading\">Was ist das richtige Format f\u00fcr Sie?<\/h2>\n\n\n\n<p>Die Wahl des passenden Fotokalender-Formats h\u00e4ngt von verschiedenen Faktoren ab:<\/p>\n\n\n\n<ul class=\"wp-block-list\">\n<li><strong>Verwendungszweck<\/strong>: Brauchen Sie den Kalender f\u00fcr den <strong>Schreibtisch<\/strong>, als <strong>Wanddeko<\/strong> oder als <strong>mobiles Erinnerungsst\u00fcck<\/strong>?<\/li>\n\n\n\n<li><strong>Platz im Raum<\/strong>: Haben Sie <strong>viel Wandfl\u00e4che<\/strong> oder nur <strong>begrenzten Platz<\/strong> f\u00fcr Ihre Fotowand?<\/li>\n\n\n\n<li><strong>Fotoformat<\/strong>: Welches Format passt am besten zu den Fotos, die Sie pr\u00e4sentieren m\u00f6chten?<\/li>\n<\/ul>\n\n\n\n<p>Es gibt kein <strong>Richtig<\/strong> oder <strong>Falsch<\/strong>, sondern nur das Format, das am besten zu Ihren Bed\u00fcrfnissen und dem <strong>Verwendungszweck<\/strong> passt.<\/p>\n\n\n\n<p><em>Mehr Ideen rund um die Gestaltung individueller Kalender finden Sie in unserem <a href=\"https:\/\/www.druckstdu.de\/magazin\/kreative-fotokalender-ideen\/\">Beitrag \u201aKreative Fotokalender-Ideen\u2018<\/a><\/em>.<\/p>\n\n\n\n<h2 class=\"wp-block-heading\">Die Vorteile der verschiedenen Fotokalender-Formate<\/h2>\n\n\n\n<p>Jetzt, wo Sie die g\u00e4ngigsten Formate kennen, stellt sich nat\u00fcrlich die Frage, welches Format f\u00fcr Ihre <strong>Fotos<\/strong> und den <strong>Zweck<\/strong> des Kalenders am besten geeignet ist. Je nach <strong>Verwendungszweck<\/strong> und <strong>Wandgr\u00f6\u00dfe<\/strong> gibt es einige klare Vorteile, die bestimmte Formate bieten.<\/p>\n\n\n\n<h3 class=\"wp-block-heading\">1. A4-Format: Die ideale Gr\u00f6\u00dfe f\u00fcr jeden Raum<\/h3>\n\n\n\n<p>Das <strong>A4-Format<\/strong> ist ein wahres <strong>Allround-Talent<\/strong>. Es ist gro\u00df genug, um Ihre <strong>Bilder<\/strong> hervorzuheben, aber dennoch kompakt und handlich, sodass es in fast jeden Raum passt. Es ist besonders geeignet, wenn Sie den Kalender auf einem <strong>Schreibtisch<\/strong> oder in einem <strong>kleinen Raum<\/strong> aufh\u00e4ngen m\u00f6chten. Die Flexibilit\u00e4t, das Format sowohl f\u00fcr <strong>Wandkalender<\/strong> als auch f\u00fcr <strong>Tischkalender<\/strong> zu nutzen, macht es zu einer der beliebtesten Optionen.<\/p>\n\n\n\n<p><strong>Ideal f\u00fcr<\/strong>:<\/p>\n\n\n\n<ul class=\"wp-block-list\">\n<li><strong>B\u00fcros<\/strong> oder <strong>kleine R\u00e4ume<\/strong><\/li>\n\n\n\n<li><a href=\"https:\/\/www.druckstdu.de\/fotokalender\/monatskalender\/\"><strong>Monats\u00fcbersicht<\/strong><\/a> und kleinere <strong>Fotomontagen<\/strong><\/li>\n<\/ul>\n\n\n\n<p><strong>Vorteile<\/strong>:<\/p>\n\n\n\n<ul class=\"wp-block-list\">\n<li><strong>Platzsparend<\/strong> und gut f\u00fcr <strong>Wandfl\u00e4chen<\/strong> oder <strong>Regale<\/strong>.<\/li>\n\n\n\n<li>Bietet ausreichend Platz f\u00fcr <strong>Fotos<\/strong> und <strong>Notizen<\/strong>.<\/li>\n<\/ul>\n\n\n\n<h3 class=\"wp-block-heading\">2. A3-Format: Perfekte Wahl f\u00fcr gr\u00f6\u00dfere Fotos<\/h3>\n\n\n\n<p>Wenn Sie eine <strong>gr\u00f6\u00dfere Darstellung<\/strong> Ihrer Bilder w\u00fcnschen und die <strong>Fotokalender-Formate<\/strong> mit <strong>mehr Raum<\/strong> arbeiten m\u00f6chten, ist das <strong>A3-Format<\/strong> eine ausgezeichnete Wahl. Es bietet ausreichend Platz, um Ihre <strong>Fotos<\/strong> in <strong>gro\u00dfformatigen Bildern<\/strong> zu pr\u00e4sentieren. Besonders wenn es darum geht, <strong>Landschaftsaufnahmen<\/strong>, <strong>Gruppenfotos<\/strong> oder <strong>panoramische Bilder<\/strong> darzustellen, kommt das <strong>A3-Format<\/strong> perfekt zur Geltung.<\/p>\n\n\n\n<p><strong>Ideal f\u00fcr<\/strong>:<\/p>\n\n\n\n<ul class=\"wp-block-list\">\n<li><strong>Wohnzimmerw\u00e4nde<\/strong> oder <strong>gro\u00dfe Fl\u00e4chen<\/strong><\/li>\n\n\n\n<li><strong>Landschafts- oder Naturfotografie<\/strong><\/li>\n<\/ul>\n\n\n\n<p><strong>Vorteile<\/strong>:<\/p>\n\n\n\n<ul class=\"wp-block-list\">\n<li><strong>Gro\u00dfformatige Darstellung<\/strong> Ihrer <strong>erinnerungswerten Bilder<\/strong><\/li>\n\n\n\n<li>Besonders gut f\u00fcr <strong>Wandkalender<\/strong> geeignet, da es die Wand ziert und Ihre <strong>Bilder<\/strong> hervorhebt.<\/li>\n<\/ul>\n\n\n\n<h3 class=\"wp-block-heading\">3. A5-Format: kompakt und praktisch<\/h3>\n\n\n\n<p>Das <strong>A5-Format<\/strong> ist besonders beliebt f\u00fcr <strong>Tischkalender<\/strong> oder <strong>kleine Fotob\u00fccher<\/strong>. Wenn Sie Ihre <strong>Fotos<\/strong> in einem <strong>kompakteren Format<\/strong> pr\u00e4sentieren m\u00f6chten, das auch als <strong>praktisches Erinnerungsst\u00fcck<\/strong> dient, ist das A5-Format eine ausgezeichnete Wahl. Es ist <strong>handlich<\/strong> und l\u00e4sst sich <strong>leicht transportieren<\/strong>, was es zu einer tollen Option f\u00fcr <strong>Reise-Fotokalender<\/strong> oder <strong>pers\u00f6nliche Geschenke<\/strong> macht.<\/p>\n\n\n\n<p><strong>Ideal f\u00fcr<\/strong>:<\/p>\n\n\n\n<ul class=\"wp-block-list\">\n<li><strong>Tischkalender<\/strong> oder <strong>kleine Geschenke<\/strong><\/li>\n\n\n\n<li><strong>Individuelle Fotob\u00fccher<\/strong><\/li>\n<\/ul>\n\n\n\n<p><strong>Vorteile<\/strong>:<\/p>\n\n\n\n<ul class=\"wp-block-list\">\n<li><strong>Praktisch<\/strong> und ideal f\u00fcr <strong>mobile Nutzung<\/strong>.<\/li>\n\n\n\n<li><strong>Klein und handlich<\/strong>, perfekt f\u00fcr <strong>Geschenkideen<\/strong>.<\/li>\n<\/ul>\n\n\n\n<h3 class=\"wp-block-heading\">4. Quadratisches Format: Der kreative Blickfang<\/h3>\n\n\n\n<p>Wenn Sie auf der Suche nach etwas <strong>besonderem<\/strong> sind, k\u00f6nnte ein <strong>quadratischer Fotokalender<\/strong> die perfekte Wahl sein. Das quadratische Format hebt sich von den klassischen rechteckigen Kalendern ab und eignet sich hervorragend f\u00fcr <strong>symmetrische Designs<\/strong> oder <strong>kreative Anordnungen<\/strong>. Es bietet eine tolle <strong>Balance<\/strong> zwischen einem <strong>klassischen<\/strong> und einem <strong>modernen<\/strong> Stil.<\/p>\n\n\n\n<p><strong>Ideal f\u00fcr<\/strong>:<\/p>\n\n\n\n<ul class=\"wp-block-list\">\n<li><strong>Fotocollagen<\/strong> und <strong>symmetrische Designs<\/strong><\/li>\n\n\n\n<li><strong>K\u00fcnstlerische Darstellungen<\/strong> oder <strong>schwarz-wei\u00df Bilder<\/strong><\/li>\n<\/ul>\n\n\n\n<p><strong>Vorteile<\/strong>:<\/p>\n\n\n\n<ul class=\"wp-block-list\">\n<li><strong>Kreativ<\/strong> und eignet sich f\u00fcr ein <strong>besonderes Design<\/strong>.<\/li>\n\n\n\n<li>Gibt den Bildern <strong>mehr Raum<\/strong>, sich <strong>auf der Wand<\/strong> zu entfalten.<\/li>\n<\/ul>\n\n\n\n<h2 class=\"wp-block-heading\">Weitere \u00dcberlegungen zur Auswahl des Fotokalender-Formats<\/h2>\n\n\n\n<p>Neben den grundlegenden Formaten gibt es noch andere Faktoren, die die Wahl des richtigen <strong>Fotokalender-Formats<\/strong> beeinflussen k\u00f6nnen. Die <strong>Verwendungsweise<\/strong> des Kalenders, die <strong>Art der Fotos<\/strong> und der <strong>Ort<\/strong>, an dem der Kalender platziert wird, spielen ebenfalls eine entscheidende Rolle.<\/p>\n\n\n\n<h3 class=\"wp-block-heading\">1. Die Bedeutung des Kalendertyps<\/h3>\n\n\n\n<p>Nicht alle Fotokalender sind gleich. Es gibt <strong>Wandkalender<\/strong>, <strong>Tischkalender<\/strong> und <strong>Fotob\u00fccher<\/strong> mit Kalenderfunktionen, die alle verschiedene Formatvorlieben erfordern:<\/p>\n\n\n\n<ul class=\"wp-block-list\">\n<li><strong>Wandkalender<\/strong>: Diese sind h\u00e4ufig im <strong>A3<\/strong> oder <strong>A4-Format<\/strong>, da sie gen\u00fcgend Platz bieten, um sowohl <strong>gro\u00dfformatige Fotos<\/strong> als auch <strong>Termine<\/strong> oder <strong>Notizen<\/strong> unterzubringen.<\/li>\n\n\n\n<li><strong>Tischkalender<\/strong>: Diese sind meist kompakter, mit Formaten wie <strong>A5<\/strong> oder sogar <strong>quadratisch<\/strong>, da sie h\u00e4ufig auf einem Schreibtisch oder Nachttisch platziert werden.<\/li>\n\n\n\n<li><strong>Fotob\u00fccher mit Kalender<\/strong>: Fotob\u00fccher, die als Kalender fungieren, k\u00f6nnen gr\u00f6\u00dfere Formate wie <strong>A3<\/strong> oder <strong>A4<\/strong> haben und bieten ausreichend Platz f\u00fcr Fotos und zus\u00e4tzliche Erinnerungen.<\/li>\n<\/ul>\n\n\n\n<h3 class=\"wp-block-heading\">2. Der Stil des Kalenders<\/h3>\n\n\n\n<p>Neben dem Format spielt auch der <strong>Designstil<\/strong> des Kalenders eine Rolle bei der Wahl des Formats. Manche Formate sind ideal f\u00fcr <strong>minimalistische Designs<\/strong>, w\u00e4hrend andere perfekt f\u00fcr eine <strong>F\u00fclle an Fotos<\/strong> und <strong>Kreativit\u00e4t<\/strong> geeignet sind:<\/p>\n\n\n\n<ul class=\"wp-block-list\">\n<li><strong>Minimalistisch<\/strong>: Ein <strong>quadratischer Fotokalender<\/strong> oder ein <strong>A4-Kalender<\/strong> mit schlichtem Design kommt gut in modernen, minimalistisch eingerichteten R\u00e4umen zur Geltung.<\/li>\n\n\n\n<li><strong>Kreativ und verspielt<\/strong>: Wenn Ihr Raum <strong>farbenfroh<\/strong> und <strong>lebendig<\/strong> ist, k\u00f6nnte ein <strong>gro\u00dfformatiger A3-Kalender<\/strong> mit auff\u00e4lligen Fotos oder <strong>viele kleine Bilder in einem Raster<\/strong> die perfekte Wahl sein.<\/li>\n<\/ul>\n\n\n\n<h3 class=\"wp-block-heading\">3. Wie oft wollen Sie den Kalender wechseln?<\/h3>\n\n\n\n<p>Ein weiterer wichtiger Faktor ist, wie oft Sie den <strong>Kalender<\/strong> anpassen m\u00f6chten. Wenn Sie vorhaben, den Kalender regelm\u00e4\u00dfig zu aktualisieren oder zu wechseln, sollten Sie ein Format w\u00e4hlen, das <strong>flexibel<\/strong> und <strong>einfach zu handhaben<\/strong> ist, wie <strong>Fotomagnete<\/strong>, <strong>Fotoklebefolien<\/strong> oder <strong>Tischkalender<\/strong>, die schnell neu gestaltet werden k\u00f6nnen.<\/p>\n\n\n\n<ul class=\"wp-block-list\">\n<li><strong>Fotomagnete und Fotoklebefolien<\/strong>: Diese sind ideal f\u00fcr Menschen, die regelm\u00e4\u00dfig ihre W\u00e4nde \u00e4ndern m\u00f6chten, da sie <strong>leicht anzubringen<\/strong> und auch <strong>schnell zu entfernen<\/strong> sind.<\/li>\n\n\n\n<li><strong>Tischkalender<\/strong>: Perfekt, um <strong>einmal j\u00e4hrlich<\/strong> ein neues Design einzuf\u00fcgen, ohne gro\u00dfen Aufwand betreiben zu m\u00fcssen.<\/li>\n<\/ul>\n\n\n\n<p><em>Wenn Sie Kalender gerne verschenken, schauen Sie auch in unseren <a href=\"https:\/\/www.druckstdu.de\/magazin\/kalender-als-geschenk\/\">Artikel zu personalisierten Kalender-Geschenken<\/a>.<\/em><\/p>\n\n\n\n<h2 class=\"wp-block-heading\">Fazit: Das richtige Format f\u00fcr Ihren Fotokalender finden<\/h2>\n\n\n\n<p>Letztlich kommt es darauf an, welches <strong>Ziel<\/strong> Sie mit Ihrem Fotokalender verfolgen. Wenn Sie Ihre <strong>Fotos gro\u00dfformatig<\/strong> zur Geltung bringen m\u00f6chten, ist das <strong>A3-Format<\/strong> die beste Wahl. F\u00fcr <strong>praktische Tischkalender<\/strong> oder <strong>geschenkte Erinnerungen<\/strong> eignet sich das <strong>A5-Format<\/strong>, w\u00e4hrend das <strong>A4-Format<\/strong> f\u00fcr die meisten Anwendungen die <strong>ideale Balance<\/strong> zwischen <strong>Praktikabilit\u00e4t<\/strong> und <strong>Kreativit\u00e4t<\/strong> bietet. Die Wahl des Formats sollte sich stets an Ihren <strong>Raumbed\u00fcrfnissen<\/strong>, dem <strong>Verwendungszweck<\/strong> und dem <strong>Designstil<\/strong> orientieren, den Sie bevorzugen.<\/p>\n\n\n\n<p>Ob f\u00fcr <strong>Wanddekoration<\/strong>, als <strong>Geschenk<\/strong> oder f\u00fcr den <strong>B\u00fcroeinsatz<\/strong> \u2013 der <a href=\"https:\/\/www.druckstdu.de\/fotokalender\/\">Fotokalender<\/a> bringt Ihre <strong>Erinnerungen<\/strong> zum Leben und versch\u00f6nert jeden Raum auf kreative Weise.&nbsp;<\/p>\n\n\n\n<p>\ud83d\udc49 Gestalten Sie noch heute Ihren Fotokalender bei <a href=\"https:\/\/www.druckstdu.de\/\">druckstdu<\/a> und profitieren Sie von herausragender <a href=\"https:\/\/www.druckstdu.de\/druck-und-qualitat\/\">Qualit\u00e4t<\/a>, individuellen Gestaltungsm\u00f6glichkeiten und einem einzigartigen Design, das Ihre Erinnerungen perfekt zur Geltung bringt.<\/p>\n\n\n\n<h2 class=\"wp-block-heading\">FAQ zum Thema bestes Fotokalender-Format<\/h2>\n\n\n\n<h3 class=\"wp-block-heading\">Was sind die g\u00e4ngigsten Formate f\u00fcr Fotokalender?<\/h3>\n\n\n\n<p>Die Wahl des richtigen Formats f\u00fcr Ihren Fotokalender ist entscheidend, um die besten Ergebnisse f\u00fcr Ihre Fotos zu erzielen und den gew\u00fcnschten \u00e4sthetischen Effekt zu erreichen. Zu den g\u00e4ngigsten Formaten geh\u00f6ren A4, A3 und quadratische Formate. Das A4-Format ist ideal f\u00fcr Heim- oder B\u00fcroanwendungen und bietet eine harmonische Balance zwischen Fotogr\u00f6\u00dfe und verf\u00fcgbarem Platz zum Schreiben von Notizen. Das A3-Format hingegen ist gr\u00f6\u00dfer und eignet sich hervorragend, um beeindruckende Panoramabilder oder Detailaufnahmen zu pr\u00e4sentieren. Quadratische Formate sind zunehmend beliebt aufgrund ihres modernen Looks und der einzigartigen Nutzung des Raums. Unabh\u00e4ngig vom gew\u00e4hlten Format garantiert druckstdu durch den Einsatz moderner Digitaldruck-Technologie eine hervorragende Druckqualit\u00e4t. Dabei k\u00f6nnen pers\u00f6nliche Vorstellungen und kreative Ideen durch vielf\u00e4ltige Layout-Optionen und Gestaltungsm\u00f6glichkeiten ideal verwirklicht werden.<\/p>\n\n\n\n<h3 class=\"wp-block-heading\">Welche Vorteile bietet ein personalisierter Fotokalender?<\/h3>\n\n\n\n<p>Ein personalisierter Fotokalender bietet zahlreiche Vorteile, die \u00fcber den reinen Nutzen eines Kalenders hinausgehen. Er ist nicht nur ein praktischer Begleiter durch das Jahr, sondern auch ein pers\u00f6nliches Erinnerungsst\u00fcck, das individuelle Erinnerungen und wichtige Momente in den Alltag integriert. Dank der M\u00f6glichkeit, eigene Bilder und Texte zu verwenden, kann jeder Fotokalender bei druckstdu nach pers\u00f6nlichen Vorlieben gestaltet werden. Dies macht ihn zu einem einzigartigen und emotional wertvollen Geschenk f\u00fcr Freunde und Familie. Die hohe Druckqualit\u00e4t stellt sicher, dass die Farben der Fotos lebendig wirken und die Layouts klar und ansprechend sind. Hinzu kommt die Flexibilit\u00e4t beim Design, die eine Anpassung an verschiedene Stile und Vorlieben erlaubt und somit jeden Kalender zu einem Unikat macht.<\/p>\n\n\n\n<h3 class=\"wp-block-heading\">Wie gestalte ich einen Fotokalender am effektivsten?<\/h3>\n\n\n\n<p>Bei der Gestaltung eines Fotokalenders sind ein strukturierter Ansatz und das Einbeziehen pers\u00f6nlicher Vorlieben entscheidend f\u00fcr den Erfolg des Projekts. Beginnen Sie mit der Auswahl von Fotos, die besondere Erinnerungen wecken oder emotionale Bedeutung haben. \u00dcberlegen Sie sich ein Thema oder eine \u00c4sthetik, die durchg\u00e4ngig f\u00fcr das gesamte Jahr beibehalten werden soll. druckstdu bietet benutzerfreundliche Online-Tools, um die Gestaltung zu erleichtern. Nutzen Sie die bereitgestellten Layouts und Designs, um Ihre Fotos bestm\u00f6glich zur Geltung zu bringen. Achten Sie darauf, dass die Farbwahl harmoniert und die Schriftgr\u00f6\u00dfen lesbar sind. Die M\u00f6glichkeiten zur Textpersonalisierung erlauben es, besondere Daten oder Notizen auf den Kalenderseiten hervorzuheben und so den praktischen Nutzen des Kalenders zu optimieren.<\/p>\n\n\n\n<h3 class=\"wp-block-heading\">Welche Nachhaltigkeitsaspekte sollte ich bei der Auswahl meines Fotokalenders beachten?<\/h3>\n\n\n\n<p>In Zeiten wachsender Umweltbewusstheit ist es wichtig, bei der Auswahl eines Fotokalenders auch Nachhaltigkeitsaspekte zu ber\u00fccksichtigen. Fragen Sie gezielt nach, ob die verwendeten Materialien aus nachhaltigen Quellen stammen und ob \u00f6kologische Druckverfahren eingesetzt werden. W\u00e4hrend druckstdu spezifische Informationen zu nachhaltigen Initiativen derzeit nicht \u00f6ffentlich auf ihrer Plattform kommuniziert, ist die Verwendung moderner Digitaldruck-Technologie ein Schritt in Richtung effizienter und abfallarmer Produktion. Kunden, die Wert auf umweltfreundliche Produkte legen, k\u00f6nnten erw\u00e4gen, solche Fragen direkt an den Kundenservice zu richten, um genaue Informationen zu erhalten. Nachhaltigkeit in der Produktion tr\u00e4gt nicht nur zum Schutz der Umwelt bei, sondern positioniert die Marke auch positiv bei umweltbewussten Kunden.<\/p>\n<a class=\"simplefavorite-button\" data-postid=\"128\" data-siteid=\"1\" data-groupid=\"1\" data-favoritecount=\"0\" style=\"\"><img decoding=\"async\" src=\"\/magazin\/wp-content\/uploads\/2025\/07\/heart.svg\">Speichern f\u00fcr sp\u00e4ter<\/a>","protected":false},"excerpt":{"rendered":"<p>Die Wahl des richtigen Fotokalender-Formats ist entscheidend, um Ihre Fotos optimal zur Geltung zu bringen und die gew\u00fcnschte Atmosph\u00e4re zu&#8230;<\/p>\n","protected":false},"author":3,"featured_media":130,"comment_status":"closed","ping_status":"closed","sticky":false,"template":"","format":"standard","meta":{"_acf_changed":false,"inline_featured_image":false,"footnotes":""},"categories":[4],"tags":[],"class_list":["post-128","post","type-post","status-publish","format-standard","has-post-thumbnail","hentry","category-diy"],"acf":[],"yoast_head":"<!-- This site is optimized with the Yoast SEO plugin v27.5 - https:\/\/yoast.com\/product\/yoast-seo-wordpress\/ -->\n<title>Fotokalender: Format w\u00e4hlen &amp; perfekten Kalender gestalten<\/title>\n<meta name=\"description\" content=\"Fotokalender Formate, die Ihre Erinnerungen stilvoll zur Geltung bringen. \u2728 Erstellen Sie personalisierte Druckprodukte mit Leichtigkeit!\" \/>\n<link rel=\"canonical\" href=\"https:\/\/www.druckstdu.de\/magazin\/fotokalender-format-waehlen\/\" \/>\n<meta property=\"og:locale\" content=\"de_DE\" \/>\n<meta property=\"og:type\" content=\"article\" \/>\n<meta property=\"og:title\" content=\"Fotokalender: Format w\u00e4hlen &amp; perfekten Kalender gestalten\" \/>\n<meta property=\"og:description\" content=\"Fotokalender Formate, die Ihre Erinnerungen stilvoll zur Geltung bringen. \u2728 Erstellen Sie personalisierte Druckprodukte mit Leichtigkeit!\" \/>\n<meta property=\"og:url\" content=\"https:\/\/www.druckstdu.de\/magazin\/fotokalender-format-waehlen\/\" \/>\n<meta property=\"og:site_name\" content=\"Magazin | Druckstdu\" \/>\n<meta property=\"article:published_time\" content=\"2025-09-03T02:47:58+00:00\" \/>\n<meta property=\"article:modified_time\" content=\"2025-09-05T02:25:04+00:00\" \/>\n<meta property=\"og:image\" content=\"https:\/\/www.druckstdu.de\/magazin\/wp-content\/uploads\/2025\/09\/fotokalender-format-wandkalender-mit-babyfoto-im-grossformat-an-der-wand.webp\" \/>\n\t<meta property=\"og:image:width\" content=\"1920\" \/>\n\t<meta property=\"og:image:height\" content=\"628\" \/>\n\t<meta property=\"og:image:type\" content=\"image\/webp\" \/>\n<meta name=\"author\" content=\"Julia\" \/>\n<meta name=\"twitter:card\" content=\"summary_large_image\" \/>\n<meta name=\"twitter:label1\" content=\"Verfasst von\" \/>\n\t<meta name=\"twitter:data1\" content=\"Julia\" \/>\n\t<meta name=\"twitter:label2\" content=\"Gesch\u00e4tzte Lesezeit\" \/>\n\t<meta name=\"twitter:data2\" content=\"11\u00a0Minuten\" \/>\n<script type=\"application\/ld+json\" class=\"yoast-schema-graph\">{\"@context\":\"https:\\\/\\\/schema.org\",\"@graph\":[{\"@type\":\"Article\",\"@id\":\"https:\\\/\\\/www.druckstdu.de\\\/magazin\\\/fotokalender-format-waehlen\\\/#article\",\"isPartOf\":{\"@id\":\"https:\\\/\\\/www.druckstdu.de\\\/magazin\\\/fotokalender-format-waehlen\\\/\"},\"author\":{\"name\":\"Julia\",\"@id\":\"https:\\\/\\\/www.druckstdu.de\\\/magazin\\\/#\\\/schema\\\/person\\\/21d94f7931f413d20158ecb9769efa5b\"},\"headline\":\"Fotokalender Format: So gestalten Sie Ihre pers\u00f6nlichen Erinnerungen in hochwertigem Design\",\"datePublished\":\"2025-09-03T02:47:58+00:00\",\"dateModified\":\"2025-09-05T02:25:04+00:00\",\"mainEntityOfPage\":{\"@id\":\"https:\\\/\\\/www.druckstdu.de\\\/magazin\\\/fotokalender-format-waehlen\\\/\"},\"wordCount\":2037,\"image\":{\"@id\":\"https:\\\/\\\/www.druckstdu.de\\\/magazin\\\/fotokalender-format-waehlen\\\/#primaryimage\"},\"thumbnailUrl\":\"https:\\\/\\\/www.druckstdu.de\\\/magazin\\\/wp-content\\\/uploads\\\/2025\\\/09\\\/fotokalender-format-wandkalender-mit-babyfoto-im-grossformat-an-der-wand.webp\",\"articleSection\":[\"DIY\"],\"inLanguage\":\"de\"},{\"@type\":\"WebPage\",\"@id\":\"https:\\\/\\\/www.druckstdu.de\\\/magazin\\\/fotokalender-format-waehlen\\\/\",\"url\":\"https:\\\/\\\/www.druckstdu.de\\\/magazin\\\/fotokalender-format-waehlen\\\/\",\"name\":\"Fotokalender: Format w\u00e4hlen & perfekten Kalender gestalten\",\"isPartOf\":{\"@id\":\"https:\\\/\\\/www.druckstdu.de\\\/magazin\\\/#website\"},\"primaryImageOfPage\":{\"@id\":\"https:\\\/\\\/www.druckstdu.de\\\/magazin\\\/fotokalender-format-waehlen\\\/#primaryimage\"},\"image\":{\"@id\":\"https:\\\/\\\/www.druckstdu.de\\\/magazin\\\/fotokalender-format-waehlen\\\/#primaryimage\"},\"thumbnailUrl\":\"https:\\\/\\\/www.druckstdu.de\\\/magazin\\\/wp-content\\\/uploads\\\/2025\\\/09\\\/fotokalender-format-wandkalender-mit-babyfoto-im-grossformat-an-der-wand.webp\",\"datePublished\":\"2025-09-03T02:47:58+00:00\",\"dateModified\":\"2025-09-05T02:25:04+00:00\",\"author\":{\"@id\":\"https:\\\/\\\/www.druckstdu.de\\\/magazin\\\/#\\\/schema\\\/person\\\/21d94f7931f413d20158ecb9769efa5b\"},\"description\":\"Fotokalender Formate, die Ihre Erinnerungen stilvoll zur Geltung bringen. \u2728 Erstellen Sie personalisierte Druckprodukte mit Leichtigkeit!\",\"breadcrumb\":{\"@id\":\"https:\\\/\\\/www.druckstdu.de\\\/magazin\\\/fotokalender-format-waehlen\\\/#breadcrumb\"},\"inLanguage\":\"de\",\"potentialAction\":[{\"@type\":\"ReadAction\",\"target\":[\"https:\\\/\\\/www.druckstdu.de\\\/magazin\\\/fotokalender-format-waehlen\\\/\"]}]},{\"@type\":\"ImageObject\",\"inLanguage\":\"de\",\"@id\":\"https:\\\/\\\/www.druckstdu.de\\\/magazin\\\/fotokalender-format-waehlen\\\/#primaryimage\",\"url\":\"https:\\\/\\\/www.druckstdu.de\\\/magazin\\\/wp-content\\\/uploads\\\/2025\\\/09\\\/fotokalender-format-wandkalender-mit-babyfoto-im-grossformat-an-der-wand.webp\",\"contentUrl\":\"https:\\\/\\\/www.druckstdu.de\\\/magazin\\\/wp-content\\\/uploads\\\/2025\\\/09\\\/fotokalender-format-wandkalender-mit-babyfoto-im-grossformat-an-der-wand.webp\",\"width\":1920,\"height\":628,\"caption\":\"Fotokalender Format: Wandkalender mit Babyfoto im Gro\u00dfformat an der Wand\"},{\"@type\":\"BreadcrumbList\",\"@id\":\"https:\\\/\\\/www.druckstdu.de\\\/magazin\\\/fotokalender-format-waehlen\\\/#breadcrumb\",\"itemListElement\":[{\"@type\":\"ListItem\",\"position\":1,\"name\":\"Startseite\",\"item\":\"https:\\\/\\\/www.druckstdu.de\\\/magazin\\\/\"},{\"@type\":\"ListItem\",\"position\":2,\"name\":\"Fotokalender Format: So gestalten Sie Ihre pers\u00f6nlichen Erinnerungen in hochwertigem Design\"}]},{\"@type\":\"WebSite\",\"@id\":\"https:\\\/\\\/www.druckstdu.de\\\/magazin\\\/#website\",\"url\":\"https:\\\/\\\/www.druckstdu.de\\\/magazin\\\/\",\"name\":\"Magazin | Druckstdu\",\"description\":\"\",\"potentialAction\":[{\"@type\":\"SearchAction\",\"target\":{\"@type\":\"EntryPoint\",\"urlTemplate\":\"https:\\\/\\\/www.druckstdu.de\\\/magazin\\\/?s={search_term_string}\"},\"query-input\":{\"@type\":\"PropertyValueSpecification\",\"valueRequired\":true,\"valueName\":\"search_term_string\"}}],\"inLanguage\":\"de\"},{\"@type\":\"Person\",\"@id\":\"https:\\\/\\\/www.druckstdu.de\\\/magazin\\\/#\\\/schema\\\/person\\\/21d94f7931f413d20158ecb9769efa5b\",\"name\":\"Julia\",\"image\":{\"@type\":\"ImageObject\",\"inLanguage\":\"de\",\"@id\":\"https:\\\/\\\/secure.gravatar.com\\\/avatar\\\/f8d49d230387fe95329c8c2282dda447963627f07b20969a21414d5cb19c58dc?s=96&d=mm&r=g\",\"url\":\"https:\\\/\\\/secure.gravatar.com\\\/avatar\\\/f8d49d230387fe95329c8c2282dda447963627f07b20969a21414d5cb19c58dc?s=96&d=mm&r=g\",\"contentUrl\":\"https:\\\/\\\/secure.gravatar.com\\\/avatar\\\/f8d49d230387fe95329c8c2282dda447963627f07b20969a21414d5cb19c58dc?s=96&d=mm&r=g\",\"caption\":\"Julia\"},\"url\":\"https:\\\/\\\/www.druckstdu.de\\\/magazin\\\/author\\\/julia\\\/\"}]}<\/script>\n<!-- \/ Yoast SEO plugin. -->","yoast_head_json":{"title":"Fotokalender: Format w\u00e4hlen & perfekten Kalender gestalten","description":"Fotokalender Formate, die Ihre Erinnerungen stilvoll zur Geltung bringen. \u2728 Erstellen Sie personalisierte Druckprodukte mit Leichtigkeit!","canonical":"https:\/\/www.druckstdu.de\/magazin\/fotokalender-format-waehlen\/","og_locale":"de_DE","og_type":"article","og_title":"Fotokalender: Format w\u00e4hlen & perfekten Kalender gestalten","og_description":"Fotokalender Formate, die Ihre Erinnerungen stilvoll zur Geltung bringen. \u2728 Erstellen Sie personalisierte Druckprodukte mit Leichtigkeit!","og_url":"https:\/\/www.druckstdu.de\/magazin\/fotokalender-format-waehlen\/","og_site_name":"Magazin | Druckstdu","article_published_time":"2025-09-03T02:47:58+00:00","article_modified_time":"2025-09-05T02:25:04+00:00","og_image":[{"width":1920,"height":628,"url":"https:\/\/www.druckstdu.de\/magazin\/wp-content\/uploads\/2025\/09\/fotokalender-format-wandkalender-mit-babyfoto-im-grossformat-an-der-wand.webp","type":"image\/webp"}],"author":"Julia","twitter_card":"summary_large_image","twitter_misc":{"Verfasst von":"Julia","Gesch\u00e4tzte Lesezeit":"11\u00a0Minuten"},"schema":{"@context":"https:\/\/schema.org","@graph":[{"@type":"Article","@id":"https:\/\/www.druckstdu.de\/magazin\/fotokalender-format-waehlen\/#article","isPartOf":{"@id":"https:\/\/www.druckstdu.de\/magazin\/fotokalender-format-waehlen\/"},"author":{"name":"Julia","@id":"https:\/\/www.druckstdu.de\/magazin\/#\/schema\/person\/21d94f7931f413d20158ecb9769efa5b"},"headline":"Fotokalender Format: So gestalten Sie Ihre pers\u00f6nlichen Erinnerungen in hochwertigem Design","datePublished":"2025-09-03T02:47:58+00:00","dateModified":"2025-09-05T02:25:04+00:00","mainEntityOfPage":{"@id":"https:\/\/www.druckstdu.de\/magazin\/fotokalender-format-waehlen\/"},"wordCount":2037,"image":{"@id":"https:\/\/www.druckstdu.de\/magazin\/fotokalender-format-waehlen\/#primaryimage"},"thumbnailUrl":"https:\/\/www.druckstdu.de\/magazin\/wp-content\/uploads\/2025\/09\/fotokalender-format-wandkalender-mit-babyfoto-im-grossformat-an-der-wand.webp","articleSection":["DIY"],"inLanguage":"de"},{"@type":"WebPage","@id":"https:\/\/www.druckstdu.de\/magazin\/fotokalender-format-waehlen\/","url":"https:\/\/www.druckstdu.de\/magazin\/fotokalender-format-waehlen\/","name":"Fotokalender: Format w\u00e4hlen & perfekten Kalender gestalten","isPartOf":{"@id":"https:\/\/www.druckstdu.de\/magazin\/#website"},"primaryImageOfPage":{"@id":"https:\/\/www.druckstdu.de\/magazin\/fotokalender-format-waehlen\/#primaryimage"},"image":{"@id":"https:\/\/www.druckstdu.de\/magazin\/fotokalender-format-waehlen\/#primaryimage"},"thumbnailUrl":"https:\/\/www.druckstdu.de\/magazin\/wp-content\/uploads\/2025\/09\/fotokalender-format-wandkalender-mit-babyfoto-im-grossformat-an-der-wand.webp","datePublished":"2025-09-03T02:47:58+00:00","dateModified":"2025-09-05T02:25:04+00:00","author":{"@id":"https:\/\/www.druckstdu.de\/magazin\/#\/schema\/person\/21d94f7931f413d20158ecb9769efa5b"},"description":"Fotokalender Formate, die Ihre Erinnerungen stilvoll zur Geltung bringen. \u2728 Erstellen Sie personalisierte Druckprodukte mit Leichtigkeit!","breadcrumb":{"@id":"https:\/\/www.druckstdu.de\/magazin\/fotokalender-format-waehlen\/#breadcrumb"},"inLanguage":"de","potentialAction":[{"@type":"ReadAction","target":["https:\/\/www.druckstdu.de\/magazin\/fotokalender-format-waehlen\/"]}]},{"@type":"ImageObject","inLanguage":"de","@id":"https:\/\/www.druckstdu.de\/magazin\/fotokalender-format-waehlen\/#primaryimage","url":"https:\/\/www.druckstdu.de\/magazin\/wp-content\/uploads\/2025\/09\/fotokalender-format-wandkalender-mit-babyfoto-im-grossformat-an-der-wand.webp","contentUrl":"https:\/\/www.druckstdu.de\/magazin\/wp-content\/uploads\/2025\/09\/fotokalender-format-wandkalender-mit-babyfoto-im-grossformat-an-der-wand.webp","width":1920,"height":628,"caption":"Fotokalender Format: Wandkalender mit Babyfoto im Gro\u00dfformat an der Wand"},{"@type":"BreadcrumbList","@id":"https:\/\/www.druckstdu.de\/magazin\/fotokalender-format-waehlen\/#breadcrumb","itemListElement":[{"@type":"ListItem","position":1,"name":"Startseite","item":"https:\/\/www.druckstdu.de\/magazin\/"},{"@type":"ListItem","position":2,"name":"Fotokalender Format: So gestalten Sie Ihre pers\u00f6nlichen Erinnerungen in hochwertigem Design"}]},{"@type":"WebSite","@id":"https:\/\/www.druckstdu.de\/magazin\/#website","url":"https:\/\/www.druckstdu.de\/magazin\/","name":"Magazin | Druckstdu","description":"","potentialAction":[{"@type":"SearchAction","target":{"@type":"EntryPoint","urlTemplate":"https:\/\/www.druckstdu.de\/magazin\/?s={search_term_string}"},"query-input":{"@type":"PropertyValueSpecification","valueRequired":true,"valueName":"search_term_string"}}],"inLanguage":"de"},{"@type":"Person","@id":"https:\/\/www.druckstdu.de\/magazin\/#\/schema\/person\/21d94f7931f413d20158ecb9769efa5b","name":"Julia","image":{"@type":"ImageObject","inLanguage":"de","@id":"https:\/\/secure.gravatar.com\/avatar\/f8d49d230387fe95329c8c2282dda447963627f07b20969a21414d5cb19c58dc?s=96&d=mm&r=g","url":"https:\/\/secure.gravatar.com\/avatar\/f8d49d230387fe95329c8c2282dda447963627f07b20969a21414d5cb19c58dc?s=96&d=mm&r=g","contentUrl":"https:\/\/secure.gravatar.com\/avatar\/f8d49d230387fe95329c8c2282dda447963627f07b20969a21414d5cb19c58dc?s=96&d=mm&r=g","caption":"Julia"},"url":"https:\/\/www.druckstdu.de\/magazin\/author\/julia\/"}]}},"wp-worthy-pixel":{"ignored":false,"public":null,"server":null,"url":null},"wp-worthy-type":"normal","_links":{"self":[{"href":"https:\/\/www.druckstdu.de\/magazin\/wp-json\/wp\/v2\/posts\/128","targetHints":{"allow":["GET"]}}],"collection":[{"href":"https:\/\/www.druckstdu.de\/magazin\/wp-json\/wp\/v2\/posts"}],"about":[{"href":"https:\/\/www.druckstdu.de\/magazin\/wp-json\/wp\/v2\/types\/post"}],"author":[{"embeddable":true,"href":"https:\/\/www.druckstdu.de\/magazin\/wp-json\/wp\/v2\/users\/3"}],"replies":[{"embeddable":true,"href":"https:\/\/www.druckstdu.de\/magazin\/wp-json\/wp\/v2\/comments?post=128"}],"version-history":[{"count":2,"href":"https:\/\/www.druckstdu.de\/magazin\/wp-json\/wp\/v2\/posts\/128\/revisions"}],"predecessor-version":[{"id":195,"href":"https:\/\/www.druckstdu.de\/magazin\/wp-json\/wp\/v2\/posts\/128\/revisions\/195"}],"wp:featuredmedia":[{"embeddable":true,"href":"https:\/\/www.druckstdu.de\/magazin\/wp-json\/wp\/v2\/media\/130"}],"wp:attachment":[{"href":"https:\/\/www.druckstdu.de\/magazin\/wp-json\/wp\/v2\/media?parent=128"}],"wp:term":[{"taxonomy":"category","embeddable":true,"href":"https:\/\/www.druckstdu.de\/magazin\/wp-json\/wp\/v2\/categories?post=128"},{"taxonomy":"post_tag","embeddable":true,"href":"https:\/\/www.druckstdu.de\/magazin\/wp-json\/wp\/v2\/tags?post=128"}],"curies":[{"name":"wp","href":"https:\/\/api.w.org\/{rel}","templated":true}]}}