{"id":131,"date":"2025-09-03T02:58:26","date_gmt":"2025-09-03T02:58:26","guid":{"rendered":"https:\/\/www.druckstdu.de\/magazin\/?p=131"},"modified":"2025-09-05T02:23:36","modified_gmt":"2025-09-05T02:23:36","slug":"wanddeko-mit-fotos","status":"publish","type":"post","link":"https:\/\/www.druckstdu.de\/magazin\/wanddeko-mit-fotos\/","title":{"rendered":"Kreative Wanddeko mit Fotos: Tipps zur pers\u00f6nlichen Gestaltung"},"content":{"rendered":"\n<p>Wanddeko muss nicht langweilig oder anonym sein! Mit <strong>Fotos<\/strong> bringen Sie nicht nur <strong>Erinnerungen<\/strong> in Ihre Wohnung, sondern verleihen Ihrem Raum auch eine <strong>individuelle<\/strong> und <strong>pers\u00f6nliche<\/strong> Atmosph\u00e4re. Sie fragen sich, wie? In diesem Artikel zeigen wir Ihnen kreative Foto-Wandideen, die Ihre W\u00e4nde lebendig und einzigartig machen. Erfahren Sie, wie Sie mit einfachen, aber wirkungsvollen Ideen <strong>mehr Pers\u00f6nlichkeit<\/strong> in Ihr Zuhause bringen k\u00f6nnen. Entdecken Sie die besten Tipps, um Ihre W\u00e4nde zu einem echten <strong>Hingucker<\/strong> zu machen!<\/p>\n\n\n\n<h2 class=\"wp-block-heading\">Warum Wanddeko mit Fotos der perfekte Weg ist, Ihre Pers\u00f6nlichkeit auszudr\u00fccken<\/h2>\n\n\n\n<p>Wanddeko mit Fotos ist eine der besten M\u00f6glichkeiten, Ihre W\u00e4nde nicht nur zu versch\u00f6nern, sondern sie auch mit <strong>pers\u00f6nlicher Bedeutung<\/strong> und Erinnerungen zu f\u00fcllen. Fotos sind nicht nur <strong>Kunstwerke<\/strong>, die Momente festhalten, sondern auch emotionale Begleiter, die Geschichten erz\u00e4hlen und Ihre <strong>individuelle Pers\u00f6nlichkeit<\/strong> widerspiegeln. Ob in Ihrem Wohnzimmer, Schlafzimmer, Flur oder sogar im B\u00fcro \u2013 <strong>Foto-Wandideen<\/strong> bringen Farbe, Stil und Emotion in jeden Raum.<\/p>\n\n\n\n<p>Im Vergleich zu einfarbigen Bildern oder klassischen Wandbildern verleihen <strong>Fotos<\/strong> Ihrem Raum eine besondere W\u00e4rme und <strong>Leben<\/strong>, die oft bei standardm\u00e4\u00dfigen Dekorationen fehlen. Hier ist, warum Wanddeko mit Fotos so beliebt und einzigartig ist:<\/p>\n\n\n\n<ul class=\"wp-block-list\">\n<li><strong>Individuelle Ausdruckskraft<\/strong>: Mit eigenen Fotos k\u00f6nnen Sie Ihre Erinnerungen und Momente auf kreative Weise pr\u00e4sentieren.<\/li>\n\n\n\n<li><strong>Vielseitige Gestaltungsm\u00f6glichkeiten<\/strong>: Ob gro\u00dfformatige Bilder oder eine Galerie aus vielen kleinen Fotos \u2013 die M\u00f6glichkeiten sind grenzenlos.<\/li>\n\n\n\n<li><strong>Emotionale Verbindung<\/strong>: Fotos erinnern an besondere Erlebnisse, ob an Familienfeste, Reisen oder besondere Menschen.<\/li>\n<\/ul>\n\n\n\n<p>Mit den richtigen <strong>Foto-Wandideen<\/strong> k\u00f6nnen Sie Ihre W\u00e4nde in eine <strong>Galerie<\/strong> verwandeln, die <strong>jeden Raum<\/strong> erhellt und ihm einen <strong>einzigartigen Charme<\/strong> verleiht. Im Folgenden zeigen wir Ihnen einige <strong>kreative Ideen<\/strong>, wie Sie Ihre W\u00e4nde mit <strong>Fotos<\/strong> gestalten k\u00f6nnen.<\/p>\n\n\n\n<p><em>Praktische Tipps zur Gestaltung einer Fotowand finden Sie auch in unserem<a href=\"https:\/\/www.druckstdu.de\/magazin\/von-chaos-zu-galerie-ideen-zur-strukturierten-fotowand-gestaltung\/\"> Artikel &#8222;Von Chaos zu Galerie&#8220;<\/a>.<\/em><\/p>\n\n\n\n<h2 class=\"wp-block-heading\">Kreative Foto-Wand-Ideen f\u00fcr jedes Zuhause<\/h2>\n\n\n\n<p>Wenn Sie auf der Suche nach Wanddeko mit Fotos sind, gibt es viele M\u00f6glichkeiten, Ihre W\u00e4nde <strong>kreativ<\/strong> und <strong>stilvoll <\/strong>zu gestalten. Hier sind einige Ideen, wie Sie Ihre W\u00e4nde mit pers\u00f6nlichen <strong>Fotogalerien<\/strong> oder Fotoserien versch\u00f6nern k\u00f6nnen:<\/p>\n\n\n\n<h3 class=\"wp-block-heading\">1. Die klassische Fotowand im Rasterformat<\/h3>\n\n\n\n<p>Die klassische <strong>Fotowand im Rasterformat<\/strong> ist eine zeitlose M\u00f6glichkeit, Ihre Lieblingsfotos an einer Wand zu pr\u00e4sentieren. Diese Art der Wanddeko eignet sich hervorragend f\u00fcr Wohnzimmer, Flure oder sogar f\u00fcr das Schlafzimmer, wenn Sie die <strong>Fotos von besonderen Momenten<\/strong> in gleichm\u00e4\u00dfigen Abst\u00e4nden anordnen. So k\u00f6nnen Sie eine stimmige Galerie erschaffen, die sowohl modern als auch ordentlich aussieht.<\/p>\n\n\n\n<p><strong>Vorteile:<\/strong><\/p>\n\n\n\n<ul class=\"wp-block-list\">\n<li><strong>Geordnete Struktur<\/strong> sorgt f\u00fcr ein ruhiges Gesamtbild.<\/li>\n\n\n\n<li><strong>Vielf\u00e4ltige Bilder<\/strong>: Ideal, um eine Geschichte durch Ihre Fotos zu erz\u00e4hlen, z. B. Familienfotos, Urlaubsbilder oder Reiseerinnerungen.<\/li>\n\n\n\n<li><strong>Leicht zu aktualisieren<\/strong>: Wenn neue Fotos hinzukommen, k\u00f6nnen Sie das Raster einfach anpassen.<\/li>\n<\/ul>\n\n\n\n<h3 class=\"wp-block-heading\">2. Eine Collage aus Rahmen verschiedener Gr\u00f6\u00dfen<\/h3>\n\n\n\n<p>Wenn Sie es etwas kreativer und unregelm\u00e4\u00dfiger m\u00f6gen, ist eine <strong>Fotocollage<\/strong> aus Rahmen in verschiedenen Gr\u00f6\u00dfen eine tolle Foto-Wandidee. Diese Gestaltungsmethode verleiht Ihrer Wand eine <strong>dynamische<\/strong> und <strong>lebendige<\/strong> Atmosph\u00e4re. Sie k\u00f6nnen unterschiedliche Bildformate mischen und mit Rahmen in verschiedenen Stilen spielen \u2013 von modernen Metallrahmen bis hin zu Vintage-Holzrahmen.<\/p>\n\n\n\n<p><strong>Tipp<\/strong>: Um die Collage zu personalisieren, k\u00f6nnen Sie zus\u00e4tzlich <strong>handgeschriebene Zitate<\/strong> oder kreative Designs in die Wanddekoration einflie\u00dfen lassen. Diese Art der Dekoration f\u00fcgt dem Raum eine k\u00fcnstlerische und individuelle Note hinzu.<\/p>\n\n\n\n<p><strong>Vorteile:<\/strong><\/p>\n\n\n\n<ul class=\"wp-block-list\">\n<li><strong>Viel Raum f\u00fcr Individualit\u00e4t<\/strong>: Mischt unterschiedliche Rahmenarten und Bildergr\u00f6\u00dfen.<\/li>\n\n\n\n<li><strong>Dynamische Wirkung<\/strong>: Besonders lebendig und kreativ.<\/li>\n\n\n\n<li><strong>Perfekt f\u00fcr verschiedene Raumarten<\/strong>: Ideal f\u00fcr Wohnzimmer, K\u00fcche oder Arbeitszimmer.<\/li>\n<\/ul>\n\n\n\n<h3 class=\"wp-block-heading\">3. Foto-Klebefolie: Flexibel und modern f\u00fcr kreative Wandgestaltungen<\/h3>\n\n\n\n<p>Eine innovative M\u00f6glichkeit, Fotos an der Wand zu pr\u00e4sentieren, ist die Verwendung von Foto-Klebefolien. Diese <strong>klebbaren Fotoaufkleber<\/strong> sind eine flexible, einfache und <strong>unaufdringliche<\/strong> Art, Ihre Fotos zur Schau zu stellen. Sie eignen sich besonders gut f\u00fcr Menschen, die ihre <strong>Wanddekoration<\/strong> regelm\u00e4\u00dfig ver\u00e4ndern m\u00f6chten, ohne L\u00f6cher zu bohren oder aufwendige Rahmen zu verwenden.<\/p>\n\n\n\n<p><strong>Vorteile von Foto-Klebefolien:<\/strong><\/p>\n\n\n\n<ul class=\"wp-block-list\">\n<li><strong>Flexibilit\u00e4t<\/strong>: Die Klebefolien lassen sich leicht aufbringen und ebenso einfach wieder entfernen, ohne R\u00fcckst\u00e4nde zu hinterlassen.<\/li>\n\n\n\n<li><strong>Keine Rahmen n\u00f6tig<\/strong>: Die Fotos kommen direkt auf der Wand zur Geltung, was besonders modern und minimalistisch wirkt.<\/li>\n\n\n\n<li><strong>Vielseitigkeit<\/strong>: Foto-Klebefolien gibt es in verschiedenen Gr\u00f6\u00dfen und Formaten, sodass Sie Ihre Bilder individuell gestalten k\u00f6nnen, sei es in gro\u00dfen Collagen oder als einzelne Akzente.<\/li>\n<\/ul>\n\n\n\n<p>Mit <a href=\"https:\/\/www.druckstdu.de\/wandbilder\/foto-klebefolie\/\"><strong>Foto-Klebefolien<\/strong><\/a> k\u00f6nnen Sie Ihre W\u00e4nde im Handumdrehen verwandeln, sei es in Ihrem Wohnzimmer, Flur oder B\u00fcro. Diese kreative und praktische L\u00f6sung bringt Ihre <strong>Lieblingsfotos<\/strong> in den Mittelpunkt \u2013 ganz ohne gro\u00dfen Aufwand.<\/p>\n\n\n\n<h3 class=\"wp-block-heading\">4. Fotomagnete f\u00fcr eine wechselbare Wanddeko<\/h3>\n\n\n\n<p>Eine kreative und flexible M\u00f6glichkeit, Fotos an Ihrer Wand zu pr\u00e4sentieren, sind <strong>Fotomagnete<\/strong>. Diese lassen sich jederzeit auf <strong>Magnetw\u00e4nden<\/strong>, <strong>Magnetleisten<\/strong> oder sogar auf Ihrem K\u00fchlschrank befestigen und wieder leicht austauschen. So haben Sie die M\u00f6glichkeit, Ihre Wanddeko immer wieder <strong>neu zu gestalten<\/strong>, ohne dass Sie Bilder permanent an die Wand anbringen m\u00fcssen.<\/p>\n\n\n\n<p><strong>Vorteile der Fotomagnete:<\/strong><\/p>\n\n\n\n<ul class=\"wp-block-list\">\n<li><strong>Flexibilit\u00e4t<\/strong>: \u00c4ndern Sie Ihre Fotos nach Belieben.<\/li>\n\n\n\n<li><strong>Kreativit\u00e4t<\/strong>: Erstellen Sie ein eigenes Fotomosaik aus mehreren Bildern.<\/li>\n\n\n\n<li><strong>Praktisch<\/strong>: Magnetische Bilder k\u00f6nnen einfach ohne Schrauben oder N\u00e4gel platziert werden.<\/li>\n<\/ul>\n\n\n\n<p>Diese Art der Foto-Wandgestaltung eignet sich besonders gut f\u00fcr Wohnk\u00fcchen, B\u00fcros oder Kinderzimmer, in denen regelm\u00e4\u00dfig <strong>neue Erinnerungen<\/strong> und <strong>Momente<\/strong> hinzukommen.<\/p>\n\n\n\n<h3 class=\"wp-block-heading\">5. Foto-Leinw\u00e4nde als erster Eindruck im Eingangsbereich<\/h3>\n\n\n\n<p>Ein gro\u00dfformatiges <a href=\"https:\/\/www.druckstdu.de\/wandbilder\/foto-auf-leinwand\/\"><strong>Foto auf Leinwand<\/strong><\/a> im Eingangsbereich ist eine beeindruckende M\u00f6glichkeit, Ihre G\u00e4ste schon bei ihrem ersten Schritt in Ihr Zuhause willkommen zu hei\u00dfen. Nutzen Sie hierf\u00fcr sch\u00f6ne Landschaftsaufnahmen, Familienportr\u00e4ts oder Reisefotos, die Sie auf Leinw\u00e4nde drucken lassen.<\/p>\n\n\n\n<p><strong>Besondere Fotoideen f\u00fcr die Eingangswand:<\/strong><\/p>\n\n\n\n<ul class=\"wp-block-list\">\n<li>Ein <strong>Panoramabild<\/strong> von einem Reiseabenteuer oder der Natur.<\/li>\n\n\n\n<li>Ein <strong>Familienportr\u00e4t<\/strong> oder k\u00fcnstlerische Schwarz-Wei\u00df-Fotos, die den Raum mit Stil und Herzlichkeit f\u00fcllen.<\/li>\n<\/ul>\n\n\n\n<p>Ein <strong>Foto auf Leinwand<\/strong> im Eingangsbereich zieht sofort die Aufmerksamkeit auf sich und bietet einen <strong>einladenden<\/strong> ersten Eindruck, der die <strong>Pers\u00f6nlichkeit<\/strong> und den <strong>Stil<\/strong> Ihres Zuhauses widerspiegelt.<\/p>\n\n\n\n<p><em>Wenn Sie \u00fcberlegen, ob Leinwand oder Acrylglas besser passt, hilft unser <a href=\"https:\/\/www.druckstdu.de\/magazin\/foto-auf-leinwand-oder-acrylglas-was-passt-besser-zu-ihrem-zuhause\/\">Ratgeber zur Materialwahl<\/a>.<\/em><\/p>\n\n\n\n<h3 class=\"wp-block-heading\">6. Gestalten Sie eine Instagram-Wand f\u00fcr Ihre Lieblingsbilder<\/h3>\n\n\n\n<p>Eine Instagram-Wand ist eine trendige und moderne M\u00f6glichkeit, <strong>Ihre besten Fotos<\/strong> zu pr\u00e4sentieren. Verwenden Sie Instagram-Posts oder Polaroid-\u00e4hnliche Bilder, um Ihre <strong>pers\u00f6nliche Sammlung<\/strong> in einem dynamischen Stil zu zeigen. So k\u00f6nnen Sie eine <strong>lebendige Wand<\/strong> gestalten, die nicht nur Ihre besten Erinnerungen wiedergibt, sondern auch als k\u00fcnstlerisches Statement dient.<\/p>\n\n\n\n<p><strong>So gestalten Sie Ihre Instagram-Wand<\/strong>:<\/p>\n\n\n\n<ul class=\"wp-block-list\">\n<li>W\u00e4hlen Sie <strong>Fotos aus Ihrem Instagram-Profil<\/strong> oder aus Ihrem <strong>Fotoarchiv<\/strong> aus.<\/li>\n\n\n\n<li>Verwenden Sie <strong>Klemmen<\/strong>, <strong>Seil-Designs<\/strong> oder <strong>Rahmen<\/strong>, um die Bilder an der Wand zu befestigen.<\/li>\n\n\n\n<li>Wechseln Sie die Bilder nach Belieben aus, um Ihre Wand immer wieder mit neuen Eindr\u00fccken zu f\u00fcllen.<\/li>\n<\/ul>\n\n\n\n<p>Eine Instagram-Wand eignet sich hervorragend f\u00fcr <strong>moderne<\/strong> und <strong>kreative R\u00e4ume<\/strong> wie Wohnzimmer, Home-Offices oder k\u00fcnstlerische Ateliers, die st\u00e4ndig neue Inspiration bieten.<\/p>\n\n\n\n<h3 class=\"wp-block-heading\">7. Eine Foto-Collage im Boho-Stil f\u00fcr kreative R\u00e4ume<\/h3>\n\n\n\n<p>F\u00fcr einen besonders <strong>entspannten<\/strong>, <strong>bohemischen Look<\/strong> eignet sich eine Foto-Collage im Boho-Stil perfekt. Mit einer Mischung aus <strong>Fotos<\/strong>, <strong>Postkarten<\/strong>, <strong>Zeichnungen<\/strong> und <strong>Handwerkskunst<\/strong> entsteht eine bunte, kreative und dennoch gem\u00fctliche Atmosph\u00e4re. Der Boho-Stil lebt von Vielfalt und kreativer Freiheit, was ihn zu einer gro\u00dfartigen Wahl f\u00fcr eine pers\u00f6nliche Wanddekoration macht.<\/p>\n\n\n\n<p><strong>Tipps f\u00fcr die Boho-Fotocollage:<\/strong><\/p>\n\n\n\n<ul class=\"wp-block-list\">\n<li>Kombinieren Sie <strong>verschiedene Medien<\/strong> wie Fotos, Papierkunst und Textilien.<\/li>\n\n\n\n<li>Spielen Sie mit <strong>bunt gemusterten<\/strong> Rahmen oder <strong>Schwarz-Wei\u00df-Fotos<\/strong>, um eine kreative <strong>Kombination<\/strong> zu erzielen.<\/li>\n\n\n\n<li>Verwenden Sie <strong>Kordeln<\/strong>, <strong>Holzleisten<\/strong> oder <strong>Draht<\/strong> als kreative Aufh\u00e4ngem\u00f6glichkeiten.<\/li>\n<\/ul>\n\n\n\n<p>Diese Art der Wanddeko ist besonders beliebt in k\u00fcnstlerischen Wohnungen, Ateliers oder Wohngemeinschaften, in denen Individualit\u00e4t und <strong>kreative Ausdruckskraft<\/strong> gesch\u00e4tzt werden.<\/p>\n\n\n\n<h2 class=\"wp-block-heading\">Fazit: Wanddeko mit Fotos \u2013 die pers\u00f6nliche Note f\u00fcr Ihr Zuhause<\/h2>\n\n\n\n<p>Wanddeko mit Fotos ist eine gro\u00dfartige M\u00f6glichkeit, Ihre W\u00e4nde in ein <strong>lebendiges Kunstwerk<\/strong> zu verwandeln, das emotionale Bedeutung und \u00e4sthetische Sch\u00f6nheit miteinander verbindet. Ob als Fotogalerie, Fotocollage, Leinwanddruck oder Instagram-Wand \u2013 es gibt zahlreiche <strong>kreative Ideen<\/strong>, wie Sie Ihre W\u00e4nde mit Fotos versch\u00f6nern und gleichzeitig Ihre <strong>pers\u00f6nliche Geschichte<\/strong> erz\u00e4hlen k\u00f6nnen.<\/p>\n\n\n\n<p>Eine Wanddeko mit Fotos bietet eine einzigartige M\u00f6glichkeit, nicht nur Ihre <strong>Erinnerungen<\/strong> zu bewahren, sondern Ihrem Raum einen <strong>individuellen Touch<\/strong> zu verleihen, der G\u00e4ste beeindruckt und Sie das ganze Jahr \u00fcber inspiriert.<\/p>\n\n\n\n<p>\ud83d\udc49 Verwandeln Sie ihre W\u00e4nde mit Fotos in wahre Kunstwerke! Gestalten Sie noch heute Ihre individuelle Fotowand bei druckstdu und profitieren Sie von erstklassiger <a href=\"https:\/\/www.druckstdu.de\/druck-und-qualitat\/\">Qualit\u00e4t<\/a> und flexiblen Designm\u00f6glichkeiten f\u00fcr Ihre <a href=\"https:\/\/www.druckstdu.de\/wandbilder\/\">Wanddeko<\/a>.<\/p>\n\n\n\n<h2 class=\"wp-block-heading\">FAQ: Wanddeko mit Fotos<\/h2>\n\n\n\n<h3 class=\"wp-block-heading\">Wie starte ich mit der Gestaltung einer Fotowand?<\/h3>\n\n\n\n<p>Die Gestaltung einer Fotowand beginnt mit der Auswahl der besten Fotos, die Ihre Erinnerungen am besten zum Ausdruck bringen. Eine Mischung aus Farben, Schwarz-Wei\u00df-Bildern und unterschiedlichen Formaten kann die Dynamik Ihrer Wand erh\u00f6hen. \u00dcberlegen Sie sich ein Thema oder einen Stil, der zu Ihrem Wohnraum passt, und skizzieren Sie eine Anordnung, bevor Sie die Bilder aufh\u00e4ngen. Tools wie virtuelle Planer oder Layout-Apps k\u00f6nnen dabei hilfreich sein, um eine Vorschau Ihrer Fotowand zu erstellen. Unsere Plattform bei druckstdu erm\u00f6glicht es Ihnen, Ihre Bilder in h\u00f6chster Qualit\u00e4t zu drucken und bietet zahlreiche Optionen f\u00fcr individualisierte Designs.<\/p>\n\n\n\n<h3 class=\"wp-block-heading\">Welche Formate und Materialien sind f\u00fcr Foto-Wanddekorationen am besten geeignet?<\/h3>\n\n\n\n<p>Die Auswahl des Formats und Materials h\u00e4ngt von Ihrem Raum und Stil ab. Canvas ist beliebt f\u00fcr einen klassischen, k\u00fcnstlerischen Look, w\u00e4hrend Acrylglas einen modernen Touch verleiht. Poster sind eine kosteng\u00fcnstige und flexible Option. Bei druckstdu bieten wir eine Vielzahl von hochwertigen Druckmaterialien und Formaten an, damit Ihre Fotowand optimal zur Geltung kommt. Achten Sie darauf, dass die Bilder gut zueinander passen und im Raum harmonieren, um ein einladendes Ambiente zu schaffen.<\/p>\n\n\n\n<h3 class=\"wp-block-heading\">Wie kann ich sicherstellen, dass der Druck meiner Fotos eine hohe Qualit\u00e4t hat?<\/h3>\n\n\n\n<p>Um die beste Druckqualit\u00e4t zu erzielen, sollten Sie Fotos in hoher Aufl\u00f6sung verwenden und auf die Lichtverh\u00e4ltnisse sowie die Bildkomposition achten. Die Druckqualit\u00e4t h\u00e4ngt ma\u00dfgeblich von den technischen M\u00f6glichkeiten der Druckerei ab. Bei druckstdu setzen wir auf moderne Digitaldruck-Technologie, die leuchtende Farben und klare Details garantiert. Nutzen Sie unsere benutzerfreundliche Plattform f\u00fcr einen reibungslosen Bestellvorgang und profitieren Sie von unserer 100 %igen Qualit\u00e4tsgarantie.<\/p>\n\n\n\n<h3 class=\"wp-block-heading\">Welche Tipps gibt es, um eine Fotowand kreativ und ansprechend zu gestalten?<\/h3>\n\n\n\n<p>Eine kreative Fotowand kann durch Abwechslung und pers\u00f6nliches Design bestechen. Spielen Sie mit verschiedenen Rahmenstilen und -gr\u00f6\u00dfen oder integrieren Sie Zitate und Kunstwerke, um die Wand lebendig zu gestalten. Die Verwendung von Moosgummi oder Holz als Hintergrund kann zus\u00e4tzlichen Charme verleihen. Denken Sie auch \u00fcber eine asymmetrische Anordnung nach, die oft interessanter wirkt als ein starrer Raster. Unsere flexiblen Anpassungsoptionen und Designvorlagen helfen Ihnen, eine einzigartige Fotowand zu kreieren, die Ihren Stil widerspiegelt.<\/p>\n<a class=\"simplefavorite-button\" data-postid=\"131\" data-siteid=\"1\" data-groupid=\"1\" data-favoritecount=\"0\" style=\"\"><img decoding=\"async\" src=\"\/magazin\/wp-content\/uploads\/2025\/07\/heart.svg\">Speichern f\u00fcr sp\u00e4ter<\/a>","protected":false},"excerpt":{"rendered":"<p>Wanddeko muss nicht langweilig oder anonym sein! Mit Fotos bringen Sie nicht nur Erinnerungen in Ihre Wohnung, sondern verleihen Ihrem&#8230;<\/p>\n","protected":false},"author":3,"featured_media":132,"comment_status":"closed","ping_status":"closed","sticky":false,"template":"","format":"standard","meta":{"_acf_changed":false,"inline_featured_image":false,"footnotes":""},"categories":[3],"tags":[],"class_list":["post-131","post","type-post","status-publish","format-standard","has-post-thumbnail","hentry","category-design"],"acf":[],"yoast_head":"<!-- This site is optimized with the Yoast SEO plugin v27.5 - https:\/\/yoast.com\/product\/yoast-seo-wordpress\/ -->\n<title>Wanddeko mit Fotos: Verleihen Sie Ihrem Zuhause Pers\u00f6nlichkeit<\/title>\n<meta name=\"description\" content=\"Wanddeko mit Fotos \ud83d\udcf8 Kreative Ideen! Lieblingsmomente perfekt pr\u00e4sentieren &amp; ihnen einen pers\u00f6nlichen Touch verleihen.\" \/>\n<link rel=\"canonical\" href=\"https:\/\/www.druckstdu.de\/magazin\/wanddeko-mit-fotos\/\" \/>\n<meta property=\"og:locale\" content=\"de_DE\" \/>\n<meta property=\"og:type\" content=\"article\" \/>\n<meta property=\"og:title\" content=\"Wanddeko mit Fotos: Verleihen Sie Ihrem Zuhause Pers\u00f6nlichkeit\" \/>\n<meta property=\"og:description\" content=\"Wanddeko mit Fotos \ud83d\udcf8 Kreative Ideen! Lieblingsmomente perfekt pr\u00e4sentieren &amp; ihnen einen pers\u00f6nlichen Touch verleihen.\" \/>\n<meta property=\"og:url\" content=\"https:\/\/www.druckstdu.de\/magazin\/wanddeko-mit-fotos\/\" \/>\n<meta property=\"og:site_name\" content=\"Magazin | Druckstdu\" \/>\n<meta property=\"article:published_time\" content=\"2025-09-03T02:58:26+00:00\" \/>\n<meta property=\"article:modified_time\" content=\"2025-09-05T02:23:36+00:00\" \/>\n<meta property=\"og:image\" content=\"https:\/\/www.druckstdu.de\/magazin\/wp-content\/uploads\/2025\/09\/wanddeko-mit-fotos-bilder-in-verschiedenen-rahmen-an-einer-tannengruenen-wand.webp\" \/>\n\t<meta property=\"og:image:width\" content=\"1920\" \/>\n\t<meta property=\"og:image:height\" content=\"628\" \/>\n\t<meta property=\"og:image:type\" content=\"image\/webp\" \/>\n<meta name=\"author\" content=\"Julia\" \/>\n<meta name=\"twitter:card\" content=\"summary_large_image\" \/>\n<meta name=\"twitter:label1\" content=\"Verfasst von\" \/>\n\t<meta name=\"twitter:data1\" content=\"Julia\" \/>\n\t<meta name=\"twitter:label2\" content=\"Gesch\u00e4tzte Lesezeit\" \/>\n\t<meta name=\"twitter:data2\" content=\"10\u00a0Minuten\" \/>\n<script type=\"application\/ld+json\" class=\"yoast-schema-graph\">{\"@context\":\"https:\\\/\\\/schema.org\",\"@graph\":[{\"@type\":\"Article\",\"@id\":\"https:\\\/\\\/www.druckstdu.de\\\/magazin\\\/wanddeko-mit-fotos\\\/#article\",\"isPartOf\":{\"@id\":\"https:\\\/\\\/www.druckstdu.de\\\/magazin\\\/wanddeko-mit-fotos\\\/\"},\"author\":{\"name\":\"Julia\",\"@id\":\"https:\\\/\\\/www.druckstdu.de\\\/magazin\\\/#\\\/schema\\\/person\\\/21d94f7931f413d20158ecb9769efa5b\"},\"headline\":\"Kreative Wanddeko mit Fotos: Tipps zur pers\u00f6nlichen Gestaltung\",\"datePublished\":\"2025-09-03T02:58:26+00:00\",\"dateModified\":\"2025-09-05T02:23:36+00:00\",\"mainEntityOfPage\":{\"@id\":\"https:\\\/\\\/www.druckstdu.de\\\/magazin\\\/wanddeko-mit-fotos\\\/\"},\"wordCount\":1807,\"image\":{\"@id\":\"https:\\\/\\\/www.druckstdu.de\\\/magazin\\\/wanddeko-mit-fotos\\\/#primaryimage\"},\"thumbnailUrl\":\"https:\\\/\\\/www.druckstdu.de\\\/magazin\\\/wp-content\\\/uploads\\\/2025\\\/09\\\/wanddeko-mit-fotos-bilder-in-verschiedenen-rahmen-an-einer-tannengruenen-wand.webp\",\"articleSection\":[\"Design\"],\"inLanguage\":\"de\"},{\"@type\":\"WebPage\",\"@id\":\"https:\\\/\\\/www.druckstdu.de\\\/magazin\\\/wanddeko-mit-fotos\\\/\",\"url\":\"https:\\\/\\\/www.druckstdu.de\\\/magazin\\\/wanddeko-mit-fotos\\\/\",\"name\":\"Wanddeko mit Fotos: Verleihen Sie Ihrem Zuhause Pers\u00f6nlichkeit\",\"isPartOf\":{\"@id\":\"https:\\\/\\\/www.druckstdu.de\\\/magazin\\\/#website\"},\"primaryImageOfPage\":{\"@id\":\"https:\\\/\\\/www.druckstdu.de\\\/magazin\\\/wanddeko-mit-fotos\\\/#primaryimage\"},\"image\":{\"@id\":\"https:\\\/\\\/www.druckstdu.de\\\/magazin\\\/wanddeko-mit-fotos\\\/#primaryimage\"},\"thumbnailUrl\":\"https:\\\/\\\/www.druckstdu.de\\\/magazin\\\/wp-content\\\/uploads\\\/2025\\\/09\\\/wanddeko-mit-fotos-bilder-in-verschiedenen-rahmen-an-einer-tannengruenen-wand.webp\",\"datePublished\":\"2025-09-03T02:58:26+00:00\",\"dateModified\":\"2025-09-05T02:23:36+00:00\",\"author\":{\"@id\":\"https:\\\/\\\/www.druckstdu.de\\\/magazin\\\/#\\\/schema\\\/person\\\/21d94f7931f413d20158ecb9769efa5b\"},\"description\":\"Wanddeko mit Fotos \ud83d\udcf8 Kreative Ideen! Lieblingsmomente perfekt pr\u00e4sentieren & ihnen einen pers\u00f6nlichen Touch verleihen.\",\"breadcrumb\":{\"@id\":\"https:\\\/\\\/www.druckstdu.de\\\/magazin\\\/wanddeko-mit-fotos\\\/#breadcrumb\"},\"inLanguage\":\"de\",\"potentialAction\":[{\"@type\":\"ReadAction\",\"target\":[\"https:\\\/\\\/www.druckstdu.de\\\/magazin\\\/wanddeko-mit-fotos\\\/\"]}]},{\"@type\":\"ImageObject\",\"inLanguage\":\"de\",\"@id\":\"https:\\\/\\\/www.druckstdu.de\\\/magazin\\\/wanddeko-mit-fotos\\\/#primaryimage\",\"url\":\"https:\\\/\\\/www.druckstdu.de\\\/magazin\\\/wp-content\\\/uploads\\\/2025\\\/09\\\/wanddeko-mit-fotos-bilder-in-verschiedenen-rahmen-an-einer-tannengruenen-wand.webp\",\"contentUrl\":\"https:\\\/\\\/www.druckstdu.de\\\/magazin\\\/wp-content\\\/uploads\\\/2025\\\/09\\\/wanddeko-mit-fotos-bilder-in-verschiedenen-rahmen-an-einer-tannengruenen-wand.webp\",\"width\":1920,\"height\":628,\"caption\":\"@Dastan Khdir von Pexels\"},{\"@type\":\"BreadcrumbList\",\"@id\":\"https:\\\/\\\/www.druckstdu.de\\\/magazin\\\/wanddeko-mit-fotos\\\/#breadcrumb\",\"itemListElement\":[{\"@type\":\"ListItem\",\"position\":1,\"name\":\"Startseite\",\"item\":\"https:\\\/\\\/www.druckstdu.de\\\/magazin\\\/\"},{\"@type\":\"ListItem\",\"position\":2,\"name\":\"Kreative Wanddeko mit Fotos: Tipps zur pers\u00f6nlichen Gestaltung\"}]},{\"@type\":\"WebSite\",\"@id\":\"https:\\\/\\\/www.druckstdu.de\\\/magazin\\\/#website\",\"url\":\"https:\\\/\\\/www.druckstdu.de\\\/magazin\\\/\",\"name\":\"Magazin | Druckstdu\",\"description\":\"\",\"potentialAction\":[{\"@type\":\"SearchAction\",\"target\":{\"@type\":\"EntryPoint\",\"urlTemplate\":\"https:\\\/\\\/www.druckstdu.de\\\/magazin\\\/?s={search_term_string}\"},\"query-input\":{\"@type\":\"PropertyValueSpecification\",\"valueRequired\":true,\"valueName\":\"search_term_string\"}}],\"inLanguage\":\"de\"},{\"@type\":\"Person\",\"@id\":\"https:\\\/\\\/www.druckstdu.de\\\/magazin\\\/#\\\/schema\\\/person\\\/21d94f7931f413d20158ecb9769efa5b\",\"name\":\"Julia\",\"image\":{\"@type\":\"ImageObject\",\"inLanguage\":\"de\",\"@id\":\"https:\\\/\\\/secure.gravatar.com\\\/avatar\\\/f8d49d230387fe95329c8c2282dda447963627f07b20969a21414d5cb19c58dc?s=96&d=mm&r=g\",\"url\":\"https:\\\/\\\/secure.gravatar.com\\\/avatar\\\/f8d49d230387fe95329c8c2282dda447963627f07b20969a21414d5cb19c58dc?s=96&d=mm&r=g\",\"contentUrl\":\"https:\\\/\\\/secure.gravatar.com\\\/avatar\\\/f8d49d230387fe95329c8c2282dda447963627f07b20969a21414d5cb19c58dc?s=96&d=mm&r=g\",\"caption\":\"Julia\"},\"url\":\"https:\\\/\\\/www.druckstdu.de\\\/magazin\\\/author\\\/julia\\\/\"}]}<\/script>\n<!-- \/ Yoast SEO plugin. -->","yoast_head_json":{"title":"Wanddeko mit Fotos: Verleihen Sie Ihrem Zuhause Pers\u00f6nlichkeit","description":"Wanddeko mit Fotos \ud83d\udcf8 Kreative Ideen! Lieblingsmomente perfekt pr\u00e4sentieren & ihnen einen pers\u00f6nlichen Touch verleihen.","canonical":"https:\/\/www.druckstdu.de\/magazin\/wanddeko-mit-fotos\/","og_locale":"de_DE","og_type":"article","og_title":"Wanddeko mit Fotos: Verleihen Sie Ihrem Zuhause Pers\u00f6nlichkeit","og_description":"Wanddeko mit Fotos \ud83d\udcf8 Kreative Ideen! Lieblingsmomente perfekt pr\u00e4sentieren & ihnen einen pers\u00f6nlichen Touch verleihen.","og_url":"https:\/\/www.druckstdu.de\/magazin\/wanddeko-mit-fotos\/","og_site_name":"Magazin | Druckstdu","article_published_time":"2025-09-03T02:58:26+00:00","article_modified_time":"2025-09-05T02:23:36+00:00","og_image":[{"width":1920,"height":628,"url":"https:\/\/www.druckstdu.de\/magazin\/wp-content\/uploads\/2025\/09\/wanddeko-mit-fotos-bilder-in-verschiedenen-rahmen-an-einer-tannengruenen-wand.webp","type":"image\/webp"}],"author":"Julia","twitter_card":"summary_large_image","twitter_misc":{"Verfasst von":"Julia","Gesch\u00e4tzte Lesezeit":"10\u00a0Minuten"},"schema":{"@context":"https:\/\/schema.org","@graph":[{"@type":"Article","@id":"https:\/\/www.druckstdu.de\/magazin\/wanddeko-mit-fotos\/#article","isPartOf":{"@id":"https:\/\/www.druckstdu.de\/magazin\/wanddeko-mit-fotos\/"},"author":{"name":"Julia","@id":"https:\/\/www.druckstdu.de\/magazin\/#\/schema\/person\/21d94f7931f413d20158ecb9769efa5b"},"headline":"Kreative Wanddeko mit Fotos: Tipps zur pers\u00f6nlichen Gestaltung","datePublished":"2025-09-03T02:58:26+00:00","dateModified":"2025-09-05T02:23:36+00:00","mainEntityOfPage":{"@id":"https:\/\/www.druckstdu.de\/magazin\/wanddeko-mit-fotos\/"},"wordCount":1807,"image":{"@id":"https:\/\/www.druckstdu.de\/magazin\/wanddeko-mit-fotos\/#primaryimage"},"thumbnailUrl":"https:\/\/www.druckstdu.de\/magazin\/wp-content\/uploads\/2025\/09\/wanddeko-mit-fotos-bilder-in-verschiedenen-rahmen-an-einer-tannengruenen-wand.webp","articleSection":["Design"],"inLanguage":"de"},{"@type":"WebPage","@id":"https:\/\/www.druckstdu.de\/magazin\/wanddeko-mit-fotos\/","url":"https:\/\/www.druckstdu.de\/magazin\/wanddeko-mit-fotos\/","name":"Wanddeko mit Fotos: Verleihen Sie Ihrem Zuhause Pers\u00f6nlichkeit","isPartOf":{"@id":"https:\/\/www.druckstdu.de\/magazin\/#website"},"primaryImageOfPage":{"@id":"https:\/\/www.druckstdu.de\/magazin\/wanddeko-mit-fotos\/#primaryimage"},"image":{"@id":"https:\/\/www.druckstdu.de\/magazin\/wanddeko-mit-fotos\/#primaryimage"},"thumbnailUrl":"https:\/\/www.druckstdu.de\/magazin\/wp-content\/uploads\/2025\/09\/wanddeko-mit-fotos-bilder-in-verschiedenen-rahmen-an-einer-tannengruenen-wand.webp","datePublished":"2025-09-03T02:58:26+00:00","dateModified":"2025-09-05T02:23:36+00:00","author":{"@id":"https:\/\/www.druckstdu.de\/magazin\/#\/schema\/person\/21d94f7931f413d20158ecb9769efa5b"},"description":"Wanddeko mit Fotos \ud83d\udcf8 Kreative Ideen! Lieblingsmomente perfekt pr\u00e4sentieren & ihnen einen pers\u00f6nlichen Touch verleihen.","breadcrumb":{"@id":"https:\/\/www.druckstdu.de\/magazin\/wanddeko-mit-fotos\/#breadcrumb"},"inLanguage":"de","potentialAction":[{"@type":"ReadAction","target":["https:\/\/www.druckstdu.de\/magazin\/wanddeko-mit-fotos\/"]}]},{"@type":"ImageObject","inLanguage":"de","@id":"https:\/\/www.druckstdu.de\/magazin\/wanddeko-mit-fotos\/#primaryimage","url":"https:\/\/www.druckstdu.de\/magazin\/wp-content\/uploads\/2025\/09\/wanddeko-mit-fotos-bilder-in-verschiedenen-rahmen-an-einer-tannengruenen-wand.webp","contentUrl":"https:\/\/www.druckstdu.de\/magazin\/wp-content\/uploads\/2025\/09\/wanddeko-mit-fotos-bilder-in-verschiedenen-rahmen-an-einer-tannengruenen-wand.webp","width":1920,"height":628,"caption":"@Dastan Khdir von Pexels"},{"@type":"BreadcrumbList","@id":"https:\/\/www.druckstdu.de\/magazin\/wanddeko-mit-fotos\/#breadcrumb","itemListElement":[{"@type":"ListItem","position":1,"name":"Startseite","item":"https:\/\/www.druckstdu.de\/magazin\/"},{"@type":"ListItem","position":2,"name":"Kreative Wanddeko mit Fotos: Tipps zur pers\u00f6nlichen Gestaltung"}]},{"@type":"WebSite","@id":"https:\/\/www.druckstdu.de\/magazin\/#website","url":"https:\/\/www.druckstdu.de\/magazin\/","name":"Magazin | Druckstdu","description":"","potentialAction":[{"@type":"SearchAction","target":{"@type":"EntryPoint","urlTemplate":"https:\/\/www.druckstdu.de\/magazin\/?s={search_term_string}"},"query-input":{"@type":"PropertyValueSpecification","valueRequired":true,"valueName":"search_term_string"}}],"inLanguage":"de"},{"@type":"Person","@id":"https:\/\/www.druckstdu.de\/magazin\/#\/schema\/person\/21d94f7931f413d20158ecb9769efa5b","name":"Julia","image":{"@type":"ImageObject","inLanguage":"de","@id":"https:\/\/secure.gravatar.com\/avatar\/f8d49d230387fe95329c8c2282dda447963627f07b20969a21414d5cb19c58dc?s=96&d=mm&r=g","url":"https:\/\/secure.gravatar.com\/avatar\/f8d49d230387fe95329c8c2282dda447963627f07b20969a21414d5cb19c58dc?s=96&d=mm&r=g","contentUrl":"https:\/\/secure.gravatar.com\/avatar\/f8d49d230387fe95329c8c2282dda447963627f07b20969a21414d5cb19c58dc?s=96&d=mm&r=g","caption":"Julia"},"url":"https:\/\/www.druckstdu.de\/magazin\/author\/julia\/"}]}},"wp-worthy-pixel":{"ignored":false,"public":null,"server":null,"url":null},"wp-worthy-type":"normal","_links":{"self":[{"href":"https:\/\/www.druckstdu.de\/magazin\/wp-json\/wp\/v2\/posts\/131","targetHints":{"allow":["GET"]}}],"collection":[{"href":"https:\/\/www.druckstdu.de\/magazin\/wp-json\/wp\/v2\/posts"}],"about":[{"href":"https:\/\/www.druckstdu.de\/magazin\/wp-json\/wp\/v2\/types\/post"}],"author":[{"embeddable":true,"href":"https:\/\/www.druckstdu.de\/magazin\/wp-json\/wp\/v2\/users\/3"}],"replies":[{"embeddable":true,"href":"https:\/\/www.druckstdu.de\/magazin\/wp-json\/wp\/v2\/comments?post=131"}],"version-history":[{"count":2,"href":"https:\/\/www.druckstdu.de\/magazin\/wp-json\/wp\/v2\/posts\/131\/revisions"}],"predecessor-version":[{"id":194,"href":"https:\/\/www.druckstdu.de\/magazin\/wp-json\/wp\/v2\/posts\/131\/revisions\/194"}],"wp:featuredmedia":[{"embeddable":true,"href":"https:\/\/www.druckstdu.de\/magazin\/wp-json\/wp\/v2\/media\/132"}],"wp:attachment":[{"href":"https:\/\/www.druckstdu.de\/magazin\/wp-json\/wp\/v2\/media?parent=131"}],"wp:term":[{"taxonomy":"category","embeddable":true,"href":"https:\/\/www.druckstdu.de\/magazin\/wp-json\/wp\/v2\/categories?post=131"},{"taxonomy":"post_tag","embeddable":true,"href":"https:\/\/www.druckstdu.de\/magazin\/wp-json\/wp\/v2\/tags?post=131"}],"curies":[{"name":"wp","href":"https:\/\/api.w.org\/{rel}","templated":true}]}}