{"id":134,"date":"2025-09-03T03:03:28","date_gmt":"2025-09-03T03:03:28","guid":{"rendered":"https:\/\/www.druckstdu.de\/magazin\/?p=134"},"modified":"2025-09-05T02:41:38","modified_gmt":"2025-09-05T02:41:38","slug":"kreative-fotokalender-ideen","status":"publish","type":"post","link":"https:\/\/www.druckstdu.de\/magazin\/kreative-fotokalender-ideen\/","title":{"rendered":"Kreative Fotokalender-Ideen: Gestalten Sie Ihre pers\u00f6nlichen Erinnerungen stilvoll"},"content":{"rendered":"\n<p>Ein Fotokalender ist nicht nur ein praktisches Geschenk, sondern auch eine gro\u00dfartige M\u00f6glichkeit, pers\u00f6nliche Erinnerungen \u00fcber das ganze Jahr hinweg zu feiern. Jeder Monat bekommt so eine ganz besondere Bedeutung, wenn er mit Bildern gef\u00fcllt ist, die einen emotionalen Wert oder eine sch\u00f6ne Erinnerung transportieren. Die Gestaltung eines <strong>Fotokalenders<\/strong> kann kreativ und individuell angepasst werden, um Ihrem Kalender eine ganz pers\u00f6nliche Note zu verleihen. In diesem Artikel zeigen wir Ihnen kreative <strong>Fotoideen f\u00fcr Ihren Kalender<\/strong>, die f\u00fcr jede Jahreszeit und jedes besondere Ereignis perfekt geeignet sind.<\/p>\n\n\n\n<h2 class=\"wp-block-heading\">Warum ein Fotokalender das perfekte Geschenk ist<\/h2>\n\n\n\n<p>Ein <strong>Fotokalender<\/strong> ist ein zeitloses Geschenk, das nicht nur praktisch ist, sondern auch eine pers\u00f6nliche Bedeutung hat. Jedes Jahr beginnt mit einem neuen Kalender, und warum nicht den ersten Monat mit einer besonderen Erinnerung f\u00fcllen? Sie k\u00f6nnen den Kalender auf den Empf\u00e4nger und seine Interessen abstimmen, sodass dieser jeden Monat eine kleine Freude und Erinnerung erh\u00e4lt. Mit kreativen <strong>Fotoideen f\u00fcr Ihren Kalender<\/strong> k\u00f6nnen Sie jede Seite des Kalenders einzigartig gestalten und gleichzeitig Erinnerungen festhalten.<\/p>\n\n\n\n<p><em>Mehr zum Thema Kalendergestaltung finden Sie im <a href=\"https:\/\/www.druckstdu.de\/magazin\/fotokalender-format-waehlen\/\">Ratgeber \u201aFotokalender Format\u2018<\/a>.<\/em><\/p>\n\n\n\n<h3 class=\"wp-block-heading\">Vorteile von Fotokalendern<\/h3>\n\n\n\n<ul class=\"wp-block-list\">\n<li><strong>Praktisch und emotional<\/strong>: Ein <strong>Fotokalender<\/strong> ist nicht nur n\u00fctzlich, sondern erinnert jeden Monat an sch\u00f6ne Momente und wertvolle Erlebnisse.<\/li>\n\n\n\n<li><strong>Personalisierbar<\/strong>: Sie k\u00f6nnen den Kalender ganz nach Ihren Vorstellungen und denen des Empf\u00e4ngers gestalten \u2013 mit pers\u00f6nlichen Bildern und individuellen Texten.<\/li>\n\n\n\n<li><strong>T\u00e4gliche Freude<\/strong>: Jeden Monat wird ein neues Bild pr\u00e4sentiert, das den Empf\u00e4nger an besondere Erinnerungen oder Momente erinnert.<\/li>\n<\/ul>\n\n\n\n<h2 class=\"wp-block-heading\">Kreative Fotoideen f\u00fcr Ihren Kalender<\/h2>\n\n\n\n<p>Es gibt viele kreative <strong>Fotoideen f\u00fcr Ihren Kalender<\/strong>, die Ihr Geschenk besonders machen. Die Auswahl des richtigen Bildes f\u00fcr jeden Monat des Jahres kann die Stimmung und Atmosph\u00e4re des Kalenders beeinflussen. Hier sind einige Ideen, die Ihrem <strong>Fotokalender<\/strong> eine ganz besondere und pers\u00f6nliche Note verleihen:<\/p>\n\n\n\n<h3 class=\"wp-block-heading\">1. Saisonale Fotoideen<\/h3>\n\n\n\n<p>Jeder Monat im Jahr bietet einzigartige M\u00f6glichkeiten, saisonale Elemente zu nutzen, die die jeweilige Jahreszeit widerspiegeln. Wenn Sie Ihre Fotos auf die Saison abstimmen, k\u00f6nnen Sie einen Kalender gestalten, der sich harmonisch in die Atmosph\u00e4re jedes Monats f\u00fcgt.<\/p>\n\n\n\n<ul class=\"wp-block-list\">\n<li><strong>Winter (Dezember, Januar, Februar)<\/strong>: Schneebedeckte Landschaften, Weihnachtsvorbereitungen, gem\u00fctliche Szenen am Kamin \u2013 alles, was die K\u00e4lte und die Feiertagszeit verk\u00f6rpert.<\/li>\n\n\n\n<li><strong>Fr\u00fchling (M\u00e4rz, April, Mai)<\/strong>: Blumen, Fr\u00fchlingswiesen, frisches Gr\u00fcn \u2013 Bilder, die das Erwachen der Natur und das Ende des Winters widerspiegeln.<\/li>\n\n\n\n<li><strong>Sommer (Juni, Juli, August)<\/strong>: Urlaubsfotos, Sonnenschein, Str\u00e4nde oder Grillabende im Garten \u2013 Momentaufnahmen der Sommerfreuden.<\/li>\n\n\n\n<li><strong>Herbst (September, Oktober, November)<\/strong>: Bunte Bl\u00e4tter, Erntezeit und gem\u00fctliche Herbstspazierg\u00e4nge, die den \u00dcbergang zur k\u00fchleren Jahreszeit einfangen.<\/li>\n<\/ul>\n\n\n\n<h3 class=\"wp-block-heading\">2. Thematische Kalender mit pers\u00f6nlichen Fotos<\/h3>\n\n\n\n<p>Erstellen Sie einen <strong>Fotokalender<\/strong> mit einem bestimmten Thema, das sich durch das ganze Jahr zieht. Dies kann ein pers\u00f6nliches Projekt sein, das eine Sammlung Ihrer Lieblingsmomente oder Erlebnisse widerspiegelt. M\u00f6gliche Themen k\u00f6nnten sein:<\/p>\n\n\n\n<ul class=\"wp-block-list\">\n<li><strong>Familiengeschichte<\/strong>: Ein Kalender, der Fotos von Familienfeiern, Ausfl\u00fcgen oder besonderen Momenten enth\u00e4lt.<\/li>\n\n\n\n<li><strong>Reise- oder Urlaubsfotos<\/strong>: Gestalten Sie einen Kalender, der Ihre Reiseerlebnisse dokumentiert. Jeder Monat zeigt ein Foto von einem anderen Ort oder einer besonderen Erinnerung.<\/li>\n\n\n\n<li><strong>Hobbys und Interessen<\/strong>: Zeigen Sie Fotos von Aktivit\u00e4ten oder Interessen, die Sie oder der Empf\u00e4nger leidenschaftlich verfolgen \u2013 sei es Fotografie, Kunst, Sport oder Gartenarbeit.<\/li>\n<\/ul>\n\n\n\n<h3 class=\"wp-block-heading\">3. Besondere Ereignisse im Jahr<\/h3>\n\n\n\n<p>Ein <strong>Fotokalender<\/strong> ist die ideale M\u00f6glichkeit, besondere Ereignisse des Jahres festzuhalten und immer wieder auf sie zur\u00fcckzublicken. Hier k\u00f6nnen Sie Monate mit Fotos f\u00fcllen, die an wichtige Momente erinnern, wie:<\/p>\n\n\n\n<ul class=\"wp-block-list\">\n<li><strong>Geburtstagsfotos<\/strong>: F\u00fcgen Sie Fotos von Geburtstagsfeiern oder besonderen Anl\u00e4ssen hinzu. Zeigen Sie das Geburtstagskind oder die Familie und Freunde bei der Feier.<\/li>\n\n\n\n<li><strong>Jahresr\u00fcckblick<\/strong>: Ein Kalender, der die Highlights des Jahres zusammenfasst, von Urlaubsreisen bis hin zu besonderen Feierlichkeiten.<\/li>\n\n\n\n<li><strong>Hochzeiten oder Jubil\u00e4en<\/strong>: F\u00fcr Paare oder Ehepartner kann der Kalender speziell auf Hochzeitstage oder bedeutende Meilensteine ausgerichtet werden, mit Erinnerungen an gemeinsame Momente.<\/li>\n<\/ul>\n\n\n\n<h3 class=\"wp-block-heading\">4. Zitate und Texte erg\u00e4nzen<\/h3>\n\n\n\n<p>Wenn Sie Ihre <strong>Fotoideen f\u00fcr den Kalender<\/strong> besonders kreativ gestalten m\u00f6chten, f\u00fcgen Sie Zitate, pers\u00f6nliche Nachrichten oder bedeutungsvolle Texte hinzu. Diese erg\u00e4nzen das Bild und geben dem Kalender noch mehr Tiefe. Ein Zitat, das f\u00fcr den Monat oder das Bild relevant ist, kann die Wirkung des Fotos verst\u00e4rken und dem Kalender eine emotionale Note verleihen.<\/p>\n\n\n\n<ul class=\"wp-block-list\">\n<li><strong>Motivationszitate<\/strong>: F\u00fcgen Sie inspirierende Zitate hinzu, die den Empf\u00e4nger den Monat \u00fcber begleiten und ihm Freude oder Kraft geben.<\/li>\n\n\n\n<li><strong>Pers\u00f6nliche Botschaften<\/strong>: Erg\u00e4nzen Sie die Fotos mit pers\u00f6nlichen Nachrichten oder Erinnerungen, die den Kalender noch emotionaler und einzigartiger machen.<\/li>\n<\/ul>\n\n\n\n<h3 class=\"wp-block-heading\">5. \u201eEin Bild pro Monat\u201c \u2013 Pers\u00f6nliche Fotos im Fokus<\/h3>\n\n\n\n<p>Ein weiterer kreativer Ansatz f\u00fcr Ihren <strong>Fotokalender<\/strong> k\u00f6nnte darin bestehen, f\u00fcr jeden Monat ein einziges, besonders bedeutungsvolles Bild zu w\u00e4hlen. Anstatt viele Fotos zu verwenden, k\u00f6nnen Sie ein einziges Foto pro Monat verwenden, das entweder symbolisch f\u00fcr diesen Monat steht oder einfach ein Bild ist, das Sie besonders lieben.<\/p>\n\n\n\n<ul class=\"wp-block-list\">\n<li><strong>Bedeutende Momente einfangen<\/strong>: W\u00e4hlen Sie f\u00fcr jeden Monat das beste Foto \u2013 sei es ein Portr\u00e4t, eine Landschaft oder ein Familienfoto \u2013 das f\u00fcr Sie oder den Empf\u00e4nger besonders ist.<\/li>\n\n\n\n<li><strong>Jeder Monat als Highlight<\/strong>: Jedes Bild wird zu einem einzigartigen Highlight, das den Monat zu einem besonderen Erlebnis macht. Vielleicht ein Foto des ersten Fr\u00fchlingsspaziergangs oder ein Bild von einem aufregenden Sommerurlaub.<\/li>\n<\/ul>\n\n\n\n<h3 class=\"wp-block-heading\">6. \u201eKunst im Kalender\u201c \u2013 Kreative Fotografie<\/h3>\n\n\n\n<p>Nutzen Sie die k\u00fcnstlerische Seite der Fotografie, um Ihren <strong>Fotokalender<\/strong> besonders kreativ zu gestalten. Ob abstrakte Fotos, Schwarz-Wei\u00df-Bilder oder experimentelle Fotografie \u2013 solche <strong>Fotoideen<\/strong> verleihen Ihrem Kalender einen modernen und kunstvollen Look. Dieser Ansatz eignet sich hervorragend f\u00fcr diejenigen, die ihren Kalender weniger als Erinnerung und mehr als k\u00fcnstlerisches Element in ihrem Zuhause sehen m\u00f6chten.<\/p>\n\n\n\n<ul class=\"wp-block-list\">\n<li><strong>Abstrakte Fotografie<\/strong>: W\u00e4hlen Sie unkonventionelle, kreative Fotos, die mit Licht und Schatten spielen oder ungew\u00f6hnliche Perspektiven zeigen.<\/li>\n\n\n\n<li><strong>Schwarz-Wei\u00df-Fotos<\/strong>: Schlichte Schwarz-Wei\u00df-Bilder verleihen dem Kalender einen eleganten und zeitlosen Look, der in jede Einrichtung passt.<\/li>\n<\/ul>\n\n\n\n<h3 class=\"wp-block-heading\">7. \u201eMonatliche Erlebnisse\u201c \u2013 Ein Event pro Monat<\/h3>\n\n\n\n<p>F\u00fcr ein besonderes <strong>Fotokalender-Geschenk<\/strong> k\u00f6nnen Sie jeden Monat eines <a href=\"https:\/\/www.druckstdu.de\/fotokalender\/monatskalender\/\">Monatskalenders<\/a> einem bestimmten Erlebnis oder einer Erinnerung widmen. Diese <strong>Fotoideen<\/strong> bieten sich besonders an, wenn Sie den Kalender als pers\u00f6nliches Geschenk f\u00fcr jemanden gestalten. F\u00fcllen Sie jeden Monat mit Bildern, die ein bestimmtes Ereignis oder eine Aktivit\u00e4t dokumentieren, die im betreffenden Monat stattgefunden hat.<\/p>\n\n\n\n<ul class=\"wp-block-list\">\n<li><strong>Reiseerinnerungen<\/strong>: Wenn Sie gerne reisen, f\u00fcllen Sie Ihren Kalender mit Fotos aus Ihren Reisen. Jeder Monat k\u00f6nnte ein anderes Reiseziel repr\u00e4sentieren.<\/li>\n\n\n\n<li><strong>Familienaktivit\u00e4ten<\/strong>: Wenn der Kalender f\u00fcr eine Familie gedacht ist, k\u00f6nnen Sie Fotos von gemeinsamen Aktivit\u00e4ten, wie Familienfeiern, Ausfl\u00fcgen oder sportlichen Events, verwenden.<\/li>\n<\/ul>\n\n\n\n<h3 class=\"wp-block-heading\">8. \u201eDie Natur erleben\u201c \u2013 Fotos aus der Natur<\/h3>\n\n\n\n<p>Fotos aus der Natur sind immer eine gute Wahl f\u00fcr einen <strong>Fotokalender<\/strong>, da sie eine beruhigende und entspannende Atmosph\u00e4re schaffen. Ob Sie Fotos von W\u00e4lder, Bergen, Seen oder Blumen verwenden, die Natur vermittelt immer ein Gef\u00fchl von Weite, Freiheit und Ruhe. Solche <strong>Fotoideen<\/strong> eignen sich besonders gut f\u00fcr jeden Monat, der von Naturereignissen gepr\u00e4gt ist.<\/p>\n\n\n\n<ul class=\"wp-block-list\">\n<li><strong>Verschiedene Jahreszeiten<\/strong>: Nutzen Sie Fotos aus der Natur, um die verschiedenen Jahreszeiten widerzuspiegeln. Ein kalter Wintermorgen, bl\u00fchende Blumen im Fr\u00fchling, sonnige Sommertage und herbstliche W\u00e4lder bieten reichlich Inspiration.<\/li>\n\n\n\n<li><strong>Beruhigende Bilder<\/strong>: Naturaufnahmen k\u00f6nnen helfen, eine friedliche und entspannende Atmosph\u00e4re zu schaffen, die Sie das ganze Jahr \u00fcber begleiten kann.<\/li>\n<\/ul>\n\n\n\n<h3 class=\"wp-block-heading\">9. \u201eZusammenwachsen\u201c \u2013 Fotos von Menschen und Beziehungen<\/h3>\n\n\n\n<p>Ein weiterer wundersch\u00f6ner Ansatz f\u00fcr Ihren <strong>Fotokalender<\/strong> ist es, die Menschen und Beziehungen in Ihrem Leben in den Vordergrund zu stellen. Dies k\u00f6nnte eine Sammlung von Fotos Ihrer Familie, Freunden oder auch Haustieren sein, die in jedem Monat eine besondere Bedeutung haben. Solche <strong>Fotokalender-Ideen<\/strong> eignen sich besonders gut als Geschenk, das f\u00fcr den Empf\u00e4nger voller Erinnerungen und emotionaler Bedeutung steckt.<\/p>\n\n\n\n<ul class=\"wp-block-list\">\n<li><strong>Portr\u00e4ts von geliebten Menschen<\/strong>: Jeder Monat k\u00f6nnte ein Portr\u00e4t eines Familienmitglieds oder Freundes zeigen, mit einer pers\u00f6nlichen Nachricht oder einem Zitat, das die Beziehung beschreibt.<\/li>\n\n\n\n<li><strong>Meilensteine in der Beziehung<\/strong>: Zeigen Sie wichtige Momente in Ihrer Beziehung, sei es ein Jubil\u00e4um, ein erster gemeinsamer Urlaub oder besondere Momente im Leben eines Kindes.<\/li>\n<\/ul>\n\n\n\n<h2 class=\"wp-block-heading\">Gestaltungstipps f\u00fcr Ihren Fotokalender<\/h2>\n\n\n\n<p>Egal, wie Sie Ihre <strong>Fotoideen f\u00fcr den Kalender<\/strong> umsetzen m\u00f6chten, hier sind einige praktische Gestaltungstipps, die Ihren Kalender noch besser machen:<\/p>\n\n\n\n<h3 class=\"wp-block-heading\">Rahmen und Textgestaltung<\/h3>\n\n\n\n<ul class=\"wp-block-list\">\n<li><strong>Text und Zitate hinzuf\u00fcgen<\/strong>: Eine kleine Beschreibung oder ein Zitat kann das Bild des Monats erg\u00e4nzen und die Bedeutung verst\u00e4rken. F\u00fcgen Sie beispielsweise ein inspirierendes Zitat f\u00fcr den Januar hinzu oder eine lustige Bemerkung f\u00fcr den Monat, in dem ein bedeutender Geburtstag gefeiert wird.<\/li>\n\n\n\n<li><strong>Schriftarten und Farben<\/strong>: Achten Sie darauf, dass die Schriftarten und Farben zu den Fotos und dem Gesamtstil des Kalenders passen. W\u00e4hlen Sie klare, gut lesbare Schriftarten und harmonische Farben, die das Bild nicht \u00fcberladen.<\/li>\n<\/ul>\n\n\n\n<h3 class=\"wp-block-heading\">Qualit\u00e4t und Material<\/h3>\n\n\n\n<ul class=\"wp-block-list\">\n<li><strong>Hochwertiger Druck<\/strong>: Achten Sie darauf, dass der Druck Ihres <strong>Fotokalenders<\/strong> von hoher <a href=\"https:\/\/www.druckstdu.de\/druck-und-qualitat\/\">Qualit\u00e4t<\/a> ist, um die Farben und Details der Fotos richtig zur Geltung zu bringen.<\/li>\n\n\n\n<li><strong>Dickeres Papier<\/strong>: W\u00e4hlen Sie ein Material mit einer h\u00f6heren Grammatur, um dem Kalender eine wertige Haptik zu verleihen. Dies sorgt daf\u00fcr, dass der Kalender langlebig ist und gut aussieht.<\/li>\n<\/ul>\n\n\n\n<p><em>Welche <a href=\"https:\/\/www.druckstdu.de\/magazin\/die-10-haeufigsten-fehler-beim-gestalten-von-fotoprodukten-und-wie-sie-sie-vermeiden\/\">Fehler Sie bei Fotoprodukten vermeiden sollten<\/a>, erkl\u00e4rt unser weiterer Beitrag.<\/em><\/p>\n\n\n\n<h2 class=\"wp-block-heading\">Fazit: Fotokalender als kreative Geschenkidee<\/h2>\n\n\n\n<p>Ein <strong>Fotokalender<\/strong> ist nicht nur ein praktisches Geschenk, sondern auch eine wundersch\u00f6ne M\u00f6glichkeit, Erinnerungen lebendig zu halten und das ganze Jahr \u00fcber Freude zu bereiten. Mit kreativen <strong>Fotoideen f\u00fcr Ihren Kalender<\/strong> k\u00f6nnen Sie den Empf\u00e4nger \u00fcberraschen und ihm eine ganz besondere Erinnerung schenken, die er Monat f\u00fcr Monat genie\u00dfen kann. Egal, ob Sie saisonale Aufnahmen, k\u00fcnstlerische Fotos oder pers\u00f6nliche Erlebnisse w\u00e4hlen \u2013 ein <strong>Fotokalender<\/strong> ist immer eine einzigartige und pers\u00f6nliche Geschenkidee, die sowohl funktional als auch emotional ist.<\/p>\n\n\n\n<p>\ud83d\udc49 Gestalten Sie Ihren ganz pers\u00f6nlichen <a href=\"https:\/\/www.druckstdu.de\/fotokalender\/\"><strong>Fotokalender<\/strong><\/a> bei <a href=\"https:\/\/www.druckstdu.de\/\">druckstdu<\/a>! Entdecken Sie kreative <strong>Fotoideen f\u00fcr Ihren Kalender<\/strong> und lassen Sie Erinnerungen das ganze Jahr \u00fcber lebendig werden. Jetzt starten!<\/p>\n\n\n\n<h2 class=\"wp-block-heading\">FAQ zu Fotokalender Ideen:<\/h2>\n\n\n\n<h3 class=\"wp-block-heading\">Was sind kreative Fotokalender Ideen f\u00fcr besondere Anl\u00e4sse?&nbsp;<\/h3>\n\n\n\n<p>Ein Fotokalender kann mehr als nur die Tage des Jahres markieren. Bei Druckstdu sind Kalender so viel mehr: Sie sind pers\u00f6nliche Galerien, die an wertvolle Momente erinnern. Eine beliebte Idee besteht darin, monatliche Themen zu w\u00e4hlen, die Familienereignisse oder pers\u00f6nliche Meilensteine hervorheben. F\u00fcr Hochzeiten k\u00f6nnte jeder Monat mit Bildern von verschiedenen Abschnitten des gro\u00dfen Tages gef\u00fcllt werden, von den Vorbereitungen bis zum letzten Tanz. Alternativ k\u00f6nnen jahreszeitliche Themen oder \u201eBest-of-Bilder\u201c aus verschiedenen Lebensphasen Ihren Kalender in ein emotionales Erinnerungsst\u00fcck verwandeln. Die Nutzerfreundlichkeit unserer Plattform erm\u00f6glicht es Ihnen, solchen kreativen Ideen mit Leichtigkeit zu realisieren, w\u00e4hrend die Qualit\u00e4t unserer Produkte Ihre sch\u00f6nsten Erinnerungen in brillanten Farben erstrahlen l\u00e4sst.<\/p>\n\n\n\n<h3 class=\"wp-block-heading\">Wie kann ein Fotokalender personalisiert werden?<\/h3>\n\n\n\n<p>Die Personalisierung von Fotokalendern bei Druckstdu ist einfach und benutzerfreundlich. Sie k\u00f6nnen auf unserer Online-Plattform problemlos Ihre Lieblingsbilder hochladen, Texte hinzuf\u00fcgen und Layouts mit wenigen Klicks anpassen. Das hei\u00dft, die Gestaltung eines Kalenders wird zu einem Erlebnis, das sowohl kreative Freiheit als auch Freude an der pers\u00f6nlichen Anpassung bietet. Neben der Auswahl verschiedener Designs und Layouts bieten wir Ihnen die M\u00f6glichkeit, Feiertage und besondere Ereignisse direkt im Kalender zu markieren, damit Ihre individuell gestalteten Kalender immer genau das widerspiegeln, was Ihnen wichtig ist. Unsere modernen Digitaldruck-Technologien garantieren dann die hohe Druckqualit\u00e4t, die Ihre personalisierten Kalender verdient haben.<\/p>\n\n\n\n<h3 class=\"wp-block-heading\">Warum sollte man sich f\u00fcr einen personalisierten Fotokalender entscheiden?&nbsp;<\/h3>\n\n\n\n<p>Ein personalisierter Fotokalender ist nicht nur ein n\u00fctzliches Planungstool, sondern vor allem ein emotionales Geschenk, das Geschichten erz\u00e4hlt, inspiriert und verbindet. Jedes Kalenderblatt bietet die Gelegenheit, liebevolle Erinnerungen und besondere Anl\u00e4sse in den Mittelpunkt zu stellen. Ob als Geschenk f\u00fcr geliebte Menschen oder als pers\u00f6nliches Highlight im eigenen Zuhause, die Individualit\u00e4t und Kreativit\u00e4t, die in Ihren Kreationen steckt, spiegeln Ihre Pers\u00f6nlichkeit wider. Ein Kalender von Druckstdu steht f\u00fcr Qualit\u00e4t und Besonderheit \u2013 Ihrem Leben in Bild und Print Ausdruck zu verleihen, ist unser oberstes Ziel. Erheben Sie Standardausgaben zu Erinnerungsst\u00fccken Ihrer Wahl.&nbsp;<\/p>\n\n\n\n<h3 class=\"wp-block-heading\">Welche Vorteile bietet die Nutzung von Druckstdu f\u00fcr die Gestaltung von Fotokalendern?<\/h3>\n\n\n\n<p>&nbsp;Bei Druckstdu profitieren Sie von einem umfassenden Sortiment an Fotoprodukten und einer intuitiven Gestaltung. Unsere moderne Plattform erlaubt es, ohne technische H\u00fcrden individuelle Fotokalender zu erstellen, w\u00e4hrend unser engagiertes Team im Kundenservice jederzeit f\u00fcr fachkundige Unterst\u00fctzung sorgt. Wir garantieren nicht nur eine exzellente Druckqualit\u00e4t unserer Produkte, sondern auch schnelle Lieferzeiten, damit Ihre Kreationen rechtzeitig bei Ihnen oder ihren Empf\u00e4ngern ankommen. Mit einem klaren Bekenntnis zu Qualit\u00e4t und Kundenzufriedenheit ist Druckstdu darauf ausgerichtet, Ihnen die bestm\u00f6gliche Erfahrung zu bieten \u2013 von der Gestaltung bis zur Lieferung.<\/p>\n<a class=\"simplefavorite-button\" data-postid=\"134\" data-siteid=\"1\" data-groupid=\"1\" data-favoritecount=\"0\" style=\"\"><img decoding=\"async\" src=\"\/magazin\/wp-content\/uploads\/2025\/07\/heart.svg\">Speichern f\u00fcr sp\u00e4ter<\/a>","protected":false},"excerpt":{"rendered":"<p>Ein Fotokalender ist nicht nur ein praktisches Geschenk, sondern auch eine gro\u00dfartige M\u00f6glichkeit, pers\u00f6nliche Erinnerungen \u00fcber das ganze Jahr hinweg&#8230;<\/p>\n","protected":false},"author":3,"featured_media":135,"comment_status":"closed","ping_status":"closed","sticky":false,"template":"","format":"standard","meta":{"_acf_changed":false,"inline_featured_image":false,"footnotes":""},"categories":[4],"tags":[],"class_list":["post-134","post","type-post","status-publish","format-standard","has-post-thumbnail","hentry","category-diy"],"acf":[],"yoast_head":"<!-- This site is optimized with the Yoast SEO plugin v27.5 - https:\/\/yoast.com\/product\/yoast-seo-wordpress\/ -->\n<title>Kreative Fotokalender-Ideen \ud83c\udfa8 f\u00fcr individuelle Erinnerungen!<\/title>\n<meta name=\"description\" content=\"Entdecken Sie kreative Fotokalender Ideen und gestalten Sie Ihr pers\u00f6nliches Meisterwerk mit Druckstdu. \u2728 Setzen Sie Erinnerungen stilvoll in Szene! \ud83c\udfa8\" \/>\n<link rel=\"canonical\" href=\"https:\/\/www.druckstdu.de\/magazin\/kreative-fotokalender-ideen\/\" \/>\n<meta property=\"og:locale\" content=\"de_DE\" \/>\n<meta property=\"og:type\" content=\"article\" \/>\n<meta property=\"og:title\" content=\"Kreative Fotokalender-Ideen \ud83c\udfa8 f\u00fcr individuelle Erinnerungen!\" \/>\n<meta property=\"og:description\" content=\"Entdecken Sie kreative Fotokalender Ideen und gestalten Sie Ihr pers\u00f6nliches Meisterwerk mit Druckstdu. \u2728 Setzen Sie Erinnerungen stilvoll in Szene! \ud83c\udfa8\" \/>\n<meta property=\"og:url\" content=\"https:\/\/www.druckstdu.de\/magazin\/kreative-fotokalender-ideen\/\" \/>\n<meta property=\"og:site_name\" content=\"Magazin | Druckstdu\" \/>\n<meta property=\"article:published_time\" content=\"2025-09-03T03:03:28+00:00\" \/>\n<meta property=\"article:modified_time\" content=\"2025-09-05T02:41:38+00:00\" \/>\n<meta property=\"og:image\" content=\"https:\/\/www.druckstdu.de\/magazin\/wp-content\/uploads\/2025\/09\/kreative-fotokalender-ideen-3-monatskalender-mit-3-bildern-von-schwangerschaft-bis-baby.webp\" \/>\n\t<meta property=\"og:image:width\" content=\"1920\" \/>\n\t<meta property=\"og:image:height\" content=\"628\" \/>\n\t<meta property=\"og:image:type\" content=\"image\/webp\" \/>\n<meta name=\"author\" content=\"Julia\" \/>\n<meta name=\"twitter:card\" content=\"summary_large_image\" \/>\n<meta name=\"twitter:label1\" content=\"Verfasst von\" \/>\n\t<meta name=\"twitter:data1\" content=\"Julia\" \/>\n\t<meta name=\"twitter:label2\" content=\"Gesch\u00e4tzte Lesezeit\" \/>\n\t<meta name=\"twitter:data2\" content=\"12\u00a0Minuten\" \/>\n<script type=\"application\/ld+json\" class=\"yoast-schema-graph\">{\"@context\":\"https:\\\/\\\/schema.org\",\"@graph\":[{\"@type\":\"Article\",\"@id\":\"https:\\\/\\\/www.druckstdu.de\\\/magazin\\\/kreative-fotokalender-ideen\\\/#article\",\"isPartOf\":{\"@id\":\"https:\\\/\\\/www.druckstdu.de\\\/magazin\\\/kreative-fotokalender-ideen\\\/\"},\"author\":{\"name\":\"Julia\",\"@id\":\"https:\\\/\\\/www.druckstdu.de\\\/magazin\\\/#\\\/schema\\\/person\\\/21d94f7931f413d20158ecb9769efa5b\"},\"headline\":\"Kreative Fotokalender-Ideen: Gestalten Sie Ihre pers\u00f6nlichen Erinnerungen stilvoll\",\"datePublished\":\"2025-09-03T03:03:28+00:00\",\"dateModified\":\"2025-09-05T02:41:38+00:00\",\"mainEntityOfPage\":{\"@id\":\"https:\\\/\\\/www.druckstdu.de\\\/magazin\\\/kreative-fotokalender-ideen\\\/\"},\"wordCount\":2143,\"image\":{\"@id\":\"https:\\\/\\\/www.druckstdu.de\\\/magazin\\\/kreative-fotokalender-ideen\\\/#primaryimage\"},\"thumbnailUrl\":\"https:\\\/\\\/www.druckstdu.de\\\/magazin\\\/wp-content\\\/uploads\\\/2025\\\/09\\\/kreative-fotokalender-ideen-3-monatskalender-mit-3-bildern-von-schwangerschaft-bis-baby.webp\",\"articleSection\":[\"DIY\"],\"inLanguage\":\"de\"},{\"@type\":\"WebPage\",\"@id\":\"https:\\\/\\\/www.druckstdu.de\\\/magazin\\\/kreative-fotokalender-ideen\\\/\",\"url\":\"https:\\\/\\\/www.druckstdu.de\\\/magazin\\\/kreative-fotokalender-ideen\\\/\",\"name\":\"Kreative Fotokalender-Ideen \ud83c\udfa8 f\u00fcr individuelle Erinnerungen!\",\"isPartOf\":{\"@id\":\"https:\\\/\\\/www.druckstdu.de\\\/magazin\\\/#website\"},\"primaryImageOfPage\":{\"@id\":\"https:\\\/\\\/www.druckstdu.de\\\/magazin\\\/kreative-fotokalender-ideen\\\/#primaryimage\"},\"image\":{\"@id\":\"https:\\\/\\\/www.druckstdu.de\\\/magazin\\\/kreative-fotokalender-ideen\\\/#primaryimage\"},\"thumbnailUrl\":\"https:\\\/\\\/www.druckstdu.de\\\/magazin\\\/wp-content\\\/uploads\\\/2025\\\/09\\\/kreative-fotokalender-ideen-3-monatskalender-mit-3-bildern-von-schwangerschaft-bis-baby.webp\",\"datePublished\":\"2025-09-03T03:03:28+00:00\",\"dateModified\":\"2025-09-05T02:41:38+00:00\",\"author\":{\"@id\":\"https:\\\/\\\/www.druckstdu.de\\\/magazin\\\/#\\\/schema\\\/person\\\/21d94f7931f413d20158ecb9769efa5b\"},\"description\":\"Entdecken Sie kreative Fotokalender Ideen und gestalten Sie Ihr pers\u00f6nliches Meisterwerk mit Druckstdu. \u2728 Setzen Sie Erinnerungen stilvoll in Szene! \ud83c\udfa8\",\"breadcrumb\":{\"@id\":\"https:\\\/\\\/www.druckstdu.de\\\/magazin\\\/kreative-fotokalender-ideen\\\/#breadcrumb\"},\"inLanguage\":\"de\",\"potentialAction\":[{\"@type\":\"ReadAction\",\"target\":[\"https:\\\/\\\/www.druckstdu.de\\\/magazin\\\/kreative-fotokalender-ideen\\\/\"]}]},{\"@type\":\"ImageObject\",\"inLanguage\":\"de\",\"@id\":\"https:\\\/\\\/www.druckstdu.de\\\/magazin\\\/kreative-fotokalender-ideen\\\/#primaryimage\",\"url\":\"https:\\\/\\\/www.druckstdu.de\\\/magazin\\\/wp-content\\\/uploads\\\/2025\\\/09\\\/kreative-fotokalender-ideen-3-monatskalender-mit-3-bildern-von-schwangerschaft-bis-baby.webp\",\"contentUrl\":\"https:\\\/\\\/www.druckstdu.de\\\/magazin\\\/wp-content\\\/uploads\\\/2025\\\/09\\\/kreative-fotokalender-ideen-3-monatskalender-mit-3-bildern-von-schwangerschaft-bis-baby.webp\",\"width\":1920,\"height\":628,\"caption\":\"Kreative Fotokalender Ideen: 3-Monatskalender mit 3 Bildern von Schwangerschaft bis Baby\"},{\"@type\":\"BreadcrumbList\",\"@id\":\"https:\\\/\\\/www.druckstdu.de\\\/magazin\\\/kreative-fotokalender-ideen\\\/#breadcrumb\",\"itemListElement\":[{\"@type\":\"ListItem\",\"position\":1,\"name\":\"Startseite\",\"item\":\"https:\\\/\\\/www.druckstdu.de\\\/magazin\\\/\"},{\"@type\":\"ListItem\",\"position\":2,\"name\":\"Kreative Fotokalender-Ideen: Gestalten Sie Ihre pers\u00f6nlichen Erinnerungen stilvoll\"}]},{\"@type\":\"WebSite\",\"@id\":\"https:\\\/\\\/www.druckstdu.de\\\/magazin\\\/#website\",\"url\":\"https:\\\/\\\/www.druckstdu.de\\\/magazin\\\/\",\"name\":\"Magazin | Druckstdu\",\"description\":\"\",\"potentialAction\":[{\"@type\":\"SearchAction\",\"target\":{\"@type\":\"EntryPoint\",\"urlTemplate\":\"https:\\\/\\\/www.druckstdu.de\\\/magazin\\\/?s={search_term_string}\"},\"query-input\":{\"@type\":\"PropertyValueSpecification\",\"valueRequired\":true,\"valueName\":\"search_term_string\"}}],\"inLanguage\":\"de\"},{\"@type\":\"Person\",\"@id\":\"https:\\\/\\\/www.druckstdu.de\\\/magazin\\\/#\\\/schema\\\/person\\\/21d94f7931f413d20158ecb9769efa5b\",\"name\":\"Julia\",\"image\":{\"@type\":\"ImageObject\",\"inLanguage\":\"de\",\"@id\":\"https:\\\/\\\/secure.gravatar.com\\\/avatar\\\/f8d49d230387fe95329c8c2282dda447963627f07b20969a21414d5cb19c58dc?s=96&d=mm&r=g\",\"url\":\"https:\\\/\\\/secure.gravatar.com\\\/avatar\\\/f8d49d230387fe95329c8c2282dda447963627f07b20969a21414d5cb19c58dc?s=96&d=mm&r=g\",\"contentUrl\":\"https:\\\/\\\/secure.gravatar.com\\\/avatar\\\/f8d49d230387fe95329c8c2282dda447963627f07b20969a21414d5cb19c58dc?s=96&d=mm&r=g\",\"caption\":\"Julia\"},\"url\":\"https:\\\/\\\/www.druckstdu.de\\\/magazin\\\/author\\\/julia\\\/\"}]}<\/script>\n<!-- \/ Yoast SEO plugin. -->","yoast_head_json":{"title":"Kreative Fotokalender-Ideen \ud83c\udfa8 f\u00fcr individuelle Erinnerungen!","description":"Entdecken Sie kreative Fotokalender Ideen und gestalten Sie Ihr pers\u00f6nliches Meisterwerk mit Druckstdu. \u2728 Setzen Sie Erinnerungen stilvoll in Szene! \ud83c\udfa8","canonical":"https:\/\/www.druckstdu.de\/magazin\/kreative-fotokalender-ideen\/","og_locale":"de_DE","og_type":"article","og_title":"Kreative Fotokalender-Ideen \ud83c\udfa8 f\u00fcr individuelle Erinnerungen!","og_description":"Entdecken Sie kreative Fotokalender Ideen und gestalten Sie Ihr pers\u00f6nliches Meisterwerk mit Druckstdu. \u2728 Setzen Sie Erinnerungen stilvoll in Szene! \ud83c\udfa8","og_url":"https:\/\/www.druckstdu.de\/magazin\/kreative-fotokalender-ideen\/","og_site_name":"Magazin | Druckstdu","article_published_time":"2025-09-03T03:03:28+00:00","article_modified_time":"2025-09-05T02:41:38+00:00","og_image":[{"width":1920,"height":628,"url":"https:\/\/www.druckstdu.de\/magazin\/wp-content\/uploads\/2025\/09\/kreative-fotokalender-ideen-3-monatskalender-mit-3-bildern-von-schwangerschaft-bis-baby.webp","type":"image\/webp"}],"author":"Julia","twitter_card":"summary_large_image","twitter_misc":{"Verfasst von":"Julia","Gesch\u00e4tzte Lesezeit":"12\u00a0Minuten"},"schema":{"@context":"https:\/\/schema.org","@graph":[{"@type":"Article","@id":"https:\/\/www.druckstdu.de\/magazin\/kreative-fotokalender-ideen\/#article","isPartOf":{"@id":"https:\/\/www.druckstdu.de\/magazin\/kreative-fotokalender-ideen\/"},"author":{"name":"Julia","@id":"https:\/\/www.druckstdu.de\/magazin\/#\/schema\/person\/21d94f7931f413d20158ecb9769efa5b"},"headline":"Kreative Fotokalender-Ideen: Gestalten Sie Ihre pers\u00f6nlichen Erinnerungen stilvoll","datePublished":"2025-09-03T03:03:28+00:00","dateModified":"2025-09-05T02:41:38+00:00","mainEntityOfPage":{"@id":"https:\/\/www.druckstdu.de\/magazin\/kreative-fotokalender-ideen\/"},"wordCount":2143,"image":{"@id":"https:\/\/www.druckstdu.de\/magazin\/kreative-fotokalender-ideen\/#primaryimage"},"thumbnailUrl":"https:\/\/www.druckstdu.de\/magazin\/wp-content\/uploads\/2025\/09\/kreative-fotokalender-ideen-3-monatskalender-mit-3-bildern-von-schwangerschaft-bis-baby.webp","articleSection":["DIY"],"inLanguage":"de"},{"@type":"WebPage","@id":"https:\/\/www.druckstdu.de\/magazin\/kreative-fotokalender-ideen\/","url":"https:\/\/www.druckstdu.de\/magazin\/kreative-fotokalender-ideen\/","name":"Kreative Fotokalender-Ideen \ud83c\udfa8 f\u00fcr individuelle Erinnerungen!","isPartOf":{"@id":"https:\/\/www.druckstdu.de\/magazin\/#website"},"primaryImageOfPage":{"@id":"https:\/\/www.druckstdu.de\/magazin\/kreative-fotokalender-ideen\/#primaryimage"},"image":{"@id":"https:\/\/www.druckstdu.de\/magazin\/kreative-fotokalender-ideen\/#primaryimage"},"thumbnailUrl":"https:\/\/www.druckstdu.de\/magazin\/wp-content\/uploads\/2025\/09\/kreative-fotokalender-ideen-3-monatskalender-mit-3-bildern-von-schwangerschaft-bis-baby.webp","datePublished":"2025-09-03T03:03:28+00:00","dateModified":"2025-09-05T02:41:38+00:00","author":{"@id":"https:\/\/www.druckstdu.de\/magazin\/#\/schema\/person\/21d94f7931f413d20158ecb9769efa5b"},"description":"Entdecken Sie kreative Fotokalender Ideen und gestalten Sie Ihr pers\u00f6nliches Meisterwerk mit Druckstdu. \u2728 Setzen Sie Erinnerungen stilvoll in Szene! \ud83c\udfa8","breadcrumb":{"@id":"https:\/\/www.druckstdu.de\/magazin\/kreative-fotokalender-ideen\/#breadcrumb"},"inLanguage":"de","potentialAction":[{"@type":"ReadAction","target":["https:\/\/www.druckstdu.de\/magazin\/kreative-fotokalender-ideen\/"]}]},{"@type":"ImageObject","inLanguage":"de","@id":"https:\/\/www.druckstdu.de\/magazin\/kreative-fotokalender-ideen\/#primaryimage","url":"https:\/\/www.druckstdu.de\/magazin\/wp-content\/uploads\/2025\/09\/kreative-fotokalender-ideen-3-monatskalender-mit-3-bildern-von-schwangerschaft-bis-baby.webp","contentUrl":"https:\/\/www.druckstdu.de\/magazin\/wp-content\/uploads\/2025\/09\/kreative-fotokalender-ideen-3-monatskalender-mit-3-bildern-von-schwangerschaft-bis-baby.webp","width":1920,"height":628,"caption":"Kreative Fotokalender Ideen: 3-Monatskalender mit 3 Bildern von Schwangerschaft bis Baby"},{"@type":"BreadcrumbList","@id":"https:\/\/www.druckstdu.de\/magazin\/kreative-fotokalender-ideen\/#breadcrumb","itemListElement":[{"@type":"ListItem","position":1,"name":"Startseite","item":"https:\/\/www.druckstdu.de\/magazin\/"},{"@type":"ListItem","position":2,"name":"Kreative Fotokalender-Ideen: Gestalten Sie Ihre pers\u00f6nlichen Erinnerungen stilvoll"}]},{"@type":"WebSite","@id":"https:\/\/www.druckstdu.de\/magazin\/#website","url":"https:\/\/www.druckstdu.de\/magazin\/","name":"Magazin | Druckstdu","description":"","potentialAction":[{"@type":"SearchAction","target":{"@type":"EntryPoint","urlTemplate":"https:\/\/www.druckstdu.de\/magazin\/?s={search_term_string}"},"query-input":{"@type":"PropertyValueSpecification","valueRequired":true,"valueName":"search_term_string"}}],"inLanguage":"de"},{"@type":"Person","@id":"https:\/\/www.druckstdu.de\/magazin\/#\/schema\/person\/21d94f7931f413d20158ecb9769efa5b","name":"Julia","image":{"@type":"ImageObject","inLanguage":"de","@id":"https:\/\/secure.gravatar.com\/avatar\/f8d49d230387fe95329c8c2282dda447963627f07b20969a21414d5cb19c58dc?s=96&d=mm&r=g","url":"https:\/\/secure.gravatar.com\/avatar\/f8d49d230387fe95329c8c2282dda447963627f07b20969a21414d5cb19c58dc?s=96&d=mm&r=g","contentUrl":"https:\/\/secure.gravatar.com\/avatar\/f8d49d230387fe95329c8c2282dda447963627f07b20969a21414d5cb19c58dc?s=96&d=mm&r=g","caption":"Julia"},"url":"https:\/\/www.druckstdu.de\/magazin\/author\/julia\/"}]}},"wp-worthy-pixel":{"ignored":false,"public":null,"server":null,"url":null},"wp-worthy-type":"normal","_links":{"self":[{"href":"https:\/\/www.druckstdu.de\/magazin\/wp-json\/wp\/v2\/posts\/134","targetHints":{"allow":["GET"]}}],"collection":[{"href":"https:\/\/www.druckstdu.de\/magazin\/wp-json\/wp\/v2\/posts"}],"about":[{"href":"https:\/\/www.druckstdu.de\/magazin\/wp-json\/wp\/v2\/types\/post"}],"author":[{"embeddable":true,"href":"https:\/\/www.druckstdu.de\/magazin\/wp-json\/wp\/v2\/users\/3"}],"replies":[{"embeddable":true,"href":"https:\/\/www.druckstdu.de\/magazin\/wp-json\/wp\/v2\/comments?post=134"}],"version-history":[{"count":2,"href":"https:\/\/www.druckstdu.de\/magazin\/wp-json\/wp\/v2\/posts\/134\/revisions"}],"predecessor-version":[{"id":209,"href":"https:\/\/www.druckstdu.de\/magazin\/wp-json\/wp\/v2\/posts\/134\/revisions\/209"}],"wp:featuredmedia":[{"embeddable":true,"href":"https:\/\/www.druckstdu.de\/magazin\/wp-json\/wp\/v2\/media\/135"}],"wp:attachment":[{"href":"https:\/\/www.druckstdu.de\/magazin\/wp-json\/wp\/v2\/media?parent=134"}],"wp:term":[{"taxonomy":"category","embeddable":true,"href":"https:\/\/www.druckstdu.de\/magazin\/wp-json\/wp\/v2\/categories?post=134"},{"taxonomy":"post_tag","embeddable":true,"href":"https:\/\/www.druckstdu.de\/magazin\/wp-json\/wp\/v2\/tags?post=134"}],"curies":[{"name":"wp","href":"https:\/\/api.w.org\/{rel}","templated":true}]}}