{"id":143,"date":"2025-09-03T04:08:49","date_gmt":"2025-09-03T04:08:49","guid":{"rendered":"https:\/\/www.druckstdu.de\/magazin\/?p=143"},"modified":"2025-09-05T02:21:28","modified_gmt":"2025-09-05T02:21:28","slug":"fotos-als-teil-des-wohnstils","status":"publish","type":"post","link":"https:\/\/www.druckstdu.de\/magazin\/fotos-als-teil-des-wohnstils\/","title":{"rendered":"Fotos als Teil Ihres Wohnstils: Wie Bilder Atmosph\u00e4re schaffen"},"content":{"rendered":"\n<p>Fotos sind mehr als nur Erinnerungen; sie sind Kunstwerke, die einen <strong>Raum beleben<\/strong> und ihm eine pers\u00f6nliche Note verleihen. Sie sind ein entscheidendes Element, das nicht nur an vergangene Momente erinnert, sondern auch die <strong>Atmosph\u00e4re eines Raumes<\/strong> entscheidend beeinflussen kann. Ganz gleich, ob Sie den Look eines Raums aufwerten oder eine beruhigende Atmosph\u00e4re schaffen m\u00f6chten \u2013 Bilder spielen eine gro\u00dfe Rolle dabei, wie wir uns in einem Raum f\u00fchlen. In diesem Artikel erfahren Sie, wie Sie <strong>Fotos gezielt als Teil Ihres Wohnstils nutzen <\/strong>k\u00f6nnen, um sowohl visuelle Sch\u00f6nheit als auch eine bestimmte Stimmung in Ihrem Zuhause zu erzeugen.<\/p>\n\n\n\n<h2 class=\"wp-block-heading\">Die Wirkung von Bildern auf die Raumgestaltung<\/h2>\n\n\n\n<p>Wenn es darum geht, Fotos <strong>in Ihre Raumgestaltung zu integrieren<\/strong>, ist es wichtig zu verstehen, dass Bilder nicht nur dekorative Elemente sind, sondern starke emotionale Reaktionen hervorrufen k\u00f6nnen. Sie k\u00f6nnen die Stimmung eines Raumes positiv beeinflussen und sogar die Art und Weise, <strong>wie Sie sich in Ihrem Zuhause f\u00fchlen.<\/strong> Ob Sie ein Gef\u00fchl von Ruhe und Entspannung schaffen oder das Wohnzimmer mit Energie und Dynamik f\u00fcllen m\u00f6chten \u2013 die richtige Auswahl und Platzierung von Fotos kann Wunder wirken.<\/p>\n\n\n\n<h3 class=\"wp-block-heading\">Fotos schaffen Atmosph\u00e4re und Stimmung<\/h3>\n\n\n\n<ul class=\"wp-block-list\">\n<li><strong>Beruhigung und Entspannung<\/strong>: Ein einfaches Naturfoto, wie ein Foto von einem ruhigen See oder einer gr\u00fcnen Landschaft, kann eine beruhigende Wirkung auf den Raum aus\u00fcben. Diese Art von Bild schafft eine entspannte, friedliche Atmosph\u00e4re, ideal f\u00fcr Schlafzimmer oder Wohnzimmer.<\/li>\n\n\n\n<li><strong>Energie und Inspiration<\/strong>: Bilder von lebendigen St\u00e4dten, dynamischen Szenen oder farbenfrohen Kunstwerken k\u00f6nnen einen Raum aufpeppen und eine energetische, kreative Stimmung f\u00f6rdern. Diese Art von Fotografie passt gut in Arbeitsr\u00e4ume, B\u00fcros oder auch in ein kreatives Hobbyzimmer.<\/li>\n\n\n\n<li><strong>Nostalgie und W\u00e4rme<\/strong>: Familienfotos oder Erinnerungsbilder von besonderen Momenten haben eine besondere F\u00e4higkeit, W\u00e4rme und Geborgenheit in einem Raum zu erzeugen. Diese Bilder schaffen ein Gef\u00fchl von Heimat und Verbundenheit und sind in Fluren oder Wohnzimmern sehr beliebt.<\/li>\n\n\n\n<li><\/li>\n<\/ul>\n\n\n\n<h3 class=\"wp-block-heading\">Fotos als Ausdruck Ihrer Pers\u00f6nlichkeit<\/h3>\n\n\n\n<p>Fotos erz\u00e4hlen Geschichten und geben Ihrem Raum eine <strong>pers\u00f6nliche Note<\/strong>. Sie k\u00f6nnen Bilder von besonderen Reisen, von Freunden und Familie oder von Momenten, die Sie inspiriert haben, ausstellen. Diese Fotos vermitteln nicht nur etwas \u00fcber Ihre Geschichte, sondern verleihen Ihrem Zuhause auch <strong>Authentizit\u00e4t und Charakter.<\/strong><\/p>\n\n\n\n<ul class=\"wp-block-list\">\n<li><strong>Pers\u00f6nliche Sammlung<\/strong>: Zeigen Sie Fotos, die Ihre pers\u00f6nlichen Erlebnisse widerspiegeln. Diese Bilder schaffen nicht nur eine Verbindung zu Erinnerungen, sondern auch eine individuelle Atmosph\u00e4re, die Ihren Raum einzigartig macht.<\/li>\n\n\n\n<li><strong>Reise- und Abenteuerfotos<\/strong>: Wenn Sie gerne reisen oder neue Orte entdecken, k\u00f6nnen Fotos von Ihren Abenteuern ein Gef\u00fchl von Fernweh und Neugierde in Ihr Zuhause bringen.<\/li>\n\n\n\n<li><strong>Kunst und Design<\/strong>: Kunstvolle Fotografien oder abstrakte Fotos k\u00f6nnen ebenfalls als Ausdruck von Pers\u00f6nlichkeit dienen und Ihrem Raum eine moderne und kreative Note verleihen.<\/li>\n<\/ul>\n\n\n\n<h2 class=\"wp-block-heading\">Die richtige Platzierung von Bildern im Raum<\/h2>\n\n\n\n<p>Ein entscheidender Faktor bei der Verwendung von Fotos als Teil Ihres Wohnstils ist die Platzierung. <strong>Wo Sie die Bilder aufh\u00e4ngen<\/strong>, hat gro\u00dfen Einfluss darauf, wie sie den Raum beeinflussen und wie die Atmosph\u00e4re im Raum wahrgenommen wird.<\/p>\n\n\n\n<h3 class=\"wp-block-heading\">Wandfl\u00e4chen optimal nutzen<\/h3>\n\n\n\n<ul class=\"wp-block-list\">\n<li><strong>Gro\u00dfe Bilder als Blickfang<\/strong>: Eine einzelne gro\u00dfe Leinwand oder ein gro\u00dfes Fotobild kann als zentraler Blickfang in einem Raum dienen. Diese sollten an gut sichtbaren W\u00e4nden platziert werden, wie zum Beispiel \u00fcber dem Sofa im Wohnzimmer oder als Statement in einem langen Flur.<\/li>\n\n\n\n<li><strong>Galeriew\u00e4nde f\u00fcr eine pers\u00f6nliche Ausstellung<\/strong>: Wenn Sie mehrere kleinere Fotos haben, k\u00f6nnen Sie eine Galeriewand schaffen, die verschiedene Momente, Themen oder Stile miteinander kombiniert. Eine Galeriewand erm\u00f6glicht es Ihnen, mehrere Bilder in einem Raum zu integrieren und eine visuelle Vielfalt zu schaffen, ohne den Raum zu \u00fcberladen.<\/li>\n\n\n\n<li><strong>Fotos auf M\u00f6beln oder Regalen<\/strong>: Fotos m\u00fcssen nicht immer an der Wand h\u00e4ngen. Sie k\u00f6nnen auch auf Regalen, Sideboards oder Tischen platziert werden. Bilder in Rahmen oder Fotob\u00fcchern k\u00f6nnen auch als dekorative Akzente auf M\u00f6belst\u00fccken wirken und das Raumdesign auflockern.<\/li>\n<\/ul>\n\n\n\n<h3 class=\"wp-block-heading\">Die Wirkung von Rahmen und Materialien<\/h3>\n\n\n\n<p>Der Rahmen eines Bildes spielt eine <strong>ebenso wichtige Rolle<\/strong> wie das Bild selbst. Die Wahl des Rahmens kann die Wirkung des Fotos beeinflussen und den Stil des Raums unterstreichen.<\/p>\n\n\n\n<ul class=\"wp-block-list\">\n<li><strong>Minimalistische Rahmen f\u00fcr modernen Look<\/strong>: Schlichte, d\u00fcnne Rahmen aus Holz oder Metall passen gut in moderne, minimalistische R\u00e4ume. Sie lassen das Bild selbst im Mittelpunkt stehen und tragen zur Klarheit und Ruhe im Raum bei.<\/li>\n\n\n\n<li><strong><a href=\"https:\/\/de.wikipedia.org\/wiki\/Vintage\">Vintage<\/a>-Rahmen f\u00fcr nostalgischen Charme<\/strong>: In einem rustikalen oder klassischen Raum k\u00f6nnen Bilder in antiken oder verschn\u00f6rkelten Rahmen eine warme, nostalgische Atmosph\u00e4re schaffen.<\/li>\n\n\n\n<li><strong>Rahmenfarbe und Material<\/strong>: Die Wahl der Rahmenfarbe und des Materials kann ebenfalls eine wichtige Rolle spielen. Dunkle Holzrahmen passen gut zu traditionellen M\u00f6beln, w\u00e4hrend helle, wei\u00dfe Rahmen in modernen, luftigen R\u00e4umen besser zur Geltung kommen.<\/li>\n<\/ul>\n\n\n\n<p><em><a href=\"https:\/\/www.druckstdu.de\/magazin\/minimalismus-in-fotoprojekten\/\">Vertiefende Ideen zu Minimalismus und Erinnerung<\/a> finden Sie in unserem passenden Magazinartikel.<\/em><\/p>\n\n\n\n<h2 class=\"wp-block-heading\">Die Auswahl der richtigen Fotos f\u00fcr Ihre R\u00e4ume<\/h2>\n\n\n\n<p>Die Auswahl der richtigen Bilder ist entscheidend, um die gew\u00fcnschte Atmosph\u00e4re zu schaffen. Es gibt keine \u201eOne-Size-Fits-All\u201c-L\u00f6sung, wenn es darum geht, <strong>welches Bild<\/strong> am besten<strong> zu einem bestimmten Raum passt<\/strong>. Dennoch gibt es einige allgemeine Prinzipien, die Ihnen helfen k\u00f6nnen, das richtige Bild f\u00fcr jede Umgebung auszuw\u00e4hlen.<\/p>\n\n\n\n<h3 class=\"wp-block-heading\">Fotografie f\u00fcr Wohnzimmer und Entspannungsr\u00e4ume<\/h3>\n\n\n\n<p>Im Wohnzimmer, wo Sie sich entspannen und G\u00e4ste empfangen, k\u00f6nnen Bilder eine <strong>ruhige, einladende Atmosph\u00e4re<\/strong> schaffen. Fotografien, die Natur, Landschaften oder beruhigende Szenen darstellen, sind besonders geeignet, da sie eine friedliche Stimmung erzeugen.<\/p>\n\n\n\n<ul class=\"wp-block-list\">\n<li><strong>Natur- und Landschaftsbilder<\/strong>: Fotos von W\u00e4ldern, Str\u00e4nden oder Bergen f\u00f6rdern eine entspannte, erdende Atmosph\u00e4re. Diese Art von Fotografie eignet sich gut f\u00fcr gr\u00f6\u00dfere Wandfl\u00e4chen oder \u00fcber dem Sofa.<\/li>\n\n\n\n<li><strong>Familienfotos<\/strong>: Diese k\u00f6nnen im Wohnzimmer eine warme, pers\u00f6nliche Note hinzuf\u00fcgen und schaffen eine Atmosph\u00e4re von Geborgenheit und Verbindung.<\/li>\n<\/ul>\n\n\n\n<h3 class=\"wp-block-heading\">Fotografien f\u00fcr Arbeitszimmer oder Homeoffice<\/h3>\n\n\n\n<p>Im Arbeitszimmer oder Homeoffice ist es wichtig, eine Atmosph\u00e4re zu schaffen, die sowohl<strong> inspirierend<\/strong> als auch<strong> fokussier<\/strong>t ist. Hier k\u00f6nnen Bilder mit Motivationen, kreativen Szenen oder abstrakter Kunst helfen, die richtige Balance zwischen Produktivit\u00e4t und Inspiration zu finden.<\/p>\n\n\n\n<ul class=\"wp-block-list\">\n<li><strong>Abstrakte Kunst<\/strong>: Abstrakte Fotografien oder k\u00fcnstlerische Interpretationen k\u00f6nnen die Kreativit\u00e4t anregen und Ihrem Arbeitsplatz eine moderne, dynamische Energie verleihen.<\/li>\n\n\n\n<li><strong>Zitate oder inspirierende Worte<\/strong>: Fotos, die motivierende Zitate oder Schriftz\u00fcge kombinieren, k\u00f6nnen als t\u00e4gliche Inspiration dienen und Ihre Produktivit\u00e4t steigern.<\/li>\n<\/ul>\n\n\n\n<h3 class=\"wp-block-heading\">Bilder f\u00fcr Schlafzimmer und private R\u00fcckzugsr\u00e4ume<\/h3>\n\n\n\n<p>Im Schlafzimmer m\u00f6chten Sie eine Atmosph\u00e4re der <strong>Ruhe und des Friedens<\/strong> schaffen. Achten Sie darauf, dass die Bilder beruhigend wirken und nicht zu stimulierend sind. Fotos, die eine friedliche, entspannende Stimmung vermitteln, sind hier am besten geeignet.<\/p>\n\n\n\n<ul class=\"wp-block-list\">\n<li><strong>Sanfte Naturaufnahmen<\/strong>: Fotos von weiten Feldern, ruhigen Seen oder sanften Himmeln schaffen eine beruhigende Atmosph\u00e4re, die zu einem erholsamen Schlaf beitr\u00e4gt.<\/li>\n\n\n\n<li><strong>Schwarz-Wei\u00df-Bilder<\/strong>: Schlichte, monochrome Bilder haben oft eine zeitlose Eleganz und sorgen f\u00fcr eine entspannte, unaufgeregte Stimmung im Schlafzimmer.<\/li>\n<\/ul>\n\n\n\n<h2 class=\"wp-block-heading\">Wie Sie Ihre Fotoprodukte perfekt in Ihren Wohnstil integrieren<\/h2>\n\n\n\n<p>Neben der Auswahl der richtigen Bilder spielt auch die Art und Weise, wie Sie Ihre Fotos pr\u00e4sentieren, eine wichtige Rolle. Es geht nicht nur um das Bild selbst, sondern auch um die <strong>Pr\u00e4sentation<\/strong> \u2013 Rahmen, Anordnung und Stil des Fotoprodukts sollten mit Ihrem Wohnstil harmonieren.<\/p>\n\n\n\n<h3 class=\"wp-block-heading\">Rahmen und Materialien: Der richtige Rahmen f\u00fcr Ihr Foto<\/h3>\n\n\n\n<p>Die Wahl des Rahmens hat gro\u00dfen Einfluss auf die<strong> Wirkung des Bildes im Raum<\/strong>. Der Rahmen sollte das Bild erg\u00e4nzen, aber nicht davon ablenken. Je nach Stil des Raumes und des Fotos k\u00f6nnen Sie unterschiedliche Materialien und Designs w\u00e4hlen.<\/p>\n\n\n\n<ul class=\"wp-block-list\">\n<li><strong>Schlichte, moderne Rahmen<\/strong>: F\u00fcr ein minimalistisches Zuhause eignen sich einfache Holz- oder Metallrahmen in neutralen Farben wie Schwarz, Wei\u00df oder Grau. Diese Rahmen lassen das Bild selbst in den Vordergrund treten und passen gut in moderne, ruhige R\u00e4ume.<\/li>\n\n\n\n<li><strong>Rustikale oder Vintage-Rahmen<\/strong>: F\u00fcr ein traditionelles oder l\u00e4ndliches Zuhause bieten sich Bilderrahmen aus Holz mit einer patinierten Oberfl\u00e4che an, die dem Raum W\u00e4rme und Charakter verleihen.<\/li>\n\n\n\n<li><strong>Gold- oder Silberrahmen<\/strong>: Diese sind perfekt f\u00fcr elegante, klassische R\u00e4ume und verleihen dem Foto eine luxuri\u00f6se Note.<\/li>\n<\/ul>\n\n\n\n<h3 class=\"wp-block-heading\">Die richtige Anordnung der Bilder<\/h3>\n\n\n\n<p>Die Platzierung von Fotos kann die <strong>Raumwahrnehmung <\/strong>erheblich beeinflussen. Die richtige Anordnung sorgt daf\u00fcr, dass die Bilder nicht nur sch\u00f6n aussehen, sondern auch zur Gesamtatmosph\u00e4re des Raumes beitragen.<\/p>\n\n\n\n<ul class=\"wp-block-list\">\n<li><strong>Galeriew\u00e4nde<\/strong>: Eine Galeriewand bietet Platz f\u00fcr mehrere Bilder, die zusammen eine harmonische Geschichte erz\u00e4hlen. Achten Sie darauf, dass die Bilder thematisch oder farblich miteinander harmonieren.<\/li>\n\n\n\n<li><strong>Einzelne gro\u00dfe Bilder<\/strong>: Ein gro\u00dfes, eindrucksvolles Bild kann der Mittelpunkt eines Raumes sein. Platzieren Sie es an einer zentralen Wand, um es als Blickfang wirken zu lassen.<\/li>\n\n\n\n<li><strong>Symmetrische Anordnung<\/strong>: Symmetrische Anordnungen, bei denen die Bilder gleichm\u00e4\u00dfig auf einer Wand verteilt sind, sorgen f\u00fcr eine ruhige und ausgeglichene Wirkung.<\/li>\n<\/ul>\n\n\n\n<h3 class=\"wp-block-heading\">Fotoprodukte: Wandbilder, Kalender und Fotob\u00fccher<\/h3>\n\n\n\n<p>Fotoprodukte wie Wandbilder, Kalender oder Fotob\u00fccher sind nicht nur praktisch, sondern auch eine stilvolle M\u00f6glichkeit, Ihre <strong>Fotos in Ihr Zuhause<\/strong> zu <strong>integrieren<\/strong>. Sie erm\u00f6glichen es Ihnen, Erinnerungen kreativ und sinnvoll zu bewahren, w\u00e4hrend sie gleichzeitig Ihre Raumgestaltung bereichern.<\/p>\n\n\n\n<ul class=\"wp-block-list\">\n<li><a href=\"https:\/\/www.druckstdu.de\/wandbilder\/\"><strong>Wandbilder<\/strong><\/a>: Ob als Leinwanddruck oder gerahmtes Foto \u2013 Wandbilder verleihen jedem Raum eine pers\u00f6nliche und elegante Atmosph\u00e4re. Nutzen Sie diese, um bestimmte Themen oder Stimmungen im Raum zu unterstreichen.<\/li>\n\n\n\n<li><a href=\"https:\/\/www.druckstdu.de\/fotokalender\/\"><strong>Fotokalender<\/strong><\/a>: Fotokalender sind nicht nur funktional, sondern bieten Ihnen auch jeden Monat eine neue Erinnerung. H\u00e4ngen Sie einen Kalender an einem prominenten Platz auf, und lassen Sie sich das ganze Jahr \u00fcber an sch\u00f6ne Momente erinnern.<\/li>\n\n\n\n<li><a href=\"https:\/\/www.druckstdu.de\/fotobuecher\/\"><strong>Fotob\u00fccher<\/strong><\/a>: F\u00fcr eine besondere Sammlung Ihrer Lieblingsfotos eignet sich ein Fotobuch. Es ist eine gro\u00dfartige M\u00f6glichkeit, Erinnerungen zu sammeln und zu bewahren, die Sie immer wieder durchbl\u00e4ttern k\u00f6nnen.<\/li>\n<\/ul>\n\n\n\n<p><em>Weitere Inspiration bietet unser <a href=\".\u201c https:\/\/www.druckstdu.de\/magazin\/personalisierte-wandbilder\/\">Beitrag \u00fcber personalisierte Wandbilder f\u00fcrs Wohnzimmer<\/a>.<\/em><\/p>\n\n\n\n<h2 class=\"wp-block-heading\">Fazit: Fotos als Ausdruck Ihres Wohnstils<\/h2>\n\n\n\n<p>Fotos sind weit mehr als nur dekorative Elemente \u2013 sie sind ein <strong>Ausdruck Ihrer Pers\u00f6nlichkeit <\/strong>und tragen ma\u00dfgeblich dazu bei, wie Sie sich in Ihrem Zuhause f\u00fchlen. Mit der richtigen Auswahl und Pr\u00e4sentation von Bildern k\u00f6nnen Sie <strong>Atmosph\u00e4re und Stimmung<\/strong> in jedem Raum Ihres Hauses schaffen. Ob beruhigende Naturbilder im Schlafzimmer oder dynamische Fotokunst im Arbeitszimmer \u2013 Fotos haben die Kraft, Ihre Lebensqualit\u00e4t zu bereichern und Ihre <strong>R\u00e4ume lebendig<\/strong> zu <strong>machen<\/strong>. Nutzen Sie die vielf\u00e4ltigen M\u00f6glichkeiten von Fotoprodukten, um Ihre Erinnerungen und Ihren Stil perfekt in Szene zu setzen.<\/p>\n\n\n\n<p>\ud83d\udc49 Verleihen Sie Ihrem Zuhause eine <strong>pers\u00f6nliche Note<\/strong> mit hochwertigen Fotoprodukten von <a href=\"https:\/\/www.druckstdu.de\/\">druckstdu<\/a>! Entdecken Sie die beste <a href=\"https:\/\/www.druckstdu.de\/druck-und-qualitat\/\">Qualit\u00e4t<\/a> f\u00fcr Ihre Erinnerungen und gestalten Sie Ihren Raum mit Bildern, die Atmosph\u00e4re schaffen.<\/p>\n\n\n\n<h2 class=\"wp-block-heading\">FAQ: Fotos als Teil Ihres Wohnstils<\/h2>\n\n\n\n<h3 class=\"wp-block-heading\">Wie beeinflussen Fotos die Atmosph\u00e4re in meinem Zuhause?<\/h3>\n\n\n\n<p>Fotos k\u00f6nnen eine starke emotionale Wirkung auf die Atmosph\u00e4re eines Raumes haben. Sie k\u00f6nnen nicht nur als dekorative Elemente dienen, sondern auch eine bestimmte Stimmung erzeugen. Natur- oder Landschaftsaufnahmen schaffen eine beruhigende Atmosph\u00e4re, w\u00e4hrend lebendige, farbenfrohe Bilder Energie und Kreativit\u00e4t f\u00f6rdern k\u00f6nnen. Die Wahl des Fotos und seiner Platzierung ist entscheidend, um die gew\u00fcnschte Stimmung zu unterst\u00fctzen und das Gesamtbild des Raums zu verst\u00e4rken.<\/p>\n\n\n\n<h3 class=\"wp-block-heading\">Was sind die besten Tipps, um Fotos in meine Wohnung zu integrieren?<\/h3>\n\n\n\n<p>Die besten Tipps f\u00fcr die Integration von Fotos in Ihre Wohnung sind:<\/p>\n\n\n\n<ul class=\"wp-block-list\">\n<li>Platzierung: W\u00e4hlen Sie strategische Orte, an denen Sie regelm\u00e4\u00dfig vorbeigehen, wie \u00fcber dem Sofa oder im Flur.<\/li>\n\n\n\n<li>Rahmen: Achten Sie darauf, dass die Rahmen zu Ihrem Einrichtungsstil passen. Schlichte, moderne Rahmen passen gut in minimalistische R\u00e4ume, w\u00e4hrend rustikale Rahmen in traditionellere Einrichtungen gut zur Geltung kommen.<\/li>\n\n\n\n<li>Galeriew\u00e4nde: Wenn Sie mehrere Bilder haben, stellen Sie sie in einer Galerieanordnung zusammen. Achten Sie darauf, dass sie thematisch oder farblich miteinander harmonieren.<\/li>\n<\/ul>\n\n\n\n<h3 class=\"wp-block-heading\">Welche Fotos passen am besten in bestimmte R\u00e4ume?<\/h3>\n\n\n\n<ul class=\"wp-block-list\">\n<li>Wohnzimmer: W\u00e4hlen Sie Fotos von famili\u00e4ren Momenten, Naturaufnahmen oder beruhigenden Landschaften, die eine warme und einladende Atmosph\u00e4re schaffen.<\/li>\n\n\n\n<li>Schlafzimmer: Beruhigende Bilder von sanften Naturmotiven oder monochrome Bilder sorgen f\u00fcr eine ruhige und entspannende Atmosph\u00e4re.<\/li>\n\n\n\n<li>Arbeitszimmer\/Heimb\u00fcro: Hier eignen sich kreative und motivierende Bilder, wie abstrakte Kunst oder inspirierende Landschaften, die Produktivit\u00e4t und Kreativit\u00e4t anregen.<\/li>\n<\/ul>\n\n\n\n<h3 class=\"wp-block-heading\">Wie finde ich den richtigen Rahmen f\u00fcr meine Fotos?<\/h3>\n\n\n\n<p>Die Wahl des Rahmens h\u00e4ngt vom Stil des Raumes und des Fotos ab:<\/p>\n\n\n\n<ul class=\"wp-block-list\">\n<li>Moderne R\u00e4ume: Schlichte Rahmen in neutralen Farben (z. B. schwarz, wei\u00df, silber) oder aus Metall sind ideal.<\/li>\n\n\n\n<li>Klassische und rustikale R\u00e4ume: Hier passen Holzrahmen, die entweder naturbelassen oder patiniert sind, hervorragend.<\/li>\n\n\n\n<li>Abstrakte Kunst: F\u00fcr kreative, k\u00fcnstlerische Fotos bieten sich auff\u00e4lligere, unkonventionelle Rahmen an, die den modernen Look unterstreichen.<\/li>\n<\/ul>\n\n\n\n<h3 class=\"wp-block-heading\">Wie kann ich Fotoprodukte wie Fotob\u00fccher oder Kalender in meinen Wohnstil integrieren?<\/h3>\n\n\n\n<p>Fotob\u00fccher und Fotokalender sind ausgezeichnete M\u00f6glichkeiten, um Ihre Fotos stilvoll zu pr\u00e4sentieren:<\/p>\n\n\n\n<ul class=\"wp-block-list\">\n<li>Fotob\u00fccher: Gestalten Sie Fotob\u00fccher mit den besten Momenten aus dem Jahr, aus Reisen oder besonderen Erlebnissen. Diese k\u00f6nnen auf B\u00fccherregalen oder Tischen platziert werden, um eine pers\u00f6nliche Note zu verleihen.<\/li>\n\n\n\n<li>Fotokalender: H\u00e4ngen Sie einen Fotokalender auf, der jeden Monat ein besonderes Bild zeigt. Dies ist nicht nur praktisch, sondern auch eine t\u00e4gliche Erinnerung an Ihre wertvollen Momente.<\/li>\n<\/ul>\n\n\n\n<p><\/p>\n<a class=\"simplefavorite-button\" data-postid=\"143\" data-siteid=\"1\" data-groupid=\"1\" data-favoritecount=\"0\" style=\"\"><img decoding=\"async\" src=\"\/magazin\/wp-content\/uploads\/2025\/07\/heart.svg\">Speichern f\u00fcr sp\u00e4ter<\/a>","protected":false},"excerpt":{"rendered":"<p>Fotos sind mehr als nur Erinnerungen; sie sind Kunstwerke, die einen Raum beleben und ihm eine pers\u00f6nliche Note verleihen. Sie&#8230;<\/p>\n","protected":false},"author":3,"featured_media":144,"comment_status":"closed","ping_status":"closed","sticky":false,"template":"","format":"standard","meta":{"_acf_changed":false,"inline_featured_image":false,"footnotes":""},"categories":[3],"tags":[],"class_list":["post-143","post","type-post","status-publish","format-standard","has-post-thumbnail","hentry","category-design"],"acf":[],"yoast_head":"<!-- This site is optimized with the Yoast SEO plugin v27.5 - https:\/\/yoast.com\/product\/yoast-seo-wordpress\/ -->\n<title>Fotos als Teil Ihres Wohnstils \ud83d\udcf8 Wie Bilder Atmosph\u00e4re schaffen<\/title>\n<meta name=\"description\" content=\"Wie Fotos die Atmosph\u00e4re in Ihrem Zuhause ver\u00e4ndern. \ud83d\uddbc\ufe0f Tipps zur Auswahl und Pr\u00e4sentation von Bildern f\u00fcr Ihren einzigartigen Wohnstil.\" \/>\n<link rel=\"canonical\" href=\"https:\/\/www.druckstdu.de\/magazin\/fotos-als-teil-des-wohnstils\/\" \/>\n<meta property=\"og:locale\" content=\"de_DE\" \/>\n<meta property=\"og:type\" content=\"article\" \/>\n<meta property=\"og:title\" content=\"Fotos als Teil Ihres Wohnstils \ud83d\udcf8 Wie Bilder Atmosph\u00e4re schaffen\" \/>\n<meta property=\"og:description\" content=\"Wie Fotos die Atmosph\u00e4re in Ihrem Zuhause ver\u00e4ndern. \ud83d\uddbc\ufe0f Tipps zur Auswahl und Pr\u00e4sentation von Bildern f\u00fcr Ihren einzigartigen Wohnstil.\" \/>\n<meta property=\"og:url\" content=\"https:\/\/www.druckstdu.de\/magazin\/fotos-als-teil-des-wohnstils\/\" \/>\n<meta property=\"og:site_name\" content=\"Magazin | Druckstdu\" \/>\n<meta property=\"article:published_time\" content=\"2025-09-03T04:08:49+00:00\" \/>\n<meta property=\"article:modified_time\" content=\"2025-09-05T02:21:28+00:00\" \/>\n<meta property=\"og:image\" content=\"https:\/\/www.druckstdu.de\/magazin\/wp-content\/uploads\/2025\/09\/zwei-bilder-von-blueten-an-der-wohnzimmerwand-die-perfekt-zum-wohnstil-passen.webp\" \/>\n\t<meta property=\"og:image:width\" content=\"1920\" \/>\n\t<meta property=\"og:image:height\" content=\"628\" \/>\n\t<meta property=\"og:image:type\" content=\"image\/webp\" \/>\n<meta name=\"author\" content=\"Julia\" \/>\n<meta name=\"twitter:card\" content=\"summary_large_image\" \/>\n<meta name=\"twitter:label1\" content=\"Verfasst von\" \/>\n\t<meta name=\"twitter:data1\" content=\"Julia\" \/>\n\t<meta name=\"twitter:label2\" content=\"Gesch\u00e4tzte Lesezeit\" \/>\n\t<meta name=\"twitter:data2\" content=\"12\u00a0Minuten\" \/>\n<script type=\"application\/ld+json\" class=\"yoast-schema-graph\">{\"@context\":\"https:\\\/\\\/schema.org\",\"@graph\":[{\"@type\":\"Article\",\"@id\":\"https:\\\/\\\/www.druckstdu.de\\\/magazin\\\/fotos-als-teil-des-wohnstils\\\/#article\",\"isPartOf\":{\"@id\":\"https:\\\/\\\/www.druckstdu.de\\\/magazin\\\/fotos-als-teil-des-wohnstils\\\/\"},\"author\":{\"name\":\"Julia\",\"@id\":\"https:\\\/\\\/www.druckstdu.de\\\/magazin\\\/#\\\/schema\\\/person\\\/21d94f7931f413d20158ecb9769efa5b\"},\"headline\":\"Fotos als Teil Ihres Wohnstils: Wie Bilder Atmosph\u00e4re schaffen\",\"datePublished\":\"2025-09-03T04:08:49+00:00\",\"dateModified\":\"2025-09-05T02:21:28+00:00\",\"mainEntityOfPage\":{\"@id\":\"https:\\\/\\\/www.druckstdu.de\\\/magazin\\\/fotos-als-teil-des-wohnstils\\\/\"},\"wordCount\":2216,\"image\":{\"@id\":\"https:\\\/\\\/www.druckstdu.de\\\/magazin\\\/fotos-als-teil-des-wohnstils\\\/#primaryimage\"},\"thumbnailUrl\":\"https:\\\/\\\/www.druckstdu.de\\\/magazin\\\/wp-content\\\/uploads\\\/2025\\\/09\\\/zwei-bilder-von-blueten-an-der-wohnzimmerwand-die-perfekt-zum-wohnstil-passen.webp\",\"articleSection\":[\"Design\"],\"inLanguage\":\"de\"},{\"@type\":\"WebPage\",\"@id\":\"https:\\\/\\\/www.druckstdu.de\\\/magazin\\\/fotos-als-teil-des-wohnstils\\\/\",\"url\":\"https:\\\/\\\/www.druckstdu.de\\\/magazin\\\/fotos-als-teil-des-wohnstils\\\/\",\"name\":\"Fotos als Teil Ihres Wohnstils \ud83d\udcf8 Wie Bilder Atmosph\u00e4re schaffen\",\"isPartOf\":{\"@id\":\"https:\\\/\\\/www.druckstdu.de\\\/magazin\\\/#website\"},\"primaryImageOfPage\":{\"@id\":\"https:\\\/\\\/www.druckstdu.de\\\/magazin\\\/fotos-als-teil-des-wohnstils\\\/#primaryimage\"},\"image\":{\"@id\":\"https:\\\/\\\/www.druckstdu.de\\\/magazin\\\/fotos-als-teil-des-wohnstils\\\/#primaryimage\"},\"thumbnailUrl\":\"https:\\\/\\\/www.druckstdu.de\\\/magazin\\\/wp-content\\\/uploads\\\/2025\\\/09\\\/zwei-bilder-von-blueten-an-der-wohnzimmerwand-die-perfekt-zum-wohnstil-passen.webp\",\"datePublished\":\"2025-09-03T04:08:49+00:00\",\"dateModified\":\"2025-09-05T02:21:28+00:00\",\"author\":{\"@id\":\"https:\\\/\\\/www.druckstdu.de\\\/magazin\\\/#\\\/schema\\\/person\\\/21d94f7931f413d20158ecb9769efa5b\"},\"description\":\"Wie Fotos die Atmosph\u00e4re in Ihrem Zuhause ver\u00e4ndern. \ud83d\uddbc\ufe0f Tipps zur Auswahl und Pr\u00e4sentation von Bildern f\u00fcr Ihren einzigartigen Wohnstil.\",\"breadcrumb\":{\"@id\":\"https:\\\/\\\/www.druckstdu.de\\\/magazin\\\/fotos-als-teil-des-wohnstils\\\/#breadcrumb\"},\"inLanguage\":\"de\",\"potentialAction\":[{\"@type\":\"ReadAction\",\"target\":[\"https:\\\/\\\/www.druckstdu.de\\\/magazin\\\/fotos-als-teil-des-wohnstils\\\/\"]}]},{\"@type\":\"ImageObject\",\"inLanguage\":\"de\",\"@id\":\"https:\\\/\\\/www.druckstdu.de\\\/magazin\\\/fotos-als-teil-des-wohnstils\\\/#primaryimage\",\"url\":\"https:\\\/\\\/www.druckstdu.de\\\/magazin\\\/wp-content\\\/uploads\\\/2025\\\/09\\\/zwei-bilder-von-blueten-an-der-wohnzimmerwand-die-perfekt-zum-wohnstil-passen.webp\",\"contentUrl\":\"https:\\\/\\\/www.druckstdu.de\\\/magazin\\\/wp-content\\\/uploads\\\/2025\\\/09\\\/zwei-bilder-von-blueten-an-der-wohnzimmerwand-die-perfekt-zum-wohnstil-passen.webp\",\"width\":1920,\"height\":628,\"caption\":\"@Terry Magallanes von Pexels\"},{\"@type\":\"BreadcrumbList\",\"@id\":\"https:\\\/\\\/www.druckstdu.de\\\/magazin\\\/fotos-als-teil-des-wohnstils\\\/#breadcrumb\",\"itemListElement\":[{\"@type\":\"ListItem\",\"position\":1,\"name\":\"Startseite\",\"item\":\"https:\\\/\\\/www.druckstdu.de\\\/magazin\\\/\"},{\"@type\":\"ListItem\",\"position\":2,\"name\":\"Fotos als Teil Ihres Wohnstils: Wie Bilder Atmosph\u00e4re schaffen\"}]},{\"@type\":\"WebSite\",\"@id\":\"https:\\\/\\\/www.druckstdu.de\\\/magazin\\\/#website\",\"url\":\"https:\\\/\\\/www.druckstdu.de\\\/magazin\\\/\",\"name\":\"Magazin | Druckstdu\",\"description\":\"\",\"potentialAction\":[{\"@type\":\"SearchAction\",\"target\":{\"@type\":\"EntryPoint\",\"urlTemplate\":\"https:\\\/\\\/www.druckstdu.de\\\/magazin\\\/?s={search_term_string}\"},\"query-input\":{\"@type\":\"PropertyValueSpecification\",\"valueRequired\":true,\"valueName\":\"search_term_string\"}}],\"inLanguage\":\"de\"},{\"@type\":\"Person\",\"@id\":\"https:\\\/\\\/www.druckstdu.de\\\/magazin\\\/#\\\/schema\\\/person\\\/21d94f7931f413d20158ecb9769efa5b\",\"name\":\"Julia\",\"image\":{\"@type\":\"ImageObject\",\"inLanguage\":\"de\",\"@id\":\"https:\\\/\\\/secure.gravatar.com\\\/avatar\\\/f8d49d230387fe95329c8c2282dda447963627f07b20969a21414d5cb19c58dc?s=96&d=mm&r=g\",\"url\":\"https:\\\/\\\/secure.gravatar.com\\\/avatar\\\/f8d49d230387fe95329c8c2282dda447963627f07b20969a21414d5cb19c58dc?s=96&d=mm&r=g\",\"contentUrl\":\"https:\\\/\\\/secure.gravatar.com\\\/avatar\\\/f8d49d230387fe95329c8c2282dda447963627f07b20969a21414d5cb19c58dc?s=96&d=mm&r=g\",\"caption\":\"Julia\"},\"url\":\"https:\\\/\\\/www.druckstdu.de\\\/magazin\\\/author\\\/julia\\\/\"}]}<\/script>\n<!-- \/ Yoast SEO plugin. -->","yoast_head_json":{"title":"Fotos als Teil Ihres Wohnstils \ud83d\udcf8 Wie Bilder Atmosph\u00e4re schaffen","description":"Wie Fotos die Atmosph\u00e4re in Ihrem Zuhause ver\u00e4ndern. \ud83d\uddbc\ufe0f Tipps zur Auswahl und Pr\u00e4sentation von Bildern f\u00fcr Ihren einzigartigen Wohnstil.","canonical":"https:\/\/www.druckstdu.de\/magazin\/fotos-als-teil-des-wohnstils\/","og_locale":"de_DE","og_type":"article","og_title":"Fotos als Teil Ihres Wohnstils \ud83d\udcf8 Wie Bilder Atmosph\u00e4re schaffen","og_description":"Wie Fotos die Atmosph\u00e4re in Ihrem Zuhause ver\u00e4ndern. \ud83d\uddbc\ufe0f Tipps zur Auswahl und Pr\u00e4sentation von Bildern f\u00fcr Ihren einzigartigen Wohnstil.","og_url":"https:\/\/www.druckstdu.de\/magazin\/fotos-als-teil-des-wohnstils\/","og_site_name":"Magazin | Druckstdu","article_published_time":"2025-09-03T04:08:49+00:00","article_modified_time":"2025-09-05T02:21:28+00:00","og_image":[{"width":1920,"height":628,"url":"https:\/\/www.druckstdu.de\/magazin\/wp-content\/uploads\/2025\/09\/zwei-bilder-von-blueten-an-der-wohnzimmerwand-die-perfekt-zum-wohnstil-passen.webp","type":"image\/webp"}],"author":"Julia","twitter_card":"summary_large_image","twitter_misc":{"Verfasst von":"Julia","Gesch\u00e4tzte Lesezeit":"12\u00a0Minuten"},"schema":{"@context":"https:\/\/schema.org","@graph":[{"@type":"Article","@id":"https:\/\/www.druckstdu.de\/magazin\/fotos-als-teil-des-wohnstils\/#article","isPartOf":{"@id":"https:\/\/www.druckstdu.de\/magazin\/fotos-als-teil-des-wohnstils\/"},"author":{"name":"Julia","@id":"https:\/\/www.druckstdu.de\/magazin\/#\/schema\/person\/21d94f7931f413d20158ecb9769efa5b"},"headline":"Fotos als Teil Ihres Wohnstils: Wie Bilder Atmosph\u00e4re schaffen","datePublished":"2025-09-03T04:08:49+00:00","dateModified":"2025-09-05T02:21:28+00:00","mainEntityOfPage":{"@id":"https:\/\/www.druckstdu.de\/magazin\/fotos-als-teil-des-wohnstils\/"},"wordCount":2216,"image":{"@id":"https:\/\/www.druckstdu.de\/magazin\/fotos-als-teil-des-wohnstils\/#primaryimage"},"thumbnailUrl":"https:\/\/www.druckstdu.de\/magazin\/wp-content\/uploads\/2025\/09\/zwei-bilder-von-blueten-an-der-wohnzimmerwand-die-perfekt-zum-wohnstil-passen.webp","articleSection":["Design"],"inLanguage":"de"},{"@type":"WebPage","@id":"https:\/\/www.druckstdu.de\/magazin\/fotos-als-teil-des-wohnstils\/","url":"https:\/\/www.druckstdu.de\/magazin\/fotos-als-teil-des-wohnstils\/","name":"Fotos als Teil Ihres Wohnstils \ud83d\udcf8 Wie Bilder Atmosph\u00e4re schaffen","isPartOf":{"@id":"https:\/\/www.druckstdu.de\/magazin\/#website"},"primaryImageOfPage":{"@id":"https:\/\/www.druckstdu.de\/magazin\/fotos-als-teil-des-wohnstils\/#primaryimage"},"image":{"@id":"https:\/\/www.druckstdu.de\/magazin\/fotos-als-teil-des-wohnstils\/#primaryimage"},"thumbnailUrl":"https:\/\/www.druckstdu.de\/magazin\/wp-content\/uploads\/2025\/09\/zwei-bilder-von-blueten-an-der-wohnzimmerwand-die-perfekt-zum-wohnstil-passen.webp","datePublished":"2025-09-03T04:08:49+00:00","dateModified":"2025-09-05T02:21:28+00:00","author":{"@id":"https:\/\/www.druckstdu.de\/magazin\/#\/schema\/person\/21d94f7931f413d20158ecb9769efa5b"},"description":"Wie Fotos die Atmosph\u00e4re in Ihrem Zuhause ver\u00e4ndern. \ud83d\uddbc\ufe0f Tipps zur Auswahl und Pr\u00e4sentation von Bildern f\u00fcr Ihren einzigartigen Wohnstil.","breadcrumb":{"@id":"https:\/\/www.druckstdu.de\/magazin\/fotos-als-teil-des-wohnstils\/#breadcrumb"},"inLanguage":"de","potentialAction":[{"@type":"ReadAction","target":["https:\/\/www.druckstdu.de\/magazin\/fotos-als-teil-des-wohnstils\/"]}]},{"@type":"ImageObject","inLanguage":"de","@id":"https:\/\/www.druckstdu.de\/magazin\/fotos-als-teil-des-wohnstils\/#primaryimage","url":"https:\/\/www.druckstdu.de\/magazin\/wp-content\/uploads\/2025\/09\/zwei-bilder-von-blueten-an-der-wohnzimmerwand-die-perfekt-zum-wohnstil-passen.webp","contentUrl":"https:\/\/www.druckstdu.de\/magazin\/wp-content\/uploads\/2025\/09\/zwei-bilder-von-blueten-an-der-wohnzimmerwand-die-perfekt-zum-wohnstil-passen.webp","width":1920,"height":628,"caption":"@Terry Magallanes von Pexels"},{"@type":"BreadcrumbList","@id":"https:\/\/www.druckstdu.de\/magazin\/fotos-als-teil-des-wohnstils\/#breadcrumb","itemListElement":[{"@type":"ListItem","position":1,"name":"Startseite","item":"https:\/\/www.druckstdu.de\/magazin\/"},{"@type":"ListItem","position":2,"name":"Fotos als Teil Ihres Wohnstils: Wie Bilder Atmosph\u00e4re schaffen"}]},{"@type":"WebSite","@id":"https:\/\/www.druckstdu.de\/magazin\/#website","url":"https:\/\/www.druckstdu.de\/magazin\/","name":"Magazin | Druckstdu","description":"","potentialAction":[{"@type":"SearchAction","target":{"@type":"EntryPoint","urlTemplate":"https:\/\/www.druckstdu.de\/magazin\/?s={search_term_string}"},"query-input":{"@type":"PropertyValueSpecification","valueRequired":true,"valueName":"search_term_string"}}],"inLanguage":"de"},{"@type":"Person","@id":"https:\/\/www.druckstdu.de\/magazin\/#\/schema\/person\/21d94f7931f413d20158ecb9769efa5b","name":"Julia","image":{"@type":"ImageObject","inLanguage":"de","@id":"https:\/\/secure.gravatar.com\/avatar\/f8d49d230387fe95329c8c2282dda447963627f07b20969a21414d5cb19c58dc?s=96&d=mm&r=g","url":"https:\/\/secure.gravatar.com\/avatar\/f8d49d230387fe95329c8c2282dda447963627f07b20969a21414d5cb19c58dc?s=96&d=mm&r=g","contentUrl":"https:\/\/secure.gravatar.com\/avatar\/f8d49d230387fe95329c8c2282dda447963627f07b20969a21414d5cb19c58dc?s=96&d=mm&r=g","caption":"Julia"},"url":"https:\/\/www.druckstdu.de\/magazin\/author\/julia\/"}]}},"wp-worthy-pixel":{"ignored":false,"public":null,"server":null,"url":null},"wp-worthy-type":"normal","_links":{"self":[{"href":"https:\/\/www.druckstdu.de\/magazin\/wp-json\/wp\/v2\/posts\/143","targetHints":{"allow":["GET"]}}],"collection":[{"href":"https:\/\/www.druckstdu.de\/magazin\/wp-json\/wp\/v2\/posts"}],"about":[{"href":"https:\/\/www.druckstdu.de\/magazin\/wp-json\/wp\/v2\/types\/post"}],"author":[{"embeddable":true,"href":"https:\/\/www.druckstdu.de\/magazin\/wp-json\/wp\/v2\/users\/3"}],"replies":[{"embeddable":true,"href":"https:\/\/www.druckstdu.de\/magazin\/wp-json\/wp\/v2\/comments?post=143"}],"version-history":[{"count":2,"href":"https:\/\/www.druckstdu.de\/magazin\/wp-json\/wp\/v2\/posts\/143\/revisions"}],"predecessor-version":[{"id":192,"href":"https:\/\/www.druckstdu.de\/magazin\/wp-json\/wp\/v2\/posts\/143\/revisions\/192"}],"wp:featuredmedia":[{"embeddable":true,"href":"https:\/\/www.druckstdu.de\/magazin\/wp-json\/wp\/v2\/media\/144"}],"wp:attachment":[{"href":"https:\/\/www.druckstdu.de\/magazin\/wp-json\/wp\/v2\/media?parent=143"}],"wp:term":[{"taxonomy":"category","embeddable":true,"href":"https:\/\/www.druckstdu.de\/magazin\/wp-json\/wp\/v2\/categories?post=143"},{"taxonomy":"post_tag","embeddable":true,"href":"https:\/\/www.druckstdu.de\/magazin\/wp-json\/wp\/v2\/tags?post=143"}],"curies":[{"name":"wp","href":"https:\/\/api.w.org\/{rel}","templated":true}]}}