{"id":152,"date":"2025-09-04T02:32:46","date_gmt":"2025-09-04T02:32:46","guid":{"rendered":"https:\/\/www.druckstdu.de\/magazin\/?p=152"},"modified":"2025-09-05T02:51:10","modified_gmt":"2025-09-05T02:51:10","slug":"alltagsmomente-in-erinnerungen-wandeln","status":"publish","type":"post","link":"https:\/\/www.druckstdu.de\/magazin\/alltagsmomente-in-erinnerungen-wandeln\/","title":{"rendered":"Wie man aus Alltagsmomenten emotionale Erinnerungen macht"},"content":{"rendered":"\n<p>Jeder Tag ist gef\u00fcllt mit kleinen Momenten, die oftmals von uns <strong>unbemerkt vergehen<\/strong>. Diese scheinbar unbedeutenden Augenblicke sind die wahren Sch\u00e4tze unseres Lebens. Es sind die Momente, die das echte Leben ausmachen: das L\u00e4cheln eines Freundes, das Lachen eines Kindes oder das ruhige Zusammensein bei einem gemeinsamen Fr\u00fchst\u00fcck. Oft sind es genau diese scheinbar einfachen Szenen, die in unserer Erinnerung die <strong>gr\u00f6\u00dfte Bedeutung <\/strong>erhalten. Sie sind die wahren Erinnerungen, die unser Leben pr\u00e4gen. Doch wie k\u00f6nnen wir aus diesen fl\u00fcchtigen Alltagsmomenten emotionale Erinnerungen schaffen, die uns ein Leben lang begleiten? Der Schl\u00fcssel liegt in der F\u00e4higkeit, den <strong>richtigen Moment einzufangen<\/strong> und ihm durch Fotografie eine dauerhafte Bedeutung zu verleihen.<\/p>\n\n\n\n<h2 class=\"wp-block-heading\">Alltagsmomente entdecken und festhalten<\/h2>\n\n\n\n<p>Es mag uns leicht erscheinen, dass es die gro\u00dfen, festlichen Ereignisse sind, die die wirklich wichtigen Erinnerungen hinterlassen \u2013 wie Hochzeiten, Geburtstagsfeiern oder Reisen. Doch in Wahrheit sind es oft die <strong>unscheinbaren, spontanen<\/strong> <strong>Momente<\/strong>, die unsere Herzen ber\u00fchren und uns f\u00fcr immer begleiten. Es ist der Blick auf das eigene Kind, das zum ersten Mal das Fahrrad f\u00e4hrt, oder das gem\u00fctliche Zusammensein mit der Familie auf der Couch an einem regnerischen Tag. Diese Szenen mag man im Moment vielleicht <strong>f\u00fcr selbstverst\u00e4ndlich halten<\/strong>, aber sie sind es, die uns sp\u00e4ter die meisten Gef\u00fchle vermitteln.<\/p>\n\n\n\n<h3 class=\"wp-block-heading\">Die Kunst der Momentaufnahme<\/h3>\n\n\n\n<p>In der Fotografie geht es nicht nur um das Festhalten eines Moments \u2013 es geht darum, diesen <strong>Moment<\/strong> zu <strong>verstehen<\/strong> und zu <strong>w\u00fcrdigen<\/strong>. W\u00e4hrend wir durch die Linse schauen, k\u00f6nnen wir den Alltag aus einer anderen Perspektive betrachten. Oftmals sind es die ganz unscheinbaren Momente, die eine tiefere Bedeutung besitzen. Manchmal braucht es nur einen kurzen Blick auf das Gesicht eines geliebten Menschen oder eine winzige Geste, die eine<strong> unglaubliche Bedeutung <\/strong>tr\u00e4gt. Die F\u00e4higkeit, diese Momente zu erkennen und festzuhalten, ist das, was ein Foto zu einer wertvollen Erinnerung macht.<\/p>\n\n\n\n<ul class=\"wp-block-list\">\n<li><strong>Verpassen Sie nicht die kleinen Dinge<\/strong>: Manchmal sind es die unauff\u00e4lligen Details wie das L\u00e4cheln eines Kindes oder das sanfte Streicheln einer Hand, die tiefste Bedeutung tragen.<\/li>\n\n\n\n<li><strong>Zuf\u00e4llige Momente sind oft die besten<\/strong>: Kein inszeniertes Foto kann die Nat\u00fcrlichkeit und Authentizit\u00e4t eines spontanen Moments ersetzen.<\/li>\n\n\n\n<li><strong>Gef\u00fchle einfangen<\/strong>: Es geht nicht um technische Perfektion oder inszenierte Szenen, sondern um das Einfangen echter Emotionen und die wahre Essenz eines Moments.<\/li>\n<\/ul>\n\n\n\n<p>Es sind diese Momente, die wir sp\u00e4ter immer wieder durch die Fotos betrachten k\u00f6nnen. Und oft ist es gerade das, was diese Erinnerungen besonders wertvoll macht: Sie erinnern uns nicht an die gro\u00dfen Ereignisse, sondern an das t\u00e4gliche Leben, das unser Herz erobert.<\/p>\n\n\n\n<h2 class=\"wp-block-heading\">Emotionale Erinnerungen durch Fotografie schaffen<\/h2>\n\n\n\n<p>Fotografie ist mehr als nur eine technische F\u00e4higkeit \u2013 sie ist eine M\u00f6glichkeit, <strong>Gef\u00fchle und Erinnerungen<\/strong> in einem einzigen Bild <strong>einzufangen.<\/strong> Der wahre Zauber liegt darin, dass ein Foto nicht nur eine Szenerie zeigt, sondern auch die Atmosph\u00e4re und das Gef\u00fchl, das mit diesem Moment verbunden ist. Ein gelungenes Foto ist nicht einfach ein Bild, das aussieht, als w\u00fcrde es auf einem Kalender h\u00e4ngen. Sondern es <strong>erz\u00e4hlt eine Geschichte,<\/strong> weckt Emotionen und l\u00e4sst uns in den Moment zur\u00fcckkehren. Die Wahl des richtigen Moments und der Perspektive ist entscheidend, um emotionale Erinnerungen zu schaffen.<\/p>\n\n\n\n<h3 class=\"wp-block-heading\">Achten Sie auf Details<\/h3>\n\n\n\n<p><strong>Details sind der Schl\u00fcssel<\/strong>, wenn es darum geht, eine emotionale Wirkung zu erzielen. Ein einzelnes Bild kann durch das Spiel von Licht, Farbe und Komposition eine Geschichte erz\u00e4hlen. Es kann ein Gef\u00fchl der Ruhe vermitteln, eine Erinnerung an ein Abenteuer wecken oder die innige Verbindung zu einer Person ausdr\u00fccken.<strong> Achten Sie auf all diese Details<\/strong>, w\u00e4hrend Sie den Ausl\u00f6ser bet\u00e4tigen.<\/p>\n\n\n\n<ul class=\"wp-block-list\">\n<li><strong>Details inszenieren<\/strong>: Sehen Sie \u00fcber die Gesamtaufnahme hinaus und konzentrieren Sie sich auf subtile Details, die oft mehr sagen als das gesamte Bild.<\/li>\n\n\n\n<li><strong>Licht und Schatten nutzen<\/strong>: Nat\u00fcrliches Licht kann die Stimmung eines Fotos dramatisch ver\u00e4ndern. Experimentieren Sie mit der Beleuchtung, um die Atmosph\u00e4re zu verst\u00e4rken und die Emotionen, die das Bild transportiert, zu intensivieren.<\/li>\n\n\n\n<li><strong>Zitate und Texte hinzuf\u00fcgen<\/strong>: Ein einfaches, aber kraftvolles Zitat kann ein Bild verst\u00e4rken und die Erinnerungen, die es weckt, noch intensiver machen.<\/li>\n<\/ul>\n\n\n\n<h3 class=\"wp-block-heading\">Der richtige Moment<\/h3>\n\n\n\n<p>Die <strong>Bedeutung des richtigen Zeitpunkts<\/strong> kann nicht untersch\u00e4tzt werden. Ein Foto ist dann besonders wirkungsvoll, wenn es den \u201erichtigen\u201c Moment einf\u00e4ngt, wenn das Gef\u00fchl des Augenblicks genau in diesem Moment eingefangen wird. Vielleicht wartet man auf den Augenblick, in dem das Licht sich ver\u00e4ndert, oder auf den Moment, in dem ein geliebter Mensch einen besonders ehrlichen Blick schenkt. Ein gut getimtes Foto kann die <strong>Essenz eines Moments bewahren<\/strong> und es in der Erinnerung f\u00fcr immer lebendig halten.<\/p>\n\n\n\n<ul class=\"wp-block-list\">\n<li><strong>Geduld zeigen<\/strong>: Warten Sie auf den perfekten Moment, um das Bild zu machen. Manchmal ist es der Bruchteil einer Sekunde, der alles ver\u00e4ndert.<\/li>\n\n\n\n<li><strong>Die Emotion des Moments verstehen<\/strong>: Achten Sie darauf, nicht nur die Szene zu fotografieren, sondern auch das Gef\u00fchl, das dieser Moment in Ihnen und anderen hervorruft.<\/li>\n<\/ul>\n\n\n\n<h2 class=\"wp-block-heading\">Fotoprodukte als Erinnerungsobjekte<\/h2>\n\n\n\n<p>Fotoprodukte bieten eine ausgezeichnete M\u00f6glichkeit, Ihre Alltagsmomente <strong>festzuhalten <\/strong>und zu<strong> pr\u00e4sentieren<\/strong>. Sie bringen nicht nur Ihre Fotos zur Geltung, sondern verwandeln diese in Erinnerungsst\u00fccke, die Sie immer wieder durchbl\u00e4ttern oder anschauen k\u00f6nnen. Ob Fotob\u00fccher, Wandbilder oder Kalender \u2013 jedes dieser Produkte verleiht Ihren Erinnerungen eine <strong>besondere Bedeutung<\/strong> und l\u00e4sst Sie in den Moment zur\u00fcckkehren.<\/p>\n\n\n\n<h3 class=\"wp-block-heading\">Fotob\u00fccher: Erinnerungen in einem eleganten Format<\/h3>\n\n\n\n<p>Ein <a href=\"https:\/\/www.druckstdu.de\/fotobuecher\/\">Fotobuch<\/a> ist eine der besten M\u00f6glichkeiten, um Ihre Alltagsmomente in einem <strong>strukturierten <\/strong>und <strong>stilvollen<\/strong> Format zu pr\u00e4sentieren. W\u00e4hrend Sie in einem klassischen Album vielleicht nur ein paar Bilder auf den Seiten nebeneinander aufkleben, bietet ein Fotobuch Platz, um <strong>Geschichten <\/strong>zu <strong>erz\u00e4hlen<\/strong>. Sie k\u00f6nnen nicht nur Ihre besten Fotos in einem eleganten Design zusammenfassen, sondern auch mit kurzen Notizen oder Zitaten die Bedeutung der Bilder unterstreichen. Ein gut gestaltetes Fotobuch ist mehr als nur eine Sammlung von Bildern \u2013 es ist ein Kunstwerk, das Ihre <strong>Erinnerungen lebendig h\u00e4lt.<\/strong><\/p>\n\n\n\n<ul class=\"wp-block-list\">\n<li><strong>Personalisierte Gestaltung<\/strong>: W\u00e4hlen Sie f\u00fcr Ihr Fotobuch ein minimalistisches Design oder einen stilvollen Hintergrund, der Ihre Bilder hervorhebt, ohne sie zu \u00fcberladen.<\/li>\n\n\n\n<li><strong>Erz\u00e4hlen Sie eine Geschichte<\/strong>: Ordnen Sie Ihre Fotos nach Themen, Ereignissen oder Chronologie, um eine durchgehende Erz\u00e4hlung zu schaffen.<\/li>\n\n\n\n<li><strong>Hinzugef\u00fcgte Texte<\/strong>: Erg\u00e4nzen Sie Ihr Fotobuch mit pers\u00f6nlichen Erz\u00e4hlungen, Gedanken oder Momentaufnahmen, die die Fotos noch bedeutungsvoller machen.<\/li>\n<\/ul>\n\n\n\n<p>Lesen Sie erg\u00e4nzend gerne unseren <a href=\"Beitrag: Was bleibt: Warum ein Fotobuch Erinnerungen lebendig bewahrt\">Beitrag: Was bleibt: Warum ein Fotobuch Erinnerungen lebendig bewahrt<\/a>.<\/p>\n\n\n\n<h3 class=\"wp-block-heading\">Wandbilder: Ihre besten Momente als Kunstwerk<\/h3>\n\n\n\n<p><a href=\"https:\/\/www.druckstdu.de\/wandbilder\/\">Wandbilder<\/a> sind eine hervorragende M\u00f6glichkeit, Ihre Lieblingsfotos als Kunstwerke <strong>in Ihrem Zuhause <\/strong>zu <strong>integrieren.<\/strong> Sie k\u00f6nnen ein einziges, kraftvolles Bild w\u00e4hlen und es auf Leinwand oder als Poster drucken lassen. Ein Wandbild aus einem Alltagsmoment hat eine<strong> ganz besondere Wirkung<\/strong>. Denn es ist nicht nur ein Kunstwerk, sondern auch ein Fenster zu einem wertvollen Moment. Wenn Sie ein Bild in einem gro\u00dfformatigen Wandbild pr\u00e4sentieren, wird die Erinnerung an diesen Augenblick immer pr\u00e4sent bleiben und dem Raum eine<strong> pers\u00f6nliche Note<\/strong> verleihen.<\/p>\n\n\n\n<ul class=\"wp-block-list\">\n<li><strong>Ein Bild, das spricht<\/strong>: W\u00e4hlen Sie ein einziges Foto aus, das f\u00fcr Sie eine gro\u00dfe Bedeutung hat. Es kann eine allt\u00e4gliche Szene oder ein spezieller Moment sein \u2013 das Bild, das Ihre Geschichte am besten widerspiegelt.<\/li>\n\n\n\n<li><strong>Farbe und Stil<\/strong>: Achten Sie darauf, das Bild so zu gestalten, dass es zu Ihrer Raumgestaltung passt. Der richtige Druckstil und die Farben sorgen daf\u00fcr, dass das Bild gut mit Ihrer Einrichtung harmoniert.<\/li>\n<\/ul>\n\n\n\n<h3 class=\"wp-block-heading\">Fotokalender: Jeden Monat eine Erinnerung<\/h3>\n\n\n\n<p><a href=\"https:\/\/www.druckstdu.de\/fotokalender\/\">Fotokalender<\/a> sind nicht nur praktisch, sondern auch eine gro\u00dfartige M\u00f6glichkeit, Ihre Fotos <strong>das ganze Jahr \u00fcber<\/strong> zu <strong>genie\u00dfen<\/strong>. Indem Sie f\u00fcr jeden Monat ein Bild ausw\u00e4hlen, das eine besondere Erinnerung darstellt, verwandeln Sie den Kalender in ein j\u00e4hrliches Erinnerungsbuch. So k\u00f6nnen Sie<strong> jeden Monat auf einen neuen Moment zur\u00fcckblicken<\/strong>, der Sie an sch\u00f6ne Alltagsmomente erinnert.<\/p>\n\n\n\n<ul class=\"wp-block-list\">\n<li><strong>Monatliche Highlights<\/strong>: W\u00e4hlen Sie f\u00fcr jeden Monat ein Bild aus, das f\u00fcr den jeweiligen Zeitraum besonders ist \u2013 sei es ein Familienfoto, ein Bild aus dem Urlaub oder ein Moment aus dem Alltag.<\/li>\n\n\n\n<li><strong>Kreative Gestaltung<\/strong>: Experimentieren Sie mit verschiedenen Layouts, Hintergr\u00fcnden und Designs, um den Kalender sowohl praktisch als auch \u00e4sthetisch ansprechend zu gestalten.<\/li>\n<\/ul>\n\n\n\n<h2 class=\"wp-block-heading\">Kreativit\u00e4t und Personalisierung: Ihr Fotoprojekt nach Ihren Vorstellungen gestalten<\/h2>\n\n\n\n<p>Das Sch\u00f6ne an Fotoprodukten ist, dass sie <strong>vollst\u00e4ndig personalisierbar<\/strong> sind. Sie k\u00f6nnen Ihre Alltagsmomente nach Belieben gestalten und Ihre eigenen kreativen Ideen einflie\u00dfen lassen. Es gibt unz\u00e4hlige Gestaltungsm\u00f6glichkeiten, die es Ihnen erlauben, Ihre Erinnerungen ganz nach Ihren Vorstellungen umzusetzen.<\/p>\n\n\n\n<h3 class=\"wp-block-heading\">Bearbeitung der Bilder<\/h3>\n\n\n\n<p>Bevor Sie Ihre Bilder in ein Fotoprodukt verwandeln, lohnt es sich, sie noch <strong>etwas zu bearbeiten<\/strong>. Das kann so einfach sein wie das Anpassen der Helligkeit oder das Zuschneiden des Bildes, um es besser ins Layout einzuf\u00fcgen. Die Bearbeitung erm\u00f6glicht Ihnen,<strong> jedes Detail zu perfektionieren<\/strong>, damit Ihre Fotos in Ihrem Fotoprojekt optimal zur Geltung kommen.<\/p>\n\n\n\n<ul class=\"wp-block-list\">\n<li><strong>Helligkeit und Kontrast<\/strong>: Stellen Sie sicher, dass Ihre Bilder klar und gut beleuchtet sind. Mit ein paar Anpassungen k\u00f6nnen Sie Details hervorheben und die Farben lebendiger machen.<\/li>\n\n\n\n<li><strong>Bildkomposition<\/strong>: Manchmal hilft es, die Komposition eines Fotos leicht zu ver\u00e4ndern, um es st\u00e4rker oder ausdrucksst\u00e4rker zu machen.<\/li>\n<\/ul>\n\n\n\n<h3 class=\"wp-block-heading\">Die Bedeutung des Rahmens<\/h3>\n\n\n\n<p>Rahmen und Hintergrundgestaltung spielen eine gro\u00dfe Rolle, wenn es darum geht, ein Fotoprodukt einzigartig zu machen. W\u00e4hlen Sie einfache, schlichte Rahmen, die<strong> Ihre Fotos unterstreichen<\/strong>, ohne von ihnen abzulenken. Bei einem Fotobuch k\u00f6nnen Sie auch die Farben und Texturen des Hintergrunds so w\u00e4hlen, dass sie die <strong>Stimmung des Bildes erg\u00e4nzen.<\/strong><\/p>\n\n\n\n<h2 class=\"wp-block-heading\">Fazit: So bleiben Alltagsmomente unvergessen<\/h2>\n\n\n\n<p>Alltagsmomente sind die wahre Essenz unseres Lebens. Sie zu erkennen und <strong>festzuhalten<\/strong>, ist eine wertvolle Kunst. Durch die Auswahl der richtigen Fotoprodukte k\u00f6nnen Sie diese Momente f\u00fcr immer bewahren und sie in etwas <strong>Sch\u00f6nes<\/strong> und <strong>Einzigartiges <\/strong>verwandeln. Fotob\u00fccher, Wandbilder und Kalender sind nur einige M\u00f6glichkeiten, wie Sie Ihre Erinnerungen <strong>greifbar machen <\/strong>k\u00f6nnen. Ein gut gestaltetes Fotoprodukt wird nicht nur Ihre Erinnerungen bewahren, sondern Ihnen auch jedes Mal ein <strong>L\u00e4cheln ins Gesicht zaubern<\/strong>, wenn Sie es betrachten.<\/p>\n\n\n\n<p><strong>\ud83d\udc49 Tauchen Sie ein <\/strong>in die Welt der Fotoprodukte und lassen Sie die Alltagsmomente zu Ihren<strong> kostbarsten Erinnerungen<\/strong> werden. Jetzt bei <a href=\"https:\/\/www.druckstdu.de\">druckstdu<\/a> umsehen und ihr pers\u00f6nliches Highlight in hervorragender <a href=\"https:\/\/www.druckstdu.de\/druck-und-qualitat\/\">Qualit\u00e4t<\/a> entdecken!<\/p>\n\n\n\n<h2 class=\"wp-block-heading\">FAQ: Emotionale Erinnerungen aus Alltagsmomenten<\/h2>\n\n\n\n<h3 class=\"wp-block-heading\">Warum sind Alltagsmomente so wichtig f\u00fcr Erinnerungen?<\/h3>\n\n\n\n<p>Alltagsmomente sind oft die wahren Sch\u00e4tze unserer Erinnerungen, da sie die Realit\u00e4t und Authentizit\u00e4t unseres Lebens widerspiegeln. W\u00e4hrend wir uns oft auf gro\u00dfe Ereignisse wie Hochzeiten oder Urlaube konzentrieren, sind es die einfachen, ungestellten Augenblicke \u2013 wie ein gemeinsames Fr\u00fchst\u00fcck oder ein L\u00e4cheln eines geliebten Menschen \u2013 die uns im Ged\u00e4chtnis bleiben. Diese Momente sind oft von gr\u00f6\u00dfter Bedeutung, da sie uns an die echten Verbindungen und die Sch\u00f6nheit des allt\u00e4glichen Lebens erinnern.<\/p>\n\n\n\n<h3 class=\"wp-block-heading\">Wie kann ich emotionale Erinnerungen aus scheinbar gew\u00f6hnlichen Fotos schaffen?<\/h3>\n\n\n\n<p>Der Schl\u00fcssel, um aus gew\u00f6hnlichen Fotos emotionale Erinnerungen zu schaffen, liegt in der Perspektive und der Wahrnehmung des Moments. Anstatt auf technische Perfektion zu achten, sollten Sie sich auf das Einfangen von Emotionen konzentrieren. Ein einfaches L\u00e4cheln, ein Blick oder eine Geste kann mehr aussagen als ein perfekt inszeniertes Bild. Achten Sie auf die Details und den Moment selbst, und lassen Sie das Bild f\u00fcr sich sprechen.<\/p>\n\n\n\n<h3 class=\"wp-block-heading\">Welche Fotoprodukte eignen sich am besten, um Alltagsmomente zu bewahren?<\/h3>\n\n\n\n<p>Es gibt verschiedene Fotoprodukte, die sich hervorragend eignen, um Alltagsmomente festzuhalten und in dauerhafte Erinnerungen zu verwandeln. Zu den beliebtesten Produkten geh\u00f6ren Fotob\u00fccher. Denn sie bilden eine gro\u00dfartige Option, verschiedene Momente in einem stilvollen Format zu pr\u00e4sentieren und Geschichten zu erz\u00e4hlen. Wandbilder sind ideal, um ein starkes, bedeutungsvolles Bild aus dem Alltag als Kunstwerk in Ihrem Zuhause zu pr\u00e4sentieren. Der Fotokalender dient als praktische M\u00f6glichkeit, Erinnerungen monatlich neu zu erleben und die sch\u00f6nsten Momente immer wieder zu genie\u00dfen.<\/p>\n\n\n\n<h3 class=\"wp-block-heading\">Wie w\u00e4hle ich die besten Alltagsmomente aus, die ich in Fotoprodukte umwandeln m\u00f6chte?<\/h3>\n\n\n\n<p>W\u00e4hlen Sie f\u00fcr Ihre Fotoprodukte Bilder aus, die sowohl emotional als auch visuell stark sind. Achten Sie darauf, dass die Fotos Authentizit\u00e4t und Nat\u00fcrlichkeit ausstrahlen. Es m\u00fcssen nicht immer die &#8222;perfekten&#8220; Fotos sein \u2013 oft sind es die spontanen Momente, die eine tiefere Bedeutung haben. W\u00e4hlen Sie Fotos, die eine Geschichte erz\u00e4hlen, die eine bestimmte Erinnerung oder Emotion hervorrufen. Wenn m\u00f6glich, ordnen Sie die Bilder chronologisch oder nach Themen, um den roten Faden Ihrer Geschichte zu bewahren.<\/p>\n\n\n\n<h3 class=\"wp-block-heading\">Wie kann ich meine Alltagsfotos f\u00fcr Fotoprodukte kreativ gestalten?<\/h3>\n\n\n\n<p>Kreativit\u00e4t spielt eine gro\u00dfe Rolle bei der Gestaltung von Fotoprodukten. Experimentieren Sie mit verschiedenen Layouts, Farben und Texten, um eine pers\u00f6nliche und einzigartige Pr\u00e4sentation zu schaffen. Bei Fotob\u00fcchern k\u00f6nnen Sie nicht nur Bilder, sondern auch kurze Geschichten oder Zitate hinzuf\u00fcgen, die die Erinnerung verst\u00e4rken. Bei Wandbildern und Kalendern k\u00f6nnen Sie mit Formaten und Designs spielen, um Ihre Bilder optimal in Szene zu setzen. Denken Sie daran, dass weniger oft mehr ist! Ein schlichtes, minimalistisches Design kann die Bedeutung der Bilder unterstreichen und eine kraftvolle Wirkung erzielen.<\/p>\n<a class=\"simplefavorite-button\" data-postid=\"152\" data-siteid=\"1\" data-groupid=\"1\" data-favoritecount=\"0\" style=\"\"><img decoding=\"async\" src=\"\/magazin\/wp-content\/uploads\/2025\/07\/heart.svg\">Speichern f\u00fcr sp\u00e4ter<\/a>","protected":false},"excerpt":{"rendered":"<p>Jeder Tag ist gef\u00fcllt mit kleinen Momenten, die oftmals von uns unbemerkt vergehen. Diese scheinbar unbedeutenden Augenblicke sind die wahren&#8230;<\/p>\n","protected":false},"author":3,"featured_media":153,"comment_status":"closed","ping_status":"closed","sticky":false,"template":"","format":"standard","meta":{"_acf_changed":false,"inline_featured_image":false,"footnotes":""},"categories":[6],"tags":[],"class_list":["post-152","post","type-post","status-publish","format-standard","has-post-thumbnail","hentry","category-geschenke"],"acf":[],"yoast_head":"<!-- This site is optimized with the Yoast SEO plugin v27.5 - https:\/\/yoast.com\/product\/yoast-seo-wordpress\/ -->\n<title>Alltagsmomente in Erinnerungen verwandeln \ud83d\udcf8\u2728<\/title>\n<meta name=\"description\" content=\"Alltagsmomente in emotionale Erinnerungen verwandeln? \ud83c\udf1f Entdecken Sie kreative Fotoprodukte, um Ihre sch\u00f6nsten Augenblicke festzuhalten.\" \/>\n<link rel=\"canonical\" href=\"https:\/\/www.druckstdu.de\/magazin\/alltagsmomente-in-erinnerungen-wandeln\/\" \/>\n<meta property=\"og:locale\" content=\"de_DE\" \/>\n<meta property=\"og:type\" content=\"article\" \/>\n<meta property=\"og:title\" content=\"Alltagsmomente in Erinnerungen verwandeln \ud83d\udcf8\u2728\" \/>\n<meta property=\"og:description\" content=\"Alltagsmomente in emotionale Erinnerungen verwandeln? \ud83c\udf1f Entdecken Sie kreative Fotoprodukte, um Ihre sch\u00f6nsten Augenblicke festzuhalten.\" \/>\n<meta property=\"og:url\" content=\"https:\/\/www.druckstdu.de\/magazin\/alltagsmomente-in-erinnerungen-wandeln\/\" \/>\n<meta property=\"og:site_name\" content=\"Magazin | Druckstdu\" \/>\n<meta property=\"article:published_time\" content=\"2025-09-04T02:32:46+00:00\" \/>\n<meta property=\"article:modified_time\" content=\"2025-09-05T02:51:10+00:00\" \/>\n<meta property=\"og:image\" content=\"https:\/\/www.druckstdu.de\/magazin\/wp-content\/uploads\/2025\/09\/alltagsmomente-in-erinnerungen-festhalten-junges-paar-schiesst-ein-selfie-in-der-natur.webp\" \/>\n\t<meta property=\"og:image:width\" content=\"1920\" \/>\n\t<meta property=\"og:image:height\" content=\"628\" \/>\n\t<meta property=\"og:image:type\" content=\"image\/webp\" \/>\n<meta name=\"author\" content=\"Julia\" \/>\n<meta name=\"twitter:card\" content=\"summary_large_image\" \/>\n<meta name=\"twitter:label1\" content=\"Verfasst von\" \/>\n\t<meta name=\"twitter:data1\" content=\"Julia\" \/>\n\t<meta name=\"twitter:label2\" content=\"Gesch\u00e4tzte Lesezeit\" \/>\n\t<meta name=\"twitter:data2\" content=\"12\u00a0Minuten\" \/>\n<script type=\"application\/ld+json\" class=\"yoast-schema-graph\">{\"@context\":\"https:\\\/\\\/schema.org\",\"@graph\":[{\"@type\":\"Article\",\"@id\":\"https:\\\/\\\/www.druckstdu.de\\\/magazin\\\/alltagsmomente-in-erinnerungen-wandeln\\\/#article\",\"isPartOf\":{\"@id\":\"https:\\\/\\\/www.druckstdu.de\\\/magazin\\\/alltagsmomente-in-erinnerungen-wandeln\\\/\"},\"author\":{\"name\":\"Julia\",\"@id\":\"https:\\\/\\\/www.druckstdu.de\\\/magazin\\\/#\\\/schema\\\/person\\\/21d94f7931f413d20158ecb9769efa5b\"},\"headline\":\"Wie man aus Alltagsmomenten emotionale Erinnerungen macht\",\"datePublished\":\"2025-09-04T02:32:46+00:00\",\"dateModified\":\"2025-09-05T02:51:10+00:00\",\"mainEntityOfPage\":{\"@id\":\"https:\\\/\\\/www.druckstdu.de\\\/magazin\\\/alltagsmomente-in-erinnerungen-wandeln\\\/\"},\"wordCount\":2208,\"image\":{\"@id\":\"https:\\\/\\\/www.druckstdu.de\\\/magazin\\\/alltagsmomente-in-erinnerungen-wandeln\\\/#primaryimage\"},\"thumbnailUrl\":\"https:\\\/\\\/www.druckstdu.de\\\/magazin\\\/wp-content\\\/uploads\\\/2025\\\/09\\\/alltagsmomente-in-erinnerungen-festhalten-junges-paar-schiesst-ein-selfie-in-der-natur.webp\",\"articleSection\":[\"Geschenke\"],\"inLanguage\":\"de\"},{\"@type\":\"WebPage\",\"@id\":\"https:\\\/\\\/www.druckstdu.de\\\/magazin\\\/alltagsmomente-in-erinnerungen-wandeln\\\/\",\"url\":\"https:\\\/\\\/www.druckstdu.de\\\/magazin\\\/alltagsmomente-in-erinnerungen-wandeln\\\/\",\"name\":\"Alltagsmomente in Erinnerungen verwandeln \ud83d\udcf8\u2728\",\"isPartOf\":{\"@id\":\"https:\\\/\\\/www.druckstdu.de\\\/magazin\\\/#website\"},\"primaryImageOfPage\":{\"@id\":\"https:\\\/\\\/www.druckstdu.de\\\/magazin\\\/alltagsmomente-in-erinnerungen-wandeln\\\/#primaryimage\"},\"image\":{\"@id\":\"https:\\\/\\\/www.druckstdu.de\\\/magazin\\\/alltagsmomente-in-erinnerungen-wandeln\\\/#primaryimage\"},\"thumbnailUrl\":\"https:\\\/\\\/www.druckstdu.de\\\/magazin\\\/wp-content\\\/uploads\\\/2025\\\/09\\\/alltagsmomente-in-erinnerungen-festhalten-junges-paar-schiesst-ein-selfie-in-der-natur.webp\",\"datePublished\":\"2025-09-04T02:32:46+00:00\",\"dateModified\":\"2025-09-05T02:51:10+00:00\",\"author\":{\"@id\":\"https:\\\/\\\/www.druckstdu.de\\\/magazin\\\/#\\\/schema\\\/person\\\/21d94f7931f413d20158ecb9769efa5b\"},\"description\":\"Alltagsmomente in emotionale Erinnerungen verwandeln? \ud83c\udf1f Entdecken Sie kreative Fotoprodukte, um Ihre sch\u00f6nsten Augenblicke festzuhalten.\",\"breadcrumb\":{\"@id\":\"https:\\\/\\\/www.druckstdu.de\\\/magazin\\\/alltagsmomente-in-erinnerungen-wandeln\\\/#breadcrumb\"},\"inLanguage\":\"de\",\"potentialAction\":[{\"@type\":\"ReadAction\",\"target\":[\"https:\\\/\\\/www.druckstdu.de\\\/magazin\\\/alltagsmomente-in-erinnerungen-wandeln\\\/\"]}]},{\"@type\":\"ImageObject\",\"inLanguage\":\"de\",\"@id\":\"https:\\\/\\\/www.druckstdu.de\\\/magazin\\\/alltagsmomente-in-erinnerungen-wandeln\\\/#primaryimage\",\"url\":\"https:\\\/\\\/www.druckstdu.de\\\/magazin\\\/wp-content\\\/uploads\\\/2025\\\/09\\\/alltagsmomente-in-erinnerungen-festhalten-junges-paar-schiesst-ein-selfie-in-der-natur.webp\",\"contentUrl\":\"https:\\\/\\\/www.druckstdu.de\\\/magazin\\\/wp-content\\\/uploads\\\/2025\\\/09\\\/alltagsmomente-in-erinnerungen-festhalten-junges-paar-schiesst-ein-selfie-in-der-natur.webp\",\"width\":1920,\"height\":628,\"caption\":\"@Kampus Production von Pexels\"},{\"@type\":\"BreadcrumbList\",\"@id\":\"https:\\\/\\\/www.druckstdu.de\\\/magazin\\\/alltagsmomente-in-erinnerungen-wandeln\\\/#breadcrumb\",\"itemListElement\":[{\"@type\":\"ListItem\",\"position\":1,\"name\":\"Startseite\",\"item\":\"https:\\\/\\\/www.druckstdu.de\\\/magazin\\\/\"},{\"@type\":\"ListItem\",\"position\":2,\"name\":\"Wie man aus Alltagsmomenten emotionale Erinnerungen macht\"}]},{\"@type\":\"WebSite\",\"@id\":\"https:\\\/\\\/www.druckstdu.de\\\/magazin\\\/#website\",\"url\":\"https:\\\/\\\/www.druckstdu.de\\\/magazin\\\/\",\"name\":\"Magazin | Druckstdu\",\"description\":\"\",\"potentialAction\":[{\"@type\":\"SearchAction\",\"target\":{\"@type\":\"EntryPoint\",\"urlTemplate\":\"https:\\\/\\\/www.druckstdu.de\\\/magazin\\\/?s={search_term_string}\"},\"query-input\":{\"@type\":\"PropertyValueSpecification\",\"valueRequired\":true,\"valueName\":\"search_term_string\"}}],\"inLanguage\":\"de\"},{\"@type\":\"Person\",\"@id\":\"https:\\\/\\\/www.druckstdu.de\\\/magazin\\\/#\\\/schema\\\/person\\\/21d94f7931f413d20158ecb9769efa5b\",\"name\":\"Julia\",\"image\":{\"@type\":\"ImageObject\",\"inLanguage\":\"de\",\"@id\":\"https:\\\/\\\/secure.gravatar.com\\\/avatar\\\/f8d49d230387fe95329c8c2282dda447963627f07b20969a21414d5cb19c58dc?s=96&d=mm&r=g\",\"url\":\"https:\\\/\\\/secure.gravatar.com\\\/avatar\\\/f8d49d230387fe95329c8c2282dda447963627f07b20969a21414d5cb19c58dc?s=96&d=mm&r=g\",\"contentUrl\":\"https:\\\/\\\/secure.gravatar.com\\\/avatar\\\/f8d49d230387fe95329c8c2282dda447963627f07b20969a21414d5cb19c58dc?s=96&d=mm&r=g\",\"caption\":\"Julia\"},\"url\":\"https:\\\/\\\/www.druckstdu.de\\\/magazin\\\/author\\\/julia\\\/\"}]}<\/script>\n<!-- \/ Yoast SEO plugin. -->","yoast_head_json":{"title":"Alltagsmomente in Erinnerungen verwandeln \ud83d\udcf8\u2728","description":"Alltagsmomente in emotionale Erinnerungen verwandeln? \ud83c\udf1f Entdecken Sie kreative Fotoprodukte, um Ihre sch\u00f6nsten Augenblicke festzuhalten.","canonical":"https:\/\/www.druckstdu.de\/magazin\/alltagsmomente-in-erinnerungen-wandeln\/","og_locale":"de_DE","og_type":"article","og_title":"Alltagsmomente in Erinnerungen verwandeln \ud83d\udcf8\u2728","og_description":"Alltagsmomente in emotionale Erinnerungen verwandeln? \ud83c\udf1f Entdecken Sie kreative Fotoprodukte, um Ihre sch\u00f6nsten Augenblicke festzuhalten.","og_url":"https:\/\/www.druckstdu.de\/magazin\/alltagsmomente-in-erinnerungen-wandeln\/","og_site_name":"Magazin | Druckstdu","article_published_time":"2025-09-04T02:32:46+00:00","article_modified_time":"2025-09-05T02:51:10+00:00","og_image":[{"width":1920,"height":628,"url":"https:\/\/www.druckstdu.de\/magazin\/wp-content\/uploads\/2025\/09\/alltagsmomente-in-erinnerungen-festhalten-junges-paar-schiesst-ein-selfie-in-der-natur.webp","type":"image\/webp"}],"author":"Julia","twitter_card":"summary_large_image","twitter_misc":{"Verfasst von":"Julia","Gesch\u00e4tzte Lesezeit":"12\u00a0Minuten"},"schema":{"@context":"https:\/\/schema.org","@graph":[{"@type":"Article","@id":"https:\/\/www.druckstdu.de\/magazin\/alltagsmomente-in-erinnerungen-wandeln\/#article","isPartOf":{"@id":"https:\/\/www.druckstdu.de\/magazin\/alltagsmomente-in-erinnerungen-wandeln\/"},"author":{"name":"Julia","@id":"https:\/\/www.druckstdu.de\/magazin\/#\/schema\/person\/21d94f7931f413d20158ecb9769efa5b"},"headline":"Wie man aus Alltagsmomenten emotionale Erinnerungen macht","datePublished":"2025-09-04T02:32:46+00:00","dateModified":"2025-09-05T02:51:10+00:00","mainEntityOfPage":{"@id":"https:\/\/www.druckstdu.de\/magazin\/alltagsmomente-in-erinnerungen-wandeln\/"},"wordCount":2208,"image":{"@id":"https:\/\/www.druckstdu.de\/magazin\/alltagsmomente-in-erinnerungen-wandeln\/#primaryimage"},"thumbnailUrl":"https:\/\/www.druckstdu.de\/magazin\/wp-content\/uploads\/2025\/09\/alltagsmomente-in-erinnerungen-festhalten-junges-paar-schiesst-ein-selfie-in-der-natur.webp","articleSection":["Geschenke"],"inLanguage":"de"},{"@type":"WebPage","@id":"https:\/\/www.druckstdu.de\/magazin\/alltagsmomente-in-erinnerungen-wandeln\/","url":"https:\/\/www.druckstdu.de\/magazin\/alltagsmomente-in-erinnerungen-wandeln\/","name":"Alltagsmomente in Erinnerungen verwandeln \ud83d\udcf8\u2728","isPartOf":{"@id":"https:\/\/www.druckstdu.de\/magazin\/#website"},"primaryImageOfPage":{"@id":"https:\/\/www.druckstdu.de\/magazin\/alltagsmomente-in-erinnerungen-wandeln\/#primaryimage"},"image":{"@id":"https:\/\/www.druckstdu.de\/magazin\/alltagsmomente-in-erinnerungen-wandeln\/#primaryimage"},"thumbnailUrl":"https:\/\/www.druckstdu.de\/magazin\/wp-content\/uploads\/2025\/09\/alltagsmomente-in-erinnerungen-festhalten-junges-paar-schiesst-ein-selfie-in-der-natur.webp","datePublished":"2025-09-04T02:32:46+00:00","dateModified":"2025-09-05T02:51:10+00:00","author":{"@id":"https:\/\/www.druckstdu.de\/magazin\/#\/schema\/person\/21d94f7931f413d20158ecb9769efa5b"},"description":"Alltagsmomente in emotionale Erinnerungen verwandeln? \ud83c\udf1f Entdecken Sie kreative Fotoprodukte, um Ihre sch\u00f6nsten Augenblicke festzuhalten.","breadcrumb":{"@id":"https:\/\/www.druckstdu.de\/magazin\/alltagsmomente-in-erinnerungen-wandeln\/#breadcrumb"},"inLanguage":"de","potentialAction":[{"@type":"ReadAction","target":["https:\/\/www.druckstdu.de\/magazin\/alltagsmomente-in-erinnerungen-wandeln\/"]}]},{"@type":"ImageObject","inLanguage":"de","@id":"https:\/\/www.druckstdu.de\/magazin\/alltagsmomente-in-erinnerungen-wandeln\/#primaryimage","url":"https:\/\/www.druckstdu.de\/magazin\/wp-content\/uploads\/2025\/09\/alltagsmomente-in-erinnerungen-festhalten-junges-paar-schiesst-ein-selfie-in-der-natur.webp","contentUrl":"https:\/\/www.druckstdu.de\/magazin\/wp-content\/uploads\/2025\/09\/alltagsmomente-in-erinnerungen-festhalten-junges-paar-schiesst-ein-selfie-in-der-natur.webp","width":1920,"height":628,"caption":"@Kampus Production von Pexels"},{"@type":"BreadcrumbList","@id":"https:\/\/www.druckstdu.de\/magazin\/alltagsmomente-in-erinnerungen-wandeln\/#breadcrumb","itemListElement":[{"@type":"ListItem","position":1,"name":"Startseite","item":"https:\/\/www.druckstdu.de\/magazin\/"},{"@type":"ListItem","position":2,"name":"Wie man aus Alltagsmomenten emotionale Erinnerungen macht"}]},{"@type":"WebSite","@id":"https:\/\/www.druckstdu.de\/magazin\/#website","url":"https:\/\/www.druckstdu.de\/magazin\/","name":"Magazin | Druckstdu","description":"","potentialAction":[{"@type":"SearchAction","target":{"@type":"EntryPoint","urlTemplate":"https:\/\/www.druckstdu.de\/magazin\/?s={search_term_string}"},"query-input":{"@type":"PropertyValueSpecification","valueRequired":true,"valueName":"search_term_string"}}],"inLanguage":"de"},{"@type":"Person","@id":"https:\/\/www.druckstdu.de\/magazin\/#\/schema\/person\/21d94f7931f413d20158ecb9769efa5b","name":"Julia","image":{"@type":"ImageObject","inLanguage":"de","@id":"https:\/\/secure.gravatar.com\/avatar\/f8d49d230387fe95329c8c2282dda447963627f07b20969a21414d5cb19c58dc?s=96&d=mm&r=g","url":"https:\/\/secure.gravatar.com\/avatar\/f8d49d230387fe95329c8c2282dda447963627f07b20969a21414d5cb19c58dc?s=96&d=mm&r=g","contentUrl":"https:\/\/secure.gravatar.com\/avatar\/f8d49d230387fe95329c8c2282dda447963627f07b20969a21414d5cb19c58dc?s=96&d=mm&r=g","caption":"Julia"},"url":"https:\/\/www.druckstdu.de\/magazin\/author\/julia\/"}]}},"wp-worthy-pixel":{"ignored":false,"public":null,"server":null,"url":null},"wp-worthy-type":"normal","_links":{"self":[{"href":"https:\/\/www.druckstdu.de\/magazin\/wp-json\/wp\/v2\/posts\/152","targetHints":{"allow":["GET"]}}],"collection":[{"href":"https:\/\/www.druckstdu.de\/magazin\/wp-json\/wp\/v2\/posts"}],"about":[{"href":"https:\/\/www.druckstdu.de\/magazin\/wp-json\/wp\/v2\/types\/post"}],"author":[{"embeddable":true,"href":"https:\/\/www.druckstdu.de\/magazin\/wp-json\/wp\/v2\/users\/3"}],"replies":[{"embeddable":true,"href":"https:\/\/www.druckstdu.de\/magazin\/wp-json\/wp\/v2\/comments?post=152"}],"version-history":[{"count":2,"href":"https:\/\/www.druckstdu.de\/magazin\/wp-json\/wp\/v2\/posts\/152\/revisions"}],"predecessor-version":[{"id":217,"href":"https:\/\/www.druckstdu.de\/magazin\/wp-json\/wp\/v2\/posts\/152\/revisions\/217"}],"wp:featuredmedia":[{"embeddable":true,"href":"https:\/\/www.druckstdu.de\/magazin\/wp-json\/wp\/v2\/media\/153"}],"wp:attachment":[{"href":"https:\/\/www.druckstdu.de\/magazin\/wp-json\/wp\/v2\/media?parent=152"}],"wp:term":[{"taxonomy":"category","embeddable":true,"href":"https:\/\/www.druckstdu.de\/magazin\/wp-json\/wp\/v2\/categories?post=152"},{"taxonomy":"post_tag","embeddable":true,"href":"https:\/\/www.druckstdu.de\/magazin\/wp-json\/wp\/v2\/tags?post=152"}],"curies":[{"name":"wp","href":"https:\/\/api.w.org\/{rel}","templated":true}]}}