{"id":155,"date":"2025-09-04T02:42:20","date_gmt":"2025-09-04T02:42:20","guid":{"rendered":"https:\/\/www.druckstdu.de\/magazin\/?p=155"},"modified":"2025-09-05T02:19:14","modified_gmt":"2025-09-05T02:19:14","slug":"minimalismus-in-fotoprojekten","status":"publish","type":"post","link":"https:\/\/www.druckstdu.de\/magazin\/minimalismus-in-fotoprojekten\/","title":{"rendered":"Minimalismus trifft Erinnerung: Wie wenige Bilder mehr aussagen k\u00f6nnen"},"content":{"rendered":"\n<p>Nachdem wir inzwischen t\u00e4glich Tausende Bilder machen, scheint es fast unvorstellbar, dass <strong>weniger manchmal mehr<\/strong> sein k\u00f6nnte. Doch im Kontext der Fotografie kann weniger tats\u00e4chlich mehr bedeuten \u2013 besonders, wenn es darum geht, <strong>Erinnerungen<\/strong> auf minimalistischen Fotoprodukten festzuhalten. Wenige, aber <strong>sorgf\u00e4ltig ausgew\u00e4hlte<\/strong> Bilder k\u00f6nnen oft viel mehr emotionale Tiefe und Bedeutung vermitteln als eine Vielzahl an Fotos. In diesem Artikel zeigen wir, wie der <strong>Minimalismus<\/strong> in der Fotografie und bei Fotoprodukten das Erz\u00e4hlen von Geschichten und das Bewahren von Erinnerungen auf eine v\u00f6llig neue Weise erm\u00f6glicht.<\/p>\n\n\n\n<h2 class=\"wp-block-heading\">Was bedeutet Minimalismus in der Fotografie?<\/h2>\n\n\n\n<p>Minimalismus in der Fotografie ist eine Kunstform, bei der der Fokus auf <strong>wenigen, aber kraftvollen<\/strong> Elementen liegt. Anstatt sich in einer F\u00fclle von Bildern zu verlieren, w\u00e4hlt man <strong>ausdrucksstarke Aufnahmen<\/strong>, die eine klare Botschaft vermitteln. Dies kann bedeuten, dass man nur ein einziges Bild verwendet, das eine ganze Geschichte erz\u00e4hlt. Der Minimalismus erlaubt es, sich auf das Wesentliche zu konzentrieren, ohne von <strong>zu vielen Details <\/strong>abgelenkt zu werden.<\/p>\n\n\n\n<h3 class=\"wp-block-heading\">Vorteile von minimalistischen Fotoprojekten:<\/h3>\n\n\n\n<ul class=\"wp-block-list\">\n<li><strong>Klarheit und Fokus<\/strong>: Wenige, gut gew\u00e4hlte Bilder fokussieren die Aufmerksamkeit auf das Wesentliche.<\/li>\n\n\n\n<li><strong>St\u00e4rkere emotionale Wirkung<\/strong>: Ein einzelnes, starkes Bild kann eine tiefere emotionale Reaktion hervorrufen als viele unzusammenh\u00e4ngende Fotos.<\/li>\n\n\n\n<li><strong>Zeitlose \u00c4sthetik<\/strong>: Minimalistische Designs wirken oft edel und zeitlos und passen in jede Einrichtung.<\/li>\n<\/ul>\n\n\n\n<h2 class=\"wp-block-heading\">Warum weniger mehr ist \u2013 minimalistische Fotoprodukte<\/h2>\n\n\n\n<p>Wenn Sie sich f\u00fcr ein minimalistisches Fotoprojekt entscheiden, ist es entscheidend, das richtige Fotoprodukt auszuw\u00e4hlen. Wenige Bilder k\u00f6nnen auf einem <strong>schlicht gestalteten <\/strong>Fotoprodukt eine viel st\u00e4rkere Wirkung erzielen als auf einem \u00fcberladenen. Ob Fotobuch, Wandbild oder Kalender \u2013 das <strong>richtige Design<\/strong> l\u00e4sst Ihre Fotos in ihrer ganzen Sch\u00f6nheit erstrahlen und gibt ihnen den Raum, den sie verdienen.<\/p>\n\n\n\n<h3 class=\"wp-block-heading\">Fotob\u00fccher im minimalistischen Design<\/h3>\n\n\n\n<p>Fotob\u00fccher bieten eine gro\u00dfartige M\u00f6glichkeit, Ihre Erinnerungen zu bewahren, aber f\u00fcr ein minimalistisches Projekt sollte das Design <strong>schlicht und elegant<\/strong> sein. Weniger ist oft mehr, wenn es um Layout und Gestaltung geht. Verwenden Sie <strong>gro\u00dfe, klare Bilder<\/strong> und lassen Sie Platz f\u00fcr das Bild, um zu \u201eatmen\u201c. Vermeiden Sie unn\u00f6tige Verzierungen oder \u00fcberfl\u00fcssige Texte. So kann jedes Bild f\u00fcr sich sprechen und der Betrachter wird sich ganz auf die Erinnerung konzentrieren.<\/p>\n\n\n\n<h3 class=\"wp-block-heading\">Wandbilder und Leinw\u00e4nde \u2013 weniger ist mehr<\/h3>\n\n\n\n<p>Wandbilder und Leinw\u00e4nde eignen sich besonders gut f\u00fcr minimalistische Fotoprojekte. <strong>Ein einziges, gro\u00dfformatiges Bild <\/strong>auf Leinwand kann in einem Raum eine viel st\u00e4rkere Pr\u00e4senz haben als mehrere kleinere Bilder, die durcheinander h\u00e4ngen. W\u00e4hlen Sie ein Bild, das eine<strong> starke emotionale oder visuelle Wirkung<\/strong> hat, und machen Sie es zum Mittelpunkt des Raumes. Diese Art der Pr\u00e4sentation l\u00e4sst die Erinnerung in einem modernen und eleganten Licht erscheinen.<\/p>\n\n\n\n<p><em>Mehr zu diesem Thema lesen Sie im Beitrag <a href=\"https:\/\/www.druckstdu.de\/magazin\/fotos-als-teil-des-wohnstils\/\">Fotos als Teil Ihres Wohnstils<\/a>.<\/em><\/p>\n\n\n\n<h3 class=\"wp-block-heading\">Kalender \u2013 minimalistisch und funktional<\/h3>\n\n\n\n<p>Ein <a href=\"https:\/\/www.druckstdu.de\/fotokalender\/\">Fotokalender<\/a> im minimalistischen Design kombiniert Funktionalit\u00e4t mit<strong> \u00e4sthetischem Wert<\/strong>. Statt jeden Monat mit vielen Bildern zu f\u00fcllen, w\u00e4hlen Sie f\u00fcr jeden Monat ein einzelnes, kraftvolles Bild aus. So entsteht ein Kalender, der nicht nur praktisch, sondern auch ein echtes Kunstwerk f\u00fcr Ihr Zuhause oder B\u00fcro ist. Diese Art der Pr\u00e4sentation sorgt f\u00fcr eine <strong>ruhige und stilvolle Atmosph\u00e4re.<\/strong><\/p>\n\n\n\n<h2 class=\"wp-block-heading\">Minimalistische Fotoprojekte umsetzen \u2013 Tipps f\u00fcr die Auswahl der richtigen Bilder<\/h2>\n\n\n\n<p>Um ein minimalistisches Fotoprojekt zu erstellen, m\u00fcssen Sie sich auf die wesentlichen Elemente konzentrieren. Nicht jedes Bild ist daf\u00fcr geeignet. Es geht darum, Aufnahmen auszuw\u00e4hlen, die <strong>in ihrer Schlichtheit<\/strong> eine Geschichte erz\u00e4hlen und <strong>Emotionen wecken.<\/strong><\/p>\n\n\n\n<h3 class=\"wp-block-heading\">Wenige, aber starke Bilder<\/h3>\n\n\n\n<p>W\u00e4hlen Sie Fotos aus, die eine <strong>starke visuelle Wirkung<\/strong> haben. Diese Bilder sollten klar und ausdrucksstark sein und den Betrachter direkt ansprechen. \u00dcberlegen Sie sich, welche Erinnerungen oder Szenen am meisten f\u00fcr Sie bedeuten und die tiefste emotionale Resonanz hervorrufen.<\/p>\n\n\n\n<h3 class=\"wp-block-heading\">Einheitlicher Stil und Thema<\/h3>\n\n\n\n<p>F\u00fcr ein minimalistisches Fotoprojekt ist es wichtig, dass die Bilder <strong>stilistisch und thematisch zusammenpassen.<\/strong> Achten Sie auf Farben, Komposition und den visuellen Ausdruck. Ein einheitlicher Stil sorgt daf\u00fcr, dass Ihr Projekt harmonisch wirkt und die Bilder eine st\u00e4rkere Wirkung entfalten.<\/p>\n\n\n\n<h3 class=\"wp-block-heading\">Die Kraft der leeren R\u00e4ume<\/h3>\n\n\n\n<p>Minimalistische Fotos leben oft von \u201e<strong>negativem Raum<\/strong>\u201c \u2013 dem leeren Raum, der das Bild umgibt. Ein Bild mit viel Freiraum kann genauso stark und bedeutungsvoll sein wie eines, das voller Details steckt. Dieser Raum l\u00e4sst das Bild \u201eatmen\u201c und erlaubt dem Betrachter, sich <strong>auf das Wesentliche<\/strong> zu <strong>konzentrieren.<\/strong><\/p>\n\n\n\n<h2 class=\"wp-block-heading\">Die Bedeutung des Designs f\u00fcr minimalistische Fotoprodukte<\/h2>\n\n\n\n<p>Der Designprozess spielt eine entscheidende Rolle, um Ihre <strong>minimalistische Vision<\/strong> in einem Fotoprojekt <strong>umzusetzen.<\/strong> Hier geht es darum, jedes Element so zu platzieren, dass es die Wirkung Ihrer Fotos unterst\u00fctzt.<\/p>\n\n\n\n<p><em>Eine andere Perspektive bietet der <a href=\".\u201c https:\/\/www.druckstdu.de\/magazin\/fotos-und-erinnerungen-achtsamkeit-im-alltag\/\">Artikel zu Achtsamkeit mit Fotos und Erinnerungen<\/a>.<\/em><\/p>\n\n\n\n<h3 class=\"wp-block-heading\">Klare Layouts und Strukturen<\/h3>\n\n\n\n<p>Ob Fotobuch, Kalender oder Wandbild \u2013 der Schl\u00fcssel zu einem minimalistischen Design liegt in der <strong>Einfachheit.<\/strong> Verwenden Sie klare, unaufdringliche Layouts, bei denen das Bild im Vordergrund steht. Lassen Sie<strong> viel Freiraum <\/strong>und vermeiden Sie unn\u00f6tige Verzierungen, die vom Bild ablenken k\u00f6nnten. Weniger Text und einfache Rahmen betonen das Bild und erm\u00f6glichen es, dass die Erinnerung f\u00fcr sich selbst spricht.<\/p>\n\n\n\n<h3 class=\"wp-block-heading\">Farbwahl und Materialien<\/h3>\n\n\n\n<p>F\u00fcr ein minimalistisches Design sollten Sie <strong>neutrale Farben und Materialien<\/strong> w\u00e4hlen. Helle Hintergr\u00fcnde, Wei\u00df und Schwarz oder sanfte Pastellt\u00f6ne lassen Ihre Fotos st\u00e4rker wirken. Bei der Wahl der Materialien f\u00fcr Fotob\u00fccher oder Wandbilder sollten Sie auf<strong> edle, matte Oberfl\u00e4chen<\/strong> setzen, die das Bild in den Fokus stellen und nicht von ihm ablenken.<\/p>\n\n\n\n<h2 class=\"wp-block-heading\">Minimalistische Fotoprojekte als pers\u00f6nliche Geschenke<\/h2>\n\n\n\n<p>Ein minimalistisches Fotoprojekt kann auch ein wunderbares, pers\u00f6nliches Geschenk sein. Ob zum Geburtstag, zu einem Jubil\u00e4um oder als Dankesch\u00f6n \u2013 ein Foto, das auf einem Wandbild oder in einem eleganten Fotobuch pr\u00e4sentiert wird, ist ein<strong> durchdachtes und einzigartiges Geschenk. <\/strong>Die Klarheit und Emotionalit\u00e4t eines minimalistischen Designs hebt das Geschenk von traditionellen, \u00fcberladenen Fotogeschenken ab.<\/p>\n\n\n\n<h3 class=\"wp-block-heading\">Fotob\u00fccher als individuelle Geschenke<\/h3>\n\n\n\n<p>Gestalten Sie ein minimalistisches <a href=\"https:\/\/www.druckstdu.de\/fotobuecher\/\">Fotobuch<\/a>, das nur <strong>eine Auswahl der besten Erinnerungen<\/strong> zeigt. Dieses Fotobuch wird zu einem wertvollen Erbst\u00fcck, das nicht nur den Moment einf\u00e4ngt, sondern auch eine Geschichte erz\u00e4hlt. Die schlichte Eleganz eines solchen Buches macht es zu einem zeitlosen Geschenk.<\/p>\n\n\n\n<h3 class=\"wp-block-heading\">Wandbilder als Kunstwerke<\/h3>\n\n\n\n<p>W\u00e4hlen Sie das beste Bild f\u00fcr ein <a href=\"https:\/\/www.druckstdu.de\/wandbilder\/\">Wandbild<\/a>, das im Wohnzimmer oder B\u00fcro als<strong> modernes Kunstwerk<\/strong> fungiert. Ein minimalistisches Wandbild mit einer kraftvollen Botschaft zieht alle Blicke auf sich und ist ein besonders pers\u00f6nliches Geschenk, das <strong>jeden Raum aufwertet.<\/strong><\/p>\n\n\n\n<h2 class=\"wp-block-heading\">Fazit: Weniger ist mehr<\/h2>\n\n\n\n<p>Minimalismus in der Fotografie und bei Fotoprodukten erm\u00f6glicht, Erinnerungen auf eine<strong> schlichte, aber tiefgr\u00fcndige<\/strong> Weise zu bewahren. Wenige, gut ausgew\u00e4hlte Bilder k\u00f6nnen eine st\u00e4rkere emotionale Wirkung haben und lassen sich in minimalistischen Designs perfekt zur Geltung bringen. Ob als Fotobuch, Wandbild oder Kalender \u2013 die<strong> klare Struktur<\/strong> und die gezielte Auswahl der Bilder sorgen daf\u00fcr, dass Ihre Erinnerungen nicht nur festgehalten, sondern auch <strong>kunstvoll in Szene gesetzt <\/strong>werden.<\/p>\n\n\n\n<p>\ud83d\udc49 <strong>Nutzen Sie diese Ans\u00e4tze<\/strong>, um mit <a href=\"https:\/\/www.druckstdu.de\/\">druckstdu<\/a> ein minimalistisches Fotoprojekt zu erstellen, das Ihnen und Ihren Liebsten lange Freude bereiten wird.<\/p>\n\n\n\n<h2 class=\"wp-block-heading\">FAQ: Minimalismus in Fotoprojekten<\/h2>\n\n\n\n<h3 class=\"wp-block-heading\">Was bedeutet Minimalismus in der Fotografie und wie kann ich ihn in meinem Fotoprojekt umsetzen?<\/h3>\n\n\n\n<p>Minimalismus in der Fotografie bedeutet, sich auf das Wesentliche zu konzentrieren und nur wenige, aber sehr ausdrucksstarke Bilder auszuw\u00e4hlen. Anstatt viele Fotos zu verwenden, setzt man auf die Qualit\u00e4t und emotionale Tiefe jedes einzelnen Bildes. In einem minimalistischen Fotoprojekt w\u00e4hlen Sie klare, pr\u00e4gnante Bilder, die eine Geschichte erz\u00e4hlen oder starke Emotionen vermitteln. Achten Sie darauf, dass jedes Bild eine zentrale Rolle spielt und der Rest des Designs schlicht gehalten wird, um den Fokus auf das Bild zu lenken.<\/p>\n\n\n\n<h3 class=\"wp-block-heading\">Wie w\u00e4hle ich die besten Bilder f\u00fcr mein minimalistisches Fotoprojekt aus?<\/h3>\n\n\n\n<p>F\u00fcr ein minimalistisches Fotoprojekt sollten Sie nur die st\u00e4rksten Bilder ausw\u00e4hlen, die emotional ansprechend und visuell ausdrucksstark sind. \u00dcberlegen Sie, welche Bilder die Geschichte oder die Stimmung, die Sie festhalten m\u00f6chten, am besten wiedergeben. Achten Sie darauf, dass die Bilder in Qualit\u00e4t und Stil zusammenpassen. Wenige, aber kraftvolle Bilder, die klare und scharfe Details zeigen, sind f\u00fcr ein minimalistisches Fotoprojekt am besten geeignet.<\/p>\n\n\n\n<h3 class=\"wp-block-heading\">Warum sollte ich ein minimalistisches Fotobuch oder Wandbild w\u00e4hlen?<\/h3>\n\n\n\n<p>Ein minimalistisches Fotobuch oder Wandbild lenkt den Blick auf das Wesentliche und hebt die emotionale Wirkung Ihrer Fotos hervor. Es wird nicht von \u00fcberfl\u00fcssigen Details oder Designs abgelenkt, sondern l\u00e4sst die Bilder f\u00fcr sich selbst sprechen. Diese Art der Pr\u00e4sentation hat eine zeitlose Eleganz und passt sich sowohl modernen als auch klassischen Einrichtungsstilen an. Ein minimalistisches Fotoprodukt kann zudem als wertvolles Erinnerungsst\u00fcck dienen, das Sie viele Jahre lang begleiten wird.<\/p>\n\n\n\n<h3 class=\"wp-block-heading\">Wie kann ich ein minimalistisches Design f\u00fcr mein Fotoprojekt umsetzen?<\/h3>\n\n\n\n<p>Um ein minimalistisches Design zu erreichen, sollten Sie auf einfache, klare Layouts setzen. Verwenden Sie neutrale Farben und lassen Sie viel Platz um Ihre Bilder herum. Achten Sie darauf, dass die Gestaltung nicht vom Bild ablenkt, sondern das Bild in den Mittelpunkt stellt. Verzichten Sie auf unn\u00f6tige Texte oder Verzierungen. Bei der Auswahl von Materialien f\u00fcr Fotob\u00fccher oder Wandbilder sollten Sie auf matte Oberfl\u00e4chen oder sanfte, unaufdringliche Designs setzen, um die Schlichtheit und Eleganz zu betonen.<\/p>\n\n\n\n<h3 class=\"wp-block-heading\">Wie kann ich ein minimalistisches Fotoprojekt als Geschenk verwenden?<\/h3>\n\n\n\n<p>Ein minimalistisches Fotoprojekt eignet sich hervorragend als pers\u00f6nliches Geschenk. Ein Fotobuch mit einer Auswahl der besten Erinnerungen oder ein Wandbild mit einem einzigartigen, kraftvollen Bild ist eine sehr pers\u00f6nliche Geschenkidee. Die schlichte Eleganz solcher Fotoprodukte verleiht dem Geschenk eine zeitlose und edle Note, die es zu etwas ganz Besonderem macht. Minimalistische Fotoprojekte als Geschenk sind ideal f\u00fcr Geburtstage, Hochzeiten oder Jubil\u00e4en und sorgen immer f\u00fcr eine bleibende Erinnerung.<\/p>\n<a class=\"simplefavorite-button\" data-postid=\"155\" data-siteid=\"1\" data-groupid=\"1\" data-favoritecount=\"0\" style=\"\"><img decoding=\"async\" src=\"\/magazin\/wp-content\/uploads\/2025\/07\/heart.svg\">Speichern f\u00fcr sp\u00e4ter<\/a>","protected":false},"excerpt":{"rendered":"<p>Nachdem wir inzwischen t\u00e4glich Tausende Bilder machen, scheint es fast unvorstellbar, dass weniger manchmal mehr sein k\u00f6nnte. Doch im Kontext&#8230;<\/p>\n","protected":false},"author":3,"featured_media":156,"comment_status":"closed","ping_status":"closed","sticky":false,"template":"","format":"standard","meta":{"_acf_changed":false,"inline_featured_image":false,"footnotes":""},"categories":[3],"tags":[],"class_list":["post-155","post","type-post","status-publish","format-standard","has-post-thumbnail","hentry","category-design"],"acf":[],"yoast_head":"<!-- This site is optimized with the Yoast SEO plugin v27.5 - https:\/\/yoast.com\/product\/yoast-seo-wordpress\/ -->\n<title>Minimalismus in Fotoprojekten \ud83d\udcf8 Weniger Bilder, mehr Bedeutung<\/title>\n<meta name=\"description\" content=\"Wie Sie mit wenigen Bildern in minimalistischen Fotoprojekten mehr sagen k\u00f6nnen. \ud83c\udf1f\ud83d\uddbc\ufe0f Schlichte Eleganz f\u00fcr Ihre Erinnerungen!\" \/>\n<link rel=\"canonical\" href=\"https:\/\/www.druckstdu.de\/magazin\/minimalismus-in-fotoprojekten\/\" \/>\n<meta property=\"og:locale\" content=\"de_DE\" \/>\n<meta property=\"og:type\" content=\"article\" \/>\n<meta property=\"og:title\" content=\"Minimalismus in Fotoprojekten \ud83d\udcf8 Weniger Bilder, mehr Bedeutung\" \/>\n<meta property=\"og:description\" content=\"Wie Sie mit wenigen Bildern in minimalistischen Fotoprojekten mehr sagen k\u00f6nnen. \ud83c\udf1f\ud83d\uddbc\ufe0f Schlichte Eleganz f\u00fcr Ihre Erinnerungen!\" \/>\n<meta property=\"og:url\" content=\"https:\/\/www.druckstdu.de\/magazin\/minimalismus-in-fotoprojekten\/\" \/>\n<meta property=\"og:site_name\" content=\"Magazin | Druckstdu\" \/>\n<meta property=\"article:published_time\" content=\"2025-09-04T02:42:20+00:00\" \/>\n<meta property=\"article:modified_time\" content=\"2025-09-05T02:19:14+00:00\" \/>\n<meta property=\"og:image\" content=\"https:\/\/www.druckstdu.de\/magazin\/wp-content\/uploads\/2025\/09\/minimalismus-in-der-fotografie-an-der-wand-haengt-eine-grosse-naturaufnahme-aus-der-vogelperspektive.webp\" \/>\n\t<meta property=\"og:image:width\" content=\"1920\" \/>\n\t<meta property=\"og:image:height\" content=\"628\" \/>\n\t<meta property=\"og:image:type\" content=\"image\/webp\" \/>\n<meta name=\"author\" content=\"Julia\" \/>\n<meta name=\"twitter:card\" content=\"summary_large_image\" \/>\n<meta name=\"twitter:label1\" content=\"Verfasst von\" \/>\n\t<meta name=\"twitter:data1\" content=\"Julia\" \/>\n\t<meta name=\"twitter:label2\" content=\"Gesch\u00e4tzte Lesezeit\" \/>\n\t<meta name=\"twitter:data2\" content=\"9\u00a0Minuten\" \/>\n<script type=\"application\/ld+json\" class=\"yoast-schema-graph\">{\"@context\":\"https:\\\/\\\/schema.org\",\"@graph\":[{\"@type\":\"Article\",\"@id\":\"https:\\\/\\\/www.druckstdu.de\\\/magazin\\\/minimalismus-in-fotoprojekten\\\/#article\",\"isPartOf\":{\"@id\":\"https:\\\/\\\/www.druckstdu.de\\\/magazin\\\/minimalismus-in-fotoprojekten\\\/\"},\"author\":{\"name\":\"Julia\",\"@id\":\"https:\\\/\\\/www.druckstdu.de\\\/magazin\\\/#\\\/schema\\\/person\\\/21d94f7931f413d20158ecb9769efa5b\"},\"headline\":\"Minimalismus trifft Erinnerung: Wie wenige Bilder mehr aussagen k\u00f6nnen\",\"datePublished\":\"2025-09-04T02:42:20+00:00\",\"dateModified\":\"2025-09-05T02:19:14+00:00\",\"mainEntityOfPage\":{\"@id\":\"https:\\\/\\\/www.druckstdu.de\\\/magazin\\\/minimalismus-in-fotoprojekten\\\/\"},\"wordCount\":1632,\"image\":{\"@id\":\"https:\\\/\\\/www.druckstdu.de\\\/magazin\\\/minimalismus-in-fotoprojekten\\\/#primaryimage\"},\"thumbnailUrl\":\"https:\\\/\\\/www.druckstdu.de\\\/magazin\\\/wp-content\\\/uploads\\\/2025\\\/09\\\/minimalismus-in-der-fotografie-an-der-wand-haengt-eine-grosse-naturaufnahme-aus-der-vogelperspektive.webp\",\"articleSection\":[\"Design\"],\"inLanguage\":\"de\"},{\"@type\":\"WebPage\",\"@id\":\"https:\\\/\\\/www.druckstdu.de\\\/magazin\\\/minimalismus-in-fotoprojekten\\\/\",\"url\":\"https:\\\/\\\/www.druckstdu.de\\\/magazin\\\/minimalismus-in-fotoprojekten\\\/\",\"name\":\"Minimalismus in Fotoprojekten \ud83d\udcf8 Weniger Bilder, mehr Bedeutung\",\"isPartOf\":{\"@id\":\"https:\\\/\\\/www.druckstdu.de\\\/magazin\\\/#website\"},\"primaryImageOfPage\":{\"@id\":\"https:\\\/\\\/www.druckstdu.de\\\/magazin\\\/minimalismus-in-fotoprojekten\\\/#primaryimage\"},\"image\":{\"@id\":\"https:\\\/\\\/www.druckstdu.de\\\/magazin\\\/minimalismus-in-fotoprojekten\\\/#primaryimage\"},\"thumbnailUrl\":\"https:\\\/\\\/www.druckstdu.de\\\/magazin\\\/wp-content\\\/uploads\\\/2025\\\/09\\\/minimalismus-in-der-fotografie-an-der-wand-haengt-eine-grosse-naturaufnahme-aus-der-vogelperspektive.webp\",\"datePublished\":\"2025-09-04T02:42:20+00:00\",\"dateModified\":\"2025-09-05T02:19:14+00:00\",\"author\":{\"@id\":\"https:\\\/\\\/www.druckstdu.de\\\/magazin\\\/#\\\/schema\\\/person\\\/21d94f7931f413d20158ecb9769efa5b\"},\"description\":\"Wie Sie mit wenigen Bildern in minimalistischen Fotoprojekten mehr sagen k\u00f6nnen. \ud83c\udf1f\ud83d\uddbc\ufe0f Schlichte Eleganz f\u00fcr Ihre Erinnerungen!\",\"breadcrumb\":{\"@id\":\"https:\\\/\\\/www.druckstdu.de\\\/magazin\\\/minimalismus-in-fotoprojekten\\\/#breadcrumb\"},\"inLanguage\":\"de\",\"potentialAction\":[{\"@type\":\"ReadAction\",\"target\":[\"https:\\\/\\\/www.druckstdu.de\\\/magazin\\\/minimalismus-in-fotoprojekten\\\/\"]}]},{\"@type\":\"ImageObject\",\"inLanguage\":\"de\",\"@id\":\"https:\\\/\\\/www.druckstdu.de\\\/magazin\\\/minimalismus-in-fotoprojekten\\\/#primaryimage\",\"url\":\"https:\\\/\\\/www.druckstdu.de\\\/magazin\\\/wp-content\\\/uploads\\\/2025\\\/09\\\/minimalismus-in-der-fotografie-an-der-wand-haengt-eine-grosse-naturaufnahme-aus-der-vogelperspektive.webp\",\"contentUrl\":\"https:\\\/\\\/www.druckstdu.de\\\/magazin\\\/wp-content\\\/uploads\\\/2025\\\/09\\\/minimalismus-in-der-fotografie-an-der-wand-haengt-eine-grosse-naturaufnahme-aus-der-vogelperspektive.webp\",\"width\":1920,\"height\":628,\"caption\":\"@ Pok Rie von Pexels sowie @navamin studio\"},{\"@type\":\"BreadcrumbList\",\"@id\":\"https:\\\/\\\/www.druckstdu.de\\\/magazin\\\/minimalismus-in-fotoprojekten\\\/#breadcrumb\",\"itemListElement\":[{\"@type\":\"ListItem\",\"position\":1,\"name\":\"Startseite\",\"item\":\"https:\\\/\\\/www.druckstdu.de\\\/magazin\\\/\"},{\"@type\":\"ListItem\",\"position\":2,\"name\":\"Minimalismus trifft Erinnerung: Wie wenige Bilder mehr aussagen k\u00f6nnen\"}]},{\"@type\":\"WebSite\",\"@id\":\"https:\\\/\\\/www.druckstdu.de\\\/magazin\\\/#website\",\"url\":\"https:\\\/\\\/www.druckstdu.de\\\/magazin\\\/\",\"name\":\"Magazin | Druckstdu\",\"description\":\"\",\"potentialAction\":[{\"@type\":\"SearchAction\",\"target\":{\"@type\":\"EntryPoint\",\"urlTemplate\":\"https:\\\/\\\/www.druckstdu.de\\\/magazin\\\/?s={search_term_string}\"},\"query-input\":{\"@type\":\"PropertyValueSpecification\",\"valueRequired\":true,\"valueName\":\"search_term_string\"}}],\"inLanguage\":\"de\"},{\"@type\":\"Person\",\"@id\":\"https:\\\/\\\/www.druckstdu.de\\\/magazin\\\/#\\\/schema\\\/person\\\/21d94f7931f413d20158ecb9769efa5b\",\"name\":\"Julia\",\"image\":{\"@type\":\"ImageObject\",\"inLanguage\":\"de\",\"@id\":\"https:\\\/\\\/secure.gravatar.com\\\/avatar\\\/f8d49d230387fe95329c8c2282dda447963627f07b20969a21414d5cb19c58dc?s=96&d=mm&r=g\",\"url\":\"https:\\\/\\\/secure.gravatar.com\\\/avatar\\\/f8d49d230387fe95329c8c2282dda447963627f07b20969a21414d5cb19c58dc?s=96&d=mm&r=g\",\"contentUrl\":\"https:\\\/\\\/secure.gravatar.com\\\/avatar\\\/f8d49d230387fe95329c8c2282dda447963627f07b20969a21414d5cb19c58dc?s=96&d=mm&r=g\",\"caption\":\"Julia\"},\"url\":\"https:\\\/\\\/www.druckstdu.de\\\/magazin\\\/author\\\/julia\\\/\"}]}<\/script>\n<!-- \/ Yoast SEO plugin. -->","yoast_head_json":{"title":"Minimalismus in Fotoprojekten \ud83d\udcf8 Weniger Bilder, mehr Bedeutung","description":"Wie Sie mit wenigen Bildern in minimalistischen Fotoprojekten mehr sagen k\u00f6nnen. \ud83c\udf1f\ud83d\uddbc\ufe0f Schlichte Eleganz f\u00fcr Ihre Erinnerungen!","canonical":"https:\/\/www.druckstdu.de\/magazin\/minimalismus-in-fotoprojekten\/","og_locale":"de_DE","og_type":"article","og_title":"Minimalismus in Fotoprojekten \ud83d\udcf8 Weniger Bilder, mehr Bedeutung","og_description":"Wie Sie mit wenigen Bildern in minimalistischen Fotoprojekten mehr sagen k\u00f6nnen. \ud83c\udf1f\ud83d\uddbc\ufe0f Schlichte Eleganz f\u00fcr Ihre Erinnerungen!","og_url":"https:\/\/www.druckstdu.de\/magazin\/minimalismus-in-fotoprojekten\/","og_site_name":"Magazin | Druckstdu","article_published_time":"2025-09-04T02:42:20+00:00","article_modified_time":"2025-09-05T02:19:14+00:00","og_image":[{"width":1920,"height":628,"url":"https:\/\/www.druckstdu.de\/magazin\/wp-content\/uploads\/2025\/09\/minimalismus-in-der-fotografie-an-der-wand-haengt-eine-grosse-naturaufnahme-aus-der-vogelperspektive.webp","type":"image\/webp"}],"author":"Julia","twitter_card":"summary_large_image","twitter_misc":{"Verfasst von":"Julia","Gesch\u00e4tzte Lesezeit":"9\u00a0Minuten"},"schema":{"@context":"https:\/\/schema.org","@graph":[{"@type":"Article","@id":"https:\/\/www.druckstdu.de\/magazin\/minimalismus-in-fotoprojekten\/#article","isPartOf":{"@id":"https:\/\/www.druckstdu.de\/magazin\/minimalismus-in-fotoprojekten\/"},"author":{"name":"Julia","@id":"https:\/\/www.druckstdu.de\/magazin\/#\/schema\/person\/21d94f7931f413d20158ecb9769efa5b"},"headline":"Minimalismus trifft Erinnerung: Wie wenige Bilder mehr aussagen k\u00f6nnen","datePublished":"2025-09-04T02:42:20+00:00","dateModified":"2025-09-05T02:19:14+00:00","mainEntityOfPage":{"@id":"https:\/\/www.druckstdu.de\/magazin\/minimalismus-in-fotoprojekten\/"},"wordCount":1632,"image":{"@id":"https:\/\/www.druckstdu.de\/magazin\/minimalismus-in-fotoprojekten\/#primaryimage"},"thumbnailUrl":"https:\/\/www.druckstdu.de\/magazin\/wp-content\/uploads\/2025\/09\/minimalismus-in-der-fotografie-an-der-wand-haengt-eine-grosse-naturaufnahme-aus-der-vogelperspektive.webp","articleSection":["Design"],"inLanguage":"de"},{"@type":"WebPage","@id":"https:\/\/www.druckstdu.de\/magazin\/minimalismus-in-fotoprojekten\/","url":"https:\/\/www.druckstdu.de\/magazin\/minimalismus-in-fotoprojekten\/","name":"Minimalismus in Fotoprojekten \ud83d\udcf8 Weniger Bilder, mehr Bedeutung","isPartOf":{"@id":"https:\/\/www.druckstdu.de\/magazin\/#website"},"primaryImageOfPage":{"@id":"https:\/\/www.druckstdu.de\/magazin\/minimalismus-in-fotoprojekten\/#primaryimage"},"image":{"@id":"https:\/\/www.druckstdu.de\/magazin\/minimalismus-in-fotoprojekten\/#primaryimage"},"thumbnailUrl":"https:\/\/www.druckstdu.de\/magazin\/wp-content\/uploads\/2025\/09\/minimalismus-in-der-fotografie-an-der-wand-haengt-eine-grosse-naturaufnahme-aus-der-vogelperspektive.webp","datePublished":"2025-09-04T02:42:20+00:00","dateModified":"2025-09-05T02:19:14+00:00","author":{"@id":"https:\/\/www.druckstdu.de\/magazin\/#\/schema\/person\/21d94f7931f413d20158ecb9769efa5b"},"description":"Wie Sie mit wenigen Bildern in minimalistischen Fotoprojekten mehr sagen k\u00f6nnen. \ud83c\udf1f\ud83d\uddbc\ufe0f Schlichte Eleganz f\u00fcr Ihre Erinnerungen!","breadcrumb":{"@id":"https:\/\/www.druckstdu.de\/magazin\/minimalismus-in-fotoprojekten\/#breadcrumb"},"inLanguage":"de","potentialAction":[{"@type":"ReadAction","target":["https:\/\/www.druckstdu.de\/magazin\/minimalismus-in-fotoprojekten\/"]}]},{"@type":"ImageObject","inLanguage":"de","@id":"https:\/\/www.druckstdu.de\/magazin\/minimalismus-in-fotoprojekten\/#primaryimage","url":"https:\/\/www.druckstdu.de\/magazin\/wp-content\/uploads\/2025\/09\/minimalismus-in-der-fotografie-an-der-wand-haengt-eine-grosse-naturaufnahme-aus-der-vogelperspektive.webp","contentUrl":"https:\/\/www.druckstdu.de\/magazin\/wp-content\/uploads\/2025\/09\/minimalismus-in-der-fotografie-an-der-wand-haengt-eine-grosse-naturaufnahme-aus-der-vogelperspektive.webp","width":1920,"height":628,"caption":"@ Pok Rie von Pexels sowie @navamin studio"},{"@type":"BreadcrumbList","@id":"https:\/\/www.druckstdu.de\/magazin\/minimalismus-in-fotoprojekten\/#breadcrumb","itemListElement":[{"@type":"ListItem","position":1,"name":"Startseite","item":"https:\/\/www.druckstdu.de\/magazin\/"},{"@type":"ListItem","position":2,"name":"Minimalismus trifft Erinnerung: Wie wenige Bilder mehr aussagen k\u00f6nnen"}]},{"@type":"WebSite","@id":"https:\/\/www.druckstdu.de\/magazin\/#website","url":"https:\/\/www.druckstdu.de\/magazin\/","name":"Magazin | Druckstdu","description":"","potentialAction":[{"@type":"SearchAction","target":{"@type":"EntryPoint","urlTemplate":"https:\/\/www.druckstdu.de\/magazin\/?s={search_term_string}"},"query-input":{"@type":"PropertyValueSpecification","valueRequired":true,"valueName":"search_term_string"}}],"inLanguage":"de"},{"@type":"Person","@id":"https:\/\/www.druckstdu.de\/magazin\/#\/schema\/person\/21d94f7931f413d20158ecb9769efa5b","name":"Julia","image":{"@type":"ImageObject","inLanguage":"de","@id":"https:\/\/secure.gravatar.com\/avatar\/f8d49d230387fe95329c8c2282dda447963627f07b20969a21414d5cb19c58dc?s=96&d=mm&r=g","url":"https:\/\/secure.gravatar.com\/avatar\/f8d49d230387fe95329c8c2282dda447963627f07b20969a21414d5cb19c58dc?s=96&d=mm&r=g","contentUrl":"https:\/\/secure.gravatar.com\/avatar\/f8d49d230387fe95329c8c2282dda447963627f07b20969a21414d5cb19c58dc?s=96&d=mm&r=g","caption":"Julia"},"url":"https:\/\/www.druckstdu.de\/magazin\/author\/julia\/"}]}},"wp-worthy-pixel":{"ignored":false,"public":null,"server":null,"url":null},"wp-worthy-type":"normal","_links":{"self":[{"href":"https:\/\/www.druckstdu.de\/magazin\/wp-json\/wp\/v2\/posts\/155","targetHints":{"allow":["GET"]}}],"collection":[{"href":"https:\/\/www.druckstdu.de\/magazin\/wp-json\/wp\/v2\/posts"}],"about":[{"href":"https:\/\/www.druckstdu.de\/magazin\/wp-json\/wp\/v2\/types\/post"}],"author":[{"embeddable":true,"href":"https:\/\/www.druckstdu.de\/magazin\/wp-json\/wp\/v2\/users\/3"}],"replies":[{"embeddable":true,"href":"https:\/\/www.druckstdu.de\/magazin\/wp-json\/wp\/v2\/comments?post=155"}],"version-history":[{"count":2,"href":"https:\/\/www.druckstdu.de\/magazin\/wp-json\/wp\/v2\/posts\/155\/revisions"}],"predecessor-version":[{"id":190,"href":"https:\/\/www.druckstdu.de\/magazin\/wp-json\/wp\/v2\/posts\/155\/revisions\/190"}],"wp:featuredmedia":[{"embeddable":true,"href":"https:\/\/www.druckstdu.de\/magazin\/wp-json\/wp\/v2\/media\/156"}],"wp:attachment":[{"href":"https:\/\/www.druckstdu.de\/magazin\/wp-json\/wp\/v2\/media?parent=155"}],"wp:term":[{"taxonomy":"category","embeddable":true,"href":"https:\/\/www.druckstdu.de\/magazin\/wp-json\/wp\/v2\/categories?post=155"},{"taxonomy":"post_tag","embeddable":true,"href":"https:\/\/www.druckstdu.de\/magazin\/wp-json\/wp\/v2\/tags?post=155"}],"curies":[{"name":"wp","href":"https:\/\/api.w.org\/{rel}","templated":true}]}}