{"id":161,"date":"2025-09-04T02:57:35","date_gmt":"2025-09-04T02:57:35","guid":{"rendered":"https:\/\/www.druckstdu.de\/magazin\/?p=161"},"modified":"2025-09-05T01:42:22","modified_gmt":"2025-09-05T01:42:22","slug":"echte-fotos-wieder-im-trend","status":"publish","type":"post","link":"https:\/\/www.druckstdu.de\/magazin\/echte-fotos-wieder-im-trend\/","title":{"rendered":"Digital oder gedruckt? Warum echte Fotos wieder im Trend sind"},"content":{"rendered":"\n<p>In unserer zunehmend von <strong>digitalen Ger\u00e4ten<\/strong> und <strong>Cloud-Speichern<\/strong> dominierten Gesellschaft scheint es fast so, als ob <strong>gedruckte Fotos<\/strong> aus der Mode gekommen sind. Doch in den vergangenen Jahren erleben <strong>echte Fotos<\/strong> ein erstaunliches <strong>Comeback<\/strong>. Immer mehr Menschen suchen nach <strong>k\u00f6rperlichen Erinnerungen<\/strong> und <strong>Handfestem<\/strong>, um die Momente festzuhalten, die f\u00fcr sie am wichtigsten sind. Der \u00dcbergang von <strong>digitalen<\/strong> zu <strong>gedruckten Bildern<\/strong> mag wie ein R\u00fcckschritt wirken, aber es gibt viele Gr\u00fcnde, warum <strong>gedruckte Fotos<\/strong> in der heutigen Zeit wieder eine gro\u00dfe Bedeutung erlangen.<\/p>\n\n\n\n<h3 class=\"wp-block-heading\">Warum sind echte Fotos wieder gefragt?<\/h3>\n\n\n\n<p>Die digitale Welt hat unbestreitbare Vorteile, aber sie hat auch einige Nachteile. <strong>Digitale Fotos<\/strong> werden oft in <strong>Cloud-Diensten<\/strong> gespeichert oder auf <strong>Smartphones<\/strong> betrachtet, wodurch sie weniger greifbar werden. Im Gegensatz dazu bieten <strong>gedruckte Fotos<\/strong> eine <strong>k\u00f6rperliche Pr\u00e4senz<\/strong>, die <strong>Emotionen<\/strong> und <strong>Erinnerungen<\/strong> lebendig h\u00e4lt.<\/p>\n\n\n\n<p>Einige der Hauptgr\u00fcnde, warum <strong>echte Fotos<\/strong> wieder im Trend sind:<\/p>\n\n\n\n<ul class=\"wp-block-list\">\n<li><strong>Haptische Erinnerung<\/strong>: Gedruckte Fotos bieten eine <strong>greifbare<\/strong> Erinnerung an besondere Momente, die man <strong>anfassen<\/strong>, <strong>anschauen<\/strong> und mit anderen teilen kann.<\/li>\n\n\n\n<li><strong>Dekorative Wirkung<\/strong>: Ein <strong>Fotodruck<\/strong> auf <strong>hochwertigem Papier<\/strong> oder <strong>Leinwand<\/strong> versch\u00f6nert nicht nur den Raum, sondern erinnert uns t\u00e4glich an die sch\u00f6nen Erlebnisse.<\/li>\n\n\n\n<li><strong>Wertsch\u00e4tzung und Nostalgie<\/strong>: Das Festhalten von Erinnerungen in Form von <strong>gedruckten Fotos<\/strong> wird als pers\u00f6nlicher und wertvoller empfunden als digitale Bilder, die in der <strong>Unendlichkeit der Cloud<\/strong> verschwinden k\u00f6nnen.<\/li>\n<\/ul>\n\n\n\n<h2 class=\"wp-block-heading\">Die Vorteile von gedruckten Fotos im Vergleich zu digitalen<\/h2>\n\n\n\n<p><strong>Gedruckte Fotos<\/strong> bieten eine Vielzahl von Vorteilen, die digitale Formate nicht bieten k\u00f6nnen. W\u00e4hrend digitale Bilder f\u00fcr eine <strong>schnelle<\/strong> und <strong>praktische Speicherung<\/strong> und <strong>Verteilung<\/strong> hervorragend sind, bieten gedruckte Fotos eine <strong>v\u00f6llig andere Erfahrung<\/strong>. Hier sind einige der wichtigsten Vorteile von <strong>gedruckten Bildern<\/strong> im Vergleich zu digitalen:<\/p>\n\n\n\n<h3 class=\"wp-block-heading\">1. Nachhaltigkeit und Langlebigkeit<\/h3>\n\n\n\n<p>Ein gedrucktes Foto hat eine <strong>l\u00e4ngere Lebensdauer<\/strong> als ein digitales Bild, das m\u00f6glicherweise durch <strong>technische Fehler<\/strong>, <strong>Softwareprobleme<\/strong> oder <strong>Datenverlust<\/strong> verschwinden kann. Solange Sie das Foto <strong>richtig lagern<\/strong>, k\u00f6nnen Sie es <strong>\u00fcber Jahre<\/strong> hinweg betrachten.<\/p>\n\n\n\n<ul class=\"wp-block-list\">\n<li><strong>Gedruckte Fotos<\/strong>: Sie sind <strong>nicht anf\u00e4llig<\/strong> f\u00fcr <strong>Datenverlust<\/strong> oder <strong>Ver\u00e4nderungen durch Software-Updates<\/strong>.<\/li>\n\n\n\n<li><strong>Digitale Fotos<\/strong>: Ben\u00f6tigen <strong>regelm\u00e4\u00dfige Sicherungen<\/strong> und k\u00f6nnen durch <strong>Speicherkapazit\u00e4tsprobleme<\/strong> oder <strong>technische St\u00f6rungen<\/strong> verloren gehen.<\/li>\n<\/ul>\n\n\n\n<h3 class=\"wp-block-heading\">2. Pers\u00f6nliche Verbindung und Wertigkeit<\/h3>\n\n\n\n<p>Wenn Sie ein <strong>digitales Foto<\/strong> anschauen, ist es oft nur ein <strong>weiteres Bild<\/strong> auf einem <strong>Bildschirm<\/strong>, das nach einer kurzen Betrachtung schnell wieder in den <strong>virtuellen Raum<\/strong> verschwindet. <strong>Gedruckte Fotos<\/strong> hingegen haben eine <strong>t\u00e4gliche Pr\u00e4senz<\/strong>, die Sie immer wieder in den <strong>Fokus<\/strong> r\u00fccken k\u00f6nnen.<\/p>\n\n\n\n<ul class=\"wp-block-list\">\n<li><strong>Digital<\/strong>: Schnell und fl\u00fcchtig.<\/li>\n\n\n\n<li><strong>Gedruckt<\/strong>: Eine dauerhafte <strong>Verbindung<\/strong> zu Erinnerungen und Emotionen.<\/li>\n<\/ul>\n\n\n\n<p>Ein <strong>Fotoalbum<\/strong>, ein <strong>Wandbild<\/strong> oder ein <strong>personalisiertes Fotobuch<\/strong> wird h\u00e4ufig mit <strong>mehr Wertsch\u00e4tzung<\/strong> betrachtet, da es <strong>physisch<\/strong> und <strong>handfest<\/strong> ist und uns daran erinnert, wie wertvoll diese <strong>Erinnerungen<\/strong> sind.<\/p>\n\n\n\n<h3 class=\"wp-block-heading\">3. Die \u00e4sthetische Wirkung von gedruckten Bildern<\/h3>\n\n\n\n<p>Ein gedrucktes Foto hat die M\u00f6glichkeit, <strong>gr\u00f6\u00dfer<\/strong> und <strong>detailreicher<\/strong> zu sein als das, was auf einem kleinen Bildschirm dargestellt werden kann. Besonders in Form von <strong>Leinwanddrucken<\/strong> oder <strong>Fotodrucken auf hochwertigem Papier<\/strong> kommt die <strong>Sch\u00f6nheit<\/strong> der Bilder am besten zur Geltung.<\/p>\n\n\n\n<ul class=\"wp-block-list\">\n<li><strong>Gedruckte Fotos<\/strong>: Bieten <strong>lebendige Farben<\/strong>, <strong>hohe Aufl\u00f6sung<\/strong> und <strong>sind perfekt f\u00fcr dekorative Zwecke<\/strong>.<\/li>\n\n\n\n<li><strong>Digitale Fotos<\/strong>: Sind auf den <strong>Bildschirm<\/strong> begrenzt und oft schwer in ihrer vollen <strong>Pracht<\/strong> wahrzunehmen.<\/li>\n<\/ul>\n\n\n\n<p>Ein <strong>Wandbild<\/strong> aus einem Ihrer Lieblingsfotos kann dem Raum eine besondere <strong>Atmosph\u00e4re<\/strong> verleihen und ist ein dauerhaftes <strong>Dekorelement<\/strong>, das Ihre Geschichte erz\u00e4hlt.<\/p>\n\n\n\n<h2 class=\"wp-block-heading\">Warum digitale Fotos nicht die pers\u00f6nliche Note haben<\/h2>\n\n\n\n<p>Die digitale Welt hat unbestreitbar ihren Platz, aber es gibt einige Aspekte, bei denen <strong>digitale Fotos<\/strong> einfach nicht mithalten k\u00f6nnen. W\u00e4hrend <strong>digitale Medien<\/strong> praktisch und schnell zug\u00e4nglich sind, fehlt es den digitalen Bildern oft an <strong>authentischer Bedeutung<\/strong> und <strong>emotionaler Verbindung<\/strong>. Sie sind zwar sofort abrufbar, aber die <strong>pers\u00f6nliche Note<\/strong> und das <strong>Gef\u00fchl der Erinnerung<\/strong> gehen oft verloren. Ein weiterer wichtiger Aspekt ist, dass digitale Fotos h\u00e4ufig auf <strong>geringen Bildschirmgr\u00f6\u00dfen<\/strong> betrachtet werden, was die <strong>Wirkung<\/strong> und die <strong>Details<\/strong> der Bilder reduziert.<\/p>\n\n\n\n<h3 class=\"wp-block-heading\">Digitale Fotos sind fl\u00fcchtig und verg\u00e4nglich<\/h3>\n\n\n\n<p>In einer Welt, die zunehmend von <strong>Cloud-Speichern<\/strong> und <strong>Smartphones<\/strong> bestimmt wird, verschwinden Fotos oft in einer <strong>Endlosschleife<\/strong> von <strong>Online-Galerien<\/strong> und <strong>Speicherordnern<\/strong>. Sie sind jederzeit verf\u00fcgbar, aber sie sind auch so schnell aus dem Blickfeld verschwunden, dass ihre <strong>Bedeutung<\/strong> oder <strong>Wirkung<\/strong> in den meisten F\u00e4llen verloren geht. Ein gedrucktes Foto hingegen hat eine dauerhafte <strong>Pr\u00e4senz<\/strong>. Es kann an der Wand h\u00e4ngen, in einem <strong>Fotoalbum<\/strong> bl\u00e4ttern oder als <strong>Geschenk<\/strong> weitergegeben werden \u2013 und es bleibt dort, um immer wieder angesehen zu werden.<\/p>\n\n\n\n<h3 class=\"wp-block-heading\">Die Rolle von digitalen Fotoalben und sozialen Medien<\/h3>\n\n\n\n<p>Zwar k\u00f6nnen <strong>digitale Alben<\/strong> und <strong>soziale Medien<\/strong> eine einfache M\u00f6glichkeit bieten, Fotos mit anderen zu teilen, doch sie bieten nicht das gleiche <strong>emotionale Erlebnis<\/strong> wie <strong>gedruckte Fotos<\/strong>. <strong>Digitale Alben<\/strong> sind h\u00e4ufig \u00fcberladen und k\u00f6nnen das Gef\u00fchl der <strong>Einzigartigkeit<\/strong> und <strong>Wertsch\u00e4tzung<\/strong> eines Fotos mindern. Auf sozialen Medien wird das <strong>Moment<\/strong> zwar festgehalten, aber es verliert sich schnell in der <strong>Unendlichkeit der Posts<\/strong> und <strong>Likes<\/strong>. In diesem schnelllebigen Kontext verlieren viele Erinnerungen an Bedeutung.<\/p>\n\n\n\n<h2 class=\"wp-block-heading\">Gedruckte Fotos als sinnliche Erfahrung<\/h2>\n\n\n\n<p>Ein <strong>gedrucktes Foto<\/strong> kann mehr als nur ein Bild festhalten. Es macht eine <strong>Erinnerung<\/strong> <strong>lebendig<\/strong>. Zudem bietet es eine <strong>sinnliche Erfahrung<\/strong>, die digitale Bilder nicht bieten k\u00f6nnen. Die Textur des <strong>Fotopapiers<\/strong>, die <strong>Brillanz der Farben<\/strong> und die <strong>Haptik<\/strong> des Rahmens oder der Leinwand \u2013 all dies tr\u00e4gt zu einer <strong>emotionaleren<\/strong> und <strong>authentischeren<\/strong> Erfahrung bei. Ein gedrucktes Foto hat eine <strong>greifbare Pr\u00e4senz<\/strong>, die immer wieder die <strong>Erinnerung<\/strong> an den festgehaltenen Moment aufruft.<\/p>\n\n\n\n<h3 class=\"wp-block-heading\">Warum Menschen sich wieder f\u00fcr gedruckte Fotos entscheiden<\/h3>\n\n\n\n<p>Es gibt mehrere Gr\u00fcnde, warum immer mehr Menschen <strong>gedruckte Fotos<\/strong> bevorzugen:<\/p>\n\n\n\n<ul class=\"wp-block-list\">\n<li><strong>Emotionale Verbindung<\/strong>: Gedruckte Fotos sind <strong>greifbar<\/strong> und wecken ein <strong>tieferes Gef\u00fchl<\/strong> der <strong>Erinnerung<\/strong>.<\/li>\n\n\n\n<li><strong>Dekorative Funktion<\/strong>: Sie versch\u00f6nern <strong>W\u00e4nde<\/strong> und <strong>Tische<\/strong> und verleihen jedem Raum eine <strong>pers\u00f6nliche Note<\/strong>.<\/li>\n\n\n\n<li><strong>Wert und Bedeutung<\/strong>: Gedruckte Fotos haben oft einen <strong>h\u00f6heren emotionalen Wert<\/strong>, weil sie <strong>langfristig erhalten<\/strong> bleiben und <strong>ausgestellt<\/strong> werden k\u00f6nnen.<\/li>\n<\/ul>\n\n\n\n<p>Wer praktische Tipps f\u00fcr gelungene Familienfotos sucht, wird in unserem <a href=\"https:\/\/www.druckstdu.de\/magazin\/die-besten-tipps-fuer-schoene-familienfotos-ganz-ohne-profi-fotograf\/\">Ratgeber zu Familienfotos ohne Profi-Fotograf<\/a> f\u00fcndig.<\/p>\n\n\n\n<h3 class=\"wp-block-heading\">Die Flexibilit\u00e4t beim Gestalten von Fotodrucken<\/h3>\n\n\n\n<p>Ein gro\u00dfer Vorteil von <strong>gedruckten Fotos<\/strong> ist die <strong>Flexibilit\u00e4t<\/strong> beim <strong>Gestalten<\/strong>. W\u00e4hrend digitale Bilder auf <strong>Bildschirmen<\/strong> dargestellt werden, k\u00f6nnen gedruckte Fotos in <strong>verschiedene Formate<\/strong> und <strong>Designs<\/strong> integriert werden. Ob als <strong>Fotocollage<\/strong>, <a href=\"https:\/\/www.druckstdu.de\/wandbilder\/\"><strong>Wandbild<\/strong><\/a>, <strong>Leinwand<\/strong> oder in einem <a href=\"https:\/\/www.druckstdu.de\/fotobuecher\/\"><strong>Fotoalbum<\/strong><\/a> \u2013 gedruckte Fotos bieten viele kreative M\u00f6glichkeiten, <strong>Erinnerungen<\/strong> zu bewahren. Sie k\u00f6nnen auch mit <strong>Rahmen<\/strong> und <strong>Dekorelementen<\/strong> kombiniert werden, die <strong>Ihre pers\u00f6nliche Note<\/strong> unterstreichen.<\/p>\n\n\n\n<p>Wenn Sie sich fragen, <a href=\"https:\/\/www.druckstdu.de\/magazin\/fotobuch-erinnerungen-gestalten\/\">warum ein Fotobuch Erinnerungen besonders lebendig bewahrt<\/a>, werfen Sie einen Blick auf unseren passenden Beitrag.<\/p>\n\n\n\n<h2 class=\"wp-block-heading\">Fazit: Der Wert von gedruckten Fotos in der digitalen Welt<\/h2>\n\n\n\n<p>Obwohl <strong>digitale Fotos<\/strong> viele Vorteile bieten, ist der <strong>emotionale Wert<\/strong> und die <strong>Pr\u00e4senz<\/strong> von <strong>gedruckten Fotos<\/strong> unschlagbar. Sie sind nicht nur eine M\u00f6glichkeit, <strong>Erinnerungen zu bewahren<\/strong>, sondern auch eine M\u00f6glichkeit, <strong>Emotionen<\/strong> zu erfahren und sich <strong>mit der Vergangenheit zu verbinden<\/strong>. In einer Welt, die immer digitaler wird, bietet das <strong>gedruckte Foto<\/strong> eine willkommene <strong>Abwechslung<\/strong> und erm\u00f6glicht es, die wertvollsten Momente auf eine <strong>authentische<\/strong>, <strong>sinnliche<\/strong> und <strong>dauerhafte Weise<\/strong> festzuhalten.<\/p>\n\n\n\n<p>\ud83d\udc49 Verleihen Sie Ihren Erinnerungen wieder einen bleibenden Wert! Gestalten Sie jetzt Ihr individuelles Fotoprodukt bei <a href=\"https:\/\/www.druckstdu.de\/\">druckstdu<\/a> und genie\u00dfen Sie h\u00f6chste <a href=\"https:\/\/www.druckstdu.de\/druck-und-qualitat\/\">Qualit\u00e4t<\/a> bei der Umsetzung Ihrer sch\u00f6nsten Fotos.<\/p>\n\n\n\n<h2 class=\"wp-block-heading\">FAQ: Digital oder gedruckt? Warum echte Fotos wieder im Trend sind<\/h2>\n\n\n\n<h3 class=\"wp-block-heading\">Warum sind gedruckte Fotos auch im digitalen Zeitalter noch relevant?<\/h3>\n\n\n\n<p>Im digitalen Zeitalter, in dem Millionen von Bildern auf unseren Smartphones gespeichert sind, erweisen sich gedruckte Fotos als wahre Sch\u00e4tze. Sie bieten eine physische Verbindung zu Erinnerungen, die oft in digitalen Archiven verloren gehen. W\u00e4hrend digitale Fotos einfach geteilt und gespeichert werden k\u00f6nnen, schaffen gedruckte Fotos eine greifbare und emotionale Erfahrung. Eine Fotowand mit gedruckten Bildern kann ein Zuhause personalisieren und besondere Momente dauerhaft festhalten. Bei druckstdu wissen Kunden die hohe Druckqualit\u00e4t und die M\u00f6glichkeit zur individuellen Anpassung ihrer Fotoprodukte besonders zu sch\u00e4tzen, da dies ihren Erinnerungen einen pers\u00f6nlichen und k\u00fcnstlerischen Ausdruck verleiht.<\/p>\n\n\n\n<h3 class=\"wp-block-heading\">Welche Vorteile bieten gedruckte Fotos gegen\u00fcber digitalen Formaten?<\/h3>\n\n\n\n<p>Gedruckte Fotos bieten eine Reihe von Vorteilen gegen\u00fcber ihren digitalen Pendants. Sie sind langlebig und ben\u00f6tigen keine digitale Speicherung, wodurch das Risiko von Datenverlusten entf\u00e4llt. Zudem haben sie eine \u00e4sthetische Komponente, die digitale Bilder oft nicht bieten k\u00f6nnen&nbsp;\u2013 die Haptik von Fotopapier und die Betrachtung eines Albums oder einer Fotowand kann ein sentimentales Erlebnis sein. Ein weiteres Plus ist die M\u00f6glichkeit der Personalisierung: Mit den Produkten von druckstdu kann jeder einfach individuelle Fotokalender, Fotob\u00fccher oder Wandbilder gestalten, die nicht nur Erinnerungen zum Leben erwecken, sondern auch als einzigartige Geschenke dienen.<\/p>\n\n\n\n<h3 class=\"wp-block-heading\">Wie beeinflusst die Qualit\u00e4t der gedruckten Fotos die Kundenwahrnehmung?<\/h3>\n\n\n\n<p>Die Qualit\u00e4t gedruckter Fotos ist entscheidend f\u00fcr das visuelle Erlebnis und die Wahrnehmung. Hochwertige Drucke zeichnen sich durch lebendige Farben, Sch\u00e4rfe und Detailreichtum aus. Druckstdu verwendet neueste Digitaldruck-Technologie, die pr\u00e4zise und farbechte Drucke gew\u00e4hrleistet. Kunden, die Wert auf \u00c4sthetik und Langlebigkeit legen, sch\u00e4tzen diese Qualit\u00e4tsstandards. Ein hochwertiges Foto oder Fotobuch erz\u00e4hlt eine Geschichte und spiegelt die Sorgfalt wider, mit der es erstellt wurde. Dies macht jedes gedruckte Foto zu einem k\u00fcnstlerischen Werk und erh\u00f6ht die emotionale Bindung der Kunden zu ihren pers\u00f6nlichen Erinnerungen.<\/p>\n\n\n\n<h3 class=\"wp-block-heading\">Welche Rolle spielt die Individualisierung bei der Erstellung von Fotoprodukten?<\/h3>\n\n\n\n<p>Individualisierung ist der Schl\u00fcssel zur Schaffung einzigartiger und pers\u00f6nlicher Fotoprodukte. Verbraucher w\u00fcnschen sich heute nicht nur qualitativ hochwertige Produkte, sondern auch die M\u00f6glichkeit, diese an ihre pers\u00f6nlichen Vorlieben und Bed\u00fcrfnisse anzupassen. Druckstdu bietet eine benutzerfreundliche Plattform, die es Anwendern erm\u00f6glicht, ihre Fotob\u00fccher, Kalender und Wandbilder mit eigenen Bildern und Texten zu personalisieren. Diese Flexibilit\u00e4t bei der Designanpassung verst\u00e4rkt den emotionalen Wert der Produkte und erlaubt Kunden, ihrer Kreativit\u00e4t freien Lauf zu lassen. Kunden profitieren von der gro\u00dfen Auswahl an Designs, die es ihnen erm\u00f6glicht, Produkte nach ihrem Geschmack zu gestalten und besondere Momente aufs Sch\u00f6nste zu pr\u00e4sentieren.<\/p>\n<a class=\"simplefavorite-button\" data-postid=\"161\" data-siteid=\"1\" data-groupid=\"1\" data-favoritecount=\"0\" style=\"\"><img decoding=\"async\" src=\"\/magazin\/wp-content\/uploads\/2025\/07\/heart.svg\">Speichern f\u00fcr sp\u00e4ter<\/a>","protected":false},"excerpt":{"rendered":"<p>In unserer zunehmend von digitalen Ger\u00e4ten und Cloud-Speichern dominierten Gesellschaft scheint es fast so, als ob gedruckte Fotos aus der&#8230;<\/p>\n","protected":false},"author":3,"featured_media":162,"comment_status":"closed","ping_status":"closed","sticky":false,"template":"","format":"standard","meta":{"_acf_changed":false,"inline_featured_image":false,"footnotes":""},"categories":[5],"tags":[],"class_list":["post-161","post","type-post","status-publish","format-standard","has-post-thumbnail","hentry","category-fotografie"],"acf":[],"yoast_head":"<!-- This site is optimized with the Yoast SEO plugin v27.5 - https:\/\/yoast.com\/product\/yoast-seo-wordpress\/ -->\n<title>Echte Fotos sind zur\u00fcck \ud83d\udcf8 Gedruckte Fotos sind wieder im Trend!<\/title>\n<meta name=\"description\" content=\"Warum echte Fotos \u2013 digital oder gedruckt \ud83d\udcf7 \u2013 wieder im Trend liegen. Tipps zur Gestaltung Ihrer pers\u00f6nlichen Fotoprodukte!\" \/>\n<link rel=\"canonical\" href=\"https:\/\/www.druckstdu.de\/magazin\/echte-fotos-wieder-im-trend\/\" \/>\n<meta property=\"og:locale\" content=\"de_DE\" \/>\n<meta property=\"og:type\" content=\"article\" \/>\n<meta property=\"og:title\" content=\"Echte Fotos sind zur\u00fcck \ud83d\udcf8 Gedruckte Fotos sind wieder im Trend!\" \/>\n<meta property=\"og:description\" content=\"Warum echte Fotos \u2013 digital oder gedruckt \ud83d\udcf7 \u2013 wieder im Trend liegen. Tipps zur Gestaltung Ihrer pers\u00f6nlichen Fotoprodukte!\" \/>\n<meta property=\"og:url\" content=\"https:\/\/www.druckstdu.de\/magazin\/echte-fotos-wieder-im-trend\/\" \/>\n<meta property=\"og:site_name\" content=\"Magazin | Druckstdu\" \/>\n<meta property=\"article:published_time\" content=\"2025-09-04T02:57:35+00:00\" \/>\n<meta property=\"article:modified_time\" content=\"2025-09-05T01:42:22+00:00\" \/>\n<meta property=\"og:image\" content=\"https:\/\/www.druckstdu.de\/magazin\/wp-content\/uploads\/2025\/09\/warum-echte-fotos-wieder-im-trend-sind-fotografin-im-strickpulli-schiesst-mit-spiegelreflexkamera.webp\" \/>\n\t<meta property=\"og:image:width\" content=\"1920\" \/>\n\t<meta property=\"og:image:height\" content=\"628\" \/>\n\t<meta property=\"og:image:type\" content=\"image\/webp\" \/>\n<meta name=\"author\" content=\"Julia\" \/>\n<meta name=\"twitter:card\" content=\"summary_large_image\" \/>\n<meta name=\"twitter:label1\" content=\"Verfasst von\" \/>\n\t<meta name=\"twitter:data1\" content=\"Julia\" \/>\n\t<meta name=\"twitter:label2\" content=\"Gesch\u00e4tzte Lesezeit\" \/>\n\t<meta name=\"twitter:data2\" content=\"9\u00a0Minuten\" \/>\n<script type=\"application\/ld+json\" class=\"yoast-schema-graph\">{\"@context\":\"https:\\\/\\\/schema.org\",\"@graph\":[{\"@type\":\"Article\",\"@id\":\"https:\\\/\\\/www.druckstdu.de\\\/magazin\\\/echte-fotos-wieder-im-trend\\\/#article\",\"isPartOf\":{\"@id\":\"https:\\\/\\\/www.druckstdu.de\\\/magazin\\\/echte-fotos-wieder-im-trend\\\/\"},\"author\":{\"name\":\"Julia\",\"@id\":\"https:\\\/\\\/www.druckstdu.de\\\/magazin\\\/#\\\/schema\\\/person\\\/21d94f7931f413d20158ecb9769efa5b\"},\"headline\":\"Digital oder gedruckt? Warum echte Fotos wieder im Trend sind\",\"datePublished\":\"2025-09-04T02:57:35+00:00\",\"dateModified\":\"2025-09-05T01:42:22+00:00\",\"mainEntityOfPage\":{\"@id\":\"https:\\\/\\\/www.druckstdu.de\\\/magazin\\\/echte-fotos-wieder-im-trend\\\/\"},\"wordCount\":1675,\"image\":{\"@id\":\"https:\\\/\\\/www.druckstdu.de\\\/magazin\\\/echte-fotos-wieder-im-trend\\\/#primaryimage\"},\"thumbnailUrl\":\"https:\\\/\\\/www.druckstdu.de\\\/magazin\\\/wp-content\\\/uploads\\\/2025\\\/09\\\/warum-echte-fotos-wieder-im-trend-sind-fotografin-im-strickpulli-schiesst-mit-spiegelreflexkamera.webp\",\"articleSection\":[\"Fotografie\"],\"inLanguage\":\"de\"},{\"@type\":\"WebPage\",\"@id\":\"https:\\\/\\\/www.druckstdu.de\\\/magazin\\\/echte-fotos-wieder-im-trend\\\/\",\"url\":\"https:\\\/\\\/www.druckstdu.de\\\/magazin\\\/echte-fotos-wieder-im-trend\\\/\",\"name\":\"Echte Fotos sind zur\u00fcck \ud83d\udcf8 Gedruckte Fotos sind wieder im Trend!\",\"isPartOf\":{\"@id\":\"https:\\\/\\\/www.druckstdu.de\\\/magazin\\\/#website\"},\"primaryImageOfPage\":{\"@id\":\"https:\\\/\\\/www.druckstdu.de\\\/magazin\\\/echte-fotos-wieder-im-trend\\\/#primaryimage\"},\"image\":{\"@id\":\"https:\\\/\\\/www.druckstdu.de\\\/magazin\\\/echte-fotos-wieder-im-trend\\\/#primaryimage\"},\"thumbnailUrl\":\"https:\\\/\\\/www.druckstdu.de\\\/magazin\\\/wp-content\\\/uploads\\\/2025\\\/09\\\/warum-echte-fotos-wieder-im-trend-sind-fotografin-im-strickpulli-schiesst-mit-spiegelreflexkamera.webp\",\"datePublished\":\"2025-09-04T02:57:35+00:00\",\"dateModified\":\"2025-09-05T01:42:22+00:00\",\"author\":{\"@id\":\"https:\\\/\\\/www.druckstdu.de\\\/magazin\\\/#\\\/schema\\\/person\\\/21d94f7931f413d20158ecb9769efa5b\"},\"description\":\"Warum echte Fotos \u2013 digital oder gedruckt \ud83d\udcf7 \u2013 wieder im Trend liegen. Tipps zur Gestaltung Ihrer pers\u00f6nlichen Fotoprodukte!\",\"breadcrumb\":{\"@id\":\"https:\\\/\\\/www.druckstdu.de\\\/magazin\\\/echte-fotos-wieder-im-trend\\\/#breadcrumb\"},\"inLanguage\":\"de\",\"potentialAction\":[{\"@type\":\"ReadAction\",\"target\":[\"https:\\\/\\\/www.druckstdu.de\\\/magazin\\\/echte-fotos-wieder-im-trend\\\/\"]}]},{\"@type\":\"ImageObject\",\"inLanguage\":\"de\",\"@id\":\"https:\\\/\\\/www.druckstdu.de\\\/magazin\\\/echte-fotos-wieder-im-trend\\\/#primaryimage\",\"url\":\"https:\\\/\\\/www.druckstdu.de\\\/magazin\\\/wp-content\\\/uploads\\\/2025\\\/09\\\/warum-echte-fotos-wieder-im-trend-sind-fotografin-im-strickpulli-schiesst-mit-spiegelreflexkamera.webp\",\"contentUrl\":\"https:\\\/\\\/www.druckstdu.de\\\/magazin\\\/wp-content\\\/uploads\\\/2025\\\/09\\\/warum-echte-fotos-wieder-im-trend-sind-fotografin-im-strickpulli-schiesst-mit-spiegelreflexkamera.webp\",\"width\":1920,\"height\":628,\"caption\":\"@Liza Summer von Pexels\"},{\"@type\":\"BreadcrumbList\",\"@id\":\"https:\\\/\\\/www.druckstdu.de\\\/magazin\\\/echte-fotos-wieder-im-trend\\\/#breadcrumb\",\"itemListElement\":[{\"@type\":\"ListItem\",\"position\":1,\"name\":\"Startseite\",\"item\":\"https:\\\/\\\/www.druckstdu.de\\\/magazin\\\/\"},{\"@type\":\"ListItem\",\"position\":2,\"name\":\"Digital oder gedruckt? Warum echte Fotos wieder im Trend sind\"}]},{\"@type\":\"WebSite\",\"@id\":\"https:\\\/\\\/www.druckstdu.de\\\/magazin\\\/#website\",\"url\":\"https:\\\/\\\/www.druckstdu.de\\\/magazin\\\/\",\"name\":\"Magazin | Druckstdu\",\"description\":\"\",\"potentialAction\":[{\"@type\":\"SearchAction\",\"target\":{\"@type\":\"EntryPoint\",\"urlTemplate\":\"https:\\\/\\\/www.druckstdu.de\\\/magazin\\\/?s={search_term_string}\"},\"query-input\":{\"@type\":\"PropertyValueSpecification\",\"valueRequired\":true,\"valueName\":\"search_term_string\"}}],\"inLanguage\":\"de\"},{\"@type\":\"Person\",\"@id\":\"https:\\\/\\\/www.druckstdu.de\\\/magazin\\\/#\\\/schema\\\/person\\\/21d94f7931f413d20158ecb9769efa5b\",\"name\":\"Julia\",\"image\":{\"@type\":\"ImageObject\",\"inLanguage\":\"de\",\"@id\":\"https:\\\/\\\/secure.gravatar.com\\\/avatar\\\/f8d49d230387fe95329c8c2282dda447963627f07b20969a21414d5cb19c58dc?s=96&d=mm&r=g\",\"url\":\"https:\\\/\\\/secure.gravatar.com\\\/avatar\\\/f8d49d230387fe95329c8c2282dda447963627f07b20969a21414d5cb19c58dc?s=96&d=mm&r=g\",\"contentUrl\":\"https:\\\/\\\/secure.gravatar.com\\\/avatar\\\/f8d49d230387fe95329c8c2282dda447963627f07b20969a21414d5cb19c58dc?s=96&d=mm&r=g\",\"caption\":\"Julia\"},\"url\":\"https:\\\/\\\/www.druckstdu.de\\\/magazin\\\/author\\\/julia\\\/\"}]}<\/script>\n<!-- \/ Yoast SEO plugin. -->","yoast_head_json":{"title":"Echte Fotos sind zur\u00fcck \ud83d\udcf8 Gedruckte Fotos sind wieder im Trend!","description":"Warum echte Fotos \u2013 digital oder gedruckt \ud83d\udcf7 \u2013 wieder im Trend liegen. Tipps zur Gestaltung Ihrer pers\u00f6nlichen Fotoprodukte!","canonical":"https:\/\/www.druckstdu.de\/magazin\/echte-fotos-wieder-im-trend\/","og_locale":"de_DE","og_type":"article","og_title":"Echte Fotos sind zur\u00fcck \ud83d\udcf8 Gedruckte Fotos sind wieder im Trend!","og_description":"Warum echte Fotos \u2013 digital oder gedruckt \ud83d\udcf7 \u2013 wieder im Trend liegen. Tipps zur Gestaltung Ihrer pers\u00f6nlichen Fotoprodukte!","og_url":"https:\/\/www.druckstdu.de\/magazin\/echte-fotos-wieder-im-trend\/","og_site_name":"Magazin | Druckstdu","article_published_time":"2025-09-04T02:57:35+00:00","article_modified_time":"2025-09-05T01:42:22+00:00","og_image":[{"width":1920,"height":628,"url":"https:\/\/www.druckstdu.de\/magazin\/wp-content\/uploads\/2025\/09\/warum-echte-fotos-wieder-im-trend-sind-fotografin-im-strickpulli-schiesst-mit-spiegelreflexkamera.webp","type":"image\/webp"}],"author":"Julia","twitter_card":"summary_large_image","twitter_misc":{"Verfasst von":"Julia","Gesch\u00e4tzte Lesezeit":"9\u00a0Minuten"},"schema":{"@context":"https:\/\/schema.org","@graph":[{"@type":"Article","@id":"https:\/\/www.druckstdu.de\/magazin\/echte-fotos-wieder-im-trend\/#article","isPartOf":{"@id":"https:\/\/www.druckstdu.de\/magazin\/echte-fotos-wieder-im-trend\/"},"author":{"name":"Julia","@id":"https:\/\/www.druckstdu.de\/magazin\/#\/schema\/person\/21d94f7931f413d20158ecb9769efa5b"},"headline":"Digital oder gedruckt? Warum echte Fotos wieder im Trend sind","datePublished":"2025-09-04T02:57:35+00:00","dateModified":"2025-09-05T01:42:22+00:00","mainEntityOfPage":{"@id":"https:\/\/www.druckstdu.de\/magazin\/echte-fotos-wieder-im-trend\/"},"wordCount":1675,"image":{"@id":"https:\/\/www.druckstdu.de\/magazin\/echte-fotos-wieder-im-trend\/#primaryimage"},"thumbnailUrl":"https:\/\/www.druckstdu.de\/magazin\/wp-content\/uploads\/2025\/09\/warum-echte-fotos-wieder-im-trend-sind-fotografin-im-strickpulli-schiesst-mit-spiegelreflexkamera.webp","articleSection":["Fotografie"],"inLanguage":"de"},{"@type":"WebPage","@id":"https:\/\/www.druckstdu.de\/magazin\/echte-fotos-wieder-im-trend\/","url":"https:\/\/www.druckstdu.de\/magazin\/echte-fotos-wieder-im-trend\/","name":"Echte Fotos sind zur\u00fcck \ud83d\udcf8 Gedruckte Fotos sind wieder im Trend!","isPartOf":{"@id":"https:\/\/www.druckstdu.de\/magazin\/#website"},"primaryImageOfPage":{"@id":"https:\/\/www.druckstdu.de\/magazin\/echte-fotos-wieder-im-trend\/#primaryimage"},"image":{"@id":"https:\/\/www.druckstdu.de\/magazin\/echte-fotos-wieder-im-trend\/#primaryimage"},"thumbnailUrl":"https:\/\/www.druckstdu.de\/magazin\/wp-content\/uploads\/2025\/09\/warum-echte-fotos-wieder-im-trend-sind-fotografin-im-strickpulli-schiesst-mit-spiegelreflexkamera.webp","datePublished":"2025-09-04T02:57:35+00:00","dateModified":"2025-09-05T01:42:22+00:00","author":{"@id":"https:\/\/www.druckstdu.de\/magazin\/#\/schema\/person\/21d94f7931f413d20158ecb9769efa5b"},"description":"Warum echte Fotos \u2013 digital oder gedruckt \ud83d\udcf7 \u2013 wieder im Trend liegen. Tipps zur Gestaltung Ihrer pers\u00f6nlichen Fotoprodukte!","breadcrumb":{"@id":"https:\/\/www.druckstdu.de\/magazin\/echte-fotos-wieder-im-trend\/#breadcrumb"},"inLanguage":"de","potentialAction":[{"@type":"ReadAction","target":["https:\/\/www.druckstdu.de\/magazin\/echte-fotos-wieder-im-trend\/"]}]},{"@type":"ImageObject","inLanguage":"de","@id":"https:\/\/www.druckstdu.de\/magazin\/echte-fotos-wieder-im-trend\/#primaryimage","url":"https:\/\/www.druckstdu.de\/magazin\/wp-content\/uploads\/2025\/09\/warum-echte-fotos-wieder-im-trend-sind-fotografin-im-strickpulli-schiesst-mit-spiegelreflexkamera.webp","contentUrl":"https:\/\/www.druckstdu.de\/magazin\/wp-content\/uploads\/2025\/09\/warum-echte-fotos-wieder-im-trend-sind-fotografin-im-strickpulli-schiesst-mit-spiegelreflexkamera.webp","width":1920,"height":628,"caption":"@Liza Summer von Pexels"},{"@type":"BreadcrumbList","@id":"https:\/\/www.druckstdu.de\/magazin\/echte-fotos-wieder-im-trend\/#breadcrumb","itemListElement":[{"@type":"ListItem","position":1,"name":"Startseite","item":"https:\/\/www.druckstdu.de\/magazin\/"},{"@type":"ListItem","position":2,"name":"Digital oder gedruckt? Warum echte Fotos wieder im Trend sind"}]},{"@type":"WebSite","@id":"https:\/\/www.druckstdu.de\/magazin\/#website","url":"https:\/\/www.druckstdu.de\/magazin\/","name":"Magazin | Druckstdu","description":"","potentialAction":[{"@type":"SearchAction","target":{"@type":"EntryPoint","urlTemplate":"https:\/\/www.druckstdu.de\/magazin\/?s={search_term_string}"},"query-input":{"@type":"PropertyValueSpecification","valueRequired":true,"valueName":"search_term_string"}}],"inLanguage":"de"},{"@type":"Person","@id":"https:\/\/www.druckstdu.de\/magazin\/#\/schema\/person\/21d94f7931f413d20158ecb9769efa5b","name":"Julia","image":{"@type":"ImageObject","inLanguage":"de","@id":"https:\/\/secure.gravatar.com\/avatar\/f8d49d230387fe95329c8c2282dda447963627f07b20969a21414d5cb19c58dc?s=96&d=mm&r=g","url":"https:\/\/secure.gravatar.com\/avatar\/f8d49d230387fe95329c8c2282dda447963627f07b20969a21414d5cb19c58dc?s=96&d=mm&r=g","contentUrl":"https:\/\/secure.gravatar.com\/avatar\/f8d49d230387fe95329c8c2282dda447963627f07b20969a21414d5cb19c58dc?s=96&d=mm&r=g","caption":"Julia"},"url":"https:\/\/www.druckstdu.de\/magazin\/author\/julia\/"}]}},"wp-worthy-pixel":{"ignored":false,"public":null,"server":null,"url":null},"wp-worthy-type":"normal","_links":{"self":[{"href":"https:\/\/www.druckstdu.de\/magazin\/wp-json\/wp\/v2\/posts\/161","targetHints":{"allow":["GET"]}}],"collection":[{"href":"https:\/\/www.druckstdu.de\/magazin\/wp-json\/wp\/v2\/posts"}],"about":[{"href":"https:\/\/www.druckstdu.de\/magazin\/wp-json\/wp\/v2\/types\/post"}],"author":[{"embeddable":true,"href":"https:\/\/www.druckstdu.de\/magazin\/wp-json\/wp\/v2\/users\/3"}],"replies":[{"embeddable":true,"href":"https:\/\/www.druckstdu.de\/magazin\/wp-json\/wp\/v2\/comments?post=161"}],"version-history":[{"count":2,"href":"https:\/\/www.druckstdu.de\/magazin\/wp-json\/wp\/v2\/posts\/161\/revisions"}],"predecessor-version":[{"id":173,"href":"https:\/\/www.druckstdu.de\/magazin\/wp-json\/wp\/v2\/posts\/161\/revisions\/173"}],"wp:featuredmedia":[{"embeddable":true,"href":"https:\/\/www.druckstdu.de\/magazin\/wp-json\/wp\/v2\/media\/162"}],"wp:attachment":[{"href":"https:\/\/www.druckstdu.de\/magazin\/wp-json\/wp\/v2\/media?parent=161"}],"wp:term":[{"taxonomy":"category","embeddable":true,"href":"https:\/\/www.druckstdu.de\/magazin\/wp-json\/wp\/v2\/categories?post=161"},{"taxonomy":"post_tag","embeddable":true,"href":"https:\/\/www.druckstdu.de\/magazin\/wp-json\/wp\/v2\/tags?post=161"}],"curies":[{"name":"wp","href":"https:\/\/api.w.org\/{rel}","templated":true}]}}