{"id":228,"date":"2025-09-18T02:31:44","date_gmt":"2025-09-18T02:31:44","guid":{"rendered":"https:\/\/www.druckstdu.de\/magazin\/?p=228"},"modified":"2025-09-18T02:31:46","modified_gmt":"2025-09-18T02:31:46","slug":"ideen-fuer-fotoprojekte","status":"publish","type":"post","link":"https:\/\/www.druckstdu.de\/magazin\/ideen-fuer-fotoprojekte\/","title":{"rendered":"Ideen f\u00fcr ein kreatives Jahresprojekt mit Fotos"},"content":{"rendered":"\n<p>Ein ganzes Jahr lang kreative Fotoprojekte umzusetzen, kann nicht nur Spa\u00df machen, sondern auch die eigenen fotografischen F\u00e4higkeiten verbessern und wertvolle Erinnerungen bewahren. Viele Menschen suchen nach <strong>Ideen f\u00fcr Fotoprojekte<\/strong>, um ihre Fotos gezielt und kreativ zu gestalten, anstatt sie nur digital auf dem Smartphone zu sammeln. Bei druckstdu bieten wir die perfekte M\u00f6glichkeit, diese Projekte nicht nur zu planen, sondern auch in hochwertige Fotoprodukte umzuwandeln.<\/p>\n\n\n\n<h2 class=\"wp-block-heading\">Das 365-Tage-Foto-Projekt<\/h2>\n\n\n\n<p>Eine der klassischsten Ideen f\u00fcr Fotoprojekte ist das <strong><a href=\"https:\/\/www.druckstdu.de\/magazin\/365-tage-foto-challenge\/\">365-Tage-Foto-Projekt<\/a><\/strong>. Hierbei wird jeden Tag ein Foto geschossen, das den Moment festh\u00e4lt. Das kann ein Objekt, ein Mensch, ein Detail oder ein Stimmungsbild sein. Am Ende des Jahres entsteht eine einmalige Sammlung, die nicht nur Erinnerungen dokumentiert, sondern auch die Entwicklung des eigenen fotografischen Blicks zeigt.<\/p>\n\n\n\n<p><strong>Vorteile dieses Projekts:<\/strong><\/p>\n\n\n\n<ul class=\"wp-block-list\">\n<li>F\u00f6rdert Kreativit\u00e4t und Achtsamkeit im Alltag<\/li>\n\n\n\n<li>Dokumentiert pers\u00f6nliche Erlebnisse und Jahreszeiten<\/li>\n\n\n\n<li>Schafft eine wertvolle Sammlung f\u00fcr Fotob\u00fccher oder Wandbilder<\/li>\n<\/ul>\n\n\n\n<p><strong>Beispiel f\u00fcr ein Monatslayout in einem Fotobuch:<\/strong><\/p>\n\n\n\n<figure class=\"wp-block-table\"><table class=\"has-fixed-layout\"><thead><tr><th>Monat<\/th><th>Thema \/ Fokus<\/th><th>Ideen f\u00fcr Fotos<\/th><\/tr><\/thead><tbody><tr><td>Januar<\/td><td>Winter &amp; Neuanfang<\/td><td>Schneelandschaften, erste Projekte<\/td><\/tr><tr><td>Februar<\/td><td>Liebe &amp; Freundschaft<\/td><td>Valentinstag, gemeinsame Momente<\/td><\/tr><tr><td>M\u00e4rz<\/td><td>Fr\u00fchlingserwachen<\/td><td>Blumen, Spazierg\u00e4nge, Naturaufnahmen<\/td><\/tr><tr><td>April<\/td><td>Alltag im Detail<\/td><td>Lieblingsorte, kreative Perspektiven<\/td><\/tr><tr><td>\u2026<\/td><td>\u2026<\/td><td>\u2026<\/td><\/tr><\/tbody><\/table><\/figure>\n\n\n\n<p>Diese Methode gibt Struktur, erlaubt aber gleichzeitig, die eigene Kreativit\u00e4t zu entfalten, indem verschiedene Blickwinkel, Motive und Perspektiven ausprobiert werden.<\/p>\n\n\n\n<h2 class=\"wp-block-heading\">Themenbasierte Foto-Challenges<\/h2>\n\n\n\n<p>Wer nicht t\u00e4glich ein Bild machen m\u00f6chte, kann sich f\u00fcr <strong>w\u00f6chentliche oder monatliche Challenges<\/strong> entscheiden. Die Themen helfen, den Blick f\u00fcr Motive zu sch\u00e4rfen und den kreativen Prozess abwechslungsreich zu gestalten.<\/p>\n\n\n\n<p><strong>Beispiele f\u00fcr monatliche Themen:<\/strong><\/p>\n\n\n\n<ul class=\"wp-block-list\">\n<li>Januar: Minimalismus<\/li>\n\n\n\n<li>Februar: Farbenfrohe Akzente<\/li>\n\n\n\n<li>M\u00e4rz: Urbanes Leben<\/li>\n\n\n\n<li>April: Natur &amp; Pflanzen<\/li>\n\n\n\n<li>Mai: Licht &amp; Schatten<\/li>\n\n\n\n<li>Juni: Portr\u00e4ts von Freunden und Familie<\/li>\n<\/ul>\n\n\n\n<p>Mit druckstdu lassen sich diese Fotos anschlie\u00dfend direkt in Fotob\u00fccher, Kalender oder Poster verwandeln. So entsteht aus einer kreativen \u00dcbung ein greifbares Ergebnis, das \u00fcber das Jahr hinweg immer wieder Freude bereitet.<\/p>\n\n\n\n<h2 class=\"wp-block-heading\">Moodboards &amp; Farbprojekte<\/h2>\n\n\n\n<p>Eine weitere kreative Idee ist das Arbeiten mit <strong>Moodboards<\/strong> oder <strong>Farbprojekten<\/strong>, bei denen die Fotos nach Farbpalette oder Stimmung ausgew\u00e4hlt werden. Dies eignet sich besonders f\u00fcr Fotografie-Enthusiasten, die gerne mit \u00c4sthetik und Komposition experimentieren.<\/p>\n\n\n\n<p><strong>So geht\u2019s:<\/strong><\/p>\n\n\n\n<ul class=\"wp-block-list\">\n<li>W\u00e4hle eine Farbe oder Stimmung pro Woche oder Monat<\/li>\n\n\n\n<li>Fotografiere Motive, die zu dieser Stimmung passen<\/li>\n\n\n\n<li>Gestalte daraus ein Fotobuch oder Poster-Set<\/li>\n<\/ul>\n\n\n\n<p>Diese Herangehensweise f\u00f6rdert nicht nur die Kreativit\u00e4t, sondern schult auch den Blick f\u00fcr harmonische Farben und \u00e4sthetische Kompositionen.<\/p>\n\n\n\n<h2 class=\"wp-block-heading\">Saisonale und Event-Projekte<\/h2>\n\n\n\n<p>Ein weiteres spannendes Konzept f\u00fcr Ideen f\u00fcr Fotoprojekte sind saisonale oder eventbezogene Projekte. Dabei dokumentieren Sie besondere Ereignisse oder Jahreszeiten in regelm\u00e4\u00dfigen Abst\u00e4nden.<\/p>\n\n\n\n<p><strong>Beispiele:<\/strong><\/p>\n\n\n\n<ul class=\"wp-block-list\">\n<li>Fr\u00fchling: bl\u00fchende Landschaften, Osterfeste, Fr\u00fchlingsgef\u00fchle<\/li>\n\n\n\n<li>Sommer: Strandtage, Festivals, Picknicks<\/li>\n\n\n\n<li>Herbst: Laublandschaften, Halloween, Erntezeit<\/li>\n\n\n\n<li>Winter: Weihnachtsm\u00e4rkte, gem\u00fctliche Stunden zu Hause, Silvesterfeiern<\/li>\n<\/ul>\n\n\n\n<p><strong>Vorteile:<\/strong><\/p>\n\n\n\n<ul class=\"wp-block-list\">\n<li>Projektorientiert, \u00fcberschaubar und motivierend<\/li>\n\n\n\n<li>Perfekt f\u00fcr Kalender, Fotob\u00fccher oder Collagen<\/li>\n\n\n\n<li>Schafft thematische Zusammenh\u00e4nge f\u00fcr Fotoprodukte<\/li>\n<\/ul>\n\n\n\n<h2 class=\"wp-block-heading\">Geschichten erz\u00e4hlen mit Fotoprojekten<\/h2>\n\n\n\n<p>Fotoprojekte k\u00f6nnen weit mehr als nur \u00e4sthetische Bilder liefern \u2013 sie bieten die Chance, <strong>Geschichten zu erz\u00e4hlen<\/strong>. Ein Storytelling-Foto-Projekt kann ein Jahr im Leben dokumentieren, die Entwicklung eines Hobbys begleiten oder besondere Ereignisse in Familie und Freundeskreis festhalten.<\/p>\n\n\n\n<p><strong>Ideen f\u00fcr Storytelling-Projekte:<\/strong><\/p>\n\n\n\n<ul class=\"wp-block-list\">\n<li>Ein Jahr im Leben eines Haustiers<\/li>\n\n\n\n<li>Entwicklung eines DIY-Projekts oder Hobbys<\/li>\n\n\n\n<li>Gemeinsame Erlebnisse mit Freunden oder Familie<\/li>\n<\/ul>\n\n\n\n<p>Diese Projekte lassen sich bei druckstdu besonders gut umsetzen: Jedes Kapitel oder Thema kann als <strong>Fotobuch, Kalender oder Wandbild<\/strong> gestaltet werden. So wird aus einer Sammlung digitaler Bilder ein greifbares, emotional wertvolles Ergebnis.<\/p>\n\n\n\n<h2 class=\"wp-block-heading\">Kombination von Fotos und pers\u00f6nlichen Texten<\/h2>\n\n\n\n<p>Fotoprojekte werden besonders lebendig, wenn Sie <strong>Fotos mit pers\u00f6nlichen Texten oder Anekdoten<\/strong> kombinieren. So entsteht ein Projekt, das nicht nur visuell beeindruckt, sondern auch Geschichten erz\u00e4hlt und Emotionen transportiert. Die Texte k\u00f6nnen Zitate, Gedanken, Erinnerungen oder kurze Beschreibungen zu jedem Bild umfassen.<\/p>\n\n\n\n<p><strong>Beispiel f\u00fcr ein Layout in einem Fotobuch:<\/strong><\/p>\n\n\n\n<figure class=\"wp-block-table\"><table class=\"has-fixed-layout\"><thead><tr><th>Monat<\/th><th>Foto-Idee<\/th><th>Text \/ Zitat-Idee<\/th><\/tr><\/thead><tbody><tr><td>Januar<\/td><td>Winterlandschaften<\/td><td>\u201eNeuanfang beginnt mit kleinen Schritten\u201c<\/td><\/tr><tr><td>Februar<\/td><td>Lieblingsmenschen<\/td><td>Pers\u00f6nliche Botschaften, Dankbarkeit<\/td><\/tr><tr><td>M\u00e4rz<\/td><td>Fr\u00fchbl\u00fcher<\/td><td>Fr\u00fchlingszitate, Motivationstexte<\/td><\/tr><tr><td>April<\/td><td>Kreative Details<\/td><td>Kurze Geschichten zu besonderen Momenten<\/td><\/tr><\/tbody><\/table><\/figure>\n\n\n\n<p>Durch die Kombination von Bild und Text entsteht ein <strong>hochwertiges Fotoprodukt<\/strong>, das sich perfekt als Erinnerung oder Geschenk eignet.<\/p>\n\n\n\n<h2 class=\"wp-block-heading\">Inspiration aus Alltag und Reisen<\/h2>\n\n\n\n<p>Jedes Fotoprojekt lebt von neuen Motiven. Besonders spannend ist es, den Alltag bewusst zu beobachten und kleine, oft \u00fcbersehene Momente einzufangen. Ein kreatives Jahresprojekt kann z.\u202fB. folgende Ideen umfassen:<\/p>\n\n\n\n<ul class=\"wp-block-list\">\n<li><strong>Alltagsdetails:<\/strong> interessante Texturen, Farben oder Lichtspiele in der eigenen Umgebung<\/li>\n\n\n\n<li><strong>Reiseerlebnisse:<\/strong> Sehensw\u00fcrdigkeiten, lokale Kultur oder Landschaften dokumentieren<\/li>\n\n\n\n<li><strong>Besondere Ereignisse:<\/strong> Familienfeste, Hobbys oder saisonale Aktivit\u00e4ten<\/li>\n<\/ul>\n\n\n\n<p>Diese Herangehensweise macht Fotos lebendig und abwechslungsreich. Gleichzeitig trainiert sie den Blick f\u00fcr kleine Details, die sonst im Trubel des Alltags untergehen.<\/p>\n\n\n\n<h2 class=\"wp-block-heading\">Fotoprojekte als Achtsamkeits-\u00dcbung<\/h2>\n\n\n\n<p>Fotografie kann mehr sein als nur ein kreatives Hobby \u2013 sie kann auch die Achtsamkeit steigern. Wer bewusst Momente sucht, um sie festzuhalten, sch\u00e4rft seinen Sinn f\u00fcr Wahrnehmung und genie\u00dft die kleinen Dinge intensiver. Praktische Tipps:<\/p>\n\n\n\n<ul class=\"wp-block-list\">\n<li><strong>T\u00e4gliche Foto-Challenges:<\/strong> z.\u202fB. ein bestimmtes Farbthema oder ein bestimmtes Motiv pro Tag<\/li>\n\n\n\n<li><strong>Monatliche Fokus-Themen:<\/strong> wie \u201eLicht und Schatten\u201c, \u201eEmotionen\u201c oder \u201eBewegung\u201c<\/li>\n\n\n\n<li><strong>Reflexion:<\/strong> kurze Notizen zu jedem Foto, um Gedanken und Gef\u00fchle festzuhalten<\/li>\n<\/ul>\n\n\n\n<p>Dieser Ansatz verbindet Kreativit\u00e4t und mentale Gesundheit und sorgt daf\u00fcr, dass das Fotoprojekt langfristig motivierend bleibt.<\/p>\n\n\n\n<h2 class=\"wp-block-heading\">Das Ziel: pers\u00f6nliche Fotoprodukte schaffen<\/h2>\n\n\n\n<p>Der Kern eines Jahresprojekts ist die <strong>greifbare Umsetzung<\/strong>. Bei <a href=\"https:\/\/www.druckstdu.de\/\">druckstdu <\/a>k\u00f6nnen Sie Ihre Ideen aus Fotos, Texten und Layouts direkt in hochwertige Fotoprodukte verwandeln:<\/p>\n\n\n\n<ul class=\"wp-block-list\">\n<li><a href=\"https:\/\/www.druckstdu.de\/fotobuecher\/\">Fotob\u00fccher<\/a> mit individuell gestalteten Kapiteln<\/li>\n\n\n\n<li><a href=\"https:\/\/www.druckstdu.de\/fotokalender\/\">Kalender<\/a> mit Monats\u00fcbersicht der eigenen Motive<\/li>\n\n\n\n<li><a href=\"https:\/\/www.druckstdu.de\/wandbilder\/\">Wandbilder<\/a> oder Poster als dekoratives Highlight<\/li>\n\n\n\n<li>Geschenkideen f\u00fcr Familie und Freunde<\/li>\n<\/ul>\n\n\n\n<p>Durch die Kombination von Kreativit\u00e4t, Struktur und hochwertigen Produkten wird aus einem Jahresprojekt mehr als nur ein Hobby \u2013 es wird <strong>ein pers\u00f6nliches Erinnerungsarchiv<\/strong>, das Freude, Stolz und Inspiration bietet.<\/p>\n\n\n\n<p>\ud83d\udc49 Gestalten Sie Ihr Fotoprojekt noch heute mit hochwertigen Fotob\u00fcchern, Kalendern oder Wandbildern von druckstdu und machen Sie aus Ihren Erinnerungen ein greifbares Kunstwerk.<\/p>\n\n\n\n<h2 class=\"wp-block-heading\">FAQ: Ideen f\u00fcr Fotoprojekte<\/h2>\n\n\n\n<h3 class=\"wp-block-heading\">Welche Arten von Fotoprojekten eignen sich f\u00fcr ein ganzes Jahr?<\/h3>\n\n\n\n<p>Fotoprojekte k\u00f6nnen t\u00e4glich, w\u00f6chentlich oder monatlich angelegt werden. Beliebt sind Themen wie Farbkodierung, Storytelling, saisonale Ereignisse oder pers\u00f6nliche Entwicklungen.<\/p>\n\n\n\n<h3 class=\"wp-block-heading\">Wie setze ich meine Fotos am besten in druckstdu-Produkten um?<\/h3>\n\n\n\n<p>Bei druckstdu lassen sich Fotos direkt in Fotob\u00fccher, Kalender, Wandbilder oder Poster umwandeln. So werden digitale Erinnerungen zu greifbaren Kunstwerken.<\/p>\n\n\n\n<h3 class=\"wp-block-heading\">Wie behalte ich Motivation \u00fcber das ganze Jahr?<\/h3>\n\n\n\n<p>Setze realistische Ziele und klare Strukturen: Zum Beispiel jeden Monat ein Fotothema oder jede Woche ein neues Motiv. Kleine Belohnungen oder gemeinsame Projekte mit Freunden k\u00f6nnen zus\u00e4tzlich motivieren.<\/p>\n\n\n\n<h3 class=\"wp-block-heading\">Kann ich Fotos mit Texten oder Notizen kombinieren?<\/h3>\n\n\n\n<p>Ja, druckstdu erm\u00f6glicht es, Fotos mit individuellen Texten, Zitaten oder Geschichten zu versehen. Das macht das Fotoprojekt pers\u00f6nlicher und wertvoller.<\/p>\n\n\n\n<h3 class=\"wp-block-heading\">Welche Fotoprojekte eignen sich als Geschenk?<\/h3>\n\n\n\n<p>Fotob\u00fccher, personalisierte Kalender oder Wandbilder eignen sich hervorragend als Geschenk. Besonders Projekte, die gemeinsame Erlebnisse oder pers\u00f6nliche Geschichten dokumentieren, kommen gut an.<\/p>\n\n\n\n<h3 class=\"wp-block-heading\">Wie kann ich sicherstellen, dass meine Fotos hochwertig gedruckt werden?<\/h3>\n\n\n\n<p>Achte auf ausreichend hohe Aufl\u00f6sung der Bilder. druckstdu nutzt moderne Digitaldruck-Technologien, die gestochen scharfe, farbgetreue Ergebnisse liefern \u2013 f\u00fcr ein langlebiges, hochwertiges Fotoprodukt.<\/p>\n<a class=\"simplefavorite-button\" data-postid=\"228\" data-siteid=\"1\" data-groupid=\"1\" data-favoritecount=\"0\" style=\"\"><img decoding=\"async\" src=\"\/magazin\/wp-content\/uploads\/2025\/07\/heart.svg\">Speichern f\u00fcr sp\u00e4ter<\/a>","protected":false},"excerpt":{"rendered":"<p>Ein ganzes Jahr lang kreative Fotoprojekte umzusetzen, kann nicht nur Spa\u00df machen, sondern auch die eigenen fotografischen F\u00e4higkeiten verbessern und&#8230;<\/p>\n","protected":false},"author":3,"featured_media":229,"comment_status":"closed","ping_status":"closed","sticky":false,"template":"","format":"standard","meta":{"_acf_changed":false,"inline_featured_image":false,"footnotes":""},"categories":[3],"tags":[],"class_list":["post-228","post","type-post","status-publish","format-standard","has-post-thumbnail","hentry","category-design"],"acf":[],"yoast_head":"<!-- This site is optimized with the Yoast SEO plugin v27.5 - https:\/\/yoast.com\/product\/yoast-seo-wordpress\/ -->\n<title>Ideen f\u00fcr Fotoprojekte \ud83c\udfa8 Kreative Jahresprojekte mit Fotos<\/title>\n<meta name=\"description\" content=\"Kreative Ideen f\u00fcr Fotoprojekte! \ud83c\udfa8 Gestalten Sie ein ganzj\u00e4hriges Fotoprojekt mit Fotob\u00fcchern, Kalendern oder Wandbildern bei druckstdu.\" \/>\n<link rel=\"canonical\" href=\"https:\/\/www.druckstdu.de\/magazin\/ideen-fuer-fotoprojekte\/\" \/>\n<meta property=\"og:locale\" content=\"de_DE\" \/>\n<meta property=\"og:type\" content=\"article\" \/>\n<meta property=\"og:title\" content=\"Ideen f\u00fcr Fotoprojekte \ud83c\udfa8 Kreative Jahresprojekte mit Fotos\" \/>\n<meta property=\"og:description\" content=\"Kreative Ideen f\u00fcr Fotoprojekte! \ud83c\udfa8 Gestalten Sie ein ganzj\u00e4hriges Fotoprojekt mit Fotob\u00fcchern, Kalendern oder Wandbildern bei druckstdu.\" \/>\n<meta property=\"og:url\" content=\"https:\/\/www.druckstdu.de\/magazin\/ideen-fuer-fotoprojekte\/\" \/>\n<meta property=\"og:site_name\" content=\"Magazin | Druckstdu\" \/>\n<meta property=\"article:published_time\" content=\"2025-09-18T02:31:44+00:00\" \/>\n<meta property=\"article:modified_time\" content=\"2025-09-18T02:31:46+00:00\" \/>\n<meta property=\"og:image\" content=\"https:\/\/www.druckstdu.de\/magazin\/wp-content\/uploads\/2025\/09\/ideen-fuer-fotoprojekte-polaroid-bilder-als-collage-an-der-wand.webp\" \/>\n\t<meta property=\"og:image:width\" content=\"1920\" \/>\n\t<meta property=\"og:image:height\" content=\"628\" \/>\n\t<meta property=\"og:image:type\" content=\"image\/webp\" \/>\n<meta name=\"author\" content=\"Julia\" \/>\n<meta name=\"twitter:card\" content=\"summary_large_image\" \/>\n<meta name=\"twitter:label1\" content=\"Verfasst von\" \/>\n\t<meta name=\"twitter:data1\" content=\"Julia\" \/>\n\t<meta name=\"twitter:label2\" content=\"Gesch\u00e4tzte Lesezeit\" \/>\n\t<meta name=\"twitter:data2\" content=\"7\u00a0Minuten\" \/>\n<script type=\"application\/ld+json\" class=\"yoast-schema-graph\">{\"@context\":\"https:\\\/\\\/schema.org\",\"@graph\":[{\"@type\":\"Article\",\"@id\":\"https:\\\/\\\/www.druckstdu.de\\\/magazin\\\/ideen-fuer-fotoprojekte\\\/#article\",\"isPartOf\":{\"@id\":\"https:\\\/\\\/www.druckstdu.de\\\/magazin\\\/ideen-fuer-fotoprojekte\\\/\"},\"author\":{\"name\":\"Julia\",\"@id\":\"https:\\\/\\\/www.druckstdu.de\\\/magazin\\\/#\\\/schema\\\/person\\\/21d94f7931f413d20158ecb9769efa5b\"},\"headline\":\"Ideen f\u00fcr ein kreatives Jahresprojekt mit Fotos\",\"datePublished\":\"2025-09-18T02:31:44+00:00\",\"dateModified\":\"2025-09-18T02:31:46+00:00\",\"mainEntityOfPage\":{\"@id\":\"https:\\\/\\\/www.druckstdu.de\\\/magazin\\\/ideen-fuer-fotoprojekte\\\/\"},\"wordCount\":1194,\"image\":{\"@id\":\"https:\\\/\\\/www.druckstdu.de\\\/magazin\\\/ideen-fuer-fotoprojekte\\\/#primaryimage\"},\"thumbnailUrl\":\"https:\\\/\\\/www.druckstdu.de\\\/magazin\\\/wp-content\\\/uploads\\\/2025\\\/09\\\/ideen-fuer-fotoprojekte-polaroid-bilder-als-collage-an-der-wand.webp\",\"articleSection\":[\"Design\"],\"inLanguage\":\"de\"},{\"@type\":\"WebPage\",\"@id\":\"https:\\\/\\\/www.druckstdu.de\\\/magazin\\\/ideen-fuer-fotoprojekte\\\/\",\"url\":\"https:\\\/\\\/www.druckstdu.de\\\/magazin\\\/ideen-fuer-fotoprojekte\\\/\",\"name\":\"Ideen f\u00fcr Fotoprojekte \ud83c\udfa8 Kreative Jahresprojekte mit Fotos\",\"isPartOf\":{\"@id\":\"https:\\\/\\\/www.druckstdu.de\\\/magazin\\\/#website\"},\"primaryImageOfPage\":{\"@id\":\"https:\\\/\\\/www.druckstdu.de\\\/magazin\\\/ideen-fuer-fotoprojekte\\\/#primaryimage\"},\"image\":{\"@id\":\"https:\\\/\\\/www.druckstdu.de\\\/magazin\\\/ideen-fuer-fotoprojekte\\\/#primaryimage\"},\"thumbnailUrl\":\"https:\\\/\\\/www.druckstdu.de\\\/magazin\\\/wp-content\\\/uploads\\\/2025\\\/09\\\/ideen-fuer-fotoprojekte-polaroid-bilder-als-collage-an-der-wand.webp\",\"datePublished\":\"2025-09-18T02:31:44+00:00\",\"dateModified\":\"2025-09-18T02:31:46+00:00\",\"author\":{\"@id\":\"https:\\\/\\\/www.druckstdu.de\\\/magazin\\\/#\\\/schema\\\/person\\\/21d94f7931f413d20158ecb9769efa5b\"},\"description\":\"Kreative Ideen f\u00fcr Fotoprojekte! \ud83c\udfa8 Gestalten Sie ein ganzj\u00e4hriges Fotoprojekt mit Fotob\u00fcchern, Kalendern oder Wandbildern bei druckstdu.\",\"breadcrumb\":{\"@id\":\"https:\\\/\\\/www.druckstdu.de\\\/magazin\\\/ideen-fuer-fotoprojekte\\\/#breadcrumb\"},\"inLanguage\":\"de\",\"potentialAction\":[{\"@type\":\"ReadAction\",\"target\":[\"https:\\\/\\\/www.druckstdu.de\\\/magazin\\\/ideen-fuer-fotoprojekte\\\/\"]}]},{\"@type\":\"ImageObject\",\"inLanguage\":\"de\",\"@id\":\"https:\\\/\\\/www.druckstdu.de\\\/magazin\\\/ideen-fuer-fotoprojekte\\\/#primaryimage\",\"url\":\"https:\\\/\\\/www.druckstdu.de\\\/magazin\\\/wp-content\\\/uploads\\\/2025\\\/09\\\/ideen-fuer-fotoprojekte-polaroid-bilder-als-collage-an-der-wand.webp\",\"contentUrl\":\"https:\\\/\\\/www.druckstdu.de\\\/magazin\\\/wp-content\\\/uploads\\\/2025\\\/09\\\/ideen-fuer-fotoprojekte-polaroid-bilder-als-collage-an-der-wand.webp\",\"width\":1920,\"height\":628,\"caption\":\"@Taryn Elliott von Pexels\"},{\"@type\":\"BreadcrumbList\",\"@id\":\"https:\\\/\\\/www.druckstdu.de\\\/magazin\\\/ideen-fuer-fotoprojekte\\\/#breadcrumb\",\"itemListElement\":[{\"@type\":\"ListItem\",\"position\":1,\"name\":\"Startseite\",\"item\":\"https:\\\/\\\/www.druckstdu.de\\\/magazin\\\/\"},{\"@type\":\"ListItem\",\"position\":2,\"name\":\"Ideen f\u00fcr ein kreatives Jahresprojekt mit Fotos\"}]},{\"@type\":\"WebSite\",\"@id\":\"https:\\\/\\\/www.druckstdu.de\\\/magazin\\\/#website\",\"url\":\"https:\\\/\\\/www.druckstdu.de\\\/magazin\\\/\",\"name\":\"Magazin | Druckstdu\",\"description\":\"\",\"potentialAction\":[{\"@type\":\"SearchAction\",\"target\":{\"@type\":\"EntryPoint\",\"urlTemplate\":\"https:\\\/\\\/www.druckstdu.de\\\/magazin\\\/?s={search_term_string}\"},\"query-input\":{\"@type\":\"PropertyValueSpecification\",\"valueRequired\":true,\"valueName\":\"search_term_string\"}}],\"inLanguage\":\"de\"},{\"@type\":\"Person\",\"@id\":\"https:\\\/\\\/www.druckstdu.de\\\/magazin\\\/#\\\/schema\\\/person\\\/21d94f7931f413d20158ecb9769efa5b\",\"name\":\"Julia\",\"image\":{\"@type\":\"ImageObject\",\"inLanguage\":\"de\",\"@id\":\"https:\\\/\\\/secure.gravatar.com\\\/avatar\\\/f8d49d230387fe95329c8c2282dda447963627f07b20969a21414d5cb19c58dc?s=96&d=mm&r=g\",\"url\":\"https:\\\/\\\/secure.gravatar.com\\\/avatar\\\/f8d49d230387fe95329c8c2282dda447963627f07b20969a21414d5cb19c58dc?s=96&d=mm&r=g\",\"contentUrl\":\"https:\\\/\\\/secure.gravatar.com\\\/avatar\\\/f8d49d230387fe95329c8c2282dda447963627f07b20969a21414d5cb19c58dc?s=96&d=mm&r=g\",\"caption\":\"Julia\"},\"url\":\"https:\\\/\\\/www.druckstdu.de\\\/magazin\\\/author\\\/julia\\\/\"}]}<\/script>\n<!-- \/ Yoast SEO plugin. -->","yoast_head_json":{"title":"Ideen f\u00fcr Fotoprojekte \ud83c\udfa8 Kreative Jahresprojekte mit Fotos","description":"Kreative Ideen f\u00fcr Fotoprojekte! \ud83c\udfa8 Gestalten Sie ein ganzj\u00e4hriges Fotoprojekt mit Fotob\u00fcchern, Kalendern oder Wandbildern bei druckstdu.","canonical":"https:\/\/www.druckstdu.de\/magazin\/ideen-fuer-fotoprojekte\/","og_locale":"de_DE","og_type":"article","og_title":"Ideen f\u00fcr Fotoprojekte \ud83c\udfa8 Kreative Jahresprojekte mit Fotos","og_description":"Kreative Ideen f\u00fcr Fotoprojekte! \ud83c\udfa8 Gestalten Sie ein ganzj\u00e4hriges Fotoprojekt mit Fotob\u00fcchern, Kalendern oder Wandbildern bei druckstdu.","og_url":"https:\/\/www.druckstdu.de\/magazin\/ideen-fuer-fotoprojekte\/","og_site_name":"Magazin | Druckstdu","article_published_time":"2025-09-18T02:31:44+00:00","article_modified_time":"2025-09-18T02:31:46+00:00","og_image":[{"width":1920,"height":628,"url":"https:\/\/www.druckstdu.de\/magazin\/wp-content\/uploads\/2025\/09\/ideen-fuer-fotoprojekte-polaroid-bilder-als-collage-an-der-wand.webp","type":"image\/webp"}],"author":"Julia","twitter_card":"summary_large_image","twitter_misc":{"Verfasst von":"Julia","Gesch\u00e4tzte Lesezeit":"7\u00a0Minuten"},"schema":{"@context":"https:\/\/schema.org","@graph":[{"@type":"Article","@id":"https:\/\/www.druckstdu.de\/magazin\/ideen-fuer-fotoprojekte\/#article","isPartOf":{"@id":"https:\/\/www.druckstdu.de\/magazin\/ideen-fuer-fotoprojekte\/"},"author":{"name":"Julia","@id":"https:\/\/www.druckstdu.de\/magazin\/#\/schema\/person\/21d94f7931f413d20158ecb9769efa5b"},"headline":"Ideen f\u00fcr ein kreatives Jahresprojekt mit Fotos","datePublished":"2025-09-18T02:31:44+00:00","dateModified":"2025-09-18T02:31:46+00:00","mainEntityOfPage":{"@id":"https:\/\/www.druckstdu.de\/magazin\/ideen-fuer-fotoprojekte\/"},"wordCount":1194,"image":{"@id":"https:\/\/www.druckstdu.de\/magazin\/ideen-fuer-fotoprojekte\/#primaryimage"},"thumbnailUrl":"https:\/\/www.druckstdu.de\/magazin\/wp-content\/uploads\/2025\/09\/ideen-fuer-fotoprojekte-polaroid-bilder-als-collage-an-der-wand.webp","articleSection":["Design"],"inLanguage":"de"},{"@type":"WebPage","@id":"https:\/\/www.druckstdu.de\/magazin\/ideen-fuer-fotoprojekte\/","url":"https:\/\/www.druckstdu.de\/magazin\/ideen-fuer-fotoprojekte\/","name":"Ideen f\u00fcr Fotoprojekte \ud83c\udfa8 Kreative Jahresprojekte mit Fotos","isPartOf":{"@id":"https:\/\/www.druckstdu.de\/magazin\/#website"},"primaryImageOfPage":{"@id":"https:\/\/www.druckstdu.de\/magazin\/ideen-fuer-fotoprojekte\/#primaryimage"},"image":{"@id":"https:\/\/www.druckstdu.de\/magazin\/ideen-fuer-fotoprojekte\/#primaryimage"},"thumbnailUrl":"https:\/\/www.druckstdu.de\/magazin\/wp-content\/uploads\/2025\/09\/ideen-fuer-fotoprojekte-polaroid-bilder-als-collage-an-der-wand.webp","datePublished":"2025-09-18T02:31:44+00:00","dateModified":"2025-09-18T02:31:46+00:00","author":{"@id":"https:\/\/www.druckstdu.de\/magazin\/#\/schema\/person\/21d94f7931f413d20158ecb9769efa5b"},"description":"Kreative Ideen f\u00fcr Fotoprojekte! \ud83c\udfa8 Gestalten Sie ein ganzj\u00e4hriges Fotoprojekt mit Fotob\u00fcchern, Kalendern oder Wandbildern bei druckstdu.","breadcrumb":{"@id":"https:\/\/www.druckstdu.de\/magazin\/ideen-fuer-fotoprojekte\/#breadcrumb"},"inLanguage":"de","potentialAction":[{"@type":"ReadAction","target":["https:\/\/www.druckstdu.de\/magazin\/ideen-fuer-fotoprojekte\/"]}]},{"@type":"ImageObject","inLanguage":"de","@id":"https:\/\/www.druckstdu.de\/magazin\/ideen-fuer-fotoprojekte\/#primaryimage","url":"https:\/\/www.druckstdu.de\/magazin\/wp-content\/uploads\/2025\/09\/ideen-fuer-fotoprojekte-polaroid-bilder-als-collage-an-der-wand.webp","contentUrl":"https:\/\/www.druckstdu.de\/magazin\/wp-content\/uploads\/2025\/09\/ideen-fuer-fotoprojekte-polaroid-bilder-als-collage-an-der-wand.webp","width":1920,"height":628,"caption":"@Taryn Elliott von Pexels"},{"@type":"BreadcrumbList","@id":"https:\/\/www.druckstdu.de\/magazin\/ideen-fuer-fotoprojekte\/#breadcrumb","itemListElement":[{"@type":"ListItem","position":1,"name":"Startseite","item":"https:\/\/www.druckstdu.de\/magazin\/"},{"@type":"ListItem","position":2,"name":"Ideen f\u00fcr ein kreatives Jahresprojekt mit Fotos"}]},{"@type":"WebSite","@id":"https:\/\/www.druckstdu.de\/magazin\/#website","url":"https:\/\/www.druckstdu.de\/magazin\/","name":"Magazin | Druckstdu","description":"","potentialAction":[{"@type":"SearchAction","target":{"@type":"EntryPoint","urlTemplate":"https:\/\/www.druckstdu.de\/magazin\/?s={search_term_string}"},"query-input":{"@type":"PropertyValueSpecification","valueRequired":true,"valueName":"search_term_string"}}],"inLanguage":"de"},{"@type":"Person","@id":"https:\/\/www.druckstdu.de\/magazin\/#\/schema\/person\/21d94f7931f413d20158ecb9769efa5b","name":"Julia","image":{"@type":"ImageObject","inLanguage":"de","@id":"https:\/\/secure.gravatar.com\/avatar\/f8d49d230387fe95329c8c2282dda447963627f07b20969a21414d5cb19c58dc?s=96&d=mm&r=g","url":"https:\/\/secure.gravatar.com\/avatar\/f8d49d230387fe95329c8c2282dda447963627f07b20969a21414d5cb19c58dc?s=96&d=mm&r=g","contentUrl":"https:\/\/secure.gravatar.com\/avatar\/f8d49d230387fe95329c8c2282dda447963627f07b20969a21414d5cb19c58dc?s=96&d=mm&r=g","caption":"Julia"},"url":"https:\/\/www.druckstdu.de\/magazin\/author\/julia\/"}]}},"wp-worthy-pixel":{"ignored":false,"public":null,"server":null,"url":null},"wp-worthy-type":"normal","_links":{"self":[{"href":"https:\/\/www.druckstdu.de\/magazin\/wp-json\/wp\/v2\/posts\/228","targetHints":{"allow":["GET"]}}],"collection":[{"href":"https:\/\/www.druckstdu.de\/magazin\/wp-json\/wp\/v2\/posts"}],"about":[{"href":"https:\/\/www.druckstdu.de\/magazin\/wp-json\/wp\/v2\/types\/post"}],"author":[{"embeddable":true,"href":"https:\/\/www.druckstdu.de\/magazin\/wp-json\/wp\/v2\/users\/3"}],"replies":[{"embeddable":true,"href":"https:\/\/www.druckstdu.de\/magazin\/wp-json\/wp\/v2\/comments?post=228"}],"version-history":[{"count":1,"href":"https:\/\/www.druckstdu.de\/magazin\/wp-json\/wp\/v2\/posts\/228\/revisions"}],"predecessor-version":[{"id":230,"href":"https:\/\/www.druckstdu.de\/magazin\/wp-json\/wp\/v2\/posts\/228\/revisions\/230"}],"wp:featuredmedia":[{"embeddable":true,"href":"https:\/\/www.druckstdu.de\/magazin\/wp-json\/wp\/v2\/media\/229"}],"wp:attachment":[{"href":"https:\/\/www.druckstdu.de\/magazin\/wp-json\/wp\/v2\/media?parent=228"}],"wp:term":[{"taxonomy":"category","embeddable":true,"href":"https:\/\/www.druckstdu.de\/magazin\/wp-json\/wp\/v2\/categories?post=228"},{"taxonomy":"post_tag","embeddable":true,"href":"https:\/\/www.druckstdu.de\/magazin\/wp-json\/wp\/v2\/tags?post=228"}],"curies":[{"name":"wp","href":"https:\/\/api.w.org\/{rel}","templated":true}]}}