{"id":231,"date":"2025-09-18T02:38:58","date_gmt":"2025-09-18T02:38:58","guid":{"rendered":"https:\/\/www.druckstdu.de\/magazin\/?p=231"},"modified":"2025-09-19T03:21:03","modified_gmt":"2025-09-19T03:21:03","slug":"jahreszeiten-fotoalbum","status":"publish","type":"post","link":"https:\/\/www.druckstdu.de\/magazin\/jahreszeiten-fotoalbum\/","title":{"rendered":"Warum jede Jahreszeit ihren Platz im Fotoalbum verdient"},"content":{"rendered":"\n<p>Ein Fotoalbum ist weit mehr als nur ein Aufbewahrungsort f\u00fcr Erinnerungen. Es ist ein kreatives Projekt, das ein ganzes Jahr visuell erz\u00e4hlt. Besonders reizvoll wird ein solches Album, wenn es nach <strong>Jahreszeiten<\/strong> strukturiert ist. Fr\u00fchling, Sommer, Herbst und Winter unterscheiden sich nicht nur in Temperatur und Licht, sondern auch in Farben, Stimmungen, Aktivit\u00e4ten und Motiven. Wer bewusst Fotos nach den Jahreszeiten sortiert, schafft ein lebendiges, abwechslungsreiches und \u00e4sthetisch stimmiges Werk, das sich von \u00fcblichen, unsortierten Fotokollektionen abhebt.<\/p>\n\n\n\n<p>Das Konzept eines <strong>jahreszeitenbasierten Fotoalbums<\/strong> bietet zahlreiche Vorteile:<\/p>\n\n\n\n<ul class=\"wp-block-list\">\n<li><strong>Visuelle Vielfalt:<\/strong> Jede <a href=\"https:\/\/www.druckstdu.de\/magazin\/fotoideen-nach-jahreszeit\/\">Jahreszeit<\/a> hat eigene Farbwelten, Lichtstimmungen und Motive, die das Album abwechslungsreich gestalten.<\/li>\n\n\n\n<li><strong>Erinnerungsstruktur:<\/strong> Fr\u00fchling, Sommer, Herbst und Winter bieten eine nat\u00fcrliche Ordnung, die das Betrachten der Fotos zu einer Reise durch das Jahr macht.<\/li>\n\n\n\n<li><strong>Kreative Motivation:<\/strong> Fotograf*innen werden angeregt, auf saisonale Besonderheiten zu achten, neue Perspektiven auszuprobieren und bewusst nach Motiven zu suchen.<\/li>\n\n\n\n<li><strong>Langfristige Vergleichbarkeit:<\/strong> Jahreszeitliche Fotos erm\u00f6glichen es, Ver\u00e4nderungen von Orten, Menschen oder der Natur \u00fcber die Jahre hinweg zu dokumentieren.<\/li>\n\n\n\n<li><strong>Emotionale Wirkung:<\/strong> Jedes Foto erz\u00e4hlt eine Geschichte, und saisonale Fotos verst\u00e4rken die emotionale Wirkung durch ihre charakteristische Stimmung.<\/li>\n<\/ul>\n\n\n\n<h2 class=\"wp-block-heading\">Fr\u00fchling \u2013 Aufbruch, Leichtigkeit und neue Perspektiven<\/h2>\n\n\n\n<p>Der Fr\u00fchling ist die Zeit des Erwachens und der Erneuerung. Er eignet sich besonders gut f\u00fcr ein Jahreszeiten Fotoalbum, weil er eine frische, helle und positive Stimmung vermittelt. Typische Motive f\u00fcr den Fr\u00fchling lassen sich in verschiedene Kategorien unterteilen:<\/p>\n\n\n\n<figure class=\"wp-block-table\"><table class=\"has-fixed-layout\"><thead><tr><th>Kategorie<\/th><th>M\u00f6gliche Motive<\/th><th>Tipps f\u00fcr das Fotoalbum<\/th><\/tr><\/thead><tbody><tr><td>Natur &amp; Pflanzen<\/td><td>Bl\u00fchende B\u00e4ume, Narzissen, Tulpen, Wiesen<\/td><td>Makroaufnahmen bringen Details zur Geltung<\/td><\/tr><tr><td>Stadt &amp; Alltag<\/td><td>Caf\u00e9s mit Au\u00dfensitzpl\u00e4tzen, Spazierg\u00e4nge, Stra\u00dfenszenen<\/td><td>Spiel mit Perspektiven f\u00fcr mehr Dynamik<\/td><\/tr><tr><td>Aktivit\u00e4ten<\/td><td>Fahrradtouren, Gartenarbeit, Fr\u00fchlingsm\u00e4rkte<\/td><td>Serienbilder dokumentieren Bewegung und Stimmung<\/td><\/tr><tr><td>Tiere<\/td><td>V\u00f6gel, Haustiere drau\u00dfen, Insekten<\/td><td>Kombiniere Weitwinkel- und Detailaufnahmen<\/td><\/tr><\/tbody><\/table><\/figure>\n\n\n\n<p><strong>Fototipps f\u00fcr den Fr\u00fchling:<\/strong><\/p>\n\n\n\n<ul class=\"wp-block-list\">\n<li>Nutze das weiche Morgen- oder Abendlicht f\u00fcr stimmungsvolle Aufnahmen.<\/li>\n\n\n\n<li>Experimentiere mit zarten Pastellt\u00f6nen, die die Leichtigkeit der Jahreszeit unterstreichen.<\/li>\n\n\n\n<li>Details in Nahaufnahme (Bl\u00fcten, Tau auf Bl\u00e4ttern) bringen Abwechslung ins Album.<\/li>\n<\/ul>\n\n\n\n<h2 class=\"wp-block-heading\">Sommer \u2013 Energie, Farbe und Abenteuer<\/h2>\n\n\n\n<p>Der Sommer ist die Saison voller Lebensfreude, Aktivit\u00e4ten im Freien und intensiver Farben. Ein Jahreszeiten Fotoalbum profitiert von dieser Vielfalt, weil Sommerfotos oft sehr dynamisch sind und das Album lebendiger wirken lassen. Typische Sommermotive umfassen:<\/p>\n\n\n\n<ul class=\"wp-block-list\">\n<li>Strandtage, Seen, Pools und Wassersport<\/li>\n\n\n\n<li>Picknicks, Festivals, Gartenpartys<\/li>\n\n\n\n<li>Sonnenauf- und -unterg\u00e4nge, lange Sommerabende<\/li>\n\n\n\n<li>Outdoor-Abenteuer wie Wandern, Radfahren oder Camping<\/li>\n<\/ul>\n\n\n\n<p><strong>F\u00fcr die Gestaltung eines Sommer-Teils im Fotoalbum bieten sich besondere Layout-Ideen an:<\/strong><\/p>\n\n\n\n<ul class=\"wp-block-list\">\n<li><strong>Panoramaseiten<\/strong> f\u00fcr Landschaften und Strandaufnahmen<\/li>\n\n\n\n<li><strong>Collagen<\/strong> aus vielen kleinen Detailfotos von Sommeraktivit\u00e4ten<\/li>\n\n\n\n<li><strong>Farbsortierung<\/strong>: intensive Gelb-, Blau- und Gr\u00fcnt\u00f6ne spiegeln die Jahreszeit wider<\/li>\n<\/ul>\n\n\n\n<p><strong>Fototechnische Sommer-Tipps:<\/strong><\/p>\n\n\n\n<ul class=\"wp-block-list\">\n<li>Setze starke Kontraste zwischen Licht und Schatten ein, z.\u202fB. durch Fotografieren in der goldenen Stunde.<\/li>\n\n\n\n<li>Bewegung einfrieren oder bewusst verwischen, um Dynamik darzustellen.<\/li>\n\n\n\n<li>Experimentiere mit Reflexionen in Wasser oder Fenstern f\u00fcr kreative Effekte.<\/li>\n<\/ul>\n\n\n\n<h3 class=\"wp-block-heading\">Kreative Gestaltungsideen f\u00fcr Fr\u00fchling und Sommer<\/h3>\n\n\n\n<p>Ein <strong>Jahreszeiten Fotoalbum<\/strong> sollte nicht nur Bilder zeigen, sondern die Stimmung jeder Jahreszeit transportieren. Daf\u00fcr eignen sich kreative Elemente wie:<\/p>\n\n\n\n<ul class=\"wp-block-list\">\n<li><strong>Mini-Texte und Anekdoten:<\/strong> Kurze Beschreibungen oder Gedanken zu jeder Aufnahme<\/li>\n\n\n\n<li><strong>Symbole und Icons:<\/strong> Kleine grafische Elemente wie Bl\u00e4tter, Blumen oder Sonne f\u00fcr das Layout<\/li>\n\n\n\n<li><strong>Farbliche Akzente:<\/strong> Passe Hintergr\u00fcnde und Rahmen an die Farbwelt der jeweiligen Jahreszeit an<\/li>\n\n\n\n<li><strong>Interaktive Elemente:<\/strong> Einsteckkarten, Taschen oder kleine Klappen f\u00fcr zus\u00e4tzliche Erinnerungen<\/li>\n<\/ul>\n\n\n\n<h3 class=\"wp-block-heading\">Warum die Kombination von Fr\u00fchling und Sommer besonders wirkt<\/h3>\n\n\n\n<p>Fr\u00fchling und Sommer bilden eine nat\u00fcrliche Einheit: Aufbruch und Wachstum f\u00fchren in die Energie und Lebensfreude des Sommers \u00fcber. Ein gut gestaltetes Jahreszeiten Fotoalbum zeigt diese Entwicklung durch:<\/p>\n\n\n\n<ul class=\"wp-block-list\">\n<li>Abwechslung in Farbpaletten: pastellige, helle T\u00f6ne des Fr\u00fchjahrs versus satte, kr\u00e4ftige Farben des Sommers<\/li>\n\n\n\n<li>Verschiedene Lichtstimmungen: sanftes Morgenlicht im Fr\u00fchling, strahlende Sonnenstunden im Sommer<\/li>\n\n\n\n<li>Vielfalt an Motiven: Natur, Stadtleben, Menschen, Aktivit\u00e4ten und Details<\/li>\n<\/ul>\n\n\n\n<p>Durch diese bewusste Planung entstehen im Album nicht nur einzelne sch\u00f6ne Fotos, sondern ein zusammenh\u00e4ngendes Jahresbild, das die Betrachter auf eine visuelle Reise durch Fr\u00fchling und Sommer mitnimmt.<\/p>\n\n\n\n<h2 class=\"wp-block-heading\">Herbst \u2013 Farbenpracht, Reflexion und W\u00e4rme im Fotoalbum<\/h2>\n\n\n\n<p>Der Herbst ist die Zeit des Wandels und der besonderen Stimmungen. F\u00fcr ein Jahreszeiten Fotoalbum ist er ideal, da er durch seine kr\u00e4ftigen, warmen Farben und die besondere Lichtstimmung einen starken emotionalen Akzent setzt. Die Natur zeigt sich in tiefem Rot, Gold, Orange und Braun \u2013 Farbt\u00f6ne, die sich hervorragend in Layouts und Fotobuchdesigns integrieren lassen.<\/p>\n\n\n\n<p>Typische Herbstmotive lassen sich nach Kategorien ordnen:<\/p>\n\n\n\n<figure class=\"wp-block-table\"><table class=\"has-fixed-layout\"><thead><tr><th>Kategorie<\/th><th>M\u00f6gliche Motive<\/th><th>Fototipps f\u00fcr das Album<\/th><\/tr><\/thead><tbody><tr><td>Natur &amp; Landschaft<\/td><td>Laubw\u00e4lder, Nebel, Regenstimmungen<\/td><td>Spiel mit Perspektiven und Weitwinkelaufnahmen<\/td><\/tr><tr><td>Aktivit\u00e4ten<\/td><td>Erntefeste, K\u00fcrbis schnitzen, Wanderungen<\/td><td>Serienbilder dokumentieren Bewegung und Emotionen<\/td><\/tr><tr><td>Stimmungen<\/td><td>Neblige Morgen, goldene Stunden am Abend<\/td><td>Nutze warme Farbfilter f\u00fcr ein stimmiges Gesamtbild<\/td><\/tr><tr><td>Menschen &amp; Haustiere<\/td><td>Spazierg\u00e4nge, Familienfeste, Outdoor-Abenteuer<\/td><td>Nahaufnahmen f\u00fcr emotionale Wirkung, Portr\u00e4ts im nat\u00fcrlichen Licht<\/td><\/tr><\/tbody><\/table><\/figure>\n\n\n\n<p><strong>Gestaltungsideen f\u00fcr Herbst-Fotos im Fotoalbum:<\/strong><\/p>\n\n\n\n<ul class=\"wp-block-list\">\n<li>Nutze Bl\u00e4tter als dekoratives Element, z.\u202fB. getrocknete Bl\u00e4tter einlegen oder grafisch abbilden<\/li>\n\n\n\n<li>Setze Zitate oder Herbstgedichte ein, um die Stimmung zu verst\u00e4rken<\/li>\n\n\n\n<li>Farblich passende Rahmen und Hintergr\u00fcnde: warme T\u00f6ne wie Rot, Orange, Ocker oder Braun<\/li>\n<\/ul>\n\n\n\n<p><strong>Fototipps f\u00fcr die Herbstfotografie:<\/strong><\/p>\n\n\n\n<ul class=\"wp-block-list\">\n<li>Nutze das weiche, goldene Licht am fr\u00fchen Morgen oder sp\u00e4ten Nachmittag.<\/li>\n\n\n\n<li>Experimentiere mit Spiegelungen in Pf\u00fctzen oder Seen f\u00fcr interessante Perspektiven.<\/li>\n\n\n\n<li>Detailaufnahmen von Bl\u00e4ttern oder Fr\u00fcchten machen das Album lebendiger.<\/li>\n<\/ul>\n\n\n\n<h2 class=\"wp-block-heading\">Winter \u2013 Ruhe, Kontraste und besondere Momente<\/h2>\n\n\n\n<p>Der Winter bringt eine ganz eigene \u00c4sthetik in ein <strong>jahreszeiten fotoalbum<\/strong>. Schneebedeckte Landschaften, frostige Details, Kerzenschein und festliche Aktivit\u00e4ten erzeugen eine ruhige, fast magische Stimmung. Winterfotos bieten eine starke visuelle Abwechslung zu den vorherigen Jahreszeiten und lassen sich ideal in ein Fotobuch integrieren.<\/p>\n\n\n\n<p><strong>Typische Wintermotive f\u00fcr das Album:<\/strong><\/p>\n\n\n\n<ul class=\"wp-block-list\">\n<li>Schnee- und Eisszenen, gefrorene Fl\u00fcsse oder Seen<\/li>\n\n\n\n<li>Weihnachtsm\u00e4rkte, Lichterketten und Dekorationen<\/li>\n\n\n\n<li>Gem\u00fctliche Indoor-Momente: Lesen am Kamin, Familienzeit<\/li>\n\n\n\n<li>Winteraktivit\u00e4ten: Skifahren, Schlittschuhlaufen, Schneemann bauen<\/li>\n<\/ul>\n\n\n\n<p><strong>Gestaltungsideen f\u00fcr den Winter-Teil im Jahreszeiten Fotoalbum:<\/strong><\/p>\n\n\n\n<ul class=\"wp-block-list\">\n<li><strong>Themen-Seiten:<\/strong> Jede Seite kann eine kleine Geschichte erz\u00e4hlen, z.\u202fB. \u201eWintermorgen im Garten\u201c oder \u201eWeihnachtsvorbereitungen\u201c<\/li>\n\n\n\n<li><strong>Farbakzente:<\/strong> Wei\u00df, Silber, Blau und warme Lichtt\u00f6ne kombinieren<\/li>\n\n\n\n<li><strong>Interaktive Elemente:<\/strong> Klappkarten f\u00fcr kleine Notizen, Mini-Poster oder Gutscheinkarten einf\u00fcgen<\/li>\n\n\n\n<li><strong>Textintegration:<\/strong> Zitate, Gedichte oder kurze Erinnerungen zu den Feiertagen oder Wintermomenten<\/li>\n<\/ul>\n\n\n\n<p><strong>Fototipps f\u00fcr die Winterfotografie:<\/strong><\/p>\n\n\n\n<ul class=\"wp-block-list\">\n<li>Setze Kontraste zwischen Schnee und dunkleren Motiven ein, um Tiefe zu erzeugen.<\/li>\n\n\n\n<li>Nutze die Abend- und Nachtstunden f\u00fcr stimmungsvolle Lichteraufnahmen.<\/li>\n\n\n\n<li>Experimentiere mit Nahaufnahmen von Frost, Eiskristallen oder Winterdekorationen.<\/li>\n<\/ul>\n\n\n\n<h2 class=\"wp-block-heading\">Das ganzj\u00e4hrige Jahreszeiten-Konzept f\u00fcr ein Fotoalbum<\/h2>\n\n\n\n<p>Ein vollst\u00e4ndiges Jahreszeiten Fotoalbum erz\u00e4hlt die Geschichte eines Jahres in einer klaren, emotionalen Struktur. Durch die bewusste Einteilung in Fr\u00fchling, Sommer, Herbst und Winter entsteht ein Album, das nicht nur Erinnerungen bewahrt, sondern auch als kreatives Projekt fungiert.<\/p>\n\n\n\n<p><strong>Vorteile des saisonalen Konzepts auf einen Blick:<\/strong><\/p>\n\n\n\n<ul class=\"wp-block-list\">\n<li>Klare Struktur: Betrachter folgen einem nat\u00fcrlichen Jahresverlauf<\/li>\n\n\n\n<li>Visuelle Vielfalt: Farben, Lichtstimmungen und Motive wechseln dynamisch<\/li>\n\n\n\n<li>Emotionale Tiefe: Jede Jahreszeit transportiert eigene Gef\u00fchle<\/li>\n\n\n\n<li>Kreative Motivation: Fotograf*innen entwickeln einen bewussten Blick f\u00fcr saisonale Besonderheiten<\/li>\n<\/ul>\n\n\n\n<p><strong>Layout-Ideen f\u00fcr ein vollst\u00e4ndiges Fotoalbum:<\/strong><\/p>\n\n\n\n<ul class=\"wp-block-list\">\n<li><strong>Kapitelweise Trennung:<\/strong> Jedes Quartal ein eigenes Kapitel<\/li>\n\n\n\n<li><strong>Doppelseiten-Layouts:<\/strong> Panoramafotos der Natur auf einer Seite, Detailaufnahmen auf der anderen<\/li>\n\n\n\n<li><strong>Farbgestaltung:<\/strong> Fr\u00fchling: Pastellt\u00f6ne, Sommer: kr\u00e4ftige Farben, Herbst: warme T\u00f6ne, Winter: k\u00fchle und warme Lichtakzente<\/li>\n\n\n\n<li><strong>Interaktive Elemente:<\/strong> Taschen, Klappen, Mini-Karten f\u00fcr pers\u00f6nliche Notizen oder Erinnerungen<\/li>\n<\/ul>\n\n\n\n<h2 class=\"wp-block-heading\">Fazit: Warum jede Jahreszeit ihren Platz verdient<\/h2>\n\n\n\n<p>Ein Jahreszeiten Fotoalbum macht das ganze Jahr sichtbar und greifbar. Durch die bewusste Auswahl der Motive, Lichtstimmungen und Layoutgestaltung entsteht ein Fotobuch, das nicht nur sch\u00f6ne Bilder zeigt, sondern auch Geschichten erz\u00e4hlt. Fr\u00fchling, Sommer, Herbst und Winter tragen gleicherma\u00dfen zur emotionalen Tiefe bei und sorgen daf\u00fcr, dass Erinnerungen lebendig bleiben.<\/p>\n\n\n\n<p>\ud83d\udc49 Bei <a href=\"https:\/\/www.druckstdu.de\"><strong>druckstdu<\/strong> <\/a>lassen sich diese kreativen Ideen ganz einfach umsetzen: Von individuell gestalteten <a href=\"https:\/\/www.druckstdu.de\/fotobuecher\/\">Fotob\u00fcchern<\/a> \u00fcber <a href=\"https:\/\/www.druckstdu.de\/wandbilder\/\">Wandbilder<\/a> bis zu personalisierten<a href=\"https:\/\/www.druckstdu.de\/fotokalender\/\"> Kalender<\/a>n \u2013 jedes Foto wird zum wertvollen Bestandteil eines Jahresprojekts, das Freude macht, inspiriert und dauerhaft erhalten bleibt.<\/p>\n\n\n\n<h2 class=\"wp-block-heading\">FAQ \u2013 H\u00e4ufig gestellte Fragen zum Thema Jahreszeiten Fotoalbum<\/h2>\n\n\n\n<h3 class=\"wp-block-heading\">Was ist ein Jahreszeiten-Fotoalbum und warum lohnt es sich?<\/h3>\n\n\n\n<p>Ein Jahreszeiten-Fotoalbum ist ein Fotobuch, das das gesamte Jahr in vier Abschnitten \u2013 Fr\u00fchling, Sommer, Herbst und Winter \u2013 dokumentiert. Es lohnt sich, weil es Erinnerungen strukturiert, die Ver\u00e4nderungen der Natur sichtbar macht und den eigenen fotografischen Blick sch\u00e4rft. Gleichzeitig entstehen kreative Layouts, die das Album besonders ansprechend machen.<\/p>\n\n\n\n<h3 class=\"wp-block-heading\">Welche Motive eignen sich f\u00fcr jede Jahreszeit?<\/h3>\n\n\n\n<ul class=\"wp-block-list\">\n<li>Fr\u00fchling: Bl\u00fchende Blumen, Spazierg\u00e4nge im Park, Osterevents<\/li>\n\n\n\n<li>Sommer: Strandtage, Festivals, Reisen, Outdoor-Aktivit\u00e4ten<\/li>\n\n\n\n<li>Herbst: Laubw\u00e4lder, Erntefeste, Nebelstimmungen<\/li>\n\n\n\n<li>Winter: Schneelandschaften, Weihnachtsm\u00e4rkte, gem\u00fctliche Indoor-Momente<\/li>\n<\/ul>\n\n\n\n<h3 class=\"wp-block-heading\">Wie gestalte ich ein Jahreszeiten-Fotoalbum abwechslungsreich?<\/h3>\n\n\n\n<p>Nutze unterschiedliche Layouts, Farbpaletten und Perspektiven. Panoramafotos, Detailaufnahmen und thematische Doppelseiten sorgen f\u00fcr visuelle Vielfalt. Erg\u00e4nze Texte, Zitate oder kleine Geschichten zu jedem Motiv, um das Album pers\u00f6nlicher zu machen.<\/p>\n\n\n\n<h3 class=\"wp-block-heading\">Kann ich das Fotoalbum digital planen und drucken lassen?<\/h3>\n\n\n\n<p>Ja, bei druckstdu lassen sich Fotos digital hochladen, individuell anordnen und direkt in hochwertige Fotob\u00fccher, Kalender oder Wandbilder umwandeln. So wird aus einer digitalen Sammlung ein greifbares Erinnerungsst\u00fcck.<\/p>\n\n\n\n<h3 class=\"wp-block-heading\">Wie halte ich Motivation \u00fcber ein ganzes Jahr aufrecht?<\/h3>\n\n\n\n<p>Setze monatliche oder w\u00f6chentliche Themen, lege einen Fototag pro Woche fest oder nutze saisonale Challenges. Kleine Belohnungen oder das Teilen von Fortschritten mit Freunden steigern zus\u00e4tzlich die Motivation.<\/p>\n<a class=\"simplefavorite-button\" data-postid=\"231\" data-siteid=\"1\" data-groupid=\"1\" data-favoritecount=\"0\" style=\"\"><img decoding=\"async\" src=\"\/magazin\/wp-content\/uploads\/2025\/07\/heart.svg\">Speichern f\u00fcr sp\u00e4ter<\/a>","protected":false},"excerpt":{"rendered":"<p>Ein Fotoalbum ist weit mehr als nur ein Aufbewahrungsort f\u00fcr Erinnerungen. Es ist ein kreatives Projekt, das ein ganzes Jahr&#8230;<\/p>\n","protected":false},"author":3,"featured_media":232,"comment_status":"closed","ping_status":"closed","sticky":false,"template":"","format":"standard","meta":{"_acf_changed":false,"inline_featured_image":false,"footnotes":""},"categories":[3],"tags":[],"class_list":["post-231","post","type-post","status-publish","format-standard","has-post-thumbnail","hentry","category-design"],"acf":[],"yoast_head":"<!-- This site is optimized with the Yoast SEO plugin v27.5 - https:\/\/yoast.com\/product\/yoast-seo-wordpress\/ -->\n<title>Warum jede Jahreszeit ihren Platz im Fotoalbum verdient \ud83c\udf1f<\/title>\n<meta name=\"description\" content=\"Wie ein Jahreszeiten-Fotoalbum Ihre sch\u00f6nsten Momente im Fr\u00fchling, Sommer, Herbst und Winter festh\u00e4lt.\ud83c\udfa8\u2728 Tipps, Layout-Ideen &amp; Inspiration\" \/>\n<link rel=\"canonical\" href=\"https:\/\/www.druckstdu.de\/magazin\/jahreszeiten-fotoalbum\/\" \/>\n<meta property=\"og:locale\" content=\"de_DE\" \/>\n<meta property=\"og:type\" content=\"article\" \/>\n<meta property=\"og:title\" content=\"Warum jede Jahreszeit ihren Platz im Fotoalbum verdient \ud83c\udf1f\" \/>\n<meta property=\"og:description\" content=\"Wie ein Jahreszeiten-Fotoalbum Ihre sch\u00f6nsten Momente im Fr\u00fchling, Sommer, Herbst und Winter festh\u00e4lt.\ud83c\udfa8\u2728 Tipps, Layout-Ideen &amp; Inspiration\" \/>\n<meta property=\"og:url\" content=\"https:\/\/www.druckstdu.de\/magazin\/jahreszeiten-fotoalbum\/\" \/>\n<meta property=\"og:site_name\" content=\"Magazin | Druckstdu\" \/>\n<meta property=\"article:published_time\" content=\"2025-09-18T02:38:58+00:00\" \/>\n<meta property=\"article:modified_time\" content=\"2025-09-19T03:21:03+00:00\" \/>\n<meta property=\"og:image\" content=\"https:\/\/www.druckstdu.de\/magazin\/wp-content\/uploads\/2025\/09\/zu-jeder-jahreszeit-fotografieren-frau-mit-winterjacke-muetze-und-rucksack-fotografiert-im-herbst-fuers-fotoalbum.webp\" \/>\n\t<meta property=\"og:image:width\" content=\"1920\" \/>\n\t<meta property=\"og:image:height\" content=\"628\" \/>\n\t<meta property=\"og:image:type\" content=\"image\/webp\" \/>\n<meta name=\"author\" content=\"Julia\" \/>\n<meta name=\"twitter:card\" content=\"summary_large_image\" \/>\n<meta name=\"twitter:label1\" content=\"Verfasst von\" \/>\n\t<meta name=\"twitter:data1\" content=\"Julia\" \/>\n\t<meta name=\"twitter:label2\" content=\"Gesch\u00e4tzte Lesezeit\" \/>\n\t<meta name=\"twitter:data2\" content=\"8\u00a0Minuten\" \/>\n<script type=\"application\/ld+json\" class=\"yoast-schema-graph\">{\"@context\":\"https:\\\/\\\/schema.org\",\"@graph\":[{\"@type\":\"Article\",\"@id\":\"https:\\\/\\\/www.druckstdu.de\\\/magazin\\\/jahreszeiten-fotoalbum\\\/#article\",\"isPartOf\":{\"@id\":\"https:\\\/\\\/www.druckstdu.de\\\/magazin\\\/jahreszeiten-fotoalbum\\\/\"},\"author\":{\"name\":\"Julia\",\"@id\":\"https:\\\/\\\/www.druckstdu.de\\\/magazin\\\/#\\\/schema\\\/person\\\/21d94f7931f413d20158ecb9769efa5b\"},\"headline\":\"Warum jede Jahreszeit ihren Platz im Fotoalbum verdient\",\"datePublished\":\"2025-09-18T02:38:58+00:00\",\"dateModified\":\"2025-09-19T03:21:03+00:00\",\"mainEntityOfPage\":{\"@id\":\"https:\\\/\\\/www.druckstdu.de\\\/magazin\\\/jahreszeiten-fotoalbum\\\/\"},\"wordCount\":1549,\"image\":{\"@id\":\"https:\\\/\\\/www.druckstdu.de\\\/magazin\\\/jahreszeiten-fotoalbum\\\/#primaryimage\"},\"thumbnailUrl\":\"https:\\\/\\\/www.druckstdu.de\\\/magazin\\\/wp-content\\\/uploads\\\/2025\\\/09\\\/zu-jeder-jahreszeit-fotografieren-frau-mit-winterjacke-muetze-und-rucksack-fotografiert-im-herbst-fuers-fotoalbum.webp\",\"articleSection\":[\"Design\"],\"inLanguage\":\"de\"},{\"@type\":\"WebPage\",\"@id\":\"https:\\\/\\\/www.druckstdu.de\\\/magazin\\\/jahreszeiten-fotoalbum\\\/\",\"url\":\"https:\\\/\\\/www.druckstdu.de\\\/magazin\\\/jahreszeiten-fotoalbum\\\/\",\"name\":\"Warum jede Jahreszeit ihren Platz im Fotoalbum verdient \ud83c\udf1f\",\"isPartOf\":{\"@id\":\"https:\\\/\\\/www.druckstdu.de\\\/magazin\\\/#website\"},\"primaryImageOfPage\":{\"@id\":\"https:\\\/\\\/www.druckstdu.de\\\/magazin\\\/jahreszeiten-fotoalbum\\\/#primaryimage\"},\"image\":{\"@id\":\"https:\\\/\\\/www.druckstdu.de\\\/magazin\\\/jahreszeiten-fotoalbum\\\/#primaryimage\"},\"thumbnailUrl\":\"https:\\\/\\\/www.druckstdu.de\\\/magazin\\\/wp-content\\\/uploads\\\/2025\\\/09\\\/zu-jeder-jahreszeit-fotografieren-frau-mit-winterjacke-muetze-und-rucksack-fotografiert-im-herbst-fuers-fotoalbum.webp\",\"datePublished\":\"2025-09-18T02:38:58+00:00\",\"dateModified\":\"2025-09-19T03:21:03+00:00\",\"author\":{\"@id\":\"https:\\\/\\\/www.druckstdu.de\\\/magazin\\\/#\\\/schema\\\/person\\\/21d94f7931f413d20158ecb9769efa5b\"},\"description\":\"Wie ein Jahreszeiten-Fotoalbum Ihre sch\u00f6nsten Momente im Fr\u00fchling, Sommer, Herbst und Winter festh\u00e4lt.\ud83c\udfa8\u2728 Tipps, Layout-Ideen & Inspiration\",\"breadcrumb\":{\"@id\":\"https:\\\/\\\/www.druckstdu.de\\\/magazin\\\/jahreszeiten-fotoalbum\\\/#breadcrumb\"},\"inLanguage\":\"de\",\"potentialAction\":[{\"@type\":\"ReadAction\",\"target\":[\"https:\\\/\\\/www.druckstdu.de\\\/magazin\\\/jahreszeiten-fotoalbum\\\/\"]}]},{\"@type\":\"ImageObject\",\"inLanguage\":\"de\",\"@id\":\"https:\\\/\\\/www.druckstdu.de\\\/magazin\\\/jahreszeiten-fotoalbum\\\/#primaryimage\",\"url\":\"https:\\\/\\\/www.druckstdu.de\\\/magazin\\\/wp-content\\\/uploads\\\/2025\\\/09\\\/zu-jeder-jahreszeit-fotografieren-frau-mit-winterjacke-muetze-und-rucksack-fotografiert-im-herbst-fuers-fotoalbum.webp\",\"contentUrl\":\"https:\\\/\\\/www.druckstdu.de\\\/magazin\\\/wp-content\\\/uploads\\\/2025\\\/09\\\/zu-jeder-jahreszeit-fotografieren-frau-mit-winterjacke-muetze-und-rucksack-fotografiert-im-herbst-fuers-fotoalbum.webp\",\"width\":1920,\"height\":628,\"caption\":\"@Stephen Leonardi von Pexels\"},{\"@type\":\"BreadcrumbList\",\"@id\":\"https:\\\/\\\/www.druckstdu.de\\\/magazin\\\/jahreszeiten-fotoalbum\\\/#breadcrumb\",\"itemListElement\":[{\"@type\":\"ListItem\",\"position\":1,\"name\":\"Startseite\",\"item\":\"https:\\\/\\\/www.druckstdu.de\\\/magazin\\\/\"},{\"@type\":\"ListItem\",\"position\":2,\"name\":\"Warum jede Jahreszeit ihren Platz im Fotoalbum verdient\"}]},{\"@type\":\"WebSite\",\"@id\":\"https:\\\/\\\/www.druckstdu.de\\\/magazin\\\/#website\",\"url\":\"https:\\\/\\\/www.druckstdu.de\\\/magazin\\\/\",\"name\":\"Magazin | Druckstdu\",\"description\":\"\",\"potentialAction\":[{\"@type\":\"SearchAction\",\"target\":{\"@type\":\"EntryPoint\",\"urlTemplate\":\"https:\\\/\\\/www.druckstdu.de\\\/magazin\\\/?s={search_term_string}\"},\"query-input\":{\"@type\":\"PropertyValueSpecification\",\"valueRequired\":true,\"valueName\":\"search_term_string\"}}],\"inLanguage\":\"de\"},{\"@type\":\"Person\",\"@id\":\"https:\\\/\\\/www.druckstdu.de\\\/magazin\\\/#\\\/schema\\\/person\\\/21d94f7931f413d20158ecb9769efa5b\",\"name\":\"Julia\",\"image\":{\"@type\":\"ImageObject\",\"inLanguage\":\"de\",\"@id\":\"https:\\\/\\\/secure.gravatar.com\\\/avatar\\\/f8d49d230387fe95329c8c2282dda447963627f07b20969a21414d5cb19c58dc?s=96&d=mm&r=g\",\"url\":\"https:\\\/\\\/secure.gravatar.com\\\/avatar\\\/f8d49d230387fe95329c8c2282dda447963627f07b20969a21414d5cb19c58dc?s=96&d=mm&r=g\",\"contentUrl\":\"https:\\\/\\\/secure.gravatar.com\\\/avatar\\\/f8d49d230387fe95329c8c2282dda447963627f07b20969a21414d5cb19c58dc?s=96&d=mm&r=g\",\"caption\":\"Julia\"},\"url\":\"https:\\\/\\\/www.druckstdu.de\\\/magazin\\\/author\\\/julia\\\/\"}]}<\/script>\n<!-- \/ Yoast SEO plugin. -->","yoast_head_json":{"title":"Warum jede Jahreszeit ihren Platz im Fotoalbum verdient \ud83c\udf1f","description":"Wie ein Jahreszeiten-Fotoalbum Ihre sch\u00f6nsten Momente im Fr\u00fchling, Sommer, Herbst und Winter festh\u00e4lt.\ud83c\udfa8\u2728 Tipps, Layout-Ideen & Inspiration","canonical":"https:\/\/www.druckstdu.de\/magazin\/jahreszeiten-fotoalbum\/","og_locale":"de_DE","og_type":"article","og_title":"Warum jede Jahreszeit ihren Platz im Fotoalbum verdient \ud83c\udf1f","og_description":"Wie ein Jahreszeiten-Fotoalbum Ihre sch\u00f6nsten Momente im Fr\u00fchling, Sommer, Herbst und Winter festh\u00e4lt.\ud83c\udfa8\u2728 Tipps, Layout-Ideen & Inspiration","og_url":"https:\/\/www.druckstdu.de\/magazin\/jahreszeiten-fotoalbum\/","og_site_name":"Magazin | Druckstdu","article_published_time":"2025-09-18T02:38:58+00:00","article_modified_time":"2025-09-19T03:21:03+00:00","og_image":[{"width":1920,"height":628,"url":"https:\/\/www.druckstdu.de\/magazin\/wp-content\/uploads\/2025\/09\/zu-jeder-jahreszeit-fotografieren-frau-mit-winterjacke-muetze-und-rucksack-fotografiert-im-herbst-fuers-fotoalbum.webp","type":"image\/webp"}],"author":"Julia","twitter_card":"summary_large_image","twitter_misc":{"Verfasst von":"Julia","Gesch\u00e4tzte Lesezeit":"8\u00a0Minuten"},"schema":{"@context":"https:\/\/schema.org","@graph":[{"@type":"Article","@id":"https:\/\/www.druckstdu.de\/magazin\/jahreszeiten-fotoalbum\/#article","isPartOf":{"@id":"https:\/\/www.druckstdu.de\/magazin\/jahreszeiten-fotoalbum\/"},"author":{"name":"Julia","@id":"https:\/\/www.druckstdu.de\/magazin\/#\/schema\/person\/21d94f7931f413d20158ecb9769efa5b"},"headline":"Warum jede Jahreszeit ihren Platz im Fotoalbum verdient","datePublished":"2025-09-18T02:38:58+00:00","dateModified":"2025-09-19T03:21:03+00:00","mainEntityOfPage":{"@id":"https:\/\/www.druckstdu.de\/magazin\/jahreszeiten-fotoalbum\/"},"wordCount":1549,"image":{"@id":"https:\/\/www.druckstdu.de\/magazin\/jahreszeiten-fotoalbum\/#primaryimage"},"thumbnailUrl":"https:\/\/www.druckstdu.de\/magazin\/wp-content\/uploads\/2025\/09\/zu-jeder-jahreszeit-fotografieren-frau-mit-winterjacke-muetze-und-rucksack-fotografiert-im-herbst-fuers-fotoalbum.webp","articleSection":["Design"],"inLanguage":"de"},{"@type":"WebPage","@id":"https:\/\/www.druckstdu.de\/magazin\/jahreszeiten-fotoalbum\/","url":"https:\/\/www.druckstdu.de\/magazin\/jahreszeiten-fotoalbum\/","name":"Warum jede Jahreszeit ihren Platz im Fotoalbum verdient \ud83c\udf1f","isPartOf":{"@id":"https:\/\/www.druckstdu.de\/magazin\/#website"},"primaryImageOfPage":{"@id":"https:\/\/www.druckstdu.de\/magazin\/jahreszeiten-fotoalbum\/#primaryimage"},"image":{"@id":"https:\/\/www.druckstdu.de\/magazin\/jahreszeiten-fotoalbum\/#primaryimage"},"thumbnailUrl":"https:\/\/www.druckstdu.de\/magazin\/wp-content\/uploads\/2025\/09\/zu-jeder-jahreszeit-fotografieren-frau-mit-winterjacke-muetze-und-rucksack-fotografiert-im-herbst-fuers-fotoalbum.webp","datePublished":"2025-09-18T02:38:58+00:00","dateModified":"2025-09-19T03:21:03+00:00","author":{"@id":"https:\/\/www.druckstdu.de\/magazin\/#\/schema\/person\/21d94f7931f413d20158ecb9769efa5b"},"description":"Wie ein Jahreszeiten-Fotoalbum Ihre sch\u00f6nsten Momente im Fr\u00fchling, Sommer, Herbst und Winter festh\u00e4lt.\ud83c\udfa8\u2728 Tipps, Layout-Ideen & Inspiration","breadcrumb":{"@id":"https:\/\/www.druckstdu.de\/magazin\/jahreszeiten-fotoalbum\/#breadcrumb"},"inLanguage":"de","potentialAction":[{"@type":"ReadAction","target":["https:\/\/www.druckstdu.de\/magazin\/jahreszeiten-fotoalbum\/"]}]},{"@type":"ImageObject","inLanguage":"de","@id":"https:\/\/www.druckstdu.de\/magazin\/jahreszeiten-fotoalbum\/#primaryimage","url":"https:\/\/www.druckstdu.de\/magazin\/wp-content\/uploads\/2025\/09\/zu-jeder-jahreszeit-fotografieren-frau-mit-winterjacke-muetze-und-rucksack-fotografiert-im-herbst-fuers-fotoalbum.webp","contentUrl":"https:\/\/www.druckstdu.de\/magazin\/wp-content\/uploads\/2025\/09\/zu-jeder-jahreszeit-fotografieren-frau-mit-winterjacke-muetze-und-rucksack-fotografiert-im-herbst-fuers-fotoalbum.webp","width":1920,"height":628,"caption":"@Stephen Leonardi von Pexels"},{"@type":"BreadcrumbList","@id":"https:\/\/www.druckstdu.de\/magazin\/jahreszeiten-fotoalbum\/#breadcrumb","itemListElement":[{"@type":"ListItem","position":1,"name":"Startseite","item":"https:\/\/www.druckstdu.de\/magazin\/"},{"@type":"ListItem","position":2,"name":"Warum jede Jahreszeit ihren Platz im Fotoalbum verdient"}]},{"@type":"WebSite","@id":"https:\/\/www.druckstdu.de\/magazin\/#website","url":"https:\/\/www.druckstdu.de\/magazin\/","name":"Magazin | Druckstdu","description":"","potentialAction":[{"@type":"SearchAction","target":{"@type":"EntryPoint","urlTemplate":"https:\/\/www.druckstdu.de\/magazin\/?s={search_term_string}"},"query-input":{"@type":"PropertyValueSpecification","valueRequired":true,"valueName":"search_term_string"}}],"inLanguage":"de"},{"@type":"Person","@id":"https:\/\/www.druckstdu.de\/magazin\/#\/schema\/person\/21d94f7931f413d20158ecb9769efa5b","name":"Julia","image":{"@type":"ImageObject","inLanguage":"de","@id":"https:\/\/secure.gravatar.com\/avatar\/f8d49d230387fe95329c8c2282dda447963627f07b20969a21414d5cb19c58dc?s=96&d=mm&r=g","url":"https:\/\/secure.gravatar.com\/avatar\/f8d49d230387fe95329c8c2282dda447963627f07b20969a21414d5cb19c58dc?s=96&d=mm&r=g","contentUrl":"https:\/\/secure.gravatar.com\/avatar\/f8d49d230387fe95329c8c2282dda447963627f07b20969a21414d5cb19c58dc?s=96&d=mm&r=g","caption":"Julia"},"url":"https:\/\/www.druckstdu.de\/magazin\/author\/julia\/"}]}},"wp-worthy-pixel":{"ignored":false,"public":null,"server":null,"url":null},"wp-worthy-type":"normal","_links":{"self":[{"href":"https:\/\/www.druckstdu.de\/magazin\/wp-json\/wp\/v2\/posts\/231","targetHints":{"allow":["GET"]}}],"collection":[{"href":"https:\/\/www.druckstdu.de\/magazin\/wp-json\/wp\/v2\/posts"}],"about":[{"href":"https:\/\/www.druckstdu.de\/magazin\/wp-json\/wp\/v2\/types\/post"}],"author":[{"embeddable":true,"href":"https:\/\/www.druckstdu.de\/magazin\/wp-json\/wp\/v2\/users\/3"}],"replies":[{"embeddable":true,"href":"https:\/\/www.druckstdu.de\/magazin\/wp-json\/wp\/v2\/comments?post=231"}],"version-history":[{"count":3,"href":"https:\/\/www.druckstdu.de\/magazin\/wp-json\/wp\/v2\/posts\/231\/revisions"}],"predecessor-version":[{"id":280,"href":"https:\/\/www.druckstdu.de\/magazin\/wp-json\/wp\/v2\/posts\/231\/revisions\/280"}],"wp:featuredmedia":[{"embeddable":true,"href":"https:\/\/www.druckstdu.de\/magazin\/wp-json\/wp\/v2\/media\/232"}],"wp:attachment":[{"href":"https:\/\/www.druckstdu.de\/magazin\/wp-json\/wp\/v2\/media?parent=231"}],"wp:term":[{"taxonomy":"category","embeddable":true,"href":"https:\/\/www.druckstdu.de\/magazin\/wp-json\/wp\/v2\/categories?post=231"},{"taxonomy":"post_tag","embeddable":true,"href":"https:\/\/www.druckstdu.de\/magazin\/wp-json\/wp\/v2\/tags?post=231"}],"curies":[{"name":"wp","href":"https:\/\/api.w.org\/{rel}","templated":true}]}}