{"id":234,"date":"2025-09-18T03:28:20","date_gmt":"2025-09-18T03:28:20","guid":{"rendered":"https:\/\/www.druckstdu.de\/magazin\/?p=234"},"modified":"2025-09-18T03:28:22","modified_gmt":"2025-09-18T03:28:22","slug":"fotoideen-nach-jahreszeit","status":"publish","type":"post","link":"https:\/\/www.druckstdu.de\/magazin\/fotoideen-nach-jahreszeit\/","title":{"rendered":"Die sch\u00f6nsten Fotoideen f\u00fcr Fr\u00fchling, Sommer, Herbst &amp; Winter"},"content":{"rendered":"\n<p>Fotografie lebt von Momenten, Licht und Stimmung. Und jede Jahreszeit bietet dabei ihre ganz eigenen M\u00f6glichkeiten. Wer seine Fotos gezielt nach Jahreszeiten sortiert oder Projekte wie Jahreszeiten-Fotoalben, Kalender oder Wandbilder plant, profitiert von abwechslungsreichen Motiven, kreativen Herausforderungen und einem besonders stimmigen Gesamtbild. Bei druckstdu lassen sich diese Ideen direkt in hochwertige Fotoprodukte verwandeln, sodass aus digitalen Schnappsch\u00fcssen bleibende Erinnerungen werden.<\/p>\n\n\n\n<h2 class=\"wp-block-heading\">Fr\u00fchling: Die R\u00fcckkehr des Lichts<\/h2>\n\n\n\n<p>Der Fr\u00fchling ist die Zeit des Aufbruchs. Nach langen, oft grauen Wintermonaten zeigen sich wieder Farben, Licht und Leben. Dies macht die Saison besonders spannend f\u00fcr die Fotografie, da sie den Kontrast zwischen winterlicher Ruhe und erwachender Natur perfekt inszeniert.<\/p>\n\n\n\n<h3 class=\"wp-block-heading\">Ideen f\u00fcr Fr\u00fchlingsfotos:<\/h3>\n\n\n\n<ul class=\"wp-block-list\">\n<li><strong>Bl\u00fchende Landschaften:<\/strong> Obstb\u00e4ume, Blumenwiesen, Tulpenfelder<\/li>\n\n\n\n<li><strong>Kleine Details:<\/strong> Knospen an B\u00e4umen, Tautropfen auf Bl\u00e4ttern, Schmetterlinge<\/li>\n\n\n\n<li><strong>Fr\u00fchlingserwachen in St\u00e4dten:<\/strong> Stra\u00dfencaf\u00e9s, Fahrradfahrer, Spazierg\u00e4nger in Parks<\/li>\n\n\n\n<li><strong>Familien- und Tieraufnahmen:<\/strong> Kinder beim Drachensteigen, Haustiere im Garten<\/li>\n<\/ul>\n\n\n\n<h4 class=\"wp-block-heading\">Praktischer Tipp:<\/h4>\n\n\n\n<p>Nutze die goldene Stunde (kurz nach Sonnenaufgang oder vor Sonnenuntergang) f\u00fcr besonders warmes, weiches Licht. Es betont Farben und schafft Tiefe in Ihren Bildern.<\/p>\n\n\n\n<figure class=\"wp-block-table\"><table class=\"has-fixed-layout\"><thead><tr><th>Motivkategorie<\/th><th>Beispielideen<\/th><th>Kreative Variationen<\/th><\/tr><\/thead><tbody><tr><td>Natur<\/td><td>Bl\u00fcten, B\u00e4ume, Fl\u00fcsse<\/td><td>Makroaufnahmen von Knospen, Lichtreflexe<\/td><\/tr><tr><td>Stadt &amp; Architektur<\/td><td>Stra\u00dfencaf\u00e9s, Parks, Fr\u00fchlingsm\u00e4rkte<\/td><td>Bewegungsunsch\u00e4rfe f\u00fcr lebendige Szenen<\/td><\/tr><tr><td>Menschen &amp; Tiere<\/td><td>Spazierg\u00e4nge, Haustiere im Garten<\/td><td>Perspektivwechsel: von unten oder nah ran<\/td><\/tr><\/tbody><\/table><\/figure>\n\n\n\n<p>Durch die Konzentration auf die kleinen, oft \u00fcbersehenen Details gestalten Sie ein Fr\u00fchling-Fotoalbum gestalten, das die Frische und Leichtigkeit dieser Jahreszeit einf\u00e4ngt.<\/p>\n\n\n\n<h2 class=\"wp-block-heading\">Sommer: Licht, Farbe und Lebensfreude<\/h2>\n\n\n\n<p>Der Sommer ist die Saison der Intensit\u00e4t. Lange Tage, starkes Licht und strahlende Farben er\u00f6ffnen Fotografen unz\u00e4hlige M\u00f6glichkeiten. Der Sommer lebt von Bewegung, W\u00e4rme und Energie, egal ob Outdoor-Aktivit\u00e4ten, Naturaufnahmen oder Sonnenunterg\u00e4nge.<\/p>\n\n\n\n<h3 class=\"wp-block-heading\">Ideen f\u00fcr Sommerfotos:<\/h3>\n\n\n\n<ul class=\"wp-block-list\">\n<li><strong>Natur &amp; Landschaft:<\/strong> Sonnenblumenfelder, Seen, Str\u00e4nde, W\u00e4lder<\/li>\n\n\n\n<li><strong>Aktivit\u00e4ten &amp; Feste:<\/strong> Grillabende, Festivals, Wanderungen<\/li>\n\n\n\n<li><strong>Portr\u00e4ts &amp; Lifestyle:<\/strong> Sonnenbrillen-Selfies, Picknicks, lachende Kinder<\/li>\n\n\n\n<li><strong>Licht &amp; Farbe:<\/strong> Sonnenunterg\u00e4nge, Regenbogen nach Sommerregen, Schattenmuster<\/li>\n<\/ul>\n\n\n\n<h4 class=\"wp-block-heading\">Praktischer Tipp:<\/h4>\n\n\n\n<p>Im Sommer kann das Licht sehr hart sein. Achten Sie auf weiches Licht in Morgen- oder Abendstunden, oder experimentiere mit Silhouetten und Schatten f\u00fcr dramatische Effekte.<\/p>\n\n\n\n<figure class=\"wp-block-table\"><table class=\"has-fixed-layout\"><thead><tr><th>Fotofokus<\/th><th>Kreative Technik<\/th><th>Bonus-Idee<\/th><\/tr><\/thead><tbody><tr><td>Landschaften<\/td><td>Panorama-Aufnahmen, Drohnenfotos<\/td><td>Spiegelungen in Seen oder Pf\u00fctzen<\/td><\/tr><tr><td>Aktivit\u00e4ten<\/td><td>Serienbilder f\u00fcr Bewegung<\/td><td>Zeitraffer von Sonnenauf- oder -unterg\u00e4ngen<\/td><\/tr><tr><td>Portr\u00e4ts<\/td><td>Gegenlicht oder Reflektoren nutzen<\/td><td>Mit farbigen Stoffen oder Props arbeiten<\/td><\/tr><\/tbody><\/table><\/figure>\n\n\n\n<p>Ein Sommer-Fotoalbum transportiert die Energie dieser Jahreszeit, indem es sowohl die Natur als auch die Menschen und ihre Aktivit\u00e4ten zeigt. Ein abwechslungsreicher Mix aus Landschaft, Detail und Aktion macht das Album lebendig und emotional.<\/p>\n\n\n\n<h2 class=\"wp-block-heading\">Herbst: Farbenpracht und stimmungsvolle Motive<\/h2>\n\n\n\n<p>Der Herbst ist die Jahreszeit der Ver\u00e4nderung und der besonderen Lichtstimmungen. Goldene Bl\u00e4tter, Nebel \u00fcber Wiesen und die tieferen, warmen Farbt\u00f6ne schaffen Fotografen die M\u00f6glichkeit, stimmungsvolle Bilder zu gestalten. F\u00fcr ein Herbst-Fotoalbum lohnt es sich, die Vielf\u00e4ltigkeit der Natur, aber auch allt\u00e4gliche Szenen einzufangen.<\/p>\n\n\n\n<h3 class=\"wp-block-heading\">Ideen f\u00fcr Herbstfotos:<\/h3>\n\n\n\n<ul class=\"wp-block-list\">\n<li><strong>Laub &amp; Landschaften:<\/strong> Bunte W\u00e4lder, nebelige Morgen, regennasse Wege<\/li>\n\n\n\n<li><strong>Ernte &amp; Feste:<\/strong> K\u00fcrbisfelder, Weinlese, Laternenumz\u00fcge<\/li>\n\n\n\n<li><strong>Gem\u00fctliche Momente:<\/strong> Kuscheldecken, Tee, Kerzenlicht<\/li>\n\n\n\n<li><strong>Texturen &amp; Details:<\/strong> Regentropfen auf Bl\u00e4ttern, Moos, Kastanien<\/li>\n<\/ul>\n\n\n\n<h4 class=\"wp-block-heading\">Praktischer Tipp:<\/h4>\n\n\n\n<p>Spiele mit Kontrasten zwischen warmen Herbstfarben und k\u00fchleren Hintergr\u00fcnden. Nebel oder Regen erzeugen zus\u00e4tzliche Tiefe und Atmosph\u00e4re.<\/p>\n\n\n\n<figure class=\"wp-block-table\"><table class=\"has-fixed-layout\"><thead><tr><th>Motivbereich<\/th><th>Beispielideen<\/th><th>Kreative Umsetzungen<\/th><\/tr><\/thead><tbody><tr><td>Natur &amp; Landschaft<\/td><td>W\u00e4lder, Parks, Seen<\/td><td>Makroaufnahmen von Bl\u00e4ttern, Lichtdurchbr\u00fcche<\/td><\/tr><tr><td>Alltag &amp; Lifestyle<\/td><td>Spazierg\u00e4nge, K\u00fcrbisfeste<\/td><td>Detailaufnahmen von H\u00e4nden oder Accessoires<\/td><\/tr><tr><td>Architektur &amp; Stadt<\/td><td>Herbstm\u00e4rkte, Altst\u00e4dte<\/td><td>Stra\u00dfenansichten bei Regen oder Nebel<\/td><\/tr><\/tbody><\/table><\/figure>\n\n\n\n<p>Ein Herbst-Fotoalbum kann durch die Kombination von Natur, Alltag und stimmungsvollen Details besonders abwechslungsreich und emotional wirken. Die Jahreszeit eignet sich ideal, um ein narratives Element einzubauen: vom Sp\u00e4tsommer bis zum ersten Frost.<\/p>\n\n\n\n<h2 class=\"wp-block-heading\">Winter: Ruhe, Kontraste und festliche Momente<\/h2>\n\n\n\n<p>Der Winter bringt eine besondere Ruhe mit sich und verwandelt Landschaften in stille, fast magische Szenen. Schnee, Eis, kurze Tage und warmes Licht erlauben Fotografen, einzigartige Stimmungen einzufangen. Winter-Fotoideen kombinieren Natur, urbane Szenen und pers\u00f6nliche Momente.<\/p>\n\n\n\n<ul class=\"wp-block-list\">\n<li>Ideen f\u00fcr Winterfotos:<\/li>\n\n\n\n<li><strong>Schnee &amp; Eis:<\/strong> Schneebedeckte B\u00e4ume, Eiszapfen, gefrorene Seen<\/li>\n\n\n\n<li><strong>Weihnachtsm\u00e4rkte &amp; Lichter:<\/strong> Dekoration, Kerzen, festliche Stimmung<\/li>\n\n\n\n<li><strong>Portr\u00e4ts &amp; Lifestyle:<\/strong> Familienfotos im Schnee, Winterspazierg\u00e4nge<\/li>\n\n\n\n<li><strong>Kontraste &amp; Details:<\/strong> Dunkle Hintergr\u00fcnde mit hellem Schnee, Frost auf Fenstern<\/li>\n<\/ul>\n\n\n\n<h4 class=\"wp-block-heading\">Praktischer Tipp:<\/h4>\n\n\n\n<p>Nutzen Sie die kurze Tageslichtphase bewusst. Die \u201eblaue Stunde\u201c kurz nach Sonnenuntergang erzeugt besonders stimmungsvolle Aufnahmen. Reflektoren oder k\u00fcnstliches Licht helfen, Personen im Schnee optimal zu belichten.<\/p>\n\n\n\n<figure class=\"wp-block-table\"><table class=\"has-fixed-layout\"><thead><tr><th>Fotofokus<\/th><th>Motivideen<\/th><th>Kreative Techniken<\/th><\/tr><\/thead><tbody><tr><td>Natur &amp; Landschaft<\/td><td>Schneefelder, W\u00e4lder, gefrorene Seen<\/td><td>Langzeitbelichtung f\u00fcr flie\u00dfendes Wasser<\/td><\/tr><tr><td>Alltag &amp; Lifestyle<\/td><td>Winterm\u00e4rkte, Spazierg\u00e4nge, Gl\u00fchwein<\/td><td>Bokeh von Lichtern, Detailaufnahmen<\/td><\/tr><tr><td>Portr\u00e4ts<\/td><td>Kinder beim Schlittenfahren, Haustiere im Schnee<\/td><td>Gegenlicht f\u00fcr Silhouetten, warme Kleidung betonen<\/td><\/tr><\/tbody><\/table><\/figure>\n\n\n\n<h2 class=\"wp-block-heading\">Jahreszeiten kombinieren: Fotoprojekte und Alben gestalten<\/h2>\n\n\n\n<p>Wer <a href=\"https:\/\/www.druckstdu.de\/magazin\/ideen-fuer-fotoprojekte\/\">alle Jahreszeiten in einem Fotoprojekt<\/a> dokumentiert, schafft ein abwechslungsreiches, visuell reichhaltiges Album. Bei druckstdu lassen sich diese Ideen direkt umsetzen und personalisieren.<\/p>\n\n\n\n<h3 class=\"wp-block-heading\">Tipps f\u00fcr Jahreszeiten-Fotoalben:<\/h3>\n\n\n\n<ul class=\"wp-block-list\">\n<li><strong>Monatliche Rubriken:<\/strong> Jede Jahreszeit erh\u00e4lt eigene Kapitel im Fotobuch<\/li>\n\n\n\n<li><strong>Farbthemen:<\/strong> Fr\u00fchling \u2013 Pastellfarben, Sommer \u2013 kr\u00e4ftige Farben, Herbst \u2013 warme T\u00f6ne, Winter \u2013 k\u00fchle und neutrale Farben<\/li>\n\n\n\n<li><strong>Storytelling:<\/strong> Geschichten oder Erlebnisse pro Saison erg\u00e4nzen die Bilder<\/li>\n\n\n\n<li><strong>Mix aus Formaten:<\/strong> Kombination von Quer- und Hochformat, Detailaufnahmen und Panorama<\/li>\n<\/ul>\n\n\n\n<figure class=\"wp-block-table\"><table class=\"has-fixed-layout\"><thead><tr><th>Saison<\/th><th>Layoutideen<\/th><th>Text- oder Story-Elemente<\/th><\/tr><\/thead><tbody><tr><td>Fr\u00fchling<\/td><td>Gro\u00dfformatige Landschaften, Detailaufnahmen<\/td><td>Zitate \u00fcber Neubeginn, kurze Anekdoten<\/td><\/tr><tr><td>Sommer<\/td><td>Panoramen, Action-Shots<\/td><td>Beschreibungen von Ausfl\u00fcgen, Festszenen<\/td><\/tr><tr><td>Herbst<\/td><td>Stimmungsvolle Naturaufnahmen<\/td><td>Geschichten \u00fcber Spazierg\u00e4nge oder Ernte<\/td><\/tr><tr><td>Winter<\/td><td>Nahaufnahmen von Details, Lichter<\/td><td>Erinnerungen an Feste, Reflexionen<\/td><\/tr><\/tbody><\/table><\/figure>\n\n\n\n<h3 class=\"wp-block-heading\">Kreative Fotoprojekt-Ideen:<\/h3>\n\n\n\n<ul class=\"wp-block-list\">\n<li><strong>Jahreszeiten-Challenge:<\/strong> Jeden Monat ein bestimmtes Motiv passend zur Jahreszeit fotografieren<\/li>\n\n\n\n<li><strong>Familienprojekt:<\/strong> Kinder oder Haustiere durch alle Jahreszeiten begleiten<\/li>\n\n\n\n<li><strong>Moodboard-Alben:<\/strong> Fotos nach Farben und Stimmungen sortieren, z.\u202fB. fr\u00fchlingshaft, sommerlich, herbstlich, winterlich<\/li>\n\n\n\n<li><strong>Geschenkideen:<\/strong> <a href=\"https:\/\/www.druckstdu.de\/fotokalender\/\">Kalender<\/a>, <a href=\"https:\/\/www.druckstdu.de\/wandbilder\/fotoposter\/\">Poster<\/a> oder <a href=\"https:\/\/www.druckstdu.de\/fotobuecher\/\">Fotob\u00fccher<\/a> f\u00fcr Familie und Freunde gestalten<\/li>\n<\/ul>\n\n\n\n<p>Ein solches Fotoprojekt schafft nicht nur \u00e4sthetisch ansprechende Ergebnisse, sondern dokumentiert auf pers\u00f6nliche Weise den Jahresverlauf.<\/p>\n\n\n\n<p>\ud83d\udc49 Verwandle deine sch\u00f6nsten Jahreszeiten-Momente in hochwertige Fotoprodukte bei <a href=\"https:\/\/www.druckstdu.de\">druckstdu<\/a> und genie\u00dfe die perfekte Kombination aus Kreativit\u00e4t und erstklassiger <a href=\"https:\/\/www.druckstdu.de\/druck-und-qualitat\/\">Druckqualit\u00e4t<\/a>.<\/p>\n\n\n\n<h2 class=\"wp-block-heading\">FAQ: Fotoideen nach Jahreszeit<\/h2>\n\n\n\n<h3 class=\"wp-block-heading\">Welche Fotomotive eignen sich am besten f\u00fcr jede Jahreszeit?<\/h3>\n\n\n\n<p>Im Fr\u00fchling eignen sich besonders Bl\u00fcten, frisches Gr\u00fcn und Aktivit\u00e4ten im Freien, die die aufkeimende Natur einfangen. Der Sommer bietet Gelegenheit f\u00fcr Strandaufnahmen, Sonnenunterg\u00e4nge und lebhafte Outdoor-Szenen wie Festivals oder Sport. Im Herbst lassen sich stimmungsvolle Spazierg\u00e4nge durch bunte Bl\u00e4tter, Erntefeste und nat\u00fcrliche Lichtspiele hervorragend fotografisch festhalten. Der Winter wiederum ist ideal f\u00fcr Schneeaufnahmen, festliche Dekorationen, Winterm\u00e4rkte und gem\u00fctliche Szenen im Innenbereich.<\/p>\n\n\n\n<h3 class=\"wp-block-heading\">Wie plane ich ein Fotoprojekt f\u00fcr alle vier Jahreszeiten?<\/h3>\n\n\n\n<p>Ein erfolgreiches saisonales Fotoprojekt beginnt mit der Festlegung von Themen f\u00fcr jeden Monat oder jede Jahreszeit. Es hilft, regelm\u00e4\u00dfig Motive zu dokumentieren, die das besondere Flair der jeweiligen Saison einfangen, und dabei verschiedene Perspektiven, Details und Weitwinkelaufnahmen zu nutzen. Erg\u00e4nzend k\u00f6nnen kurze Texte, Anekdoten oder Zitate zu den Fotos hinzugef\u00fcgt werden, um den Erinnerungswert zu steigern.<\/p>\n\n\n\n<h3 class=\"wp-block-heading\">Wie setze ich meine saisonalen Fotos optimal in druckstdu-Produkten um?<\/h3>\n\n\n\n<p>Bei druckstdu lassen sich die Fotos ideal in hochwertige Fotob\u00fccher mit separaten Kapiteln f\u00fcr Fr\u00fchling, Sommer, Herbst und Winter verwandeln. Farbharmonien k\u00f6nnen passend zur Jahreszeit gew\u00e4hlt werden, um ein stimmiges Layout zu erzeugen. Fotos lassen sich zus\u00e4tzlich mit Texten oder kleinen Geschichten erg\u00e4nzen. Auch Fotokalender, Poster oder Wandbilder eignen sich hervorragend, um besondere Highlights jeder Jahreszeit zu pr\u00e4sentieren.<\/p>\n\n\n\n<h3 class=\"wp-block-heading\">Welche Tipps helfen, auch bei schlechtem Wetter gute Fotos zu machen?<\/h3>\n\n\n\n<p>Auch Regen, Nebel oder tr\u00fcbes Licht bieten kreative M\u00f6glichkeiten. Spiegelungen in Pf\u00fctzen, interessante Licht- und Schattenkontraste oder Nebeleffekte k\u00f6nnen stimmungsvolle Aufnahmen erzeugen. Indoor-Motive wie Dekoration, Kerzen oder Szenen am Fenster sind ebenfalls eine gute M\u00f6glichkeit, um die Stimmung einer Saison einzufangen. Nahaufnahmen helfen zus\u00e4tzlich, Details hervorzuheben und die Atmosph\u00e4re zu transportieren.<\/p>\n\n\n\n<h3 class=\"wp-block-heading\">Kann ich Fotos von Reisen oder Alltag mit den Jahreszeiten kombinieren?<\/h3>\n\n\n\n<p>Ja, besonders spannend ist die Kombination aus Reiseaufnahmen und allt\u00e4glichen Motiven, die die jeweilige Jahreszeit widerspiegeln. Landschaften, lokale Br\u00e4uche oder besondere Aktivit\u00e4ten lassen sich so mit pers\u00f6nlichen Erlebnissen wie Spazierg\u00e4ngen, Festen oder Hobbys verbinden. Dadurch entsteht ein abwechslungsreiches Fotoprojekt, das sowohl Erinnerungen als auch eine \u00e4sthetische Vielfalt bietet.<\/p>\n\n\n\n<h3 class=\"wp-block-heading\">Wie kann ich meine Fotoideen nach Jahreszeit langfristig motivierend umsetzen?<\/h3>\n\n\n\n<p>Langfristige Motivation entsteht durch realistische Ziele, etwa ein bis zwei Fotos pro Woche. Monatliche kleine Challenges, wie das Fotografieren von herbstlichem Laub oder winterlicher Lichtstimmung, sorgen f\u00fcr Abwechslung. Fortschritte k\u00f6nnen mit Freunden und Familie geteilt werden, oder die Fotos werden direkt in greifbare Fotoprodukte bei druckstdu umgesetzt. So bleibt das Projekt spannend und gleichzeitig werden sch\u00f6ne Erinnerungen geschaffen, die \u00fcber Jahre erhalten bleiben.<\/p>\n<a class=\"simplefavorite-button\" data-postid=\"234\" data-siteid=\"1\" data-groupid=\"1\" data-favoritecount=\"0\" style=\"\"><img decoding=\"async\" src=\"\/magazin\/wp-content\/uploads\/2025\/07\/heart.svg\">Speichern f\u00fcr sp\u00e4ter<\/a>","protected":false},"excerpt":{"rendered":"<p>Fotografie lebt von Momenten, Licht und Stimmung. Und jede Jahreszeit bietet dabei ihre ganz eigenen M\u00f6glichkeiten. Wer seine Fotos gezielt&#8230;<\/p>\n","protected":false},"author":3,"featured_media":235,"comment_status":"closed","ping_status":"closed","sticky":false,"template":"","format":"standard","meta":{"_acf_changed":false,"inline_featured_image":false,"footnotes":""},"categories":[4],"tags":[],"class_list":["post-234","post","type-post","status-publish","format-standard","has-post-thumbnail","hentry","category-diy"],"acf":[],"yoast_head":"<!-- This site is optimized with the Yoast SEO plugin v27.5 - https:\/\/yoast.com\/product\/yoast-seo-wordpress\/ -->\n<title>Die sch\u00f6nsten Fotoideen nach Jahreszeit \ud83c\udfa8<\/title>\n<meta name=\"description\" content=\"Kreative Fotoideen f\u00fcr jede Jahreszeit \u2714\ufe0f Werke eindrucksvoll festhalten \ud83c\udfa8 Tipps f\u00fcr Motive, Fotoprojekte &amp; hochwertige Fotoprodukte\" \/>\n<link rel=\"canonical\" href=\"https:\/\/www.druckstdu.de\/magazin\/fotoideen-nach-jahreszeit\/\" \/>\n<meta property=\"og:locale\" content=\"de_DE\" \/>\n<meta property=\"og:type\" content=\"article\" \/>\n<meta property=\"og:title\" content=\"Die sch\u00f6nsten Fotoideen nach Jahreszeit \ud83c\udfa8\" \/>\n<meta property=\"og:description\" content=\"Kreative Fotoideen f\u00fcr jede Jahreszeit \u2714\ufe0f Werke eindrucksvoll festhalten \ud83c\udfa8 Tipps f\u00fcr Motive, Fotoprojekte &amp; hochwertige Fotoprodukte\" \/>\n<meta property=\"og:url\" content=\"https:\/\/www.druckstdu.de\/magazin\/fotoideen-nach-jahreszeit\/\" \/>\n<meta property=\"og:site_name\" content=\"Magazin | Druckstdu\" \/>\n<meta property=\"article:published_time\" content=\"2025-09-18T03:28:20+00:00\" \/>\n<meta property=\"article:modified_time\" content=\"2025-09-18T03:28:22+00:00\" \/>\n<meta property=\"og:image\" content=\"https:\/\/www.druckstdu.de\/magazin\/wp-content\/uploads\/2025\/09\/fotoideen-nach-jahreszeit-bunte-blaetter-haengen-an-einer-schnur.webp\" \/>\n\t<meta property=\"og:image:width\" content=\"1920\" \/>\n\t<meta property=\"og:image:height\" content=\"628\" \/>\n\t<meta property=\"og:image:type\" content=\"image\/webp\" \/>\n<meta name=\"author\" content=\"Julia\" \/>\n<meta name=\"twitter:card\" content=\"summary_large_image\" \/>\n<meta name=\"twitter:label1\" content=\"Verfasst von\" \/>\n\t<meta name=\"twitter:data1\" content=\"Julia\" \/>\n\t<meta name=\"twitter:label2\" content=\"Gesch\u00e4tzte Lesezeit\" \/>\n\t<meta name=\"twitter:data2\" content=\"8\u00a0Minuten\" \/>\n<script type=\"application\/ld+json\" class=\"yoast-schema-graph\">{\"@context\":\"https:\\\/\\\/schema.org\",\"@graph\":[{\"@type\":\"Article\",\"@id\":\"https:\\\/\\\/www.druckstdu.de\\\/magazin\\\/fotoideen-nach-jahreszeit\\\/#article\",\"isPartOf\":{\"@id\":\"https:\\\/\\\/www.druckstdu.de\\\/magazin\\\/fotoideen-nach-jahreszeit\\\/\"},\"author\":{\"name\":\"Julia\",\"@id\":\"https:\\\/\\\/www.druckstdu.de\\\/magazin\\\/#\\\/schema\\\/person\\\/21d94f7931f413d20158ecb9769efa5b\"},\"headline\":\"Die sch\u00f6nsten Fotoideen f\u00fcr Fr\u00fchling, Sommer, Herbst &amp; Winter\",\"datePublished\":\"2025-09-18T03:28:20+00:00\",\"dateModified\":\"2025-09-18T03:28:22+00:00\",\"mainEntityOfPage\":{\"@id\":\"https:\\\/\\\/www.druckstdu.de\\\/magazin\\\/fotoideen-nach-jahreszeit\\\/\"},\"wordCount\":1454,\"image\":{\"@id\":\"https:\\\/\\\/www.druckstdu.de\\\/magazin\\\/fotoideen-nach-jahreszeit\\\/#primaryimage\"},\"thumbnailUrl\":\"https:\\\/\\\/www.druckstdu.de\\\/magazin\\\/wp-content\\\/uploads\\\/2025\\\/09\\\/fotoideen-nach-jahreszeit-bunte-blaetter-haengen-an-einer-schnur.webp\",\"articleSection\":[\"DIY\"],\"inLanguage\":\"de\"},{\"@type\":\"WebPage\",\"@id\":\"https:\\\/\\\/www.druckstdu.de\\\/magazin\\\/fotoideen-nach-jahreszeit\\\/\",\"url\":\"https:\\\/\\\/www.druckstdu.de\\\/magazin\\\/fotoideen-nach-jahreszeit\\\/\",\"name\":\"Die sch\u00f6nsten Fotoideen nach Jahreszeit \ud83c\udfa8\",\"isPartOf\":{\"@id\":\"https:\\\/\\\/www.druckstdu.de\\\/magazin\\\/#website\"},\"primaryImageOfPage\":{\"@id\":\"https:\\\/\\\/www.druckstdu.de\\\/magazin\\\/fotoideen-nach-jahreszeit\\\/#primaryimage\"},\"image\":{\"@id\":\"https:\\\/\\\/www.druckstdu.de\\\/magazin\\\/fotoideen-nach-jahreszeit\\\/#primaryimage\"},\"thumbnailUrl\":\"https:\\\/\\\/www.druckstdu.de\\\/magazin\\\/wp-content\\\/uploads\\\/2025\\\/09\\\/fotoideen-nach-jahreszeit-bunte-blaetter-haengen-an-einer-schnur.webp\",\"datePublished\":\"2025-09-18T03:28:20+00:00\",\"dateModified\":\"2025-09-18T03:28:22+00:00\",\"author\":{\"@id\":\"https:\\\/\\\/www.druckstdu.de\\\/magazin\\\/#\\\/schema\\\/person\\\/21d94f7931f413d20158ecb9769efa5b\"},\"description\":\"Kreative Fotoideen f\u00fcr jede Jahreszeit \u2714\ufe0f Werke eindrucksvoll festhalten \ud83c\udfa8 Tipps f\u00fcr Motive, Fotoprojekte & hochwertige Fotoprodukte\",\"breadcrumb\":{\"@id\":\"https:\\\/\\\/www.druckstdu.de\\\/magazin\\\/fotoideen-nach-jahreszeit\\\/#breadcrumb\"},\"inLanguage\":\"de\",\"potentialAction\":[{\"@type\":\"ReadAction\",\"target\":[\"https:\\\/\\\/www.druckstdu.de\\\/magazin\\\/fotoideen-nach-jahreszeit\\\/\"]}]},{\"@type\":\"ImageObject\",\"inLanguage\":\"de\",\"@id\":\"https:\\\/\\\/www.druckstdu.de\\\/magazin\\\/fotoideen-nach-jahreszeit\\\/#primaryimage\",\"url\":\"https:\\\/\\\/www.druckstdu.de\\\/magazin\\\/wp-content\\\/uploads\\\/2025\\\/09\\\/fotoideen-nach-jahreszeit-bunte-blaetter-haengen-an-einer-schnur.webp\",\"contentUrl\":\"https:\\\/\\\/www.druckstdu.de\\\/magazin\\\/wp-content\\\/uploads\\\/2025\\\/09\\\/fotoideen-nach-jahreszeit-bunte-blaetter-haengen-an-einer-schnur.webp\",\"width\":1920,\"height\":628,\"caption\":\"@ StockSnap von pixabay\"},{\"@type\":\"BreadcrumbList\",\"@id\":\"https:\\\/\\\/www.druckstdu.de\\\/magazin\\\/fotoideen-nach-jahreszeit\\\/#breadcrumb\",\"itemListElement\":[{\"@type\":\"ListItem\",\"position\":1,\"name\":\"Startseite\",\"item\":\"https:\\\/\\\/www.druckstdu.de\\\/magazin\\\/\"},{\"@type\":\"ListItem\",\"position\":2,\"name\":\"Die sch\u00f6nsten Fotoideen f\u00fcr Fr\u00fchling, Sommer, Herbst &amp; Winter\"}]},{\"@type\":\"WebSite\",\"@id\":\"https:\\\/\\\/www.druckstdu.de\\\/magazin\\\/#website\",\"url\":\"https:\\\/\\\/www.druckstdu.de\\\/magazin\\\/\",\"name\":\"Magazin | Druckstdu\",\"description\":\"\",\"potentialAction\":[{\"@type\":\"SearchAction\",\"target\":{\"@type\":\"EntryPoint\",\"urlTemplate\":\"https:\\\/\\\/www.druckstdu.de\\\/magazin\\\/?s={search_term_string}\"},\"query-input\":{\"@type\":\"PropertyValueSpecification\",\"valueRequired\":true,\"valueName\":\"search_term_string\"}}],\"inLanguage\":\"de\"},{\"@type\":\"Person\",\"@id\":\"https:\\\/\\\/www.druckstdu.de\\\/magazin\\\/#\\\/schema\\\/person\\\/21d94f7931f413d20158ecb9769efa5b\",\"name\":\"Julia\",\"image\":{\"@type\":\"ImageObject\",\"inLanguage\":\"de\",\"@id\":\"https:\\\/\\\/secure.gravatar.com\\\/avatar\\\/f8d49d230387fe95329c8c2282dda447963627f07b20969a21414d5cb19c58dc?s=96&d=mm&r=g\",\"url\":\"https:\\\/\\\/secure.gravatar.com\\\/avatar\\\/f8d49d230387fe95329c8c2282dda447963627f07b20969a21414d5cb19c58dc?s=96&d=mm&r=g\",\"contentUrl\":\"https:\\\/\\\/secure.gravatar.com\\\/avatar\\\/f8d49d230387fe95329c8c2282dda447963627f07b20969a21414d5cb19c58dc?s=96&d=mm&r=g\",\"caption\":\"Julia\"},\"url\":\"https:\\\/\\\/www.druckstdu.de\\\/magazin\\\/author\\\/julia\\\/\"}]}<\/script>\n<!-- \/ Yoast SEO plugin. -->","yoast_head_json":{"title":"Die sch\u00f6nsten Fotoideen nach Jahreszeit \ud83c\udfa8","description":"Kreative Fotoideen f\u00fcr jede Jahreszeit \u2714\ufe0f Werke eindrucksvoll festhalten \ud83c\udfa8 Tipps f\u00fcr Motive, Fotoprojekte & hochwertige Fotoprodukte","canonical":"https:\/\/www.druckstdu.de\/magazin\/fotoideen-nach-jahreszeit\/","og_locale":"de_DE","og_type":"article","og_title":"Die sch\u00f6nsten Fotoideen nach Jahreszeit \ud83c\udfa8","og_description":"Kreative Fotoideen f\u00fcr jede Jahreszeit \u2714\ufe0f Werke eindrucksvoll festhalten \ud83c\udfa8 Tipps f\u00fcr Motive, Fotoprojekte & hochwertige Fotoprodukte","og_url":"https:\/\/www.druckstdu.de\/magazin\/fotoideen-nach-jahreszeit\/","og_site_name":"Magazin | Druckstdu","article_published_time":"2025-09-18T03:28:20+00:00","article_modified_time":"2025-09-18T03:28:22+00:00","og_image":[{"width":1920,"height":628,"url":"https:\/\/www.druckstdu.de\/magazin\/wp-content\/uploads\/2025\/09\/fotoideen-nach-jahreszeit-bunte-blaetter-haengen-an-einer-schnur.webp","type":"image\/webp"}],"author":"Julia","twitter_card":"summary_large_image","twitter_misc":{"Verfasst von":"Julia","Gesch\u00e4tzte Lesezeit":"8\u00a0Minuten"},"schema":{"@context":"https:\/\/schema.org","@graph":[{"@type":"Article","@id":"https:\/\/www.druckstdu.de\/magazin\/fotoideen-nach-jahreszeit\/#article","isPartOf":{"@id":"https:\/\/www.druckstdu.de\/magazin\/fotoideen-nach-jahreszeit\/"},"author":{"name":"Julia","@id":"https:\/\/www.druckstdu.de\/magazin\/#\/schema\/person\/21d94f7931f413d20158ecb9769efa5b"},"headline":"Die sch\u00f6nsten Fotoideen f\u00fcr Fr\u00fchling, Sommer, Herbst &amp; Winter","datePublished":"2025-09-18T03:28:20+00:00","dateModified":"2025-09-18T03:28:22+00:00","mainEntityOfPage":{"@id":"https:\/\/www.druckstdu.de\/magazin\/fotoideen-nach-jahreszeit\/"},"wordCount":1454,"image":{"@id":"https:\/\/www.druckstdu.de\/magazin\/fotoideen-nach-jahreszeit\/#primaryimage"},"thumbnailUrl":"https:\/\/www.druckstdu.de\/magazin\/wp-content\/uploads\/2025\/09\/fotoideen-nach-jahreszeit-bunte-blaetter-haengen-an-einer-schnur.webp","articleSection":["DIY"],"inLanguage":"de"},{"@type":"WebPage","@id":"https:\/\/www.druckstdu.de\/magazin\/fotoideen-nach-jahreszeit\/","url":"https:\/\/www.druckstdu.de\/magazin\/fotoideen-nach-jahreszeit\/","name":"Die sch\u00f6nsten Fotoideen nach Jahreszeit \ud83c\udfa8","isPartOf":{"@id":"https:\/\/www.druckstdu.de\/magazin\/#website"},"primaryImageOfPage":{"@id":"https:\/\/www.druckstdu.de\/magazin\/fotoideen-nach-jahreszeit\/#primaryimage"},"image":{"@id":"https:\/\/www.druckstdu.de\/magazin\/fotoideen-nach-jahreszeit\/#primaryimage"},"thumbnailUrl":"https:\/\/www.druckstdu.de\/magazin\/wp-content\/uploads\/2025\/09\/fotoideen-nach-jahreszeit-bunte-blaetter-haengen-an-einer-schnur.webp","datePublished":"2025-09-18T03:28:20+00:00","dateModified":"2025-09-18T03:28:22+00:00","author":{"@id":"https:\/\/www.druckstdu.de\/magazin\/#\/schema\/person\/21d94f7931f413d20158ecb9769efa5b"},"description":"Kreative Fotoideen f\u00fcr jede Jahreszeit \u2714\ufe0f Werke eindrucksvoll festhalten \ud83c\udfa8 Tipps f\u00fcr Motive, Fotoprojekte & hochwertige Fotoprodukte","breadcrumb":{"@id":"https:\/\/www.druckstdu.de\/magazin\/fotoideen-nach-jahreszeit\/#breadcrumb"},"inLanguage":"de","potentialAction":[{"@type":"ReadAction","target":["https:\/\/www.druckstdu.de\/magazin\/fotoideen-nach-jahreszeit\/"]}]},{"@type":"ImageObject","inLanguage":"de","@id":"https:\/\/www.druckstdu.de\/magazin\/fotoideen-nach-jahreszeit\/#primaryimage","url":"https:\/\/www.druckstdu.de\/magazin\/wp-content\/uploads\/2025\/09\/fotoideen-nach-jahreszeit-bunte-blaetter-haengen-an-einer-schnur.webp","contentUrl":"https:\/\/www.druckstdu.de\/magazin\/wp-content\/uploads\/2025\/09\/fotoideen-nach-jahreszeit-bunte-blaetter-haengen-an-einer-schnur.webp","width":1920,"height":628,"caption":"@ StockSnap von pixabay"},{"@type":"BreadcrumbList","@id":"https:\/\/www.druckstdu.de\/magazin\/fotoideen-nach-jahreszeit\/#breadcrumb","itemListElement":[{"@type":"ListItem","position":1,"name":"Startseite","item":"https:\/\/www.druckstdu.de\/magazin\/"},{"@type":"ListItem","position":2,"name":"Die sch\u00f6nsten Fotoideen f\u00fcr Fr\u00fchling, Sommer, Herbst &amp; Winter"}]},{"@type":"WebSite","@id":"https:\/\/www.druckstdu.de\/magazin\/#website","url":"https:\/\/www.druckstdu.de\/magazin\/","name":"Magazin | Druckstdu","description":"","potentialAction":[{"@type":"SearchAction","target":{"@type":"EntryPoint","urlTemplate":"https:\/\/www.druckstdu.de\/magazin\/?s={search_term_string}"},"query-input":{"@type":"PropertyValueSpecification","valueRequired":true,"valueName":"search_term_string"}}],"inLanguage":"de"},{"@type":"Person","@id":"https:\/\/www.druckstdu.de\/magazin\/#\/schema\/person\/21d94f7931f413d20158ecb9769efa5b","name":"Julia","image":{"@type":"ImageObject","inLanguage":"de","@id":"https:\/\/secure.gravatar.com\/avatar\/f8d49d230387fe95329c8c2282dda447963627f07b20969a21414d5cb19c58dc?s=96&d=mm&r=g","url":"https:\/\/secure.gravatar.com\/avatar\/f8d49d230387fe95329c8c2282dda447963627f07b20969a21414d5cb19c58dc?s=96&d=mm&r=g","contentUrl":"https:\/\/secure.gravatar.com\/avatar\/f8d49d230387fe95329c8c2282dda447963627f07b20969a21414d5cb19c58dc?s=96&d=mm&r=g","caption":"Julia"},"url":"https:\/\/www.druckstdu.de\/magazin\/author\/julia\/"}]}},"wp-worthy-pixel":{"ignored":false,"public":null,"server":null,"url":null},"wp-worthy-type":"normal","_links":{"self":[{"href":"https:\/\/www.druckstdu.de\/magazin\/wp-json\/wp\/v2\/posts\/234","targetHints":{"allow":["GET"]}}],"collection":[{"href":"https:\/\/www.druckstdu.de\/magazin\/wp-json\/wp\/v2\/posts"}],"about":[{"href":"https:\/\/www.druckstdu.de\/magazin\/wp-json\/wp\/v2\/types\/post"}],"author":[{"embeddable":true,"href":"https:\/\/www.druckstdu.de\/magazin\/wp-json\/wp\/v2\/users\/3"}],"replies":[{"embeddable":true,"href":"https:\/\/www.druckstdu.de\/magazin\/wp-json\/wp\/v2\/comments?post=234"}],"version-history":[{"count":1,"href":"https:\/\/www.druckstdu.de\/magazin\/wp-json\/wp\/v2\/posts\/234\/revisions"}],"predecessor-version":[{"id":236,"href":"https:\/\/www.druckstdu.de\/magazin\/wp-json\/wp\/v2\/posts\/234\/revisions\/236"}],"wp:featuredmedia":[{"embeddable":true,"href":"https:\/\/www.druckstdu.de\/magazin\/wp-json\/wp\/v2\/media\/235"}],"wp:attachment":[{"href":"https:\/\/www.druckstdu.de\/magazin\/wp-json\/wp\/v2\/media?parent=234"}],"wp:term":[{"taxonomy":"category","embeddable":true,"href":"https:\/\/www.druckstdu.de\/magazin\/wp-json\/wp\/v2\/categories?post=234"},{"taxonomy":"post_tag","embeddable":true,"href":"https:\/\/www.druckstdu.de\/magazin\/wp-json\/wp\/v2\/tags?post=234"}],"curies":[{"name":"wp","href":"https:\/\/api.w.org\/{rel}","templated":true}]}}