{"id":237,"date":"2025-09-18T03:38:57","date_gmt":"2025-09-18T03:38:57","guid":{"rendered":"https:\/\/www.druckstdu.de\/magazin\/?p=237"},"modified":"2025-09-19T03:19:54","modified_gmt":"2025-09-19T03:19:54","slug":"meilensteine-dokumentieren-fotogeschenke","status":"publish","type":"post","link":"https:\/\/www.druckstdu.de\/magazin\/meilensteine-dokumentieren-fotogeschenke\/","title":{"rendered":"Pers\u00f6nliche Meilensteine kreativ dokumentieren \u2013 von Schulstart bis Rente"},"content":{"rendered":"\n<p>Jeder Mensch erlebt im Laufe seines Lebens unz\u00e4hlige besondere Momente, kleine Alltagsfreuden ebenso wie bedeutende Lebensereignisse. Manche dieser Augenblicke verblassen schnell, wenn sie nicht bewusst festgehalten werden. Genau hier setzt die Idee an, pers\u00f6nliche Meilensteine kreativ zu dokumentieren: durch Fotos, Texte und individuell gestaltete Fotoprodukte. Ob es der erste Schultag, der Umzug in die erste eigene Wohnung, die Hochzeit, die Geburt eines Kindes oder der wohlverdiente Ruhestand ist \u2013 jedes Ereignis bietet eine Gelegenheit, Erinnerungen nicht nur digital, sondern in hochwertiger, greifbarer Form zu bewahren.<\/p>\n\n\n\n<p>Fotografie ist dabei weit mehr als nur ein Hobby. Sie erlaubt es, Emotionen einzufangen, Details zu bewahren und Momente f\u00fcr die Zukunft zu konservieren. Mit druckstdu lassen sich diese Erinnerungen in Fotob\u00fcchern, Kalendern, Wandbildern oder personalisierten Geschenkartikeln professionell gestalten und hochwertig drucken. So wird aus jeder Sammlung digitaler Bilder ein pers\u00f6nliches Archiv, das \u00fcber Jahre hinweg Freude bereitet.<\/p>\n\n\n\n<h2 class=\"wp-block-heading\">Von kleinen Alltagsmomenten zu gro\u00dfen Lebensereignissen<\/h2>\n\n\n\n<p>Nicht jede Erinnerung muss ein spektakul\u00e4res Ereignis sein. Oft sind es die kleinen, scheinbar unbedeutenden Augenblicke, die einen besonderen Wert haben, wenn man sie sp\u00e4ter noch einmal betrachtet. Ein unerwartetes L\u00e4cheln, das Lieblingsessen des Kindes, ein Sonnenuntergang beim Spaziergang \u2013 all diese Details erz\u00e4hlen Geschichten, die sich hervorragend in einem kreativen Fotoprojekt festhalten lassen.<\/p>\n\n\n\n<p>Ferner gibt es klare Lebensabschnitte, die sich als Meilensteine besonders gut f\u00fcr eine Dokumentation eignen. Dabei kann man die Momente nach Alter, Thema oder Bedeutung gruppieren, um einen strukturierten \u00dcberblick \u00fcber das Leben zu schaffen. Beispiele hierf\u00fcr sind:<\/p>\n\n\n\n<p><strong>Fr\u00fche Kindheit und Schulzeit<\/strong><\/p>\n\n\n\n<ul class=\"wp-block-list\">\n<li>Erste Schritte und Worte<\/li>\n\n\n\n<li>Einschulung und besondere schulische Erfolge<\/li>\n\n\n\n<li>Kindergeburtstage und Ferienerlebnisse<\/li>\n<\/ul>\n\n\n\n<p><strong>Jugend und Ausbildung<\/strong><\/p>\n\n\n\n<ul class=\"wp-block-list\">\n<li>Hobbys, Sportveranstaltungen und kulturelle Aktivit\u00e4ten<\/li>\n\n\n\n<li>Schulabschluss, Studienbeginn oder Ausbildung<\/li>\n\n\n\n<li>Freundschaften, Reisen und erste Erfolge au\u00dferhalb der Schule<\/li>\n<\/ul>\n\n\n\n<p><strong>Berufliche Meilensteine<\/strong><\/p>\n\n\n\n<ul class=\"wp-block-list\">\n<li>Einstieg ins Berufsleben<\/li>\n\n\n\n<li>Projekte, Bef\u00f6rderungen und besondere berufliche Erfolge<\/li>\n\n\n\n<li>Ver\u00e4nderungen wie Umz\u00fcge oder Jobwechsel<\/li>\n<\/ul>\n\n\n\n<p><strong>Familie und Beziehungen<\/strong><\/p>\n\n\n\n<ul class=\"wp-block-list\">\n<li>Partnerschaft, Hochzeit oder Familiengr\u00fcndung<\/li>\n\n\n\n<li>Geburtstage, Jubil\u00e4en und gemeinsame Reisen<\/li>\n\n\n\n<li>Alltag und besondere gemeinsame Erlebnisse<\/li>\n<\/ul>\n\n\n\n<p>Jeder dieser Bereiche kann mit Fotos, kleinen Notizen oder Anekdoten angereichert werden. So entstehen lebendige Erinnerungen, die nicht nur visuell ansprechend, sondern auch emotional wertvoll sind.<\/p>\n\n\n\n<h2 class=\"wp-block-heading\">Kreative M\u00f6glichkeiten f\u00fcr die Umsetzung<\/h2>\n\n\n\n<p>Die Dokumentation besonderer Momente muss nicht nur traditionell in einem Fotobuch erfolgen. Kreative Varianten machen die Sammlung noch einzigartiger und bringen individuelle Pers\u00f6nlichkeiten zum Ausdruck. Einige Ideen f\u00fcr die Umsetzung:<\/p>\n\n\n\n<ul class=\"wp-block-list\">\n<li><strong>Thematische Fotob\u00fccher:<\/strong> Jedes Kapitel widmet sich einem Lebensabschnitt oder einem besonderen Ereignis.<\/li>\n\n\n\n<li><strong>Kalender mit Erinnerungen:<\/strong> Ein Jahreskalender kann mit pers\u00f6nlichen Bildern, Zitaten oder kurzen Geschichten gef\u00fcllt werden, sodass jeder Monat eine neue Geschichte erz\u00e4hlt.<\/li>\n\n\n\n<li><strong>Wandcollagen:<\/strong> Besonders emotionale Momente lassen sich als gerahmte Collage pr\u00e4sentieren, die den Wohnraum versch\u00f6nert.<\/li>\n\n\n\n<li><strong>Digitale Fotoprojekte:<\/strong> Erg\u00e4nzend zu physischen Produkten k\u00f6nnen Online-Sammlungen erstellt werden, die \u00fcber QR-Codes oder Links jederzeit abrufbar sind.<\/li>\n<\/ul>\n\n\n\n<p>\u00dcberdies l\u00e4sst sich die \u00c4sthetik gezielt anpassen. Farbpaletten, Layouts und Bildgr\u00f6\u00dfen k\u00f6nnen variiert werden, um das Fotoprojekt zu einem echten Unikat zu machen. Durch die Flexibilit\u00e4t von druckstdu k\u00f6nnen alle Ideen direkt in hochwertige Produkte umgesetzt werden, die nicht nur sch\u00f6n aussehen, sondern auch langlebig sind.<\/p>\n\n\n\n<h2 class=\"wp-block-heading\">Fotoprojekte als Familien- und Gemeinschaftsprojekt<\/h2>\n\n\n\n<p>Besondere Momente lassen sich auch hervorragend gemeinsam dokumentieren. Familien, Freunde oder Kollegen k\u00f6nnen aktiv eingebunden werden, indem jeder Beitr\u00e4ge liefert \u2013 sei es durch Fotos, Geschichten oder pers\u00f6nliche Notizen. So entsteht nicht nur ein Archiv besonderer Momente, sondern auch ein kreativer Prozess, der verbindet.<\/p>\n\n\n\n<p>Beispiele f\u00fcr gemeinschaftliche Projekte:<\/p>\n\n\n\n<ul class=\"wp-block-list\">\n<li>Ein Geburtstagsfotobuch, in dem jeder Gast ein eigenes Foto oder eine Nachricht beisteuert.<\/li>\n\n\n\n<li>Ein Familienkalender, der die Lieblingsmomente des ganzen Jahres dokumentiert.<\/li>\n\n\n\n<li>Ein Jubil\u00e4umsprojekt bei der Arbeit, das die H\u00f6hepunkte des Teams zusammenfasst.<\/li>\n<\/ul>\n\n\n\n<p>Die gemeinsame Gestaltung st\u00e4rkt nicht nur die Bindungen, sondern macht die Erinnerungen auch vielf\u00e4ltiger und lebendiger. Jedes Foto erz\u00e4hlt aus einer anderen Perspektive, sodass die Sammlung am Ende ein facettenreiches Bild des Lebens vermittelt.<\/p>\n\n\n\n<h2 class=\"wp-block-heading\">Erwachsene Lebensphasen und pers\u00f6nliche Weiterentwicklung<\/h2>\n\n\n\n<p>Nach Jugend, Ausbildung und Familiengr\u00fcndung treten die meisten Menschen in eine Lebensphase ein, in der berufliche Stabilit\u00e4t, pers\u00f6nliche Weiterentwicklung und tiefere Beziehungen zunehmend in den Vordergrund r\u00fccken. Auch diese Momente verdienen es, kreativ dokumentiert zu werden. Besonders wichtig ist hier, sowohl berufliche als auch private H\u00f6hepunkte zu erfassen, um sp\u00e4ter ein vollst\u00e4ndiges Bild des Lebens zu haben.<\/p>\n\n\n\n<p>Beispiele f\u00fcr Meilensteine in dieser Lebensphase:<\/p>\n\n\n\n<ul class=\"wp-block-list\">\n<li>Meilensteine im Beruf wie Bef\u00f6rderungen, Projekte oder berufliche Auszeichnungen<\/li>\n\n\n\n<li>Pers\u00f6nliche Weiterentwicklung, z.\u202fB. durch Weiterbildung, neue Hobbys oder sportliche Erfolge<\/li>\n\n\n\n<li>Gemeinsame Reisen, kulturelle Erlebnisse und besondere Veranstaltungen<\/li>\n\n\n\n<li><a href=\"https:\/\/www.druckstdu.de\/magazin\/fotografie-als-familienritual-gemeinsame-erinnerungen-bewusst-gestalten\/\">Familienmomente<\/a>, wie Einschulungen der eigenen Kinder, wichtige Geburtstage oder Jubil\u00e4en<\/li>\n<\/ul>\n\n\n\n<p>Die Kombination aus Text und Bild sorgt daf\u00fcr, dass diese Lebensabschnitte nicht nur visuell dokumentiert werden, sondern auch die Geschichten dahinter lebendig bleiben. Ein kleiner, handschriftlicher Kommentar zu jedem Foto kann die Erinnerung an den Moment vertiefen, da er Emotionen und pers\u00f6nliche Gedanken transportiert, die allein durch das Bild nicht sichtbar w\u00e4ren.<\/p>\n\n\n\n<h2 class=\"wp-block-heading\">Seniorenjahre und der wohlverdiente Ruhestand<\/h2>\n\n\n\n<p>Auch die sp\u00e4ten Lebensjahre bieten zahlreiche besondere Momente, die es wert sind, festgehalten zu werden. Der \u00dcbergang in den Ruhestand, das Feiern von Enkelkindern, Reisen oder das Wiederaufleben alter Hobbys \u2013 all dies sind Erinnerungen, die sowohl f\u00fcr die Person selbst als auch f\u00fcr die Familie von hohem Wert sind.<\/p>\n\n\n\n<p>Besondere Ideen f\u00fcr diese Lebensphase:<\/p>\n\n\n\n<ul class=\"wp-block-list\">\n<li>Ein Fotobuch \u00fcber den letzten Arbeitstag und die \u00dcbergabe von Projekten oder Verantwortlichkeiten<\/li>\n\n\n\n<li>Reiseerinnerungen oder neue Hobbys, die nach der Pensionierung aufgenommen wurden<\/li>\n\n\n\n<li>Familienereignisse wie Hochzeiten der Kinder oder Geburt der Enkelkinder<\/li>\n\n\n\n<li>Alltagsszenen, die Freude bereiten und besondere Gewohnheiten dokumentieren<\/li>\n<\/ul>\n\n\n\n<p>Durch druckstdu lassen sich diese Erinnerungen in hochwertigen Fotoprodukten festhalten, die langlebig und \u00e4sthetisch sind. Wandbilder, Fotob\u00fccher oder Kalender sorgen daf\u00fcr, dass die Erinnerungen jederzeit sichtbar sind und nicht in der digitalen Unordnung verschwinden.<\/p>\n\n\n\n<h2 class=\"wp-block-heading\">Kreative Kombination von Fotos, Texten und Anekdoten<\/h2>\n\n\n\n<p>Ein besonders intensiver Ansatz beim Festhalten von Meilensteinen ist die Verbindung von Fotos mit pers\u00f6nlichen Texten. Diese Mischung aus Bild und Geschichte macht jedes Projekt einzigartig und emotional wertvoll. Hierbei k\u00f6nnen kleine Anekdoten, Zitate oder kurze Tagebucheintr\u00e4ge zu jedem Bild erg\u00e4nzt werden.<\/p>\n\n\n\n<p>Beispiele f\u00fcr die Umsetzung:<\/p>\n\n\n\n<figure class=\"wp-block-table\"><table class=\"has-fixed-layout\"><thead><tr><th>Lebensabschnitt<\/th><th>Fotoidee<\/th><th>Textidee<\/th><\/tr><\/thead><tbody><tr><td>Schulzeit<\/td><td>Erstes Schultor, Schulranzen<\/td><td>\u201eDer Anfang vieler Abenteuer\u201c<\/td><\/tr><tr><td>Jugend<\/td><td>Sportevent, Musikfestival<\/td><td>\u201eFreunde, Lachen, Freiheit\u201c<\/td><\/tr><tr><td>Beruf<\/td><td>Projektabschluss, Teamfoto<\/td><td>\u201eJeder Meilenstein z\u00e4hlt\u201c<\/td><\/tr><tr><td>Familie<\/td><td>Geburtstagsfeier, Familienausflug<\/td><td>\u201eZusammen sind wir stark\u201c<\/td><\/tr><tr><td>Seniorenjahre<\/td><td>Reisebilder, Hobbys<\/td><td>\u201eDie sch\u00f6nsten Jahre genie\u00dfen\u201c<\/td><\/tr><\/tbody><\/table><\/figure>\n\n\n\n<p>Diese Tabelle kann als Inspiration dienen, wie Fotos und Texte strukturiert werden k\u00f6nnen. Das Ergebnis ist ein personalisiertes Fotoprojekt, das weit \u00fcber reine Bilder hinausgeht und die Lebensgeschichte auf emotionale Weise erz\u00e4hlt.<\/p>\n\n\n\n<h2 class=\"wp-block-heading\">Fotoprojekte als nachhaltiges Geschenk<\/h2>\n\n\n\n<p>Fotoprojekte sind nicht nur f\u00fcr die eigene Sammlung wertvoll, sondern eignen sich auch hervorragend als Geschenk. Geburtstage, Jubil\u00e4en oder Feiertage werden durch ein personalisiertes Fotobuch, einen Kalender oder ein Wandbild besonders emotional und bedeutungsvoll. Bei druckstdu k\u00f6nnen diese Projekte professionell umgesetzt werden, sodass jedes Geschenk hochwertig und langlebig ist.<\/p>\n\n\n\n<p>Beispiele f\u00fcr kreative Geschenke:<\/p>\n\n\n\n<ul class=\"wp-block-list\">\n<li>Ein <a href=\"https:\/\/www.druckstdu.de\/fotobuecher\/\">Fotobuch<\/a> zur Hochzeit mit allen besonderen Momenten der Beziehung<\/li>\n\n\n\n<li>Ein <a href=\"https:\/\/www.druckstdu.de\/fotokalender\/\">Jahreskalender<\/a> f\u00fcr die Gro\u00dfeltern mit den sch\u00f6nsten Fotos der Enkelkinder<\/li>\n\n\n\n<li>Ein <a href=\"https:\/\/www.druckstdu.de\/wandbilder\/\">Wandbild<\/a> f\u00fcr das B\u00fcro oder Wohnzimmer, das die wichtigsten Meilensteine des Lebens zeigt<\/li>\n<\/ul>\n\n\n\n<p>Durch die Kombination von hochwertigem Druck, personalisierten Texten und kreativen Layouts wird das Geschenk einzigartig und bleibt \u00fcber Jahre hinweg eine emotionale Erinnerung.<\/p>\n\n\n\n<h2 class=\"wp-block-heading\">Praktische Tipps f\u00fcr ein gelungenes Projekt<\/h2>\n\n\n\n<p>Damit das Dokumentieren von Meilensteinen gelingt, lohnt es sich, strukturiert vorzugehen:<\/p>\n\n\n\n<ul class=\"wp-block-list\">\n<li>Beginne fr\u00fchzeitig, um auch kleine Alltagsmomente einzufangen<\/li>\n\n\n\n<li>Nutze unterschiedliche Perspektiven und Formate, um Vielfalt in den Bildern zu schaffen<\/li>\n\n\n\n<li>Erg\u00e4nze Fotos mit kurzen Texten, Notizen oder Zitaten, um die Geschichten hinter den Bildern zu bewahren<\/li>\n\n\n\n<li>Plane die Gestaltung des Fotoprodukts vorab, um ein stimmiges Layout zu gew\u00e4hrleisten<\/li>\n\n\n\n<li>Integriere verschiedene Medien wie Collagen, digitale Scans oder selbst gestaltete Illustrationen<\/li>\n<\/ul>\n\n\n\n<p>Diese Herangehensweise stellt sicher, dass das Fotoprojekt nicht nur sch\u00f6n aussieht, sondern auch inhaltlich und emotional \u00fcberzeugt.<\/p>\n\n\n\n<h2 class=\"wp-block-heading\">Das Fazit: Erinnerungen f\u00fcr die Ewigkeit schaffen<\/h2>\n\n\n\n<p>Besondere Momente bewusst zu dokumentieren, ist eine Investition in die Zukunft. Egal ob Schulstart, Hochzeit, berufliche Erfolge oder der wohlverdiente Ruhestand \u2013 jedes Ereignis erz\u00e4hlt eine Geschichte, die es wert ist, festgehalten zu werden. Durch die Kombination aus hochwertigen Fotos, pers\u00f6nlichen Texten und professioneller Gestaltung entstehen individuelle Fotoprojekte, die weit \u00fcber digitale Bilder hinausgehen.<\/p>\n\n\n\n<p>Mit druckstdu lassen sich diese Erinnerungen in langlebigen und \u00e4sthetischen Produkten umsetzen, sei es ein Fotobuch, ein Kalender oder ein Wandbild. So wird aus einer Sammlung besonderer Momente ein greifbares, emotional wertvolles Archiv, das nicht nur die eigene Geschichte erz\u00e4hlt, sondern auch als Geschenk f\u00fcr Familie und Freunde einen hohen Stellenwert hat.<\/p>\n\n\n\n<p>Jedes Foto, jeder Text und jedes Layout tr\u00e4gt dazu bei, die wertvollen Meilensteine des Lebens sichtbar zu machen und sie f\u00fcr zuk\u00fcnftige Generationen zu bewahren.<\/p>\n\n\n\n<p>\ud83d\udc49 Pers\u00f6nliche Erinnerungen werden so zu einer kreativen, emotionalen und hochwertigen Sammlung \u2013 mit <a href=\"https:\/\/www.druckstdu.de\/\">druckstdu<\/a> wird jeder besondere Moment professionell und nachhaltig festgehalten.<\/p>\n\n\n\n<h2 class=\"wp-block-heading\">FAQ &#8211; H\u00e4ufig gestellte Fragen zum Thema pers\u00f6nliche Meilensteine dokumentieren<\/h2>\n\n\n\n<h3 class=\"wp-block-heading\">Wie kann ich meine pers\u00f6nlichen Meilensteine am besten dokumentieren?<\/h3>\n\n\n\n<p>Am effektivsten ist es, Fotos mit kurzen Texten oder Notizen zu kombinieren. So lassen sich sowohl visuelle Eindr\u00fccke als auch emotionale Erinnerungen festhalten. Fotob\u00fccher, Kalender oder Wandbilder bieten eine strukturierte und kreative M\u00f6glichkeit, wichtige Lebensereignisse dauerhaft zu bewahren.<\/p>\n\n\n\n<h3 class=\"wp-block-heading\">Welche Lebensmomente eignen sich besonders f\u00fcr eine Dokumentation?<\/h3>\n\n\n\n<p>Nahezu jeder Lebensabschnitt kann dokumentiert werden. Schulanfang, erste berufliche Erfolge, Hochzeiten, Geburtstage, Reisen oder der Eintritt in den Ruhestand sind nur einige Beispiele. Auch kleine Alltagsmomente, die pers\u00f6nliche Bedeutung haben, tragen dazu bei, ein vollst\u00e4ndiges Bild des Lebens zu schaffen.<\/p>\n\n\n\n<h3 class=\"wp-block-heading\">Welche Produkte bei druckstdu eignen sich f\u00fcr das Festhalten besonderer Momente?<\/h3>\n\n\n\n<p>Bei druckstdu lassen sich Erinnerungen in Fotob\u00fcchern, Wandbildern, Kalendern oder Postern hochwertig umsetzen. Jedes Produkt \u00fcberzeugt durch langlebigen Druck und hochwertige Materialien, sodass die pers\u00f6nlichen Momente professionell pr\u00e4sentiert und langfristig bewahrt werden.<\/p>\n\n\n\n<h3 class=\"wp-block-heading\">Wie kann ich meine Fotoprojekte kreativ gestalten?<\/h3>\n\n\n\n<p>Kreativit\u00e4t l\u00e4sst sich durch die Kombination verschiedener Layouts, Bildgr\u00f6\u00dfen und Textarten erreichen. Pers\u00f6nliche Anekdoten, Zitate oder kleine Geschichten zu jedem Foto machen das Projekt einzigartig. Au\u00dferdem kann man Collagen oder thematische Kapitel erstellen, um die Erinnerungen noch lebendiger zu pr\u00e4sentieren.<\/p>\n\n\n\n<h3 class=\"wp-block-heading\">Wie bewahre ich meine Erinnerungen langfristig auf?<\/h3>\n\n\n\n<p>Neben hochwertigen Druckprodukten ist es sinnvoll, die digitalen Originale zus\u00e4tzlich zu sichern. Cloud-Speicher oder externe Festplatten sorgen daf\u00fcr, dass Bilder und Texte auch bei sp\u00e4teren Projekten weiterhin zug\u00e4nglich sind. So bleiben die Erinnerungen auch f\u00fcr zuk\u00fcnftige Generationen erhalten.<\/p>\n\n\n\n<h3 class=\"wp-block-heading\">Kann ich ein Fotoprojekt auch verschenken?<\/h3>\n\n\n\n<p>Ja, personalisierte Fotoprodukte eignen sich hervorragend als Geschenk f\u00fcr Familie, Freunde oder Kollegen. Ein Fotobuch zu einem Jubil\u00e4um, ein Kalender mit pers\u00f6nlichen Bildern oder ein Wandbild mit gemeinsamen Erinnerungen vermitteln Emotionen und werden zu einem bedeutungsvollen, individuellen Pr\u00e4sent.<\/p>\n<a class=\"simplefavorite-button\" data-postid=\"237\" data-siteid=\"1\" data-groupid=\"1\" data-favoritecount=\"0\" style=\"\"><img decoding=\"async\" src=\"\/magazin\/wp-content\/uploads\/2025\/07\/heart.svg\">Speichern f\u00fcr sp\u00e4ter<\/a>","protected":false},"excerpt":{"rendered":"<p>Jeder Mensch erlebt im Laufe seines Lebens unz\u00e4hlige besondere Momente, kleine Alltagsfreuden ebenso wie bedeutende Lebensereignisse. Manche dieser Augenblicke verblassen&#8230;<\/p>\n","protected":false},"author":3,"featured_media":238,"comment_status":"closed","ping_status":"closed","sticky":false,"template":"","format":"standard","meta":{"_acf_changed":false,"inline_featured_image":false,"footnotes":""},"categories":[6],"tags":[],"class_list":["post-237","post","type-post","status-publish","format-standard","has-post-thumbnail","hentry","category-geschenke"],"acf":[],"yoast_head":"<!-- This site is optimized with the Yoast SEO plugin v27.5 - https:\/\/yoast.com\/product\/yoast-seo-wordpress\/ -->\n<title>Pers\u00f6nliche Meilensteine dokumentieren &amp; festhalten<\/title>\n<meta name=\"description\" content=\"Die wichtigsten Lebensmomente von Schulstart bis Rente kreativ festhalten \ud83d\udcf7Unvergessliche Fotogeschenke online gestalten \u27a1\ufe0f\" \/>\n<link rel=\"canonical\" href=\"https:\/\/www.druckstdu.de\/magazin\/meilensteine-dokumentieren-fotogeschenke\/\" \/>\n<meta property=\"og:locale\" content=\"de_DE\" \/>\n<meta property=\"og:type\" content=\"article\" \/>\n<meta property=\"og:title\" content=\"Pers\u00f6nliche Meilensteine dokumentieren &amp; festhalten\" \/>\n<meta property=\"og:description\" content=\"Die wichtigsten Lebensmomente von Schulstart bis Rente kreativ festhalten \ud83d\udcf7Unvergessliche Fotogeschenke online gestalten \u27a1\ufe0f\" \/>\n<meta property=\"og:url\" content=\"https:\/\/www.druckstdu.de\/magazin\/meilensteine-dokumentieren-fotogeschenke\/\" \/>\n<meta property=\"og:site_name\" content=\"Magazin | Druckstdu\" \/>\n<meta property=\"article:published_time\" content=\"2025-09-18T03:38:57+00:00\" \/>\n<meta property=\"article:modified_time\" content=\"2025-09-19T03:19:54+00:00\" \/>\n<meta property=\"og:image\" content=\"https:\/\/www.druckstdu.de\/magazin\/wp-content\/uploads\/2025\/09\/meilensteine-maedchen-mit-rucksack-und-buechern-bei-der-einschulung-zeigt-daumen-hoch.webp\" \/>\n\t<meta property=\"og:image:width\" content=\"1920\" \/>\n\t<meta property=\"og:image:height\" content=\"628\" \/>\n\t<meta property=\"og:image:type\" content=\"image\/webp\" \/>\n<meta name=\"author\" content=\"Julia\" \/>\n<meta name=\"twitter:card\" content=\"summary_large_image\" \/>\n<meta name=\"twitter:label1\" content=\"Verfasst von\" \/>\n\t<meta name=\"twitter:data1\" content=\"Julia\" \/>\n\t<meta name=\"twitter:label2\" content=\"Gesch\u00e4tzte Lesezeit\" \/>\n\t<meta name=\"twitter:data2\" content=\"10\u00a0Minuten\" \/>\n<script type=\"application\/ld+json\" class=\"yoast-schema-graph\">{\"@context\":\"https:\\\/\\\/schema.org\",\"@graph\":[{\"@type\":\"Article\",\"@id\":\"https:\\\/\\\/www.druckstdu.de\\\/magazin\\\/meilensteine-dokumentieren-fotogeschenke\\\/#article\",\"isPartOf\":{\"@id\":\"https:\\\/\\\/www.druckstdu.de\\\/magazin\\\/meilensteine-dokumentieren-fotogeschenke\\\/\"},\"author\":{\"name\":\"Julia\",\"@id\":\"https:\\\/\\\/www.druckstdu.de\\\/magazin\\\/#\\\/schema\\\/person\\\/21d94f7931f413d20158ecb9769efa5b\"},\"headline\":\"Pers\u00f6nliche Meilensteine kreativ dokumentieren \u2013 von Schulstart bis Rente\",\"datePublished\":\"2025-09-18T03:38:57+00:00\",\"dateModified\":\"2025-09-19T03:19:54+00:00\",\"mainEntityOfPage\":{\"@id\":\"https:\\\/\\\/www.druckstdu.de\\\/magazin\\\/meilensteine-dokumentieren-fotogeschenke\\\/\"},\"wordCount\":1800,\"image\":{\"@id\":\"https:\\\/\\\/www.druckstdu.de\\\/magazin\\\/meilensteine-dokumentieren-fotogeschenke\\\/#primaryimage\"},\"thumbnailUrl\":\"https:\\\/\\\/www.druckstdu.de\\\/magazin\\\/wp-content\\\/uploads\\\/2025\\\/09\\\/meilensteine-maedchen-mit-rucksack-und-buechern-bei-der-einschulung-zeigt-daumen-hoch.webp\",\"articleSection\":[\"Geschenke\"],\"inLanguage\":\"de\"},{\"@type\":\"WebPage\",\"@id\":\"https:\\\/\\\/www.druckstdu.de\\\/magazin\\\/meilensteine-dokumentieren-fotogeschenke\\\/\",\"url\":\"https:\\\/\\\/www.druckstdu.de\\\/magazin\\\/meilensteine-dokumentieren-fotogeschenke\\\/\",\"name\":\"Pers\u00f6nliche Meilensteine dokumentieren & festhalten\",\"isPartOf\":{\"@id\":\"https:\\\/\\\/www.druckstdu.de\\\/magazin\\\/#website\"},\"primaryImageOfPage\":{\"@id\":\"https:\\\/\\\/www.druckstdu.de\\\/magazin\\\/meilensteine-dokumentieren-fotogeschenke\\\/#primaryimage\"},\"image\":{\"@id\":\"https:\\\/\\\/www.druckstdu.de\\\/magazin\\\/meilensteine-dokumentieren-fotogeschenke\\\/#primaryimage\"},\"thumbnailUrl\":\"https:\\\/\\\/www.druckstdu.de\\\/magazin\\\/wp-content\\\/uploads\\\/2025\\\/09\\\/meilensteine-maedchen-mit-rucksack-und-buechern-bei-der-einschulung-zeigt-daumen-hoch.webp\",\"datePublished\":\"2025-09-18T03:38:57+00:00\",\"dateModified\":\"2025-09-19T03:19:54+00:00\",\"author\":{\"@id\":\"https:\\\/\\\/www.druckstdu.de\\\/magazin\\\/#\\\/schema\\\/person\\\/21d94f7931f413d20158ecb9769efa5b\"},\"description\":\"Die wichtigsten Lebensmomente von Schulstart bis Rente kreativ festhalten \ud83d\udcf7Unvergessliche Fotogeschenke online gestalten \u27a1\ufe0f\",\"breadcrumb\":{\"@id\":\"https:\\\/\\\/www.druckstdu.de\\\/magazin\\\/meilensteine-dokumentieren-fotogeschenke\\\/#breadcrumb\"},\"inLanguage\":\"de\",\"potentialAction\":[{\"@type\":\"ReadAction\",\"target\":[\"https:\\\/\\\/www.druckstdu.de\\\/magazin\\\/meilensteine-dokumentieren-fotogeschenke\\\/\"]}]},{\"@type\":\"ImageObject\",\"inLanguage\":\"de\",\"@id\":\"https:\\\/\\\/www.druckstdu.de\\\/magazin\\\/meilensteine-dokumentieren-fotogeschenke\\\/#primaryimage\",\"url\":\"https:\\\/\\\/www.druckstdu.de\\\/magazin\\\/wp-content\\\/uploads\\\/2025\\\/09\\\/meilensteine-maedchen-mit-rucksack-und-buechern-bei-der-einschulung-zeigt-daumen-hoch.webp\",\"contentUrl\":\"https:\\\/\\\/www.druckstdu.de\\\/magazin\\\/wp-content\\\/uploads\\\/2025\\\/09\\\/meilensteine-maedchen-mit-rucksack-und-buechern-bei-der-einschulung-zeigt-daumen-hoch.webp\",\"width\":1920,\"height\":628,\"caption\":\"@studioroman\"},{\"@type\":\"BreadcrumbList\",\"@id\":\"https:\\\/\\\/www.druckstdu.de\\\/magazin\\\/meilensteine-dokumentieren-fotogeschenke\\\/#breadcrumb\",\"itemListElement\":[{\"@type\":\"ListItem\",\"position\":1,\"name\":\"Startseite\",\"item\":\"https:\\\/\\\/www.druckstdu.de\\\/magazin\\\/\"},{\"@type\":\"ListItem\",\"position\":2,\"name\":\"Pers\u00f6nliche Meilensteine kreativ dokumentieren \u2013 von Schulstart bis Rente\"}]},{\"@type\":\"WebSite\",\"@id\":\"https:\\\/\\\/www.druckstdu.de\\\/magazin\\\/#website\",\"url\":\"https:\\\/\\\/www.druckstdu.de\\\/magazin\\\/\",\"name\":\"Magazin | Druckstdu\",\"description\":\"\",\"potentialAction\":[{\"@type\":\"SearchAction\",\"target\":{\"@type\":\"EntryPoint\",\"urlTemplate\":\"https:\\\/\\\/www.druckstdu.de\\\/magazin\\\/?s={search_term_string}\"},\"query-input\":{\"@type\":\"PropertyValueSpecification\",\"valueRequired\":true,\"valueName\":\"search_term_string\"}}],\"inLanguage\":\"de\"},{\"@type\":\"Person\",\"@id\":\"https:\\\/\\\/www.druckstdu.de\\\/magazin\\\/#\\\/schema\\\/person\\\/21d94f7931f413d20158ecb9769efa5b\",\"name\":\"Julia\",\"image\":{\"@type\":\"ImageObject\",\"inLanguage\":\"de\",\"@id\":\"https:\\\/\\\/secure.gravatar.com\\\/avatar\\\/f8d49d230387fe95329c8c2282dda447963627f07b20969a21414d5cb19c58dc?s=96&d=mm&r=g\",\"url\":\"https:\\\/\\\/secure.gravatar.com\\\/avatar\\\/f8d49d230387fe95329c8c2282dda447963627f07b20969a21414d5cb19c58dc?s=96&d=mm&r=g\",\"contentUrl\":\"https:\\\/\\\/secure.gravatar.com\\\/avatar\\\/f8d49d230387fe95329c8c2282dda447963627f07b20969a21414d5cb19c58dc?s=96&d=mm&r=g\",\"caption\":\"Julia\"},\"url\":\"https:\\\/\\\/www.druckstdu.de\\\/magazin\\\/author\\\/julia\\\/\"}]}<\/script>\n<!-- \/ Yoast SEO plugin. -->","yoast_head_json":{"title":"Pers\u00f6nliche Meilensteine dokumentieren & festhalten","description":"Die wichtigsten Lebensmomente von Schulstart bis Rente kreativ festhalten \ud83d\udcf7Unvergessliche Fotogeschenke online gestalten \u27a1\ufe0f","canonical":"https:\/\/www.druckstdu.de\/magazin\/meilensteine-dokumentieren-fotogeschenke\/","og_locale":"de_DE","og_type":"article","og_title":"Pers\u00f6nliche Meilensteine dokumentieren & festhalten","og_description":"Die wichtigsten Lebensmomente von Schulstart bis Rente kreativ festhalten \ud83d\udcf7Unvergessliche Fotogeschenke online gestalten \u27a1\ufe0f","og_url":"https:\/\/www.druckstdu.de\/magazin\/meilensteine-dokumentieren-fotogeschenke\/","og_site_name":"Magazin | Druckstdu","article_published_time":"2025-09-18T03:38:57+00:00","article_modified_time":"2025-09-19T03:19:54+00:00","og_image":[{"width":1920,"height":628,"url":"https:\/\/www.druckstdu.de\/magazin\/wp-content\/uploads\/2025\/09\/meilensteine-maedchen-mit-rucksack-und-buechern-bei-der-einschulung-zeigt-daumen-hoch.webp","type":"image\/webp"}],"author":"Julia","twitter_card":"summary_large_image","twitter_misc":{"Verfasst von":"Julia","Gesch\u00e4tzte Lesezeit":"10\u00a0Minuten"},"schema":{"@context":"https:\/\/schema.org","@graph":[{"@type":"Article","@id":"https:\/\/www.druckstdu.de\/magazin\/meilensteine-dokumentieren-fotogeschenke\/#article","isPartOf":{"@id":"https:\/\/www.druckstdu.de\/magazin\/meilensteine-dokumentieren-fotogeschenke\/"},"author":{"name":"Julia","@id":"https:\/\/www.druckstdu.de\/magazin\/#\/schema\/person\/21d94f7931f413d20158ecb9769efa5b"},"headline":"Pers\u00f6nliche Meilensteine kreativ dokumentieren \u2013 von Schulstart bis Rente","datePublished":"2025-09-18T03:38:57+00:00","dateModified":"2025-09-19T03:19:54+00:00","mainEntityOfPage":{"@id":"https:\/\/www.druckstdu.de\/magazin\/meilensteine-dokumentieren-fotogeschenke\/"},"wordCount":1800,"image":{"@id":"https:\/\/www.druckstdu.de\/magazin\/meilensteine-dokumentieren-fotogeschenke\/#primaryimage"},"thumbnailUrl":"https:\/\/www.druckstdu.de\/magazin\/wp-content\/uploads\/2025\/09\/meilensteine-maedchen-mit-rucksack-und-buechern-bei-der-einschulung-zeigt-daumen-hoch.webp","articleSection":["Geschenke"],"inLanguage":"de"},{"@type":"WebPage","@id":"https:\/\/www.druckstdu.de\/magazin\/meilensteine-dokumentieren-fotogeschenke\/","url":"https:\/\/www.druckstdu.de\/magazin\/meilensteine-dokumentieren-fotogeschenke\/","name":"Pers\u00f6nliche Meilensteine dokumentieren & festhalten","isPartOf":{"@id":"https:\/\/www.druckstdu.de\/magazin\/#website"},"primaryImageOfPage":{"@id":"https:\/\/www.druckstdu.de\/magazin\/meilensteine-dokumentieren-fotogeschenke\/#primaryimage"},"image":{"@id":"https:\/\/www.druckstdu.de\/magazin\/meilensteine-dokumentieren-fotogeschenke\/#primaryimage"},"thumbnailUrl":"https:\/\/www.druckstdu.de\/magazin\/wp-content\/uploads\/2025\/09\/meilensteine-maedchen-mit-rucksack-und-buechern-bei-der-einschulung-zeigt-daumen-hoch.webp","datePublished":"2025-09-18T03:38:57+00:00","dateModified":"2025-09-19T03:19:54+00:00","author":{"@id":"https:\/\/www.druckstdu.de\/magazin\/#\/schema\/person\/21d94f7931f413d20158ecb9769efa5b"},"description":"Die wichtigsten Lebensmomente von Schulstart bis Rente kreativ festhalten \ud83d\udcf7Unvergessliche Fotogeschenke online gestalten \u27a1\ufe0f","breadcrumb":{"@id":"https:\/\/www.druckstdu.de\/magazin\/meilensteine-dokumentieren-fotogeschenke\/#breadcrumb"},"inLanguage":"de","potentialAction":[{"@type":"ReadAction","target":["https:\/\/www.druckstdu.de\/magazin\/meilensteine-dokumentieren-fotogeschenke\/"]}]},{"@type":"ImageObject","inLanguage":"de","@id":"https:\/\/www.druckstdu.de\/magazin\/meilensteine-dokumentieren-fotogeschenke\/#primaryimage","url":"https:\/\/www.druckstdu.de\/magazin\/wp-content\/uploads\/2025\/09\/meilensteine-maedchen-mit-rucksack-und-buechern-bei-der-einschulung-zeigt-daumen-hoch.webp","contentUrl":"https:\/\/www.druckstdu.de\/magazin\/wp-content\/uploads\/2025\/09\/meilensteine-maedchen-mit-rucksack-und-buechern-bei-der-einschulung-zeigt-daumen-hoch.webp","width":1920,"height":628,"caption":"@studioroman"},{"@type":"BreadcrumbList","@id":"https:\/\/www.druckstdu.de\/magazin\/meilensteine-dokumentieren-fotogeschenke\/#breadcrumb","itemListElement":[{"@type":"ListItem","position":1,"name":"Startseite","item":"https:\/\/www.druckstdu.de\/magazin\/"},{"@type":"ListItem","position":2,"name":"Pers\u00f6nliche Meilensteine kreativ dokumentieren \u2013 von Schulstart bis Rente"}]},{"@type":"WebSite","@id":"https:\/\/www.druckstdu.de\/magazin\/#website","url":"https:\/\/www.druckstdu.de\/magazin\/","name":"Magazin | Druckstdu","description":"","potentialAction":[{"@type":"SearchAction","target":{"@type":"EntryPoint","urlTemplate":"https:\/\/www.druckstdu.de\/magazin\/?s={search_term_string}"},"query-input":{"@type":"PropertyValueSpecification","valueRequired":true,"valueName":"search_term_string"}}],"inLanguage":"de"},{"@type":"Person","@id":"https:\/\/www.druckstdu.de\/magazin\/#\/schema\/person\/21d94f7931f413d20158ecb9769efa5b","name":"Julia","image":{"@type":"ImageObject","inLanguage":"de","@id":"https:\/\/secure.gravatar.com\/avatar\/f8d49d230387fe95329c8c2282dda447963627f07b20969a21414d5cb19c58dc?s=96&d=mm&r=g","url":"https:\/\/secure.gravatar.com\/avatar\/f8d49d230387fe95329c8c2282dda447963627f07b20969a21414d5cb19c58dc?s=96&d=mm&r=g","contentUrl":"https:\/\/secure.gravatar.com\/avatar\/f8d49d230387fe95329c8c2282dda447963627f07b20969a21414d5cb19c58dc?s=96&d=mm&r=g","caption":"Julia"},"url":"https:\/\/www.druckstdu.de\/magazin\/author\/julia\/"}]}},"wp-worthy-pixel":{"ignored":false,"public":null,"server":null,"url":null},"wp-worthy-type":"normal","_links":{"self":[{"href":"https:\/\/www.druckstdu.de\/magazin\/wp-json\/wp\/v2\/posts\/237","targetHints":{"allow":["GET"]}}],"collection":[{"href":"https:\/\/www.druckstdu.de\/magazin\/wp-json\/wp\/v2\/posts"}],"about":[{"href":"https:\/\/www.druckstdu.de\/magazin\/wp-json\/wp\/v2\/types\/post"}],"author":[{"embeddable":true,"href":"https:\/\/www.druckstdu.de\/magazin\/wp-json\/wp\/v2\/users\/3"}],"replies":[{"embeddable":true,"href":"https:\/\/www.druckstdu.de\/magazin\/wp-json\/wp\/v2\/comments?post=237"}],"version-history":[{"count":2,"href":"https:\/\/www.druckstdu.de\/magazin\/wp-json\/wp\/v2\/posts\/237\/revisions"}],"predecessor-version":[{"id":278,"href":"https:\/\/www.druckstdu.de\/magazin\/wp-json\/wp\/v2\/posts\/237\/revisions\/278"}],"wp:featuredmedia":[{"embeddable":true,"href":"https:\/\/www.druckstdu.de\/magazin\/wp-json\/wp\/v2\/media\/238"}],"wp:attachment":[{"href":"https:\/\/www.druckstdu.de\/magazin\/wp-json\/wp\/v2\/media?parent=237"}],"wp:term":[{"taxonomy":"category","embeddable":true,"href":"https:\/\/www.druckstdu.de\/magazin\/wp-json\/wp\/v2\/categories?post=237"},{"taxonomy":"post_tag","embeddable":true,"href":"https:\/\/www.druckstdu.de\/magazin\/wp-json\/wp\/v2\/tags?post=237"}],"curies":[{"name":"wp","href":"https:\/\/api.w.org\/{rel}","templated":true}]}}