{"id":240,"date":"2025-09-18T03:50:40","date_gmt":"2025-09-18T03:50:40","guid":{"rendered":"https:\/\/www.druckstdu.de\/magazin\/?p=240"},"modified":"2025-09-19T03:18:44","modified_gmt":"2025-09-19T03:18:44","slug":"fotografie-als-familienritual-gemeinsame-erinnerungen-bewusst-gestalten","status":"publish","type":"post","link":"https:\/\/www.druckstdu.de\/magazin\/fotografie-als-familienritual-gemeinsame-erinnerungen-bewusst-gestalten\/","title":{"rendered":"Fotografie als Familienritual: Gemeinsame Erinnerungen bewusst gestalten"},"content":{"rendered":"\n<p>Familienfotografie h\u00e4lt nicht nur besondere Momente fest, sondern erz\u00e4hlt Geschichten, st\u00e4rkt Beziehungen und bewahrt Erinnerungen, die Generationen \u00fcberdauern k\u00f6nnen. In einer schnelllebigen Welt wird sie so zu einem bewussten Ritual, das N\u00e4he, Kreativit\u00e4t und gemeinsame Erlebnisse sichtbar macht.<\/p>\n\n\n\n<h2 class=\"wp-block-heading\">Warum Familienfotografie mehr ist als ein Hobby<\/h2>\n\n\n\n<p>Familienfotografie ist weit mehr als das einfache Festhalten von Momenten. Sie ist ein Werkzeug, um Beziehungen zu st\u00e4rken, gemeinsame Erlebnisse sichtbar zu machen und <a href=\"https:\/\/www.druckstdu.de\/magazin\/erinnerungen-festhalten-wie-gemeinsame-fotoprojekte-menschen-verbinden\/\">Erinnerungen dauerhaft zu bewahren.<\/a> In einer Zeit, in der das Leben immer schneller wird und digitale Fotos oft in endlosen Ordnern auf Smartphones oder Festplatten verschwinden, bietet die Familienfotografie die M\u00f6glichkeit, bewusst innezuhalten und besondere Momente aktiv zu gestalten.<\/p>\n\n\n\n<p>Wenn Familienfotografie als Ritual etabliert wird, entsteht eine kontinuierliche Dokumentation des Alltags, die nicht nur das Wachstum der Kinder, sondern auch die Entwicklung der famili\u00e4ren Bindungen sichtbar macht. Regelm\u00e4\u00dfige Fotosessions, sei es w\u00f6chentlich oder zu besonderen Anl\u00e4ssen, verwandeln gew\u00f6hnliche Momente in wertvolle Erinnerungen, die sp\u00e4ter zu emotionalen Sch\u00e4tzen werden k\u00f6nnen.<\/p>\n\n\n\n<p>Ein weiterer Vorteil: Familienfotografie f\u00f6rdert die Kreativit\u00e4t aller Beteiligten. Kinder lernen, ihre Umwelt bewusst wahrzunehmen, Eltern entwickeln einen neuen Blick f\u00fcr Details, und das gemeinsame Erstellen von Fotos kann zu einem spielerischen Erlebnis werden. Selbst allt\u00e4gliche Szenen \u2013 wie ein Fr\u00fchst\u00fcckstisch, ein Spaziergang im Park oder ein gemeinsamer Bastelnachmittag \u2013 gewinnen durch die bewusste fotografische Umsetzung an Bedeutung.<\/p>\n\n\n\n<h2 class=\"wp-block-heading\">Strategien f\u00fcr gelungene Familienfotos<\/h2>\n\n\n\n<p>Damit Familienfotografie zu einem echten Ritual wird, sollten klare Konzepte und Strukturen entwickelt werden. Ein sinnvoller Ansatz besteht darin, bestimmte Tage oder Anl\u00e4sse f\u00fcr gemeinsame Fotos zu reservieren. Dies kann ein w\u00f6chentlicher Fototag sein oder spezielle Ereignisse wie Geburtstage, Feiertage oder saisonale Aktivit\u00e4ten umfassen.<\/p>\n\n\n\n<p><strong>Beispiele f\u00fcr wiederkehrende Fotomomente im Familienalltag:<\/strong><\/p>\n\n\n\n<figure class=\"wp-block-table\"><table class=\"has-fixed-layout\"><thead><tr><th>Anlass<\/th><th>Ideen f\u00fcr Fotos<\/th><th>Besonderer Tipp<\/th><\/tr><\/thead><tbody><tr><td>W\u00f6chentlicher Fototag<\/td><td>Gemeinsames Kochen, Spielen, Spazierg\u00e4nge<\/td><td>Ein fester Ort im Haus oder Garten f\u00fcr Konsistenz<\/td><\/tr><tr><td>Geburtstage<\/td><td>Kerzen auspusten, Geschenke auspacken<\/td><td>Nahaufnahmen f\u00fcr Emotionen, Detailaufnahmen von Dekoration<\/td><\/tr><tr><td>Feiertage<\/td><td>Weihnachtsbaum schm\u00fccken, Osterhasen suchen<\/td><td>Stimmung durch Licht und Dekoration betonen<\/td><\/tr><tr><td>Saisonale Aktivit\u00e4ten<\/td><td>Bl\u00e4tter im Herbst sammeln, Sandburgen am Strand bauen<\/td><td>Unterschiedliche Perspektiven ausprobieren, z.B. Vogelperspektive oder Bodenniveau<\/td><\/tr><\/tbody><\/table><\/figure>\n\n\n\n<p>Wichtig ist, dass die Familie nicht unter Druck ger\u00e4t, perfekte Fotos zu machen. Authentizit\u00e4t ist in der Familienfotografie entscheidend. Momente, die ungeplant und spontan eingefangen werden, transportieren Emotionen oft besser als gestellte Bilder. Der Fotograf \u2013 ob Elternteil oder professioneller Fotograf \u2013 sollte eher als Beobachter und weniger als Regisseur agieren.<\/p>\n\n\n\n<h2 class=\"wp-block-heading\">Kreative Ans\u00e4tze f\u00fcr Familienfotografie<\/h2>\n\n\n\n<p>Neben den klassischen Fotosessions gibt es zahlreiche kreative Wege, Familienfotos zu gestalten. Ein Ansatz ist das Erstellen von thematischen Serien, bei denen das gleiche Motiv \u00fcber einen l\u00e4ngeren Zeitraum hinweg fotografiert wird. Dies kann die Entwicklung der Kinder zeigen oder bestimmte Rituale und Traditionen der Familie dokumentieren.<\/p>\n\n\n\n<p>Eine beliebte Methode ist das \u201eWachstumsalbum\u201c: Kinder werden in regelm\u00e4\u00dfigen Abst\u00e4nden an denselben Orten oder in denselben Posen fotografiert. Mit der Zeit entsteht eine beeindruckende visuelle Geschichte \u00fcber Wachstum und Ver\u00e4nderung.<\/p>\n\n\n\n<p>Eine weitere M\u00f6glichkeit sind <strong>Storytelling-Fotos<\/strong>, die eine kleine Geschichte innerhalb eines Bildes oder einer Serie erz\u00e4hlen. Beispielsweise kann eine Aktivit\u00e4t von Anfang bis Ende dokumentiert werden, wie das gemeinsame Backen eines Kuchens, das Pflanzen von Blumen im Garten oder ein ganzer Tag im Zoo.<\/p>\n\n\n\n<p>Weiterhin l\u00e4sst sich die Familienfotografie durch kreative Gestaltung von Fotoprodukten bei druckstdu perfekt in Szene setzen. Fotob\u00fccher, Kalender oder Poster verwandeln die Fotos in greifbare Erinnerungen, die nicht nur digital existieren, sondern auch in den H\u00e4nden gehalten und betrachtet werden k\u00f6nnen. Besonders ansprechend ist es, die Fotos nach Themen, Jahreszeiten oder Anl\u00e4ssen zu sortieren und so ein visuelles Tagebuch der Familiengeschichte zu erstellen.<\/p>\n\n\n\n<h2 class=\"wp-block-heading\">Integration von Kindern in die Fotografie<\/h2>\n\n\n\n<p>Kinder aktiv in die Fotografie einzubeziehen, f\u00f6rdert nicht nur ihre Kreativit\u00e4t, sondern st\u00e4rkt auch das Familienband. Bereits kleine Kinder k\u00f6nnen einfache Aufgaben \u00fcbernehmen, wie das Ausw\u00e4hlen von Motiven, das Halten von Requisiten oder das Fotografieren von Alltagsdetails. Mit zunehmendem Alter k\u00f6nnen sie selbstst\u00e4ndig Fotos machen und ihre Perspektive zeigen, was oft zu \u00fcberraschend kreativen Ergebnissen f\u00fchrt.<\/p>\n\n\n\n<p>Ein bew\u00e4hrtes Konzept ist das <strong>\u201eFotoprojekt der Woche\u201c<\/strong>, bei dem jedes Familienmitglied einmal pro Woche ein Motiv ausw\u00e4hlt und dokumentiert. Dies kann ein Lieblingsspielzeug, ein Naturdetail im Garten oder ein besonderer Moment beim Spielen sein. Am Ende der Woche werden die Fotos gemeinsam betrachtet und in Fotob\u00fccher oder Kalender bei druckstdu eingef\u00fcgt.<\/p>\n\n\n\n<h2 class=\"wp-block-heading\">Familienfotografie nach Jahreszeiten gestalten<\/h2>\n\n\n\n<p>Die Jahreszeiten bieten eine nat\u00fcrliche Grundlage, um Familienfotografie abwechslungsreich und spannend zu gestalten. Jede Jahreszeit hat ihre eigenen Farben, Lichtstimmungen und M\u00f6glichkeiten, die Familiengeschichte visuell zu erz\u00e4hlen. Durch bewusste Inszenierung der Umgebung lassen sich Momente einfangen, die in ihrer Nat\u00fcrlichkeit und Atmosph\u00e4re einzigartig sind.<\/p>\n\n\n\n<ul class=\"wp-block-list\">\n<li><strong>Fr\u00fchling:<\/strong> Die aufbl\u00fchende Natur und das erwachende Leben eignen sich ideal f\u00fcr Fotos von gemeinsamen Aktivit\u00e4ten im Garten, Spazierg\u00e4ngen durch Parks oder beim Spielen auf bl\u00fchenden Wiesen. Die hellen, frischen Farben des Fr\u00fchlings schaffen eine freundliche, lebendige Bildstimmung. Familienfotos in dieser Jahreszeit lassen sich durch leichte Pastellt\u00f6ne in Kleidung oder Dekoration noch stimmiger gestalten.<\/li>\n\n\n\n<li><strong>Sommer:<\/strong> Sommerliche Aktivit\u00e4ten wie Baden im See, Picknicks im Park oder das Spielen im Garten bieten reichlich Gelegenheit f\u00fcr dynamische, fr\u00f6hliche Fotos. Besonders wirkungsvoll sind Bilder, die Bewegungen einfangen \u2013 Kinder beim Springen, Lachen oder Toben. Der Sommer bietet au\u00dferdem das beste Licht f\u00fcr Outdoor-Fotografie: Sonnenauf- und -unterg\u00e4nge erzeugen warme, emotionale Stimmungen, die in Fotob\u00fcchern bei druckstdu besonders eindrucksvoll wirken.<\/li>\n\n\n\n<li><strong>Herbst:<\/strong> Die Farben des Herbstes \u2013 kr\u00e4ftige Rot-, Gelb- und Oranget\u00f6ne \u2013 verleihen Familienfotos eine warme, gem\u00fctliche Ausstrahlung. Spazierg\u00e4nge im Laub, das Sammeln von Kastanien oder das gemeinsame Basteln von Laternen bieten nat\u00fcrliche Fotomotive, die eine Geschichte erz\u00e4hlen. Inszenierte Familienfotos mit Requisiten wie Schals, M\u00fctzen oder K\u00f6rben k\u00f6nnen die Stimmung des Herbstes noch verst\u00e4rken.<\/li>\n\n\n\n<li><strong>Winter:<\/strong> Die kalte Jahreszeit er\u00f6ffnet M\u00f6glichkeiten f\u00fcr besonders stimmungsvolle Fotos. Schneespiele, Winterspazierg\u00e4nge oder das Schm\u00fccken des Weihnachtsbaums k\u00f6nnen festgehalten werden. Kerzenlicht, Kaminfeuer oder winterliche Dekoration erzeugen eine warme, intime Atmosph\u00e4re. Auch indoor lassen sich im Winter Familienrituale fotografisch dokumentieren, z.\u202fB. Backen von Pl\u00e4tzchen, Basteln oder Vorlesen von Geschichten.<\/li>\n<\/ul>\n\n\n\n<h2 class=\"wp-block-heading\">Emotionale Inszenierung: Momente lebendig machen<\/h2>\n\n\n\n<p>Die Wirkung von Familienfotos h\u00e4ngt nicht nur von Licht, Farben oder Technik ab, sondern vor allem von der <strong>emotionalen Inszenierung<\/strong>. Emotionen sichtbar zu machen bedeutet, Momente zu erkennen, in denen echte Freude, \u00dcberraschung, Staunen oder Zuneigung entstehen. Dazu muss der Fotograf die Familie gut beobachten und sich auf spontane Ereignisse einstellen.<\/p>\n\n\n\n<p>Eine M\u00f6glichkeit, die Emotionen zu intensivieren, besteht darin, kleine Rituale oder \u00dcberraschungen einzubauen. Beispielsweise kann ein pl\u00f6tzlicher Seifenblasenregen im Garten oder das gemeinsame Basteln einer \u00dcberraschung f\u00fcr ein Familienmitglied spontane Lacher und begeisterte Blicke erzeugen, die sich perfekt fotografisch festhalten lassen. Auch nat\u00fcrliche Interaktionen wie Umarmungen, Kitzeln oder gemeinsames Singen sind ideale Momente f\u00fcr authentische Aufnahmen.<\/p>\n\n\n\n<h2 class=\"wp-block-heading\">Storytelling durch Familienfotografie<\/h2>\n\n\n\n<p>Familienfotografie kann weit \u00fcber Einzelbilder hinausgehen, wenn sie als <strong>Storytelling-Instrument<\/strong> genutzt wird. Eine Fotoserie kann eine komplette Geschichte erz\u00e4hlen \u2013 vom Morgen bis zum Abend, von einem Projekt oder einem besonderen Ereignis. Durch konsequentes Festhalten der Handlungsschritte entsteht eine narrative Linie, die sp\u00e4ter als Fotobuch, Kalender oder Wandcollage bei druckstdu umgesetzt werden kann.<\/p>\n\n\n\n<p>Ein Beispiel f\u00fcr Storytelling: Eine Familie beschlie\u00dft, einen Tag im Zoo zu verbringen. Anstatt nur einzelne Motive zu fotografieren, werden Szenen vom Fr\u00fchst\u00fcck, der Anreise, den Tierbeobachtungen, gemeinsamen Spielen und dem Heimweg dokumentiert. Am Ende wird aus vielen einzelnen Fotos eine vollst\u00e4ndige Geschichte des Tages, die Emotionen, Zusammenhalt und Spa\u00df widerspiegelt.<\/p>\n\n\n\n<h2 class=\"wp-block-heading\">Fotoprodukte bei druckstdu: Erinnerungen greifbar machen<\/h2>\n\n\n\n<p>Die M\u00f6glichkeiten der Familienfotografie entfalten ihre volle Wirkung, wenn die Fotos in hochwertigen Fotoprodukten umgesetzt werden. Bei druckstdu lassen sich die Bilder in individuelle Fotob\u00fccher, Wandbilder, Kalender oder Poster verwandeln. Dadurch werden die Erinnerungen nicht nur digital gespeichert, sondern auch physisch erlebbar.<\/p>\n\n\n\n<p>Besonders empfehlenswert ist die Kombination verschiedener Formate: Ein gro\u00dfformatiges <a href=\"https:\/\/www.druckstdu.de\/wandbilder\/\">Wandbild<\/a> im Wohnzimmer kann als Blickfang dienen, w\u00e4hrend ein <a href=\"https:\/\/www.druckstdu.de\/fotobuecher\/\">Fotobuch<\/a> die detaillierte Familiengeschichte erz\u00e4hlt. <a href=\"https:\/\/www.druckstdu.de\/fotokalender\/\">Jahreskalender<\/a> mit den besten Familienfotos sind ein praktisches und dekoratives Element, das die Erinnerungen das ganze Jahr \u00fcber pr\u00e4sent h\u00e4lt.<\/p>\n\n\n\n<h2 class=\"wp-block-heading\">Langfristige Umsetzung: Ein Familienritual etablieren<\/h2>\n\n\n\n<p>Damit Familienfotografie zu einem dauerhaften Ritual wird, ist es wichtig, Routinen zu etablieren. W\u00f6chentliche oder monatliche Fototermine, gemeinsame Fotoprojekte und saisonale Fotosessions helfen dabei, dass das Fotografieren nicht in Vergessenheit ger\u00e4t.<\/p>\n\n\n\n<p>Dar\u00fcber hinaus k\u00f6nnen Familien eigene kleine Projekte entwickeln, z.\u202fB. das \u201eFamilienfototagebuch\u201c, bei dem jede Woche ein H\u00f6hepunkt in einem Fotobuch dokumentiert wird. Auch das j\u00e4hrliche Fotobuch, das alle besonderen Momente zusammenfasst, ist eine wunderbare M\u00f6glichkeit, die Familie \u00fcber die Jahre hinweg zu begleiten und Ver\u00e4nderungen sichtbar zu machen.<\/p>\n\n\n\n<p>Letztlich ist es die Kombination aus Planung, Kreativit\u00e4t und bewusster Beobachtung, die Familienfotografie zu einem wertvollen Ritual macht. Durch die hochwertigen Produkte von <a href=\"https:\/\/www.druckstdu.de\/\">druckstdu<\/a> werden diese Erinnerungen nicht nur festgehalten, sondern auch stilvoll pr\u00e4sentiert \u2013 sodass sie Generationen \u00fcberdauern k\u00f6nnen.<\/p>\n\n\n\n<p>\ud83d\udc49 Gestalten Sie noch heute Ihre pers\u00f6nlichen Familienerinnerungen und erleben Sie, wie hochwertige Fotoprodukte Ihre sch\u00f6nsten Momente dauerhaft zum Leben erwecken.<\/p>\n\n\n\n<h2 class=\"wp-block-heading\">FAQ: Familienfotografie<\/h2>\n\n\n\n<h3 class=\"wp-block-heading\">Was macht Familienfotografie zu einem besonderen Ritual?<\/h3>\n\n\n\n<p>Familienfotografie wird zu einem Ritual, wenn sie regelm\u00e4\u00dfig praktiziert wird und bewusst Momente festgehalten werden. Es geht nicht nur um einzelne Bilder, sondern darum, gemeinsame Erlebnisse sichtbar zu machen und emotionale Erinnerungen \u00fcber die Jahre hinweg zu dokumentieren.<\/p>\n\n\n\n<h3 class=\"wp-block-heading\">Wie kann man die Emotionen in Familienfotos authentisch einfangen?<\/h3>\n\n\n\n<p>Authentische Emotionen entstehen, wenn Kinder und Erwachsene sich wohlf\u00fchlen und spontan agieren k\u00f6nnen. Statt gestellter Posen lohnt es sich, nat\u00fcrliche Interaktionen wie Spielen, Lachen oder kleine \u00dcberraschungen zu fotografieren. Beobachtungsgabe und Geduld sind dabei entscheidend.<\/p>\n\n\n\n<h3 class=\"wp-block-heading\">Welche Jahreszeiten eignen sich am besten f\u00fcr Familienfotos?<\/h3>\n\n\n\n<p>Jede Jahreszeit bietet eigene Vorz\u00fcge. Fr\u00fchling und Sommer eignen sich f\u00fcr Outdoor-Aktivit\u00e4ten und lebendige Farben, Herbst erzeugt warme, gem\u00fctliche Stimmungen, und Winter schafft intime, stimmungsvolle Szenen. Wichtig ist, die Lichtverh\u00e4ltnisse und die Umgebung bewusst zu nutzen.<\/p>\n\n\n\n<h3 class=\"wp-block-heading\">Wie kann man Familienfotografie langfristig in den Alltag integrieren?<\/h3>\n\n\n\n<p>Regelm\u00e4\u00dfige Fototermine, kleine Fotoprojekte oder ein Jahresfotobuch helfen, Familienfotografie zu einem festen Bestandteil des Alltags zu machen. Durch bewusst geplante Momente entsteht eine Routine, die auch \u00fcber Jahre hinweg Erinnerungen sichtbar h\u00e4lt.<\/p>\n\n\n\n<h3 class=\"wp-block-heading\">Welche Fotoprodukte eignen sich besonders f\u00fcr Familienfotos?<\/h3>\n\n\n\n<p>Fotob\u00fccher, Wandbilder, Kalender und Poster sind besonders geeignet, um Erinnerungen greifbar zu machen. Sie erm\u00f6glichen es, Geschichten zusammenh\u00e4ngend zu erz\u00e4hlen oder besondere Momente stilvoll zu pr\u00e4sentieren und \u00fcber die Jahre hinweg zu bewahren.<\/p>\n\n\n\n<h3 class=\"wp-block-heading\">Wie k\u00f6nnen Familien ihre eigenen Fotoprojekte kreativ gestalten?<\/h3>\n\n\n\n<p>Kreativit\u00e4t zeigt sich in der Kombination aus Alltagsmomenten, besonderen Anl\u00e4ssen und pers\u00f6nlichen Ritualen. Themen wie \u201eTagebuch der Woche\u201c, saisonale Projekte oder Storytelling-Sessions, bei denen ein Ereignis vom Morgen bis zum Abend dokumentiert wird, schaffen einzigartige und bleibende Erinnerungen.<\/p>\n<a class=\"simplefavorite-button\" data-postid=\"240\" data-siteid=\"1\" data-groupid=\"1\" data-favoritecount=\"0\" style=\"\"><img decoding=\"async\" src=\"\/magazin\/wp-content\/uploads\/2025\/07\/heart.svg\">Speichern f\u00fcr sp\u00e4ter<\/a>","protected":false},"excerpt":{"rendered":"<p>Familienfotografie h\u00e4lt nicht nur besondere Momente fest, sondern erz\u00e4hlt Geschichten, st\u00e4rkt Beziehungen und bewahrt Erinnerungen, die Generationen \u00fcberdauern k\u00f6nnen. In&#8230;<\/p>\n","protected":false},"author":3,"featured_media":241,"comment_status":"closed","ping_status":"closed","sticky":false,"template":"","format":"standard","meta":{"_acf_changed":false,"inline_featured_image":false,"footnotes":""},"categories":[5],"tags":[],"class_list":["post-240","post","type-post","status-publish","format-standard","has-post-thumbnail","hentry","category-fotografie"],"acf":[],"yoast_head":"<!-- This site is optimized with the Yoast SEO plugin v27.5 - https:\/\/yoast.com\/product\/yoast-seo-wordpress\/ -->\n<title>Fotografie als Familienritual \ud83c\udfa8 Erinnerungen bewusst gestalten<\/title>\n<meta name=\"description\" content=\"Wie Familienfotografie zu einem liebevollen Ritual wird. \ud83c\udfa8 Halten Sie besondere Momente fest mit hochwertigen Fotoprodukten von druckstdu!\" \/>\n<link rel=\"canonical\" href=\"https:\/\/www.druckstdu.de\/magazin\/fotografie-als-familienritual-gemeinsame-erinnerungen-bewusst-gestalten\/\" \/>\n<meta property=\"og:locale\" content=\"de_DE\" \/>\n<meta property=\"og:type\" content=\"article\" \/>\n<meta property=\"og:title\" content=\"Fotografie als Familienritual \ud83c\udfa8 Erinnerungen bewusst gestalten\" \/>\n<meta property=\"og:description\" content=\"Wie Familienfotografie zu einem liebevollen Ritual wird. \ud83c\udfa8 Halten Sie besondere Momente fest mit hochwertigen Fotoprodukten von druckstdu!\" \/>\n<meta property=\"og:url\" content=\"https:\/\/www.druckstdu.de\/magazin\/fotografie-als-familienritual-gemeinsame-erinnerungen-bewusst-gestalten\/\" \/>\n<meta property=\"og:site_name\" content=\"Magazin | Druckstdu\" \/>\n<meta property=\"article:published_time\" content=\"2025-09-18T03:50:40+00:00\" \/>\n<meta property=\"article:modified_time\" content=\"2025-09-19T03:18:44+00:00\" \/>\n<meta property=\"og:image\" content=\"https:\/\/www.druckstdu.de\/magazin\/wp-content\/uploads\/2025\/09\/familienfotografie-eltern-und-toechter-stehen-auf-einer-klippe-ueber-dem-meer.webp\" \/>\n\t<meta property=\"og:image:width\" content=\"1920\" \/>\n\t<meta property=\"og:image:height\" content=\"628\" \/>\n\t<meta property=\"og:image:type\" content=\"image\/webp\" \/>\n<meta name=\"author\" content=\"Julia\" \/>\n<meta name=\"twitter:card\" content=\"summary_large_image\" \/>\n<meta name=\"twitter:label1\" content=\"Verfasst von\" \/>\n\t<meta name=\"twitter:data1\" content=\"Julia\" \/>\n\t<meta name=\"twitter:label2\" content=\"Gesch\u00e4tzte Lesezeit\" \/>\n\t<meta name=\"twitter:data2\" content=\"10\u00a0Minuten\" \/>\n<script type=\"application\/ld+json\" class=\"yoast-schema-graph\">{\"@context\":\"https:\\\/\\\/schema.org\",\"@graph\":[{\"@type\":\"Article\",\"@id\":\"https:\\\/\\\/www.druckstdu.de\\\/magazin\\\/fotografie-als-familienritual-gemeinsame-erinnerungen-bewusst-gestalten\\\/#article\",\"isPartOf\":{\"@id\":\"https:\\\/\\\/www.druckstdu.de\\\/magazin\\\/fotografie-als-familienritual-gemeinsame-erinnerungen-bewusst-gestalten\\\/\"},\"author\":{\"name\":\"Julia\",\"@id\":\"https:\\\/\\\/www.druckstdu.de\\\/magazin\\\/#\\\/schema\\\/person\\\/21d94f7931f413d20158ecb9769efa5b\"},\"headline\":\"Fotografie als Familienritual: Gemeinsame Erinnerungen bewusst gestalten\",\"datePublished\":\"2025-09-18T03:50:40+00:00\",\"dateModified\":\"2025-09-19T03:18:44+00:00\",\"mainEntityOfPage\":{\"@id\":\"https:\\\/\\\/www.druckstdu.de\\\/magazin\\\/fotografie-als-familienritual-gemeinsame-erinnerungen-bewusst-gestalten\\\/\"},\"wordCount\":1823,\"image\":{\"@id\":\"https:\\\/\\\/www.druckstdu.de\\\/magazin\\\/fotografie-als-familienritual-gemeinsame-erinnerungen-bewusst-gestalten\\\/#primaryimage\"},\"thumbnailUrl\":\"https:\\\/\\\/www.druckstdu.de\\\/magazin\\\/wp-content\\\/uploads\\\/2025\\\/09\\\/familienfotografie-eltern-und-toechter-stehen-auf-einer-klippe-ueber-dem-meer.webp\",\"articleSection\":[\"Fotografie\"],\"inLanguage\":\"de\"},{\"@type\":\"WebPage\",\"@id\":\"https:\\\/\\\/www.druckstdu.de\\\/magazin\\\/fotografie-als-familienritual-gemeinsame-erinnerungen-bewusst-gestalten\\\/\",\"url\":\"https:\\\/\\\/www.druckstdu.de\\\/magazin\\\/fotografie-als-familienritual-gemeinsame-erinnerungen-bewusst-gestalten\\\/\",\"name\":\"Fotografie als Familienritual \ud83c\udfa8 Erinnerungen bewusst gestalten\",\"isPartOf\":{\"@id\":\"https:\\\/\\\/www.druckstdu.de\\\/magazin\\\/#website\"},\"primaryImageOfPage\":{\"@id\":\"https:\\\/\\\/www.druckstdu.de\\\/magazin\\\/fotografie-als-familienritual-gemeinsame-erinnerungen-bewusst-gestalten\\\/#primaryimage\"},\"image\":{\"@id\":\"https:\\\/\\\/www.druckstdu.de\\\/magazin\\\/fotografie-als-familienritual-gemeinsame-erinnerungen-bewusst-gestalten\\\/#primaryimage\"},\"thumbnailUrl\":\"https:\\\/\\\/www.druckstdu.de\\\/magazin\\\/wp-content\\\/uploads\\\/2025\\\/09\\\/familienfotografie-eltern-und-toechter-stehen-auf-einer-klippe-ueber-dem-meer.webp\",\"datePublished\":\"2025-09-18T03:50:40+00:00\",\"dateModified\":\"2025-09-19T03:18:44+00:00\",\"author\":{\"@id\":\"https:\\\/\\\/www.druckstdu.de\\\/magazin\\\/#\\\/schema\\\/person\\\/21d94f7931f413d20158ecb9769efa5b\"},\"description\":\"Wie Familienfotografie zu einem liebevollen Ritual wird. \ud83c\udfa8 Halten Sie besondere Momente fest mit hochwertigen Fotoprodukten von druckstdu!\",\"breadcrumb\":{\"@id\":\"https:\\\/\\\/www.druckstdu.de\\\/magazin\\\/fotografie-als-familienritual-gemeinsame-erinnerungen-bewusst-gestalten\\\/#breadcrumb\"},\"inLanguage\":\"de\",\"potentialAction\":[{\"@type\":\"ReadAction\",\"target\":[\"https:\\\/\\\/www.druckstdu.de\\\/magazin\\\/fotografie-als-familienritual-gemeinsame-erinnerungen-bewusst-gestalten\\\/\"]}]},{\"@type\":\"ImageObject\",\"inLanguage\":\"de\",\"@id\":\"https:\\\/\\\/www.druckstdu.de\\\/magazin\\\/fotografie-als-familienritual-gemeinsame-erinnerungen-bewusst-gestalten\\\/#primaryimage\",\"url\":\"https:\\\/\\\/www.druckstdu.de\\\/magazin\\\/wp-content\\\/uploads\\\/2025\\\/09\\\/familienfotografie-eltern-und-toechter-stehen-auf-einer-klippe-ueber-dem-meer.webp\",\"contentUrl\":\"https:\\\/\\\/www.druckstdu.de\\\/magazin\\\/wp-content\\\/uploads\\\/2025\\\/09\\\/familienfotografie-eltern-und-toechter-stehen-auf-einer-klippe-ueber-dem-meer.webp\",\"width\":1920,\"height\":628,\"caption\":\"@travnikovstudio\"},{\"@type\":\"BreadcrumbList\",\"@id\":\"https:\\\/\\\/www.druckstdu.de\\\/magazin\\\/fotografie-als-familienritual-gemeinsame-erinnerungen-bewusst-gestalten\\\/#breadcrumb\",\"itemListElement\":[{\"@type\":\"ListItem\",\"position\":1,\"name\":\"Startseite\",\"item\":\"https:\\\/\\\/www.druckstdu.de\\\/magazin\\\/\"},{\"@type\":\"ListItem\",\"position\":2,\"name\":\"Fotografie als Familienritual: Gemeinsame Erinnerungen bewusst gestalten\"}]},{\"@type\":\"WebSite\",\"@id\":\"https:\\\/\\\/www.druckstdu.de\\\/magazin\\\/#website\",\"url\":\"https:\\\/\\\/www.druckstdu.de\\\/magazin\\\/\",\"name\":\"Magazin | Druckstdu\",\"description\":\"\",\"potentialAction\":[{\"@type\":\"SearchAction\",\"target\":{\"@type\":\"EntryPoint\",\"urlTemplate\":\"https:\\\/\\\/www.druckstdu.de\\\/magazin\\\/?s={search_term_string}\"},\"query-input\":{\"@type\":\"PropertyValueSpecification\",\"valueRequired\":true,\"valueName\":\"search_term_string\"}}],\"inLanguage\":\"de\"},{\"@type\":\"Person\",\"@id\":\"https:\\\/\\\/www.druckstdu.de\\\/magazin\\\/#\\\/schema\\\/person\\\/21d94f7931f413d20158ecb9769efa5b\",\"name\":\"Julia\",\"image\":{\"@type\":\"ImageObject\",\"inLanguage\":\"de\",\"@id\":\"https:\\\/\\\/secure.gravatar.com\\\/avatar\\\/f8d49d230387fe95329c8c2282dda447963627f07b20969a21414d5cb19c58dc?s=96&d=mm&r=g\",\"url\":\"https:\\\/\\\/secure.gravatar.com\\\/avatar\\\/f8d49d230387fe95329c8c2282dda447963627f07b20969a21414d5cb19c58dc?s=96&d=mm&r=g\",\"contentUrl\":\"https:\\\/\\\/secure.gravatar.com\\\/avatar\\\/f8d49d230387fe95329c8c2282dda447963627f07b20969a21414d5cb19c58dc?s=96&d=mm&r=g\",\"caption\":\"Julia\"},\"url\":\"https:\\\/\\\/www.druckstdu.de\\\/magazin\\\/author\\\/julia\\\/\"}]}<\/script>\n<!-- \/ Yoast SEO plugin. -->","yoast_head_json":{"title":"Fotografie als Familienritual \ud83c\udfa8 Erinnerungen bewusst gestalten","description":"Wie Familienfotografie zu einem liebevollen Ritual wird. \ud83c\udfa8 Halten Sie besondere Momente fest mit hochwertigen Fotoprodukten von druckstdu!","canonical":"https:\/\/www.druckstdu.de\/magazin\/fotografie-als-familienritual-gemeinsame-erinnerungen-bewusst-gestalten\/","og_locale":"de_DE","og_type":"article","og_title":"Fotografie als Familienritual \ud83c\udfa8 Erinnerungen bewusst gestalten","og_description":"Wie Familienfotografie zu einem liebevollen Ritual wird. \ud83c\udfa8 Halten Sie besondere Momente fest mit hochwertigen Fotoprodukten von druckstdu!","og_url":"https:\/\/www.druckstdu.de\/magazin\/fotografie-als-familienritual-gemeinsame-erinnerungen-bewusst-gestalten\/","og_site_name":"Magazin | Druckstdu","article_published_time":"2025-09-18T03:50:40+00:00","article_modified_time":"2025-09-19T03:18:44+00:00","og_image":[{"width":1920,"height":628,"url":"https:\/\/www.druckstdu.de\/magazin\/wp-content\/uploads\/2025\/09\/familienfotografie-eltern-und-toechter-stehen-auf-einer-klippe-ueber-dem-meer.webp","type":"image\/webp"}],"author":"Julia","twitter_card":"summary_large_image","twitter_misc":{"Verfasst von":"Julia","Gesch\u00e4tzte Lesezeit":"10\u00a0Minuten"},"schema":{"@context":"https:\/\/schema.org","@graph":[{"@type":"Article","@id":"https:\/\/www.druckstdu.de\/magazin\/fotografie-als-familienritual-gemeinsame-erinnerungen-bewusst-gestalten\/#article","isPartOf":{"@id":"https:\/\/www.druckstdu.de\/magazin\/fotografie-als-familienritual-gemeinsame-erinnerungen-bewusst-gestalten\/"},"author":{"name":"Julia","@id":"https:\/\/www.druckstdu.de\/magazin\/#\/schema\/person\/21d94f7931f413d20158ecb9769efa5b"},"headline":"Fotografie als Familienritual: Gemeinsame Erinnerungen bewusst gestalten","datePublished":"2025-09-18T03:50:40+00:00","dateModified":"2025-09-19T03:18:44+00:00","mainEntityOfPage":{"@id":"https:\/\/www.druckstdu.de\/magazin\/fotografie-als-familienritual-gemeinsame-erinnerungen-bewusst-gestalten\/"},"wordCount":1823,"image":{"@id":"https:\/\/www.druckstdu.de\/magazin\/fotografie-als-familienritual-gemeinsame-erinnerungen-bewusst-gestalten\/#primaryimage"},"thumbnailUrl":"https:\/\/www.druckstdu.de\/magazin\/wp-content\/uploads\/2025\/09\/familienfotografie-eltern-und-toechter-stehen-auf-einer-klippe-ueber-dem-meer.webp","articleSection":["Fotografie"],"inLanguage":"de"},{"@type":"WebPage","@id":"https:\/\/www.druckstdu.de\/magazin\/fotografie-als-familienritual-gemeinsame-erinnerungen-bewusst-gestalten\/","url":"https:\/\/www.druckstdu.de\/magazin\/fotografie-als-familienritual-gemeinsame-erinnerungen-bewusst-gestalten\/","name":"Fotografie als Familienritual \ud83c\udfa8 Erinnerungen bewusst gestalten","isPartOf":{"@id":"https:\/\/www.druckstdu.de\/magazin\/#website"},"primaryImageOfPage":{"@id":"https:\/\/www.druckstdu.de\/magazin\/fotografie-als-familienritual-gemeinsame-erinnerungen-bewusst-gestalten\/#primaryimage"},"image":{"@id":"https:\/\/www.druckstdu.de\/magazin\/fotografie-als-familienritual-gemeinsame-erinnerungen-bewusst-gestalten\/#primaryimage"},"thumbnailUrl":"https:\/\/www.druckstdu.de\/magazin\/wp-content\/uploads\/2025\/09\/familienfotografie-eltern-und-toechter-stehen-auf-einer-klippe-ueber-dem-meer.webp","datePublished":"2025-09-18T03:50:40+00:00","dateModified":"2025-09-19T03:18:44+00:00","author":{"@id":"https:\/\/www.druckstdu.de\/magazin\/#\/schema\/person\/21d94f7931f413d20158ecb9769efa5b"},"description":"Wie Familienfotografie zu einem liebevollen Ritual wird. \ud83c\udfa8 Halten Sie besondere Momente fest mit hochwertigen Fotoprodukten von druckstdu!","breadcrumb":{"@id":"https:\/\/www.druckstdu.de\/magazin\/fotografie-als-familienritual-gemeinsame-erinnerungen-bewusst-gestalten\/#breadcrumb"},"inLanguage":"de","potentialAction":[{"@type":"ReadAction","target":["https:\/\/www.druckstdu.de\/magazin\/fotografie-als-familienritual-gemeinsame-erinnerungen-bewusst-gestalten\/"]}]},{"@type":"ImageObject","inLanguage":"de","@id":"https:\/\/www.druckstdu.de\/magazin\/fotografie-als-familienritual-gemeinsame-erinnerungen-bewusst-gestalten\/#primaryimage","url":"https:\/\/www.druckstdu.de\/magazin\/wp-content\/uploads\/2025\/09\/familienfotografie-eltern-und-toechter-stehen-auf-einer-klippe-ueber-dem-meer.webp","contentUrl":"https:\/\/www.druckstdu.de\/magazin\/wp-content\/uploads\/2025\/09\/familienfotografie-eltern-und-toechter-stehen-auf-einer-klippe-ueber-dem-meer.webp","width":1920,"height":628,"caption":"@travnikovstudio"},{"@type":"BreadcrumbList","@id":"https:\/\/www.druckstdu.de\/magazin\/fotografie-als-familienritual-gemeinsame-erinnerungen-bewusst-gestalten\/#breadcrumb","itemListElement":[{"@type":"ListItem","position":1,"name":"Startseite","item":"https:\/\/www.druckstdu.de\/magazin\/"},{"@type":"ListItem","position":2,"name":"Fotografie als Familienritual: Gemeinsame Erinnerungen bewusst gestalten"}]},{"@type":"WebSite","@id":"https:\/\/www.druckstdu.de\/magazin\/#website","url":"https:\/\/www.druckstdu.de\/magazin\/","name":"Magazin | Druckstdu","description":"","potentialAction":[{"@type":"SearchAction","target":{"@type":"EntryPoint","urlTemplate":"https:\/\/www.druckstdu.de\/magazin\/?s={search_term_string}"},"query-input":{"@type":"PropertyValueSpecification","valueRequired":true,"valueName":"search_term_string"}}],"inLanguage":"de"},{"@type":"Person","@id":"https:\/\/www.druckstdu.de\/magazin\/#\/schema\/person\/21d94f7931f413d20158ecb9769efa5b","name":"Julia","image":{"@type":"ImageObject","inLanguage":"de","@id":"https:\/\/secure.gravatar.com\/avatar\/f8d49d230387fe95329c8c2282dda447963627f07b20969a21414d5cb19c58dc?s=96&d=mm&r=g","url":"https:\/\/secure.gravatar.com\/avatar\/f8d49d230387fe95329c8c2282dda447963627f07b20969a21414d5cb19c58dc?s=96&d=mm&r=g","contentUrl":"https:\/\/secure.gravatar.com\/avatar\/f8d49d230387fe95329c8c2282dda447963627f07b20969a21414d5cb19c58dc?s=96&d=mm&r=g","caption":"Julia"},"url":"https:\/\/www.druckstdu.de\/magazin\/author\/julia\/"}]}},"wp-worthy-pixel":{"ignored":false,"public":null,"server":null,"url":null},"wp-worthy-type":"normal","_links":{"self":[{"href":"https:\/\/www.druckstdu.de\/magazin\/wp-json\/wp\/v2\/posts\/240","targetHints":{"allow":["GET"]}}],"collection":[{"href":"https:\/\/www.druckstdu.de\/magazin\/wp-json\/wp\/v2\/posts"}],"about":[{"href":"https:\/\/www.druckstdu.de\/magazin\/wp-json\/wp\/v2\/types\/post"}],"author":[{"embeddable":true,"href":"https:\/\/www.druckstdu.de\/magazin\/wp-json\/wp\/v2\/users\/3"}],"replies":[{"embeddable":true,"href":"https:\/\/www.druckstdu.de\/magazin\/wp-json\/wp\/v2\/comments?post=240"}],"version-history":[{"count":2,"href":"https:\/\/www.druckstdu.de\/magazin\/wp-json\/wp\/v2\/posts\/240\/revisions"}],"predecessor-version":[{"id":277,"href":"https:\/\/www.druckstdu.de\/magazin\/wp-json\/wp\/v2\/posts\/240\/revisions\/277"}],"wp:featuredmedia":[{"embeddable":true,"href":"https:\/\/www.druckstdu.de\/magazin\/wp-json\/wp\/v2\/media\/241"}],"wp:attachment":[{"href":"https:\/\/www.druckstdu.de\/magazin\/wp-json\/wp\/v2\/media?parent=240"}],"wp:term":[{"taxonomy":"category","embeddable":true,"href":"https:\/\/www.druckstdu.de\/magazin\/wp-json\/wp\/v2\/categories?post=240"},{"taxonomy":"post_tag","embeddable":true,"href":"https:\/\/www.druckstdu.de\/magazin\/wp-json\/wp\/v2\/tags?post=240"}],"curies":[{"name":"wp","href":"https:\/\/api.w.org\/{rel}","templated":true}]}}