{"id":243,"date":"2025-09-18T04:00:48","date_gmt":"2025-09-18T04:00:48","guid":{"rendered":"https:\/\/www.druckstdu.de\/magazin\/?p=243"},"modified":"2025-09-18T04:00:50","modified_gmt":"2025-09-18T04:00:50","slug":"erinnerungen-bewahren-mit-fotoprodukten","status":"publish","type":"post","link":"https:\/\/www.druckstdu.de\/magazin\/erinnerungen-bewahren-mit-fotoprodukten\/","title":{"rendered":"Erinnerungen bewahren: Mit Fotos und Bildern Momente f\u00fcr die Ewigkeit festhalten"},"content":{"rendered":"\n<p>Im hektischen Alltag gehen viele wertvolle Momente und Erinnerungen schnell verloren. Doch gerade in schwierigen Zeiten, wie bei Verlusten oder einschneidenden Ver\u00e4nderungen, wird uns bewusst, wie wichtig es ist, Erinnerungen zu bewahren. <strong>Fotos als Erinnerung<\/strong> sind dabei ein kraftvolles Mittel, um Momente f\u00fcr die Ewigkeit festzuhalten.<\/p>\n\n\n\n<h2 class=\"wp-block-heading\">Warum Erinnerungen bewahren wichtig ist<\/h2>\n\n\n\n<p>Erinnerungen sind der Schatz, der uns mit besonderen Momenten im Leben verbindet. Sie erinnern uns an geliebte Menschen, an Reisen, besondere Feierlichkeiten und alles, was unser Leben einzigartig macht. Gerade in herausfordernden Zeiten, wie bei der Trauer um einen geliebten Menschen, k\u00f6nnen <strong><a href=\"https:\/\/www.druckstdu.de\/magazin\/erinnerungen-festhalten-wie-gemeinsame-fotoprojekte-menschen-verbinden\/\">Bilder als Erinnerung<\/a><\/strong> dabei helfen, den Verlust zu verarbeiten und die sch\u00f6nen Momente festzuhalten. Fotos erm\u00f6glichen uns, uns mit der Vergangenheit zu verbinden und sie in die Gegenwart zu holen.<\/p>\n\n\n\n<h2 class=\"wp-block-heading\">Foto-Erinnerung: Wie Bilder dabei helfen, den Moment zu bewahren<\/h2>\n\n\n\n<p><strong>Fotografien sind mehr als nur Bilder<\/strong>. Sie sind Fenster in eine andere Zeit. Die <strong>Foto-Erinnerung<\/strong> schafft eine greifbare Verbindung zu vergangenen Erlebnissen und kann dabei helfen, den Schmerz \u00fcber den Verlust eines geliebten Menschen zu lindern. Jedes Foto erz\u00e4hlt eine Geschichte, die in den Erinnerungen weiterlebt, egal ob durch ein gemeinsames Familienbild, ein Portr\u00e4t oder ein Moment aus dem Alltag <\/p>\n\n\n\n<h2 class=\"wp-block-heading\">Erinnerungen bewahren durch personalisierte Fotoprodukte<\/h2>\n\n\n\n<h3 class=\"wp-block-heading\"><a href=\"https:\/\/www.druckstdu.de\/fotobuecher\/\"><strong>Fotob\u00fccher<\/strong><\/a><strong> \u2013 Ihre pers\u00f6nliche Erinnerungsgeschichte<\/strong><\/h3>\n\n\n\n<p>Ein <strong>Fotobuch<\/strong> ist ein wunderbares Medium, um Ihre Erinnerungen zu bewahren. Mit einem Fotobuch k\u00f6nnen Sie nicht nur die besten Bilder ausw\u00e4hlen, sondern auch Texte hinzuf\u00fcgen, die Ihre Emotionen und Gedanken zu den jeweiligen Momenten widerspiegeln. Dies macht das Fotobuch zu einem wertvollen, einzigartigen Erinnerungsst\u00fcck.<\/p>\n\n\n\n<h3 class=\"wp-block-heading\"><a href=\"https:\/\/www.druckstdu.de\/wandbilder\/\"><strong>Wandbilder<\/strong><\/a> <strong>\u2013 Erinnerungen im Alltag sichtbar machen<\/strong><\/h3>\n\n\n\n<p>Wenn Sie Ihre Erinnerungen t\u00e4glich um sich haben m\u00f6chten, sind <strong>Wandbilder<\/strong> eine ideale Wahl. Diese k\u00f6nnen in verschiedenen Formaten und Stilen gedruckt werden, von klassischen <a href=\"https:\/\/www.druckstdu.de\/wandbilder\/fotoposter\/\">Postern<\/a> hin zu modernen <a href=\"https:\/\/www.druckstdu.de\/wandbilder\/foto-auf-leinwand\/\">Leinwanddrucken<\/a>. Ein Wandbild mit einem besonderen Moment kann ein Gespr\u00e4ch anregen und Ihnen t\u00e4glich helfen, sich mit sch\u00f6nen Erinnerungen zu umgeben.<\/p>\n\n\n\n<h3 class=\"wp-block-heading\"><a href=\"https:\/\/www.druckstdu.de\/fotokalender\/\"><strong>Fotokalender<\/strong><\/a> <strong>\u2013 Erinnerungen das ganze Jahr \u00fcber<\/strong><\/h3>\n\n\n\n<p>Ein <strong>Fotokalender<\/strong> ist ein weiteres praktisches Fotoprodukt, das nicht nur funktional ist, sondern auch jeden Monat mit einem neuen Erinnerungsbild bereichert. So haben Sie jeden Tag eine kleine Portion Freude und k\u00f6nnen Ihre sch\u00f6nsten Momente immer wieder aufs Neue genie\u00dfen. Der Fotokalender ist das perfekte Geschenk f\u00fcr geliebte Menschen oder eine sch\u00f6ne M\u00f6glichkeit, das Jahr mit Ihren pers\u00f6nlichen Highlights zu verbinden.<\/p>\n\n\n\n<h2 class=\"wp-block-heading\">Tipps, um Ihre Erinnerungen richtig in Szene zu setzen<\/h2>\n\n\n\n<p>Um Ihre Erinnerungen optimal zur Geltung zu bringen, gibt es einige wichtige Aspekte, die Sie beachten sollten:<\/p>\n\n\n\n<ul class=\"wp-block-list\">\n<li><strong>W\u00e4hlen Sie hochwertige Fotos<\/strong>: Achten Sie darauf, dass die Fotos, die Sie ausw\u00e4hlen, eine hohe Qualit\u00e4t haben. Je besser die Aufl\u00f6sung, desto sch\u00f6ner wird das Endergebnis.<\/li>\n\n\n\n<li><strong>Ber\u00fccksichtigen Sie den emotionalen Wert<\/strong>: W\u00e4hlen Sie nicht nur die &#8222;perfekten&#8220; Bilder aus, sondern auch solche, die eine emotionale Bedeutung f\u00fcr Sie haben.<\/li>\n\n\n\n<li><strong>Nutzen Sie Text und Zitate<\/strong>: F\u00fcgen Sie pers\u00f6nliche Notizen oder Zitate hinzu, um den emotionalen Wert der Bilder zu unterstreichen.<\/li>\n\n\n\n<li><strong>Gestalten Sie mit Liebe<\/strong>: Lassen Sie Ihrer Kreativit\u00e4t freien Lauf. Ein individuell gestaltetes Fotobuch oder ein Wandbild wird zu einem einzigartigen Schatz.<\/li>\n<\/ul>\n\n\n\n<p>Mit diesen Tipps k\u00f6nnen Sie Ihre Erinnerungen nicht nur bewahren, sondern auch auf eine Weise gestalten, die Ihre pers\u00f6nliche Geschichte erz\u00e4hlt.<\/p>\n\n\n\n<h2 class=\"wp-block-heading\">Fazit: Erinnerungen bewahren leicht gemacht<\/h2>\n\n\n\n<p>Das Bewahren von Erinnerungen ist nicht nur eine M\u00f6glichkeit, die Vergangenheit zu sch\u00e4tzen, sondern auch, um sie in die Zukunft zu tragen. Mit <strong>Bildern als Erinnerung<\/strong> schaffen Sie Momente, die f\u00fcr immer bleiben. Nutzen Sie personalisierte Fotoprodukte, um Ihre Erinnerungen auf eine kreative und pers\u00f6nliche Weise zu verewigen. Bei <strong>druckstdu <\/strong>bieten wir Ihnen die M\u00f6glichkeit, Ihre Fotos ganz nach Ihren W\u00fcnschen zu gestalten und in hochwertigen Produkten zu verewigen.<\/p>\n\n\n\n<p>Gestalten Sie noch heute Ihr einzigartiges Fotobuch, Wandbild oder Fotokalender und halten Sie Ihre wertvollsten Erinnerungen fest!<\/p>\n\n\n\n<h2 class=\"wp-block-heading\">H\u00e4ufig gestellte Fragen (FAQ)<\/h2>\n\n\n\n<h3 class=\"wp-block-heading\">Was macht ein Fotobuch besonders f\u00fcr meine Erinnerungen?<\/h3>\n\n\n\n<p>Ein <strong>Fotobuch<\/strong> erlaubt es Ihnen, Ihre Fotos in einer Geschichte zu vereinen, die durch Texte, Zitate und Layouts noch emotionaler wird. Es ist eine wunderbare M\u00f6glichkeit, Ihre <strong>Erinnerungen zu bewahren<\/strong> und zu teilen.<\/p>\n\n\n\n<h3 class=\"wp-block-heading\">Wie w\u00e4hle ich die besten Fotos f\u00fcr meine Erinnerungsst\u00fccke aus?<\/h3>\n\n\n\n<p>W\u00e4hlen Sie Bilder, die eine emotionale Bedeutung f\u00fcr Sie haben. Achten Sie darauf, dass sie in guter Qualit\u00e4t vorliegen, damit das Endprodukt genauso beeindruckend wird.<\/p>\n\n\n\n<h3 class=\"wp-block-heading\">Kann ich meine Fotoprodukte bei druckstdu auch personalisieren?<\/h3>\n\n\n\n<p>Ja, bei <strong>druckstdu <\/strong>haben Sie die M\u00f6glichkeit, Ihre Fotoprodukte vollst\u00e4ndig zu personalisieren \u2013 von der Auswahl der Fotos bis zu Designs und Texten.<\/p>\n\n\n\n<h3 class=\"wp-block-heading\">Welche Fotoprodukte sind am besten geeignet, um Erinnerungen zu bewahren?<\/h3>\n\n\n\n<p>Fotob\u00fccher, Fotokalender und Wandbilder sind besonders gut geeignet, um Ihre Erinnerungen f\u00fcr immer zu bewahren. Sie k\u00f6nnen sie individuell gestalten und an Ihre W\u00fcnsche anpassen.<\/p>\n<a class=\"simplefavorite-button\" data-postid=\"243\" data-siteid=\"1\" data-groupid=\"1\" data-favoritecount=\"0\" style=\"\"><img decoding=\"async\" src=\"\/magazin\/wp-content\/uploads\/2025\/07\/heart.svg\">Speichern f\u00fcr sp\u00e4ter<\/a>","protected":false},"excerpt":{"rendered":"<p>Im hektischen Alltag gehen viele wertvolle Momente und Erinnerungen schnell verloren. Doch gerade in schwierigen Zeiten, wie bei Verlusten oder&#8230;<\/p>\n","protected":false},"author":3,"featured_media":244,"comment_status":"closed","ping_status":"closed","sticky":false,"template":"","format":"standard","meta":{"_acf_changed":false,"inline_featured_image":false,"footnotes":""},"categories":[4],"tags":[],"class_list":["post-243","post","type-post","status-publish","format-standard","has-post-thumbnail","hentry","category-diy"],"acf":[],"yoast_head":"<!-- This site is optimized with the Yoast SEO plugin v27.5 - https:\/\/yoast.com\/product\/yoast-seo-wordpress\/ -->\n<title>Erinnerungen bewahren: Fotos als Erinnerung kreativ gestalten<\/title>\n<meta name=\"description\" content=\"Erinnerungen bewahren auf kreative Weise! Mit personalisierten Fotoprodukten wie Fotob\u00fcchern, Wandbildern und Kalendern.\" \/>\n<link rel=\"canonical\" href=\"https:\/\/www.druckstdu.de\/magazin\/erinnerungen-bewahren-mit-fotoprodukten\/\" \/>\n<meta property=\"og:locale\" content=\"de_DE\" \/>\n<meta property=\"og:type\" content=\"article\" \/>\n<meta property=\"og:title\" content=\"Erinnerungen bewahren: Fotos als Erinnerung kreativ gestalten\" \/>\n<meta property=\"og:description\" content=\"Erinnerungen bewahren auf kreative Weise! Mit personalisierten Fotoprodukten wie Fotob\u00fcchern, Wandbildern und Kalendern.\" \/>\n<meta property=\"og:url\" content=\"https:\/\/www.druckstdu.de\/magazin\/erinnerungen-bewahren-mit-fotoprodukten\/\" \/>\n<meta property=\"og:site_name\" content=\"Magazin | Druckstdu\" \/>\n<meta property=\"article:published_time\" content=\"2025-09-18T04:00:48+00:00\" \/>\n<meta property=\"article:modified_time\" content=\"2025-09-18T04:00:50+00:00\" \/>\n<meta property=\"og:image\" content=\"https:\/\/www.druckstdu.de\/magazin\/wp-content\/uploads\/2025\/09\/erinnerungen-bewahren-alte-schwarz-weiss-fotos-in-einer-braunen-kiste.webp\" \/>\n\t<meta property=\"og:image:width\" content=\"1920\" \/>\n\t<meta property=\"og:image:height\" content=\"628\" \/>\n\t<meta property=\"og:image:type\" content=\"image\/webp\" \/>\n<meta name=\"author\" content=\"Julia\" \/>\n<meta name=\"twitter:card\" content=\"summary_large_image\" \/>\n<meta name=\"twitter:label1\" content=\"Verfasst von\" \/>\n\t<meta name=\"twitter:data1\" content=\"Julia\" \/>\n\t<meta name=\"twitter:label2\" content=\"Gesch\u00e4tzte Lesezeit\" \/>\n\t<meta name=\"twitter:data2\" content=\"5\u00a0Minuten\" \/>\n<script type=\"application\/ld+json\" class=\"yoast-schema-graph\">{\"@context\":\"https:\\\/\\\/schema.org\",\"@graph\":[{\"@type\":\"Article\",\"@id\":\"https:\\\/\\\/www.druckstdu.de\\\/magazin\\\/erinnerungen-bewahren-mit-fotoprodukten\\\/#article\",\"isPartOf\":{\"@id\":\"https:\\\/\\\/www.druckstdu.de\\\/magazin\\\/erinnerungen-bewahren-mit-fotoprodukten\\\/\"},\"author\":{\"name\":\"Julia\",\"@id\":\"https:\\\/\\\/www.druckstdu.de\\\/magazin\\\/#\\\/schema\\\/person\\\/21d94f7931f413d20158ecb9769efa5b\"},\"headline\":\"Erinnerungen bewahren: Mit Fotos und Bildern Momente f\u00fcr die Ewigkeit festhalten\",\"datePublished\":\"2025-09-18T04:00:48+00:00\",\"dateModified\":\"2025-09-18T04:00:50+00:00\",\"mainEntityOfPage\":{\"@id\":\"https:\\\/\\\/www.druckstdu.de\\\/magazin\\\/erinnerungen-bewahren-mit-fotoprodukten\\\/\"},\"wordCount\":816,\"image\":{\"@id\":\"https:\\\/\\\/www.druckstdu.de\\\/magazin\\\/erinnerungen-bewahren-mit-fotoprodukten\\\/#primaryimage\"},\"thumbnailUrl\":\"https:\\\/\\\/www.druckstdu.de\\\/magazin\\\/wp-content\\\/uploads\\\/2025\\\/09\\\/erinnerungen-bewahren-alte-schwarz-weiss-fotos-in-einer-braunen-kiste.webp\",\"articleSection\":[\"DIY\"],\"inLanguage\":\"de\"},{\"@type\":\"WebPage\",\"@id\":\"https:\\\/\\\/www.druckstdu.de\\\/magazin\\\/erinnerungen-bewahren-mit-fotoprodukten\\\/\",\"url\":\"https:\\\/\\\/www.druckstdu.de\\\/magazin\\\/erinnerungen-bewahren-mit-fotoprodukten\\\/\",\"name\":\"Erinnerungen bewahren: Fotos als Erinnerung kreativ gestalten\",\"isPartOf\":{\"@id\":\"https:\\\/\\\/www.druckstdu.de\\\/magazin\\\/#website\"},\"primaryImageOfPage\":{\"@id\":\"https:\\\/\\\/www.druckstdu.de\\\/magazin\\\/erinnerungen-bewahren-mit-fotoprodukten\\\/#primaryimage\"},\"image\":{\"@id\":\"https:\\\/\\\/www.druckstdu.de\\\/magazin\\\/erinnerungen-bewahren-mit-fotoprodukten\\\/#primaryimage\"},\"thumbnailUrl\":\"https:\\\/\\\/www.druckstdu.de\\\/magazin\\\/wp-content\\\/uploads\\\/2025\\\/09\\\/erinnerungen-bewahren-alte-schwarz-weiss-fotos-in-einer-braunen-kiste.webp\",\"datePublished\":\"2025-09-18T04:00:48+00:00\",\"dateModified\":\"2025-09-18T04:00:50+00:00\",\"author\":{\"@id\":\"https:\\\/\\\/www.druckstdu.de\\\/magazin\\\/#\\\/schema\\\/person\\\/21d94f7931f413d20158ecb9769efa5b\"},\"description\":\"Erinnerungen bewahren auf kreative Weise! Mit personalisierten Fotoprodukten wie Fotob\u00fcchern, Wandbildern und Kalendern.\",\"breadcrumb\":{\"@id\":\"https:\\\/\\\/www.druckstdu.de\\\/magazin\\\/erinnerungen-bewahren-mit-fotoprodukten\\\/#breadcrumb\"},\"inLanguage\":\"de\",\"potentialAction\":[{\"@type\":\"ReadAction\",\"target\":[\"https:\\\/\\\/www.druckstdu.de\\\/magazin\\\/erinnerungen-bewahren-mit-fotoprodukten\\\/\"]}]},{\"@type\":\"ImageObject\",\"inLanguage\":\"de\",\"@id\":\"https:\\\/\\\/www.druckstdu.de\\\/magazin\\\/erinnerungen-bewahren-mit-fotoprodukten\\\/#primaryimage\",\"url\":\"https:\\\/\\\/www.druckstdu.de\\\/magazin\\\/wp-content\\\/uploads\\\/2025\\\/09\\\/erinnerungen-bewahren-alte-schwarz-weiss-fotos-in-einer-braunen-kiste.webp\",\"contentUrl\":\"https:\\\/\\\/www.druckstdu.de\\\/magazin\\\/wp-content\\\/uploads\\\/2025\\\/09\\\/erinnerungen-bewahren-alte-schwarz-weiss-fotos-in-einer-braunen-kiste.webp\",\"width\":1920,\"height\":628,\"caption\":\"@Miray Bostanc\u0131 von Pexels\"},{\"@type\":\"BreadcrumbList\",\"@id\":\"https:\\\/\\\/www.druckstdu.de\\\/magazin\\\/erinnerungen-bewahren-mit-fotoprodukten\\\/#breadcrumb\",\"itemListElement\":[{\"@type\":\"ListItem\",\"position\":1,\"name\":\"Startseite\",\"item\":\"https:\\\/\\\/www.druckstdu.de\\\/magazin\\\/\"},{\"@type\":\"ListItem\",\"position\":2,\"name\":\"Erinnerungen bewahren: Mit Fotos und Bildern Momente f\u00fcr die Ewigkeit festhalten\"}]},{\"@type\":\"WebSite\",\"@id\":\"https:\\\/\\\/www.druckstdu.de\\\/magazin\\\/#website\",\"url\":\"https:\\\/\\\/www.druckstdu.de\\\/magazin\\\/\",\"name\":\"Magazin | Druckstdu\",\"description\":\"\",\"potentialAction\":[{\"@type\":\"SearchAction\",\"target\":{\"@type\":\"EntryPoint\",\"urlTemplate\":\"https:\\\/\\\/www.druckstdu.de\\\/magazin\\\/?s={search_term_string}\"},\"query-input\":{\"@type\":\"PropertyValueSpecification\",\"valueRequired\":true,\"valueName\":\"search_term_string\"}}],\"inLanguage\":\"de\"},{\"@type\":\"Person\",\"@id\":\"https:\\\/\\\/www.druckstdu.de\\\/magazin\\\/#\\\/schema\\\/person\\\/21d94f7931f413d20158ecb9769efa5b\",\"name\":\"Julia\",\"image\":{\"@type\":\"ImageObject\",\"inLanguage\":\"de\",\"@id\":\"https:\\\/\\\/secure.gravatar.com\\\/avatar\\\/f8d49d230387fe95329c8c2282dda447963627f07b20969a21414d5cb19c58dc?s=96&d=mm&r=g\",\"url\":\"https:\\\/\\\/secure.gravatar.com\\\/avatar\\\/f8d49d230387fe95329c8c2282dda447963627f07b20969a21414d5cb19c58dc?s=96&d=mm&r=g\",\"contentUrl\":\"https:\\\/\\\/secure.gravatar.com\\\/avatar\\\/f8d49d230387fe95329c8c2282dda447963627f07b20969a21414d5cb19c58dc?s=96&d=mm&r=g\",\"caption\":\"Julia\"},\"url\":\"https:\\\/\\\/www.druckstdu.de\\\/magazin\\\/author\\\/julia\\\/\"}]}<\/script>\n<!-- \/ Yoast SEO plugin. -->","yoast_head_json":{"title":"Erinnerungen bewahren: Fotos als Erinnerung kreativ gestalten","description":"Erinnerungen bewahren auf kreative Weise! Mit personalisierten Fotoprodukten wie Fotob\u00fcchern, Wandbildern und Kalendern.","canonical":"https:\/\/www.druckstdu.de\/magazin\/erinnerungen-bewahren-mit-fotoprodukten\/","og_locale":"de_DE","og_type":"article","og_title":"Erinnerungen bewahren: Fotos als Erinnerung kreativ gestalten","og_description":"Erinnerungen bewahren auf kreative Weise! Mit personalisierten Fotoprodukten wie Fotob\u00fcchern, Wandbildern und Kalendern.","og_url":"https:\/\/www.druckstdu.de\/magazin\/erinnerungen-bewahren-mit-fotoprodukten\/","og_site_name":"Magazin | Druckstdu","article_published_time":"2025-09-18T04:00:48+00:00","article_modified_time":"2025-09-18T04:00:50+00:00","og_image":[{"width":1920,"height":628,"url":"https:\/\/www.druckstdu.de\/magazin\/wp-content\/uploads\/2025\/09\/erinnerungen-bewahren-alte-schwarz-weiss-fotos-in-einer-braunen-kiste.webp","type":"image\/webp"}],"author":"Julia","twitter_card":"summary_large_image","twitter_misc":{"Verfasst von":"Julia","Gesch\u00e4tzte Lesezeit":"5\u00a0Minuten"},"schema":{"@context":"https:\/\/schema.org","@graph":[{"@type":"Article","@id":"https:\/\/www.druckstdu.de\/magazin\/erinnerungen-bewahren-mit-fotoprodukten\/#article","isPartOf":{"@id":"https:\/\/www.druckstdu.de\/magazin\/erinnerungen-bewahren-mit-fotoprodukten\/"},"author":{"name":"Julia","@id":"https:\/\/www.druckstdu.de\/magazin\/#\/schema\/person\/21d94f7931f413d20158ecb9769efa5b"},"headline":"Erinnerungen bewahren: Mit Fotos und Bildern Momente f\u00fcr die Ewigkeit festhalten","datePublished":"2025-09-18T04:00:48+00:00","dateModified":"2025-09-18T04:00:50+00:00","mainEntityOfPage":{"@id":"https:\/\/www.druckstdu.de\/magazin\/erinnerungen-bewahren-mit-fotoprodukten\/"},"wordCount":816,"image":{"@id":"https:\/\/www.druckstdu.de\/magazin\/erinnerungen-bewahren-mit-fotoprodukten\/#primaryimage"},"thumbnailUrl":"https:\/\/www.druckstdu.de\/magazin\/wp-content\/uploads\/2025\/09\/erinnerungen-bewahren-alte-schwarz-weiss-fotos-in-einer-braunen-kiste.webp","articleSection":["DIY"],"inLanguage":"de"},{"@type":"WebPage","@id":"https:\/\/www.druckstdu.de\/magazin\/erinnerungen-bewahren-mit-fotoprodukten\/","url":"https:\/\/www.druckstdu.de\/magazin\/erinnerungen-bewahren-mit-fotoprodukten\/","name":"Erinnerungen bewahren: Fotos als Erinnerung kreativ gestalten","isPartOf":{"@id":"https:\/\/www.druckstdu.de\/magazin\/#website"},"primaryImageOfPage":{"@id":"https:\/\/www.druckstdu.de\/magazin\/erinnerungen-bewahren-mit-fotoprodukten\/#primaryimage"},"image":{"@id":"https:\/\/www.druckstdu.de\/magazin\/erinnerungen-bewahren-mit-fotoprodukten\/#primaryimage"},"thumbnailUrl":"https:\/\/www.druckstdu.de\/magazin\/wp-content\/uploads\/2025\/09\/erinnerungen-bewahren-alte-schwarz-weiss-fotos-in-einer-braunen-kiste.webp","datePublished":"2025-09-18T04:00:48+00:00","dateModified":"2025-09-18T04:00:50+00:00","author":{"@id":"https:\/\/www.druckstdu.de\/magazin\/#\/schema\/person\/21d94f7931f413d20158ecb9769efa5b"},"description":"Erinnerungen bewahren auf kreative Weise! Mit personalisierten Fotoprodukten wie Fotob\u00fcchern, Wandbildern und Kalendern.","breadcrumb":{"@id":"https:\/\/www.druckstdu.de\/magazin\/erinnerungen-bewahren-mit-fotoprodukten\/#breadcrumb"},"inLanguage":"de","potentialAction":[{"@type":"ReadAction","target":["https:\/\/www.druckstdu.de\/magazin\/erinnerungen-bewahren-mit-fotoprodukten\/"]}]},{"@type":"ImageObject","inLanguage":"de","@id":"https:\/\/www.druckstdu.de\/magazin\/erinnerungen-bewahren-mit-fotoprodukten\/#primaryimage","url":"https:\/\/www.druckstdu.de\/magazin\/wp-content\/uploads\/2025\/09\/erinnerungen-bewahren-alte-schwarz-weiss-fotos-in-einer-braunen-kiste.webp","contentUrl":"https:\/\/www.druckstdu.de\/magazin\/wp-content\/uploads\/2025\/09\/erinnerungen-bewahren-alte-schwarz-weiss-fotos-in-einer-braunen-kiste.webp","width":1920,"height":628,"caption":"@Miray Bostanc\u0131 von Pexels"},{"@type":"BreadcrumbList","@id":"https:\/\/www.druckstdu.de\/magazin\/erinnerungen-bewahren-mit-fotoprodukten\/#breadcrumb","itemListElement":[{"@type":"ListItem","position":1,"name":"Startseite","item":"https:\/\/www.druckstdu.de\/magazin\/"},{"@type":"ListItem","position":2,"name":"Erinnerungen bewahren: Mit Fotos und Bildern Momente f\u00fcr die Ewigkeit festhalten"}]},{"@type":"WebSite","@id":"https:\/\/www.druckstdu.de\/magazin\/#website","url":"https:\/\/www.druckstdu.de\/magazin\/","name":"Magazin | Druckstdu","description":"","potentialAction":[{"@type":"SearchAction","target":{"@type":"EntryPoint","urlTemplate":"https:\/\/www.druckstdu.de\/magazin\/?s={search_term_string}"},"query-input":{"@type":"PropertyValueSpecification","valueRequired":true,"valueName":"search_term_string"}}],"inLanguage":"de"},{"@type":"Person","@id":"https:\/\/www.druckstdu.de\/magazin\/#\/schema\/person\/21d94f7931f413d20158ecb9769efa5b","name":"Julia","image":{"@type":"ImageObject","inLanguage":"de","@id":"https:\/\/secure.gravatar.com\/avatar\/f8d49d230387fe95329c8c2282dda447963627f07b20969a21414d5cb19c58dc?s=96&d=mm&r=g","url":"https:\/\/secure.gravatar.com\/avatar\/f8d49d230387fe95329c8c2282dda447963627f07b20969a21414d5cb19c58dc?s=96&d=mm&r=g","contentUrl":"https:\/\/secure.gravatar.com\/avatar\/f8d49d230387fe95329c8c2282dda447963627f07b20969a21414d5cb19c58dc?s=96&d=mm&r=g","caption":"Julia"},"url":"https:\/\/www.druckstdu.de\/magazin\/author\/julia\/"}]}},"wp-worthy-pixel":{"ignored":false,"public":null,"server":null,"url":null},"wp-worthy-type":"normal","_links":{"self":[{"href":"https:\/\/www.druckstdu.de\/magazin\/wp-json\/wp\/v2\/posts\/243","targetHints":{"allow":["GET"]}}],"collection":[{"href":"https:\/\/www.druckstdu.de\/magazin\/wp-json\/wp\/v2\/posts"}],"about":[{"href":"https:\/\/www.druckstdu.de\/magazin\/wp-json\/wp\/v2\/types\/post"}],"author":[{"embeddable":true,"href":"https:\/\/www.druckstdu.de\/magazin\/wp-json\/wp\/v2\/users\/3"}],"replies":[{"embeddable":true,"href":"https:\/\/www.druckstdu.de\/magazin\/wp-json\/wp\/v2\/comments?post=243"}],"version-history":[{"count":1,"href":"https:\/\/www.druckstdu.de\/magazin\/wp-json\/wp\/v2\/posts\/243\/revisions"}],"predecessor-version":[{"id":245,"href":"https:\/\/www.druckstdu.de\/magazin\/wp-json\/wp\/v2\/posts\/243\/revisions\/245"}],"wp:featuredmedia":[{"embeddable":true,"href":"https:\/\/www.druckstdu.de\/magazin\/wp-json\/wp\/v2\/media\/244"}],"wp:attachment":[{"href":"https:\/\/www.druckstdu.de\/magazin\/wp-json\/wp\/v2\/media?parent=243"}],"wp:term":[{"taxonomy":"category","embeddable":true,"href":"https:\/\/www.druckstdu.de\/magazin\/wp-json\/wp\/v2\/categories?post=243"},{"taxonomy":"post_tag","embeddable":true,"href":"https:\/\/www.druckstdu.de\/magazin\/wp-json\/wp\/v2\/tags?post=243"}],"curies":[{"name":"wp","href":"https:\/\/api.w.org\/{rel}","templated":true}]}}