{"id":248,"date":"2025-09-18T04:09:43","date_gmt":"2025-09-18T04:09:43","guid":{"rendered":"https:\/\/www.druckstdu.de\/magazin\/?p=248"},"modified":"2025-09-19T03:17:59","modified_gmt":"2025-09-19T03:17:59","slug":"digitale-erinnerung-wie-wir-heute-unsere-schoensten-momente-bewahren","status":"publish","type":"post","link":"https:\/\/www.druckstdu.de\/magazin\/digitale-erinnerung-wie-wir-heute-unsere-schoensten-momente-bewahren\/","title":{"rendered":"Digitale Erinnerung: Wie wir heute unsere sch\u00f6nsten Momente bewahren"},"content":{"rendered":"\n<p>In der heutigen Zeit ist die Fotografie aus unserem Leben nicht mehr wegzudenken. Vom schnellen Schnappschuss mit dem Smartphone bis zu professionellen Aufnahmen, die unsere sch\u00f6nsten Momente f\u00fcr die Ewigkeit festhalten, hat sich die Art und Weise, wie wir Erinnerungen bewahren, stark ver\u00e4ndert. Doch wie wirkt sich dieser Wandel auf die Erinnerungskultur aus? Wie beeinflusst die digitale Fotografie unser Verst\u00e4ndnis von Erinnerungen? In diesem Blogbeitrag werfen wir einen Blick auf diese Fragen und zeigen, wie die Fotografie im digitalen Zeitalter unsere Art zu erinnern neu definiert \u2013 und wie Sie davon profitieren k\u00f6nnen, um Ihre pers\u00f6nlichen Erinnerungen auf kreative Weise festzuhalten.<\/p>\n\n\n\n<h2 class=\"wp-block-heading\">Die digitale Erinnerung: Was bedeutet das?<\/h2>\n\n\n\n<p><strong>Digitale Erinnerung<\/strong> ist ein Begriff, der die Art und Weise beschreibt, wie wir heute visuelle Erinnerungen speichern und wieder aufrufen. Im Gegensatz zu fr\u00fcheren Zeiten, als Fotos in Alben abgeheftet oder auf Papier gedruckt wurden, finden sich unsere Erinnerungen heute zunehmend in der digitalen Welt. Unsere <a href=\"https:\/\/www.druckstdu.de\/magazin\/instagram-bilder-offline-geniessen\/\">Smartphones sind voll von Bildern<\/a>, die uns an Urlaube, <a href=\"https:\/\/www.druckstdu.de\/fotokarten\/geburtstagseinladungen\/\">Geburtstagsfeiern<\/a>, <a href=\"https:\/\/www.druckstdu.de\/fotokarten\/hochzeitskarten\/\">Hochzeiten<\/a> und unz\u00e4hlige andere Momente erinnern. Aber die Digitalisierung hat noch weitreichendere Folgen f\u00fcr die Art und Weise, wie wir unsere Erinnerungen konzipieren und teilen.<\/p>\n\n\n\n<ul class=\"wp-block-list\">\n<li><strong>Erinnerungen in der Cloud:<\/strong> Fotos werden nicht mehr nur auf Festplatten gespeichert, sondern auch in der Cloud abgelegt, wodurch sie jederzeit und von jedem Ort aus zug\u00e4nglich sind. Diese digitale Speicherung hat die Art und Weise, wie wir uns an Ereignisse erinnern, nachhaltig ver\u00e4ndert.<\/li>\n\n\n\n<li><strong>Instant-Fotografie:<\/strong> Dank der Kamerafunktionen auf Smartphones sind wir heute in der Lage, fast jeden Moment sofort zu fotografieren und zu teilen. Diese st\u00e4ndige Verf\u00fcgbarkeit von Fototechnologie hat dazu gef\u00fchrt, dass Erinnerungen in Echtzeit aufgenommen und sofort mit anderen geteilt werden.<\/li>\n\n\n\n<li><strong>Einfache Bearbeitung:<\/strong> Die digitale Fotografie erm\u00f6glicht es uns, Bilder sofort zu bearbeiten, zu versch\u00f6nern und zu filtern. Dies erlaubt uns, unsere Erinnerungen nicht nur zu dokumentieren, sondern sie auch zu gestalten und zu verbessern.<\/li>\n<\/ul>\n\n\n\n<h2 class=\"wp-block-heading\">Visuelle Kultur im digitalen Raum<\/h2>\n\n\n\n<p>Die visuelle Kultur hat sich mit der Digitalisierung stark ver\u00e4ndert. Fotos sind l\u00e4ngst nicht mehr nur private Erinnerungsst\u00fccke, sondern auch Teil einer breiten, \u00f6ffentlichen Diskussion. Plattformen wie Instagram, Pinterest und Facebook erm\u00f6glichen es uns, unsere Erinnerungen und Erlebnisse mit der Welt zu teilen. Was fr\u00fcher in privaten Fotoalben verstaute, wird heute zu einem \u00f6ffentlichen Dokument von Momenten und Erlebnissen, die f\u00fcr andere zug\u00e4nglich sind.<\/p>\n\n\n\n<p>Die Art und Weise, wie wir heute Fotos betrachten, ist durch soziale Netzwerke gepr\u00e4gt. Bilder sind nicht mehr nur pers\u00f6nliche Aufzeichnungen, sondern auch soziale W\u00e4hrung. Sie erz\u00e4hlen Geschichten, transportieren Emotionen und vermitteln Informationen. Visuelle Kultur im digitalen Raum bedeutet, dass Fotos zunehmend in einem \u00f6ffentlichen Kontext betrachtet werden \u2013 und das hat einen direkten Einfluss darauf, wie wir Erinnerungen bewahren.<\/p>\n\n\n\n<h2 class=\"wp-block-heading\">Der Einfluss der sozialen Medien auf unsere Erinnerungen<\/h2>\n\n\n\n<p>Soziale Netzwerke haben die Art und Weise, wie wir Erinnerungen speichern, revolutioniert. Anstatt Fotos nur f\u00fcr uns zu behalten, teilen wir sie auf Plattformen wie Instagram, Snapchat oder Facebook. Diese digitalen Erinnerungen sind nicht nur in der \u201eCloud\u201c gespeichert, sondern werden auch durch Likes, Kommentare und Shares von anderen Menschen st\u00e4ndig best\u00e4tigt. Das macht Erinnerungen zu einem sozialen Erlebnis und beeinflusst, wie wir sie in Zukunft wahrnehmen.<\/p>\n\n\n\n<p>Ein Foto, das auf Facebook gepostet wird, erh\u00e4lt nicht nur Aufmerksamkeit von Freunden und Familie, sondern auch von Unbekannten, die es m\u00f6glicherweise in ihren eigenen sozialen Netzwerken teilen. Diese Art der Visualisierung verst\u00e4rkt das Gef\u00fchl der Zugeh\u00f6rigkeit und schafft eine Art kollektiver Erinnerung.<\/p>\n\n\n\n<h2 class=\"wp-block-heading\">Fotografieren f\u00fcr die Ewigkeit: Vom Fotoalbum zum digitalen Archiv<\/h2>\n\n\n\n<p>Fr\u00fcher wurden Erinnerungen haupts\u00e4chlich in Fotoalben aufbewahrt. Doch in der heutigen Zeit ist das digitale Fotoalbum die bevorzugte Methode, um Momente festzuhalten. Diese Form der Erinnerung ist nicht nur viel flexibler, sondern auch einfacher zug\u00e4nglich. Mit wenigen Klicks k\u00f6nnen Sie Ihre Fotos auf verschiedenen Ger\u00e4ten speichern, durchst\u00f6bern und jederzeit aufrufen.<\/p>\n\n\n\n<p>Der \u00dcbergang von analogen Fotoalben zu digitalen Archiven hat auch Auswirkungen auf die langfristige Bewahrung von Erinnerungen. Heute haben Sie die M\u00f6glichkeit, Ihre Fotos in der Cloud zu speichern, sodass sie nicht nur f\u00fcr Sie, sondern auch f\u00fcr zuk\u00fcnftige Generationen zug\u00e4nglich sind. Dies schafft eine nachhaltige Form der Erinnerung, die ohne physische Barrieren funktioniert.<\/p>\n\n\n\n<h3 class=\"wp-block-heading\">Tipps zur Erstellung von pers\u00f6nlichen Fotoprodukten<\/h3>\n\n\n\n<p>Die Gestaltung personalisierter Fotoprodukte ist eine kreative M\u00f6glichkeit, digitale Erinnerungen in greifbare, einzigartige Kunstwerke zu verwandeln. Mit einigen einfachen Tipps k\u00f6nnen Sie Ihre Fotos zu besonderen Geschenken oder Dekorationen machen, die Sie f\u00fcr immer sch\u00e4tzen werden.<\/p>\n\n\n\n<ul class=\"wp-block-list\">\n<li><a href=\"https:\/\/www.druckstdu.de\/fotobuecher\/\"><strong>Fotob\u00fccher<\/strong><\/a> <strong>gestalten<\/strong>: Erstellen Sie ein Fotobuch, das die wichtigsten Momente des Jahres oder eines besonderen Ereignisses festh\u00e4lt. Fotob\u00fccher sind eine wunderbare M\u00f6glichkeit, Ihre Erinnerungen auf eine kreative und handfeste Weise zu bewahren.<\/li>\n\n\n\n<li><a href=\"https:\/\/www.druckstdu.de\/fotokalender\/\"><strong>Fotokalender<\/strong><\/a> <strong>erstellen<\/strong>: Mit einem personalisierten Fotokalender k\u00f6nnen Sie Ihre Lieblingsbilder jedes Jahr in den Fokus r\u00fccken. Gestalten Sie den Kalender so, dass er zu Ihrem pers\u00f6nlichen Stil passt und als st\u00e4ndige Erinnerung an besondere Momente dient.<\/li>\n\n\n\n<li><a href=\"https:\/\/www.druckstdu.de\/wandbilder\/\"><strong>Wandbilder<\/strong><\/a> <strong>und Poster<\/strong>: Ein individuelles Wandbild oder Poster mit Ihrem Lieblingsfoto sorgt f\u00fcr eine pers\u00f6nliche Note in Ihrer Wohnung. Diese Art der Fotopr\u00e4sentation l\u00e4sst Erinnerungen immer wieder aufleben.<\/li>\n\n\n\n<li><a href=\"https:\/\/www.druckstdu.de\/fotokarten\/\"><strong>Fotokarten<\/strong><\/a><strong> als Geschenke<\/strong>: Mit individuell gestalteten Fotokarten k\u00f6nnen Sie Ihre besonderen Momente nicht nur f\u00fcr sich behalten, sondern auch mit Freunden und Familie teilen.<\/li>\n<\/ul>\n\n\n\n<p>Durch diese Produkte k\u00f6nnen Sie Ihre digitalen Erinnerungen in greifbare, wertvolle Gegenst\u00e4nde verwandeln, die <a href=\"https:\/\/www.druckstdu.de\/magazin\/bilder-mit-eigenen-erinnerungen\/\">Ihr Zuhause versch\u00f6nern<\/a> und eine pers\u00f6nliche Note verleihen.<\/p>\n\n\n\n<h2 class=\"wp-block-heading\">Die Rolle von Bearbeitung und Filtern in digitalen Erinnerungen<\/h2>\n\n\n\n<p>Ein weiterer Aspekt, der die digitale Erinnerung pr\u00e4gt, ist die Bildbearbeitung. Mit Tools wie Instagram oder spezialisierten Fotobearbeitungsapps k\u00f6nnen wir unsere Bilder bearbeiten und verbessern. Dabei entstehen neue, kreative Ausdrucksformen, die weit \u00fcber die blo\u00dfe Dokumentation eines Moments hinausgehen.<\/p>\n\n\n\n<p>Die Frage nach Authentizit\u00e4t stellt sich hier oft: Wie viel Bearbeitung ist zu viel? W\u00e4hrend einige das Hinzuf\u00fcgen von Filtern und Effekten als kreativen Ausdruck sehen, empfinden andere es als Manipulation der Erinnerungen. Letztlich liegt es an jedem Einzelnen, zu entscheiden, wie viel \u201ePerfektion\u201c er in seinen Erinnerungen w\u00fcnscht. Eines steht jedoch fest: Die M\u00f6glichkeit zur Bildbearbeitung ver\u00e4ndert die Art und Weise, wie wir uns an Ereignisse erinnern.<\/p>\n\n\n\n<h2 class=\"wp-block-heading\">Erinnerungen in der Cloud und ihre langfristige Bedeutung<\/h2>\n\n\n\n<p>Ein wesentlicher Bestandteil der digitalen Erinnerung ist die Cloud. Heute speichern viele Menschen ihre Fotos in Online-Diensten wie Google Fotos, iCloud oder Dropbox. Diese Cloud-basierte Speicherung erm\u00f6glicht es, Erinnerungen sicher zu bewahren und von verschiedenen Ger\u00e4ten aus darauf zuzugreifen. Doch auch hier stellt sich die Frage nach der Langlebigkeit und Zug\u00e4nglichkeit dieser digitalen Erinnerungen. Was passiert mit unseren Fotos, wenn Cloud-Dienste eingestellt oder ge\u00e4ndert werden? Wie stellen wir sicher, dass unsere Erinnerungen nicht verloren gehen?<\/p>\n\n\n\n<p>Es ist ratsam, regelm\u00e4\u00dfig Backups der Fotos zu erstellen und sie auf verschiedenen Plattformen zu speichern, um sicherzustellen, dass sie auch langfristig zug\u00e4nglich bleiben.<\/p>\n\n\n\n<h2 class=\"wp-block-heading\">Fazit: Digitale Erinnerung und ihre kreative Gestaltung<\/h2>\n\n\n\n<p>Die <strong>digitale Erinnerung<\/strong> ist mehr als nur die Speicherung von Fotos \u2013 sie ist eine kreative, gesellschaftliche und kulturelle Praxis. Mit der Digitalisierung haben wir die M\u00f6glichkeit, unsere Erinnerungen auf vielf\u00e4ltige Weise zu gestalten, zu teilen und zu bewahren. Das Speichern und Bearbeiten von Fotos in der Cloud hat die Art, wie wir uns an vergangene Momente erinnern, revolutioniert. Doch es liegt an uns, wie wir diese Erinnerungen f\u00fcr die Zukunft aufbewahren und welche Bedeutung wir ihnen beimessen.<\/p>\n\n\n\n<p>Individuelle Fotoprodukte wie Fotob\u00fccher, Wandbilder oder Fotokalender sind nicht nur eine sch\u00f6ne M\u00f6glichkeit, Erinnerungen zu konservieren, sondern auch eine wunderbare Art, Ihre pers\u00f6nliche Kreativit\u00e4t auszuleben. \u00dcberlassen Sie Ihre wertvollen Momente nicht nur der digitalen Welt, sondern bringen Sie sie in eine Form, die Sie immer wieder genie\u00dfen k\u00f6nnen. <strong>Jetzt entdecken<\/strong> Sie die vielf\u00e4ltigen M\u00f6glichkeiten zur Gestaltung Ihrer Erinnerungen \u2013 bei druckstdu, Ihrem Partner f\u00fcr hochwertige, personalisierte Fotoprodukte.<\/p>\n\n\n\n<h2 class=\"wp-block-heading\">FAQ: Digitale Erinnerung<\/h2>\n\n\n\n<h3 class=\"wp-block-heading\"><strong>Was ist digitale Erinnerung?<\/strong><\/h3>\n\n\n\n<p>Digitale Erinnerung bezieht sich auf die Speicherung und Verwaltung von Erinnerungen in digitaler Form, h\u00e4ufig durch Fotografie und die Nutzung von Cloud-Diensten. Diese Art der Erinnerung bietet Flexibilit\u00e4t und Zug\u00e4nglichkeit und ver\u00e4ndert die Art und Weise, wie wir unsere Momente festhalten.<\/p>\n\n\n\n<h3 class=\"wp-block-heading\"><strong>Wie beeinflussen soziale Medien unsere Erinnerungen?<\/strong><\/h3>\n\n\n\n<p>Soziale Medien erm\u00f6glichen es uns, Erinnerungen \u00f6ffentlich zu teilen und mit anderen zu interagieren. Sie bieten eine Plattform, um Fotos zu verbreiten, die dann durch Kommentare und Likes sozial validiert werden. So werden Erinnerungen nicht nur privat gespeichert, sondern auch sozial konstruiert.<\/p>\n\n\n\n<h3 class=\"wp-block-heading\"><strong>Was ist der Unterschied zwischen analoger und digitaler Erinnerung?<\/strong><\/h3>\n\n\n\n<p>Analoge Erinnerungen wurden traditionell in physischen Formaten wie Fotoalben oder Drucken gespeichert. Digitale Erinnerungen hingegen werden in digitalen Dateien gespeichert, die jederzeit zug\u00e4nglich sind und auf verschiedenen Ger\u00e4ten geteilt werden k\u00f6nnen.<\/p>\n\n\n\n<h3 class=\"wp-block-heading\"><strong>Wie kann ich meine digitalen Erinnerungen kreativ gestalten?<\/strong><\/h3>\n\n\n\n<p>Durch die Erstellung von Fotoprodukten wie Fotob\u00fcchern, Wandbildern oder Fotokalendern k\u00f6nnen Sie Ihre digitalen Erinnerungen in kreative, greifbare Objekte verwandeln, die Ihre Erinnerungen lebendig halten.<\/p>\n\n\n\n<h3 class=\"wp-block-heading\"><strong>Sind digitale Erinnerungen sicher gespeichert?<\/strong><\/h3>\n\n\n\n<p>Die Sicherheit digitaler Erinnerungen h\u00e4ngt von der Wahl der Speicherplattform ab. Es ist wichtig, regelm\u00e4\u00dfige Backups Ihrer Fotos zu erstellen und sie auf verschiedenen Plattformen zu speichern, um sicherzustellen, dass sie nicht verloren gehen.<\/p>\n\n\n\n<h3 class=\"wp-block-heading\"><strong>Welche Vorteile bietet das Drucken von Fotos im digitalen Zeitalter?<\/strong><\/h3>\n\n\n\n<p>Das Drucken von Fotos erm\u00f6glicht es Ihnen, Ihre digitalen Erinnerungen in physische Form zu bringen, was die emotionale Bedeutung von Erinnerungen verst\u00e4rken kann. Zudem bieten gedruckte Fotoprodukte eine M\u00f6glichkeit, diese Erinnerungen auf kreative Weise zu pr\u00e4sentieren und zu teilen.<\/p>\n\n\n\n<h3 class=\"wp-block-heading\"><strong>Warum sollte ich Fotoprodukte personalisieren?<\/strong><\/h3>\n\n\n\n<p>Personalisierten Fotoprodukten verleihen Sie eine individuelle Note, die Ihre Erinnerungen noch einzigartiger macht. Sie sind nicht nur kreative Kunstwerke, sondern auch wertvolle, emotionale Geschenke f\u00fcr Freunde und Familie.<\/p>\n<a class=\"simplefavorite-button\" data-postid=\"248\" data-siteid=\"1\" data-groupid=\"1\" data-favoritecount=\"0\" style=\"\"><img decoding=\"async\" src=\"\/magazin\/wp-content\/uploads\/2025\/07\/heart.svg\">Speichern f\u00fcr sp\u00e4ter<\/a>","protected":false},"excerpt":{"rendered":"<p>In der heutigen Zeit ist die Fotografie aus unserem Leben nicht mehr wegzudenken. Vom schnellen Schnappschuss mit dem Smartphone bis&#8230;<\/p>\n","protected":false},"author":3,"featured_media":249,"comment_status":"closed","ping_status":"closed","sticky":false,"template":"","format":"standard","meta":{"_acf_changed":false,"inline_featured_image":false,"footnotes":""},"categories":[5],"tags":[],"class_list":["post-248","post","type-post","status-publish","format-standard","has-post-thumbnail","hentry","category-fotografie"],"acf":[],"yoast_head":"<!-- This site is optimized with the Yoast SEO plugin v27.5 - https:\/\/yoast.com\/product\/yoast-seo-wordpress\/ -->\n<title>Digitale Erinnerung: Unsere sch\u00f6nsten Momente bewahren<\/title>\n<meta name=\"description\" content=\"Wie digitale Erinnerung unsere Fotografie ver\u00e4ndert + Wie Sie mit Fotoprodukten wie Fotob\u00fcchern &amp; Wandbildern Erinnerungen bewahren.\" \/>\n<link rel=\"canonical\" href=\"https:\/\/www.druckstdu.de\/magazin\/digitale-erinnerung-wie-wir-heute-unsere-schoensten-momente-bewahren\/\" \/>\n<meta property=\"og:locale\" content=\"de_DE\" \/>\n<meta property=\"og:type\" content=\"article\" \/>\n<meta property=\"og:title\" content=\"Digitale Erinnerung: Unsere sch\u00f6nsten Momente bewahren\" \/>\n<meta property=\"og:description\" content=\"Wie digitale Erinnerung unsere Fotografie ver\u00e4ndert + Wie Sie mit Fotoprodukten wie Fotob\u00fcchern &amp; Wandbildern Erinnerungen bewahren.\" \/>\n<meta property=\"og:url\" content=\"https:\/\/www.druckstdu.de\/magazin\/digitale-erinnerung-wie-wir-heute-unsere-schoensten-momente-bewahren\/\" \/>\n<meta property=\"og:site_name\" content=\"Magazin | Druckstdu\" \/>\n<meta property=\"article:published_time\" content=\"2025-09-18T04:09:43+00:00\" \/>\n<meta property=\"article:modified_time\" content=\"2025-09-19T03:17:59+00:00\" \/>\n<meta property=\"og:image\" content=\"https:\/\/www.druckstdu.de\/magazin\/wp-content\/uploads\/2025\/09\/digitale-erinnerungen-mann-haelt-handy-in-der-hand-darauf-sein-instagram-profil-mit-fotos.webp\" \/>\n\t<meta property=\"og:image:width\" content=\"1920\" \/>\n\t<meta property=\"og:image:height\" content=\"628\" \/>\n\t<meta property=\"og:image:type\" content=\"image\/webp\" \/>\n<meta name=\"author\" content=\"Julia\" \/>\n<meta name=\"twitter:card\" content=\"summary_large_image\" \/>\n<meta name=\"twitter:label1\" content=\"Verfasst von\" \/>\n\t<meta name=\"twitter:data1\" content=\"Julia\" \/>\n\t<meta name=\"twitter:label2\" content=\"Gesch\u00e4tzte Lesezeit\" \/>\n\t<meta name=\"twitter:data2\" content=\"9\u00a0Minuten\" \/>\n<script type=\"application\/ld+json\" class=\"yoast-schema-graph\">{\"@context\":\"https:\\\/\\\/schema.org\",\"@graph\":[{\"@type\":\"Article\",\"@id\":\"https:\\\/\\\/www.druckstdu.de\\\/magazin\\\/digitale-erinnerung-wie-wir-heute-unsere-schoensten-momente-bewahren\\\/#article\",\"isPartOf\":{\"@id\":\"https:\\\/\\\/www.druckstdu.de\\\/magazin\\\/digitale-erinnerung-wie-wir-heute-unsere-schoensten-momente-bewahren\\\/\"},\"author\":{\"name\":\"Julia\",\"@id\":\"https:\\\/\\\/www.druckstdu.de\\\/magazin\\\/#\\\/schema\\\/person\\\/21d94f7931f413d20158ecb9769efa5b\"},\"headline\":\"Digitale Erinnerung: Wie wir heute unsere sch\u00f6nsten Momente bewahren\",\"datePublished\":\"2025-09-18T04:09:43+00:00\",\"dateModified\":\"2025-09-19T03:17:59+00:00\",\"mainEntityOfPage\":{\"@id\":\"https:\\\/\\\/www.druckstdu.de\\\/magazin\\\/digitale-erinnerung-wie-wir-heute-unsere-schoensten-momente-bewahren\\\/\"},\"wordCount\":1636,\"image\":{\"@id\":\"https:\\\/\\\/www.druckstdu.de\\\/magazin\\\/digitale-erinnerung-wie-wir-heute-unsere-schoensten-momente-bewahren\\\/#primaryimage\"},\"thumbnailUrl\":\"https:\\\/\\\/www.druckstdu.de\\\/magazin\\\/wp-content\\\/uploads\\\/2025\\\/09\\\/digitale-erinnerungen-mann-haelt-handy-in-der-hand-darauf-sein-instagram-profil-mit-fotos.webp\",\"articleSection\":[\"Fotografie\"],\"inLanguage\":\"de\"},{\"@type\":\"WebPage\",\"@id\":\"https:\\\/\\\/www.druckstdu.de\\\/magazin\\\/digitale-erinnerung-wie-wir-heute-unsere-schoensten-momente-bewahren\\\/\",\"url\":\"https:\\\/\\\/www.druckstdu.de\\\/magazin\\\/digitale-erinnerung-wie-wir-heute-unsere-schoensten-momente-bewahren\\\/\",\"name\":\"Digitale Erinnerung: Unsere sch\u00f6nsten Momente bewahren\",\"isPartOf\":{\"@id\":\"https:\\\/\\\/www.druckstdu.de\\\/magazin\\\/#website\"},\"primaryImageOfPage\":{\"@id\":\"https:\\\/\\\/www.druckstdu.de\\\/magazin\\\/digitale-erinnerung-wie-wir-heute-unsere-schoensten-momente-bewahren\\\/#primaryimage\"},\"image\":{\"@id\":\"https:\\\/\\\/www.druckstdu.de\\\/magazin\\\/digitale-erinnerung-wie-wir-heute-unsere-schoensten-momente-bewahren\\\/#primaryimage\"},\"thumbnailUrl\":\"https:\\\/\\\/www.druckstdu.de\\\/magazin\\\/wp-content\\\/uploads\\\/2025\\\/09\\\/digitale-erinnerungen-mann-haelt-handy-in-der-hand-darauf-sein-instagram-profil-mit-fotos.webp\",\"datePublished\":\"2025-09-18T04:09:43+00:00\",\"dateModified\":\"2025-09-19T03:17:59+00:00\",\"author\":{\"@id\":\"https:\\\/\\\/www.druckstdu.de\\\/magazin\\\/#\\\/schema\\\/person\\\/21d94f7931f413d20158ecb9769efa5b\"},\"description\":\"Wie digitale Erinnerung unsere Fotografie ver\u00e4ndert + Wie Sie mit Fotoprodukten wie Fotob\u00fcchern & Wandbildern Erinnerungen bewahren.\",\"breadcrumb\":{\"@id\":\"https:\\\/\\\/www.druckstdu.de\\\/magazin\\\/digitale-erinnerung-wie-wir-heute-unsere-schoensten-momente-bewahren\\\/#breadcrumb\"},\"inLanguage\":\"de\",\"potentialAction\":[{\"@type\":\"ReadAction\",\"target\":[\"https:\\\/\\\/www.druckstdu.de\\\/magazin\\\/digitale-erinnerung-wie-wir-heute-unsere-schoensten-momente-bewahren\\\/\"]}]},{\"@type\":\"ImageObject\",\"inLanguage\":\"de\",\"@id\":\"https:\\\/\\\/www.druckstdu.de\\\/magazin\\\/digitale-erinnerung-wie-wir-heute-unsere-schoensten-momente-bewahren\\\/#primaryimage\",\"url\":\"https:\\\/\\\/www.druckstdu.de\\\/magazin\\\/wp-content\\\/uploads\\\/2025\\\/09\\\/digitale-erinnerungen-mann-haelt-handy-in-der-hand-darauf-sein-instagram-profil-mit-fotos.webp\",\"contentUrl\":\"https:\\\/\\\/www.druckstdu.de\\\/magazin\\\/wp-content\\\/uploads\\\/2025\\\/09\\\/digitale-erinnerungen-mann-haelt-handy-in-der-hand-darauf-sein-instagram-profil-mit-fotos.webp\",\"width\":1920,\"height\":628,\"caption\":\"@Manav Sharma von Pexels\"},{\"@type\":\"BreadcrumbList\",\"@id\":\"https:\\\/\\\/www.druckstdu.de\\\/magazin\\\/digitale-erinnerung-wie-wir-heute-unsere-schoensten-momente-bewahren\\\/#breadcrumb\",\"itemListElement\":[{\"@type\":\"ListItem\",\"position\":1,\"name\":\"Startseite\",\"item\":\"https:\\\/\\\/www.druckstdu.de\\\/magazin\\\/\"},{\"@type\":\"ListItem\",\"position\":2,\"name\":\"Digitale Erinnerung: Wie wir heute unsere sch\u00f6nsten Momente bewahren\"}]},{\"@type\":\"WebSite\",\"@id\":\"https:\\\/\\\/www.druckstdu.de\\\/magazin\\\/#website\",\"url\":\"https:\\\/\\\/www.druckstdu.de\\\/magazin\\\/\",\"name\":\"Magazin | Druckstdu\",\"description\":\"\",\"potentialAction\":[{\"@type\":\"SearchAction\",\"target\":{\"@type\":\"EntryPoint\",\"urlTemplate\":\"https:\\\/\\\/www.druckstdu.de\\\/magazin\\\/?s={search_term_string}\"},\"query-input\":{\"@type\":\"PropertyValueSpecification\",\"valueRequired\":true,\"valueName\":\"search_term_string\"}}],\"inLanguage\":\"de\"},{\"@type\":\"Person\",\"@id\":\"https:\\\/\\\/www.druckstdu.de\\\/magazin\\\/#\\\/schema\\\/person\\\/21d94f7931f413d20158ecb9769efa5b\",\"name\":\"Julia\",\"image\":{\"@type\":\"ImageObject\",\"inLanguage\":\"de\",\"@id\":\"https:\\\/\\\/secure.gravatar.com\\\/avatar\\\/f8d49d230387fe95329c8c2282dda447963627f07b20969a21414d5cb19c58dc?s=96&d=mm&r=g\",\"url\":\"https:\\\/\\\/secure.gravatar.com\\\/avatar\\\/f8d49d230387fe95329c8c2282dda447963627f07b20969a21414d5cb19c58dc?s=96&d=mm&r=g\",\"contentUrl\":\"https:\\\/\\\/secure.gravatar.com\\\/avatar\\\/f8d49d230387fe95329c8c2282dda447963627f07b20969a21414d5cb19c58dc?s=96&d=mm&r=g\",\"caption\":\"Julia\"},\"url\":\"https:\\\/\\\/www.druckstdu.de\\\/magazin\\\/author\\\/julia\\\/\"}]}<\/script>\n<!-- \/ Yoast SEO plugin. -->","yoast_head_json":{"title":"Digitale Erinnerung: Unsere sch\u00f6nsten Momente bewahren","description":"Wie digitale Erinnerung unsere Fotografie ver\u00e4ndert + Wie Sie mit Fotoprodukten wie Fotob\u00fcchern & Wandbildern Erinnerungen bewahren.","canonical":"https:\/\/www.druckstdu.de\/magazin\/digitale-erinnerung-wie-wir-heute-unsere-schoensten-momente-bewahren\/","og_locale":"de_DE","og_type":"article","og_title":"Digitale Erinnerung: Unsere sch\u00f6nsten Momente bewahren","og_description":"Wie digitale Erinnerung unsere Fotografie ver\u00e4ndert + Wie Sie mit Fotoprodukten wie Fotob\u00fcchern & Wandbildern Erinnerungen bewahren.","og_url":"https:\/\/www.druckstdu.de\/magazin\/digitale-erinnerung-wie-wir-heute-unsere-schoensten-momente-bewahren\/","og_site_name":"Magazin | Druckstdu","article_published_time":"2025-09-18T04:09:43+00:00","article_modified_time":"2025-09-19T03:17:59+00:00","og_image":[{"width":1920,"height":628,"url":"https:\/\/www.druckstdu.de\/magazin\/wp-content\/uploads\/2025\/09\/digitale-erinnerungen-mann-haelt-handy-in-der-hand-darauf-sein-instagram-profil-mit-fotos.webp","type":"image\/webp"}],"author":"Julia","twitter_card":"summary_large_image","twitter_misc":{"Verfasst von":"Julia","Gesch\u00e4tzte Lesezeit":"9\u00a0Minuten"},"schema":{"@context":"https:\/\/schema.org","@graph":[{"@type":"Article","@id":"https:\/\/www.druckstdu.de\/magazin\/digitale-erinnerung-wie-wir-heute-unsere-schoensten-momente-bewahren\/#article","isPartOf":{"@id":"https:\/\/www.druckstdu.de\/magazin\/digitale-erinnerung-wie-wir-heute-unsere-schoensten-momente-bewahren\/"},"author":{"name":"Julia","@id":"https:\/\/www.druckstdu.de\/magazin\/#\/schema\/person\/21d94f7931f413d20158ecb9769efa5b"},"headline":"Digitale Erinnerung: Wie wir heute unsere sch\u00f6nsten Momente bewahren","datePublished":"2025-09-18T04:09:43+00:00","dateModified":"2025-09-19T03:17:59+00:00","mainEntityOfPage":{"@id":"https:\/\/www.druckstdu.de\/magazin\/digitale-erinnerung-wie-wir-heute-unsere-schoensten-momente-bewahren\/"},"wordCount":1636,"image":{"@id":"https:\/\/www.druckstdu.de\/magazin\/digitale-erinnerung-wie-wir-heute-unsere-schoensten-momente-bewahren\/#primaryimage"},"thumbnailUrl":"https:\/\/www.druckstdu.de\/magazin\/wp-content\/uploads\/2025\/09\/digitale-erinnerungen-mann-haelt-handy-in-der-hand-darauf-sein-instagram-profil-mit-fotos.webp","articleSection":["Fotografie"],"inLanguage":"de"},{"@type":"WebPage","@id":"https:\/\/www.druckstdu.de\/magazin\/digitale-erinnerung-wie-wir-heute-unsere-schoensten-momente-bewahren\/","url":"https:\/\/www.druckstdu.de\/magazin\/digitale-erinnerung-wie-wir-heute-unsere-schoensten-momente-bewahren\/","name":"Digitale Erinnerung: Unsere sch\u00f6nsten Momente bewahren","isPartOf":{"@id":"https:\/\/www.druckstdu.de\/magazin\/#website"},"primaryImageOfPage":{"@id":"https:\/\/www.druckstdu.de\/magazin\/digitale-erinnerung-wie-wir-heute-unsere-schoensten-momente-bewahren\/#primaryimage"},"image":{"@id":"https:\/\/www.druckstdu.de\/magazin\/digitale-erinnerung-wie-wir-heute-unsere-schoensten-momente-bewahren\/#primaryimage"},"thumbnailUrl":"https:\/\/www.druckstdu.de\/magazin\/wp-content\/uploads\/2025\/09\/digitale-erinnerungen-mann-haelt-handy-in-der-hand-darauf-sein-instagram-profil-mit-fotos.webp","datePublished":"2025-09-18T04:09:43+00:00","dateModified":"2025-09-19T03:17:59+00:00","author":{"@id":"https:\/\/www.druckstdu.de\/magazin\/#\/schema\/person\/21d94f7931f413d20158ecb9769efa5b"},"description":"Wie digitale Erinnerung unsere Fotografie ver\u00e4ndert + Wie Sie mit Fotoprodukten wie Fotob\u00fcchern & Wandbildern Erinnerungen bewahren.","breadcrumb":{"@id":"https:\/\/www.druckstdu.de\/magazin\/digitale-erinnerung-wie-wir-heute-unsere-schoensten-momente-bewahren\/#breadcrumb"},"inLanguage":"de","potentialAction":[{"@type":"ReadAction","target":["https:\/\/www.druckstdu.de\/magazin\/digitale-erinnerung-wie-wir-heute-unsere-schoensten-momente-bewahren\/"]}]},{"@type":"ImageObject","inLanguage":"de","@id":"https:\/\/www.druckstdu.de\/magazin\/digitale-erinnerung-wie-wir-heute-unsere-schoensten-momente-bewahren\/#primaryimage","url":"https:\/\/www.druckstdu.de\/magazin\/wp-content\/uploads\/2025\/09\/digitale-erinnerungen-mann-haelt-handy-in-der-hand-darauf-sein-instagram-profil-mit-fotos.webp","contentUrl":"https:\/\/www.druckstdu.de\/magazin\/wp-content\/uploads\/2025\/09\/digitale-erinnerungen-mann-haelt-handy-in-der-hand-darauf-sein-instagram-profil-mit-fotos.webp","width":1920,"height":628,"caption":"@Manav Sharma von Pexels"},{"@type":"BreadcrumbList","@id":"https:\/\/www.druckstdu.de\/magazin\/digitale-erinnerung-wie-wir-heute-unsere-schoensten-momente-bewahren\/#breadcrumb","itemListElement":[{"@type":"ListItem","position":1,"name":"Startseite","item":"https:\/\/www.druckstdu.de\/magazin\/"},{"@type":"ListItem","position":2,"name":"Digitale Erinnerung: Wie wir heute unsere sch\u00f6nsten Momente bewahren"}]},{"@type":"WebSite","@id":"https:\/\/www.druckstdu.de\/magazin\/#website","url":"https:\/\/www.druckstdu.de\/magazin\/","name":"Magazin | Druckstdu","description":"","potentialAction":[{"@type":"SearchAction","target":{"@type":"EntryPoint","urlTemplate":"https:\/\/www.druckstdu.de\/magazin\/?s={search_term_string}"},"query-input":{"@type":"PropertyValueSpecification","valueRequired":true,"valueName":"search_term_string"}}],"inLanguage":"de"},{"@type":"Person","@id":"https:\/\/www.druckstdu.de\/magazin\/#\/schema\/person\/21d94f7931f413d20158ecb9769efa5b","name":"Julia","image":{"@type":"ImageObject","inLanguage":"de","@id":"https:\/\/secure.gravatar.com\/avatar\/f8d49d230387fe95329c8c2282dda447963627f07b20969a21414d5cb19c58dc?s=96&d=mm&r=g","url":"https:\/\/secure.gravatar.com\/avatar\/f8d49d230387fe95329c8c2282dda447963627f07b20969a21414d5cb19c58dc?s=96&d=mm&r=g","contentUrl":"https:\/\/secure.gravatar.com\/avatar\/f8d49d230387fe95329c8c2282dda447963627f07b20969a21414d5cb19c58dc?s=96&d=mm&r=g","caption":"Julia"},"url":"https:\/\/www.druckstdu.de\/magazin\/author\/julia\/"}]}},"wp-worthy-pixel":{"ignored":false,"public":null,"server":null,"url":null},"wp-worthy-type":"normal","_links":{"self":[{"href":"https:\/\/www.druckstdu.de\/magazin\/wp-json\/wp\/v2\/posts\/248","targetHints":{"allow":["GET"]}}],"collection":[{"href":"https:\/\/www.druckstdu.de\/magazin\/wp-json\/wp\/v2\/posts"}],"about":[{"href":"https:\/\/www.druckstdu.de\/magazin\/wp-json\/wp\/v2\/types\/post"}],"author":[{"embeddable":true,"href":"https:\/\/www.druckstdu.de\/magazin\/wp-json\/wp\/v2\/users\/3"}],"replies":[{"embeddable":true,"href":"https:\/\/www.druckstdu.de\/magazin\/wp-json\/wp\/v2\/comments?post=248"}],"version-history":[{"count":2,"href":"https:\/\/www.druckstdu.de\/magazin\/wp-json\/wp\/v2\/posts\/248\/revisions"}],"predecessor-version":[{"id":276,"href":"https:\/\/www.druckstdu.de\/magazin\/wp-json\/wp\/v2\/posts\/248\/revisions\/276"}],"wp:featuredmedia":[{"embeddable":true,"href":"https:\/\/www.druckstdu.de\/magazin\/wp-json\/wp\/v2\/media\/249"}],"wp:attachment":[{"href":"https:\/\/www.druckstdu.de\/magazin\/wp-json\/wp\/v2\/media?parent=248"}],"wp:term":[{"taxonomy":"category","embeddable":true,"href":"https:\/\/www.druckstdu.de\/magazin\/wp-json\/wp\/v2\/categories?post=248"},{"taxonomy":"post_tag","embeddable":true,"href":"https:\/\/www.druckstdu.de\/magazin\/wp-json\/wp\/v2\/tags?post=248"}],"curies":[{"name":"wp","href":"https:\/\/api.w.org\/{rel}","templated":true}]}}