{"id":254,"date":"2025-09-19T01:49:51","date_gmt":"2025-09-19T01:49:51","guid":{"rendered":"https:\/\/www.druckstdu.de\/magazin\/?p=254"},"modified":"2025-09-19T02:08:25","modified_gmt":"2025-09-19T02:08:25","slug":"digitale-erinnerung-mit-bildern","status":"publish","type":"post","link":"https:\/\/www.druckstdu.de\/magazin\/digitale-erinnerung-mit-bildern\/","title":{"rendered":"Die Kunst des Erinnerns: Wie digitale Erinnerung unsere Identit\u00e4t formt"},"content":{"rendered":"\n<p><strong>Digitale Erinnerungen<\/strong> sind heute allgegenw\u00e4rtig. T\u00e4glich halten wir besondere Momente mit der Smartphone-Kamera fest \u2013 von spontanen Schnappsch\u00fcssen bis zu sorgf\u00e4ltig geplanten Fotos. Im Jahr 2020 wurden weltweit etwa <strong>1,4 Billionen digitale Fotos<\/strong> aufgenommen (Tendenz steigend!). Doch was passiert mit all diesen Aufnahmen? Viel zu oft schlummern sie unbesehen auf Festplatten oder in der Cloud. Dabei sind diese Bilder weit mehr als nur Dateien \u2013 sie sind visuelle Tageb\u00fccher unseres Lebens. <strong>Fotos bewahren Erlebnisse<\/strong>, Emotionen und Geschichten, die uns gepr\u00e4gt haben und zu dem Menschen machen, der wir sind. In diesem Beitrag erfahren Sie, warum Bilder ein so m\u00e4chtiges <strong>Ged\u00e4chtnis<\/strong> f\u00fcr unsere Identit\u00e4t sind und wie Sie Ihre <a href=\"https:\/\/www.druckstdu.de\/magazin\/erinnerungen-bewahren-mit-fotoprodukten\/\">digitalen Erinnerungen<\/a> in wertvolle, greifbare Sch\u00e4tze verwandeln k\u00f6nnen.<\/p>\n\n\n\n<h2 class=\"wp-block-heading\">Digitale Erinnerungen als Teil unserer Identit\u00e4t<\/h2>\n\n\n\n<p>Unsere pers\u00f6nlichen Erinnerungen bilden das Fundament unserer Pers\u00f6nlichkeit und Identit\u00e4t. So wie ein Fotoalbum die H\u00f6hepunkte eines Lebens sammelt, speichert unser autobiografisches Ged\u00e4chtnis all die Erfahrungen, die uns ausmachen. <strong>Bilder spielen dabei eine besondere Rolle:<\/strong> Ein einziges Foto kann uns in Bruchteilen von Sekunden an einen fr\u00fcheren Moment zur\u00fcckversetzen. Schon das Durchbl\u00e4ttern eines alten Fotoalbums kann eine <em>Flut von Erinnerungen<\/em> ausl\u00f6sen \u2013 pl\u00f6tzlich sind Ger\u00e4usche, D\u00fcfte und Gef\u00fchle von damals wieder pr\u00e4sent.<\/p>\n\n\n\n<p>Bilder dienen als <em>Ankerpunkte<\/em> f\u00fcr Erlebnisse: Das Familienfoto vom letzten Urlaub l\u00e4sst die Sonne und das Meeresrauschen wieder lebendig werden; das Hochzeitsbild auf dem Sideboard erinnert jeden Tag an das gegebene Versprechen und die Emotionen dieses besonderen Tages. <strong>Fotos erz\u00e4hlen unsere Lebensgeschichte<\/strong> in visuellen Kapiteln. Indem wir regelm\u00e4\u00dfig in Bildern schwelgen, <em>reflektieren wir unsere Vergangenheit<\/em> und verstehen besser, welche Momente und Menschen uns geformt haben. Psychologen betonen, dass gerade diese autobiografischen Erinnerungen \u2013 oft unterst\u00fctzt durch Fotos \u2013 eng mit unserem Selbstbild verkn\u00fcpft sind. Unsere digitalen Aufnahmen sind somit Teil unserer Identit\u00e4t: Sie dokumentieren Erfolge und Meilensteine, bewahren aber auch Alltagsmomente, aus denen unser <em>wahres Leben<\/em> besteht.<\/p>\n\n\n\n<p><strong>Tipp:<\/strong> Machen Sie sich bewusst, welche Fotos Ihnen am wichtigsten sind. Fragen Sie sich, <em>warum<\/em> genau dieses Bild Sie emotional ber\u00fchrt. Indem Sie die Bedeutung hinter Ihren Lieblingsfotos erkennen, st\u00e4rken Sie die Verbindung zwischen Erinnerung und Identit\u00e4t.<\/p>\n\n\n\n<h2 class=\"wp-block-heading\">Erinnerungstechniken: Bilder als Ged\u00e4chtnisst\u00fctze nutzen<\/h2>\n\n\n\n<p>Nat\u00fcrlich gibt es viele <strong>Erinnerungstechniken<\/strong>, um Erlebnisse fest im Ged\u00e4chtnis zu verankern \u2013 vom Tagebuchschreiben \u00fcber das Erz\u00e4hlen von Geschichten bis zu modernen digitalen Archiven. Doch <strong>Bilder sind eine der kraftvollsten Ged\u00e4chtnisst\u00fctzen<\/strong>: Ein bekanntes Sprichwort sagt, <em>&#8222;Ein Bild sagt mehr als tausend Worte.&#8220;<\/em> Visuelle Eindr\u00fccke werden vom Gehirn h\u00e4ufig besser und l\u00e4nger gespeichert als reine Worte. Fotos sprechen unsere Emotionen direkt an und erleichtern es, Erinnerungen lebendig zu halten.<\/p>\n\n\n\n<p>Damit Ihre <strong><a href=\"https:\/\/www.druckstdu.de\/magazin\/digitale-erinnerung-wie-wir-heute-unsere-schoensten-momente-bewahren\/\">digitalen Erinnerungen<\/a><\/strong> nicht in der Masse untergehen, lohnt es sich, ein paar Techniken bewusst anzuwenden, um die sch\u00f6nsten Momente immer wieder ins Ged\u00e4chtnis zu rufen:<\/p>\n\n\n\n<ul class=\"wp-block-list\">\n<li><strong>Bewusst fotografieren:<\/strong> Halten Sie nicht jeden x-beliebigen Moment fest, sondern konzentrieren Sie sich auf <em>besondere Augenblicke<\/em>. Ein Foto wird wertvoller, wenn es mit einer bedeutenden Geschichte oder Emotion verkn\u00fcpft ist. \u00dcberlegen Sie beim Dr\u00fccken des Ausl\u00f6sers: <em>Welche Erinnerung m\u00f6chte ich bewahren<\/em>?<\/li>\n\n\n\n<li><strong>Regelm\u00e4\u00dfig innehalten und erinnern:<\/strong> Planen Sie sich gelegentlich Zeit ein, um durch Ihre Foto-Bibliothek zu st\u00f6bern. Vielleicht etablieren Sie ein Ritual, etwa jeden Monat ein <strong>&#8222;Flashback-Abend&#8220;<\/strong> mit der Familie, an dem alle gemeinsam alte Fotos anschauen. Solche gemeinsamen Erinnerungsmomente st\u00e4rken auch den Familienzusammenhalt und vermitteln Kindern das Gef\u00fchl f\u00fcr ihre eigene Geschichte.<\/li>\n\n\n\n<li><strong>Geschichten zu Bildern erz\u00e4hlen:<\/strong> Verkn\u00fcpfen Sie Fotos mit kurzen Geschichten oder Notizen. Ob in einem digitalen Album oder handschriftlich im Fotoalbum \u2013 erg\u00e4nzen Sie zu wichtigen Bildern einige S\u00e4tze: <em>Was passierte in diesem Moment?<\/em> <em>Wie haben Sie sich gef\u00fchlt?<\/em> Durch diese Erz\u00e4hlungen werden Erinnerungen noch greifbarer.<\/li>\n\n\n\n<li><strong>Kreativ werden mit Erinnerungsst\u00fccken:<\/strong> Machen Sie aus digitalen Fotos echte <em>Erinnerungsobjekte<\/em>. Ob ein selbst gestaltetes <strong>Fotobuch<\/strong>, eine Collage oder ein gro\u00dfer <strong>Wandkalender<\/strong> f\u00fcrs neue Jahr \u2013 solche Projekte lassen Sie die Erlebnisse beim Gestalten erneut durchleben. Gleichzeitig entstehen haptische Erinnerungsst\u00fccke, die Sie jederzeit zur Hand nehmen k\u00f6nnen.<\/li>\n<\/ul>\n\n\n\n<p>Diese Techniken helfen dabei, die digitale Bilderflut zu ordnen und in <em>pers\u00f6nliche Sch\u00e4tze<\/em> zu verwandeln. Sie werden merken: Je aktiver Sie sich mit Ihren Fotos besch\u00e4ftigen, desto tiefer pr\u00e4gen sich die enthaltenen Erinnerungen ein \u2013 und desto bewusster wird Ihnen, was diese Erlebnisse f\u00fcr Sie bedeuten.<\/p>\n\n\n\n<h2 class=\"wp-block-heading\">Vom digitalen Foto zum greifbaren Erinnerungsst\u00fcck<\/h2>\n\n\n\n<p>So praktisch Smartphone-Galerien und Cloud-Ordner sind \u2013 <strong>digitale Erinnerungen<\/strong> laufen Gefahr, in Vergessenheit zu geraten. Schnell sind Bilder durch fehlende Backups verloren oder gehen im Datendschungel unter. Der wahre Wert Ihrer Fotos zeigt sich aber erst, wenn Sie sie <em>betrachten, anfassen und teilen<\/em> k\u00f6nnen. <strong>Gedruckte Fotos und Fotoalben erleben derzeit eine Renaissance<\/strong>, weil viele Menschen merken: Ein Bildschirm kann das Gef\u00fchl, ein sch\u00f6nes Foto in den H\u00e4nden zu halten, nicht ersetzen.<\/p>\n\n\n\n<h3 class=\"wp-block-heading\">Warum gedruckte Fotos unersetzlich sind<\/h3>\n\n\n\n<p>Gedruckte Fotoprodukte \u2013 vom klassischen Fotoabzug bis zum professionell gebundenen Fotobuch \u2013 bieten gegen\u00fcber rein digitalen Bildern zahlreiche Vorteile. Hier einige Gr\u00fcnde, warum es sich lohnt, digitale Aufnahmen <em>den Weg aufs Papier<\/em> finden zu lassen:<\/p>\n\n\n\n<ul class=\"wp-block-list\">\n<li><strong>Emotionale Wirkung und Haptik:<\/strong> Ein auf hochwertigem Papier gedrucktes Foto spricht gleich mehrere Sinne an. Das Umbl\u00e4ttern von Seiten, die Struktur des Papiers und der besondere <strong>Duft eines Fotobuchs<\/strong> schaffen ein intensiveres Erlebnis, als nur auf einem Bildschirm zu wischen. Ein Album l\u00e4sst Sie im wahrsten Sinne <em>in Erinnerungen bl\u00e4ttern<\/em>.<\/li>\n\n\n\n<li><strong>Bewussteres Erleben:<\/strong> W\u00e4hrend wir digitale Bilder oft hastig weiterklicken, nehmen wir uns f\u00fcr ein Fotoalbum bewusst Zeit.\u201eIm gem\u00fctlichen Sessel ein Album durchzubl\u00e4ttern, vielleicht mit einer Tasse Tee, l\u00e4sst Erinnerungen viel tiefer wirken. Jede Seite erh\u00e4lt mehr Aufmerksamkeit \u2013 die sch\u00f6nsten Erinnerungen bekommen so den Raum, den sie verdienen.<\/li>\n\n\n\n<li><strong>Langlebigkeit:<\/strong> Anders als digitale Dateien, die in den Untiefen der Festplatte verschwinden oder bei einem Defekt verloren gehen k\u00f6nnen, bleibt ein gedrucktes Buch \u00fcber Jahre hinweg erhalten. Hochwertig gedruckte Fotos verblassen dank moderner Drucktechnik kaum und \u00fcberdauern Generationen. Sie schaffen ein echtes Erbst\u00fcck, das auch noch Ihre Kinder und Enkel an Ihre Lebensgeschichten erinnern wird.<\/li>\n\n\n\n<li><strong>Personalisierung und Individualit\u00e4t:<\/strong> Bei einem eigenen Fotobuch oder Album entscheiden <em>Sie<\/em> \u00fcber das Aussehen. Vom edlen Ledereinband bis zum farbenfrohen Collagen-Stil, vom gro\u00dfen Wandposter bis zur kleinen Fotokarte \u2013 gedruckte Erinnerungen sind so individuell wie die Menschen darauf. Diese pers\u00f6nliche Gestaltung macht ein Fotoprodukt zu <strong>Ihrem<\/strong> Unikat.<\/li>\n\n\n\n<li><strong>Teilen und Schenken:<\/strong> Ein sch\u00f6n gestaltetes Album oder ein gerahmtes Bild eignet sich hervorragend, um Erinnerungen mit anderen zu teilen. Ob auf dem Couchtisch als Gespr\u00e4chsanlass f\u00fcr G\u00e4ste oder als liebevolles Geschenk zum Geburtstag \u2013 analoge Fotos laden zum gemeinsamen Anschauen und <strong>Nostalgie teilen<\/strong> ein. Ein individuell gestaltetes Fotobuch ist eine besonders pers\u00f6nliche Geschenkidee, die beim Beschenkten Emotionen weckt und einen hohen ideellen Wert hat.<\/li>\n<\/ul>\n\n\n\n<p><a href=\"https:\/\/www.druckstdu.de\/magazin\/digitale-fotos-entwickeln\/\">Gedruckte Fotos <strong>erz\u00e4hlen Geschichten<\/strong><\/a> auf eine Art, die digitale Alben oft nicht erreichen. Sie werden Teil Ihres Zuhauses und Alltags \u2013 sei es das gerahmte Hochzeitsfoto im Wohnzimmer oder das <strong>Familienfotobuch<\/strong> im Regal, zu dem Sie immer wieder greifen. So bleibt Ihre Lebensgeschichte pr\u00e4sent und <strong>f\u00fchlbar<\/strong>.<\/p>\n\n\n\n<h2 class=\"wp-block-heading\">Tipps: So gestalten Sie Ihre pers\u00f6nlichen Erinnerungsst\u00fccke<\/h2>\n\n\n\n<p>Sie fragen sich, <strong>wie Sie aus Ihren digitalen Erinnerungen etwas Greifbares machen<\/strong> k\u00f6nnen? Mit personalisierten Fotoprodukten haben Sie viele kreative M\u00f6glichkeiten, Ihr eigenes Erinnerungsprojekt umzusetzen \u2013 sei es ein <a href=\"https:\/\/www.druckstdu.de\/fotobuecher\/\">Fotobuch<\/a>, ein <a href=\"https:\/\/www.druckstdu.de\/fotokalender\/\">Kalender<\/a> oder ein <a href=\"https:\/\/www.druckstdu.de\/wandbilder\/\">Wandbild<\/a>:<\/p>\n\n\n\n<ul class=\"wp-block-list\">\n<li><strong>Thema und Format w\u00e4hlen:<\/strong> \u00dcberlegen Sie zun\u00e4chst, <em>welche Geschichte<\/em> Sie erz\u00e4hlen m\u00f6chten. Geht es um das vergangene Jahr, einen besonderen Urlaub, die ersten Schritte Ihres Kindes oder einen anderen Anlass? W\u00e4hlen Sie entsprechend ein passendes <strong>Produkt<\/strong>: Ein Fotobuch eignet sich z.B. perfekt, um eine fortlaufende Geschichte zu erz\u00e4hlen, w\u00e4hrend ein Fotokalender 12 Monats-Highlights pr\u00e4sentiert. Auch Wandbilder oder Collagen sind tolle Optionen, um <em>einzelne Lieblingsmotive<\/em> gro\u00df in Szene zu setzen.<\/li>\n\n\n\n<li><strong>Fotos ausw\u00e4hlen und sortieren:<\/strong> Nehmen Sie sich etwas Zeit, um Ihre digitalen Bilder zu sichten. Treffen Sie eine Auswahl der Fotos, die die Geschichte am besten widerspiegeln. Achten Sie auf <em>Qualit\u00e4t und Aufl\u00f6sung<\/em> der Bilder, damit sie im Druck gut zur Geltung kommen. Sortieren Sie die Bilder in der gew\u00fcnschten Reihenfolge \u2013 etwa chronologisch oder thematisch. Ein Tipp: Weniger ist oft mehr. W\u00e4hlen Sie lieber die sch\u00f6nsten 50 Bilder f\u00fcr ein Fotobuch aus, anstatt 200 mittelm\u00e4\u00dfige \u2013 so bleibt das Album spannend und kurzweilig.<\/li>\n\n\n\n<li><strong>Gestaltung beginnen \u2013 Vorlage oder Eigenkreation:<\/strong> \u00d6ffnen Sie den Online-Designer (z. B. <strong>druckstdu<\/strong>) und w\u00e4hlen Sie eine <strong>Vorlage<\/strong>, die zum Anlass passt. Sie haben bei uns die volle Gestaltungsfreiheit: Ob modern, verspielt oder klassisch \u2013 entscheiden Sie sich f\u00fcr ein Design, das Ihren Stil und die Stimmung Ihrer Fotos unterstreicht. Vorlagen helfen gerade Einsteigern, <strong>schnell ein ansprechendes Layout<\/strong> zu gestalten. Nat\u00fcrlich k\u00f6nnen Sie jedes Detail noch individuell anpassen: Farben, Hintergr\u00fcnde, Schriftarten \u2013 alles l\u00e4sst sich mit wenigen Klicks ver\u00e4ndern.<\/li>\n\n\n\n<li><strong>Fotos und Texte einf\u00fcgen:<\/strong> Jetzt kommt der kreative Teil! <strong>Platzieren Sie Ihre Bilder bewusst<\/strong> und abwechslungsreich. Spielen Sie mit verschiedenen Gr\u00f6\u00dfen und Anordnungen, um eine harmonische Komposition zu schaffen. Achten Sie darauf, gelegentlich eine ganze Seite nur einem Highlight-Foto zu widmen, um besonderen Momenten Gewicht zu geben. Erg\u00e4nzen Sie Fotos mit <strong>pers\u00f6nlichen Texten<\/strong>: Kleine Anekdoten, Datumsangaben oder Zitate verleihen Ihrem Fotobuch eine pers\u00f6nliche Note. Diese Texte machen aus einer Ansammlung von Bildern eine zusammenh\u00e4ngende Geschichte \u2013 <em>Ihre<\/em> Geschichte.<\/li>\n\n\n\n<li><strong>Feinschliff und Materialauswahl:<\/strong> Zum Schluss entscheiden Sie \u00fcber die Details, die Ihr Erinnerungsst\u00fcck veredeln. W\u00e4hlen Sie ein passendes <strong>Format und Material<\/strong>: Soll es ein handliches Softcover-Buch oder ein elegantes Hardcover sein? Bevorzugen Sie edel-mattes Papier oder leuchtend gl\u00e4nzende Farbseiten? \u00dcberpr\u00fcfen Sie vor der Bestellung jede Seite noch einmal in der Vorschau, damit alles perfekt ist.<\/li>\n<\/ul>\n\n\n\n<h2 class=\"wp-block-heading\">Fazit: Erinnerungen lebendig halten \u2013 Ihre Geschichte in Bildern<\/h2>\n\n\n\n<p>Die <strong>Kunst des Erinnerns<\/strong> besteht darin, Vergangenes im Heute erlebbar zu machen. Indem Sie Ihre digitalen Erinnerungen bewusst ausw\u00e4hlen, kreativ gestalten und in hochwertige Fotoprodukte verwandeln, schenken Sie Ihren sch\u00f6nsten Momenten ein <em>zweites Leben<\/em>. Sie schaffen etwas Bleibendes, das Sie immer wieder zur Hand nehmen k\u00f6nnen, um in <strong>Nostalgie zu schwelgen<\/strong> oder Ihre Geschichte mit anderen zu teilen.<\/p>\n\n\n\n<p>Ob ein <strong>pers\u00f6nlich gestaltetes Fotobuch<\/strong>, das Ihre Lebensgeschichte erz\u00e4hlt, oder einzelne Bilder als dekorative Hingucker in Ihren vier W\u00e4nden \u2013 Fotos helfen uns, uns selbst und unsere Erlebnisse besser zu verstehen. Sie zeigen, wo wir herkommen, was uns wichtig ist und wie wir zu dem geworden sind, was wir heute sind. Machen Sie daher aus der Flut an digitalen Dateien <strong>wertvolle Erinnerungsst\u00fccke<\/strong>, die Sie stolz herzeigen und weitergeben k\u00f6nnen.<\/p>\n\n\n\n<h2 class=\"wp-block-heading\">FAQ: Digitale Erinnerung<\/h2>\n\n\n\n<h3 class=\"wp-block-heading\"><strong>Was bedeutet digitaler Erinnerung?<\/strong><\/h3>\n\n\n\n<p>Digitale Erinnerung beschreibt die Art und Weise, wie wir mithilfe von Fotos, Videos oder digitalen Archiven pers\u00f6nliche Momente festhalten und sp\u00e4ter wieder abrufen. Sie verbindet moderne Speichertechnologien mit unserem Bed\u00fcrfnis, Erlebnisse lebendig zu bewahren.<\/p>\n\n\n\n<h3 class=\"wp-block-heading\"><strong>Warum sollte ich meine digitalen Erinnerungen drucken lassen?<\/strong><\/h3>\n\n\n\n<p>Gedruckte Fotoprodukte sind langlebiger, emotionaler und pers\u00f6nlicher. W\u00e4hrend digitale Dateien leicht verloren gehen k\u00f6nnen, bleiben Fotob\u00fccher, Poster oder Kalender \u00fcber Jahre hinweg erhalten und lassen sich jederzeit in die Hand nehmen oder verschenken.<\/p>\n\n\n\n<h3 class=\"wp-block-heading\"><strong>Welche Erinnerungstechniken helfen, meine Fotos sinnvoll zu nutzen?<\/strong><\/h3>\n\n\n\n<p>Hilfreich sind z.\u00a0B. die Auswahl von Schl\u00fcsselbildern, das Erz\u00e4hlen von Geschichten zu Fotos oder das bewusste Erstellen von thematischen Projekten wie Hochzeits- oder Urlaubsalben. Diese Techniken sorgen daf\u00fcr, dass Ihre Erinnerungen tiefer verankert bleiben.<\/p>\n\n\n\n<h3 class=\"wp-block-heading\"><strong>Welche Produkte eignen sich besonders gut f\u00fcr pers\u00f6nliche Erinnerungen?<\/strong><\/h3>\n\n\n\n<p>Beliebt sind vorrangig <strong>Fotob\u00fccher<\/strong> (ideal f\u00fcr ganze Geschichten), <strong>Fotokalender<\/strong> (Monat f\u00fcr Monat ein Highlight) sowie <strong>Wandbilder und <\/strong><a href=\"https:\/\/www.druckstdu.de\/wandbilder\/fotoposter\/\"><strong>Poster<\/strong><\/a> (f\u00fcr emotionale Anker im Alltag). Jedes Produkt hat seinen eigenen Reiz und Nutzen.<\/p>\n\n\n\n<h3 class=\"wp-block-heading\"><strong>F\u00fcr welche Anl\u00e4sse lohnt sich ein Fotobuch besonders?<\/strong><\/h3>\n\n\n\n<p>Fotob\u00fccher eignen sich ideal f\u00fcr besondere Ereignisse wie Hochzeiten, Geburten, Jubil\u00e4en, Urlaube oder Familienfeste. Aber auch f\u00fcr den Alltag \u2013 etwa als Jahresr\u00fcckblick \u2013 sind sie eine kreative M\u00f6glichkeit, Erinnerungen festzuhalten.<\/p>\n<a class=\"simplefavorite-button\" data-postid=\"254\" data-siteid=\"1\" data-groupid=\"1\" data-favoritecount=\"0\" style=\"\"><img decoding=\"async\" src=\"\/magazin\/wp-content\/uploads\/2025\/07\/heart.svg\">Speichern f\u00fcr sp\u00e4ter<\/a>","protected":false},"excerpt":{"rendered":"<p>Digitale Erinnerungen sind heute allgegenw\u00e4rtig. T\u00e4glich halten wir besondere Momente mit der Smartphone-Kamera fest \u2013 von spontanen Schnappsch\u00fcssen bis zu&#8230;<\/p>\n","protected":false},"author":3,"featured_media":260,"comment_status":"closed","ping_status":"closed","sticky":false,"template":"","format":"standard","meta":{"_acf_changed":false,"inline_featured_image":false,"footnotes":""},"categories":[5],"tags":[],"class_list":["post-254","post","type-post","status-publish","format-standard","has-post-thumbnail","hentry","category-fotografie"],"acf":[],"yoast_head":"<!-- This site is optimized with the Yoast SEO plugin v27.5 - https:\/\/yoast.com\/product\/yoast-seo-wordpress\/ -->\n<title>Digitale Erinnerung: Die Kunst des Erinnerns mit Bildern<\/title>\n<meta name=\"description\" content=\"Digitale Erinnerung pr\u00e4gt unsere Identit\u00e4t. Entdecken Sie, wie Fotos unser Leben formen + wie Sie Ihre sch\u00f6nsten Erinnerungen bewahren.\" \/>\n<link rel=\"canonical\" href=\"https:\/\/www.druckstdu.de\/magazin\/digitale-erinnerung-mit-bildern\/\" \/>\n<meta property=\"og:locale\" content=\"de_DE\" \/>\n<meta property=\"og:type\" content=\"article\" \/>\n<meta property=\"og:title\" content=\"Digitale Erinnerung: Die Kunst des Erinnerns mit Bildern\" \/>\n<meta property=\"og:description\" content=\"Digitale Erinnerung pr\u00e4gt unsere Identit\u00e4t. Entdecken Sie, wie Fotos unser Leben formen + wie Sie Ihre sch\u00f6nsten Erinnerungen bewahren.\" \/>\n<meta property=\"og:url\" content=\"https:\/\/www.druckstdu.de\/magazin\/digitale-erinnerung-mit-bildern\/\" \/>\n<meta property=\"og:site_name\" content=\"Magazin | Druckstdu\" \/>\n<meta property=\"article:published_time\" content=\"2025-09-19T01:49:51+00:00\" \/>\n<meta property=\"article:modified_time\" content=\"2025-09-19T02:08:25+00:00\" \/>\n<meta property=\"og:image\" content=\"https:\/\/www.druckstdu.de\/magazin\/wp-content\/uploads\/2025\/09\/digitale-erinnerung-fotos-von-drei-jungen-mensch-im-park-mit-handys-aufnehmen.webp\" \/>\n\t<meta property=\"og:image:width\" content=\"1920\" \/>\n\t<meta property=\"og:image:height\" content=\"628\" \/>\n\t<meta property=\"og:image:type\" content=\"image\/webp\" \/>\n<meta name=\"author\" content=\"Julia\" \/>\n<meta name=\"twitter:card\" content=\"summary_large_image\" \/>\n<meta name=\"twitter:label1\" content=\"Verfasst von\" \/>\n\t<meta name=\"twitter:data1\" content=\"Julia\" \/>\n\t<meta name=\"twitter:label2\" content=\"Gesch\u00e4tzte Lesezeit\" \/>\n\t<meta name=\"twitter:data2\" content=\"11\u00a0Minuten\" \/>\n<script type=\"application\/ld+json\" class=\"yoast-schema-graph\">{\"@context\":\"https:\\\/\\\/schema.org\",\"@graph\":[{\"@type\":\"Article\",\"@id\":\"https:\\\/\\\/www.druckstdu.de\\\/magazin\\\/digitale-erinnerung-mit-bildern\\\/#article\",\"isPartOf\":{\"@id\":\"https:\\\/\\\/www.druckstdu.de\\\/magazin\\\/digitale-erinnerung-mit-bildern\\\/\"},\"author\":{\"name\":\"Julia\",\"@id\":\"https:\\\/\\\/www.druckstdu.de\\\/magazin\\\/#\\\/schema\\\/person\\\/21d94f7931f413d20158ecb9769efa5b\"},\"headline\":\"Die Kunst des Erinnerns: Wie digitale Erinnerung unsere Identit\u00e4t formt\",\"datePublished\":\"2025-09-19T01:49:51+00:00\",\"dateModified\":\"2025-09-19T02:08:25+00:00\",\"mainEntityOfPage\":{\"@id\":\"https:\\\/\\\/www.druckstdu.de\\\/magazin\\\/digitale-erinnerung-mit-bildern\\\/\"},\"wordCount\":2000,\"image\":{\"@id\":\"https:\\\/\\\/www.druckstdu.de\\\/magazin\\\/digitale-erinnerung-mit-bildern\\\/#primaryimage\"},\"thumbnailUrl\":\"https:\\\/\\\/www.druckstdu.de\\\/magazin\\\/wp-content\\\/uploads\\\/2025\\\/09\\\/digitale-erinnerung-fotos-von-drei-jungen-mensch-im-park-mit-handys-aufnehmen.webp\",\"articleSection\":[\"Fotografie\"],\"inLanguage\":\"de\"},{\"@type\":\"WebPage\",\"@id\":\"https:\\\/\\\/www.druckstdu.de\\\/magazin\\\/digitale-erinnerung-mit-bildern\\\/\",\"url\":\"https:\\\/\\\/www.druckstdu.de\\\/magazin\\\/digitale-erinnerung-mit-bildern\\\/\",\"name\":\"Digitale Erinnerung: Die Kunst des Erinnerns mit Bildern\",\"isPartOf\":{\"@id\":\"https:\\\/\\\/www.druckstdu.de\\\/magazin\\\/#website\"},\"primaryImageOfPage\":{\"@id\":\"https:\\\/\\\/www.druckstdu.de\\\/magazin\\\/digitale-erinnerung-mit-bildern\\\/#primaryimage\"},\"image\":{\"@id\":\"https:\\\/\\\/www.druckstdu.de\\\/magazin\\\/digitale-erinnerung-mit-bildern\\\/#primaryimage\"},\"thumbnailUrl\":\"https:\\\/\\\/www.druckstdu.de\\\/magazin\\\/wp-content\\\/uploads\\\/2025\\\/09\\\/digitale-erinnerung-fotos-von-drei-jungen-mensch-im-park-mit-handys-aufnehmen.webp\",\"datePublished\":\"2025-09-19T01:49:51+00:00\",\"dateModified\":\"2025-09-19T02:08:25+00:00\",\"author\":{\"@id\":\"https:\\\/\\\/www.druckstdu.de\\\/magazin\\\/#\\\/schema\\\/person\\\/21d94f7931f413d20158ecb9769efa5b\"},\"description\":\"Digitale Erinnerung pr\u00e4gt unsere Identit\u00e4t. Entdecken Sie, wie Fotos unser Leben formen + wie Sie Ihre sch\u00f6nsten Erinnerungen bewahren.\",\"breadcrumb\":{\"@id\":\"https:\\\/\\\/www.druckstdu.de\\\/magazin\\\/digitale-erinnerung-mit-bildern\\\/#breadcrumb\"},\"inLanguage\":\"de\",\"potentialAction\":[{\"@type\":\"ReadAction\",\"target\":[\"https:\\\/\\\/www.druckstdu.de\\\/magazin\\\/digitale-erinnerung-mit-bildern\\\/\"]}]},{\"@type\":\"ImageObject\",\"inLanguage\":\"de\",\"@id\":\"https:\\\/\\\/www.druckstdu.de\\\/magazin\\\/digitale-erinnerung-mit-bildern\\\/#primaryimage\",\"url\":\"https:\\\/\\\/www.druckstdu.de\\\/magazin\\\/wp-content\\\/uploads\\\/2025\\\/09\\\/digitale-erinnerung-fotos-von-drei-jungen-mensch-im-park-mit-handys-aufnehmen.webp\",\"contentUrl\":\"https:\\\/\\\/www.druckstdu.de\\\/magazin\\\/wp-content\\\/uploads\\\/2025\\\/09\\\/digitale-erinnerung-fotos-von-drei-jungen-mensch-im-park-mit-handys-aufnehmen.webp\",\"width\":1920,\"height\":628,\"caption\":\"@Juani Sanchez von capturenow ansehen.\"},{\"@type\":\"BreadcrumbList\",\"@id\":\"https:\\\/\\\/www.druckstdu.de\\\/magazin\\\/digitale-erinnerung-mit-bildern\\\/#breadcrumb\",\"itemListElement\":[{\"@type\":\"ListItem\",\"position\":1,\"name\":\"Startseite\",\"item\":\"https:\\\/\\\/www.druckstdu.de\\\/magazin\\\/\"},{\"@type\":\"ListItem\",\"position\":2,\"name\":\"Die Kunst des Erinnerns: Wie digitale Erinnerung unsere Identit\u00e4t formt\"}]},{\"@type\":\"WebSite\",\"@id\":\"https:\\\/\\\/www.druckstdu.de\\\/magazin\\\/#website\",\"url\":\"https:\\\/\\\/www.druckstdu.de\\\/magazin\\\/\",\"name\":\"Magazin | Druckstdu\",\"description\":\"\",\"potentialAction\":[{\"@type\":\"SearchAction\",\"target\":{\"@type\":\"EntryPoint\",\"urlTemplate\":\"https:\\\/\\\/www.druckstdu.de\\\/magazin\\\/?s={search_term_string}\"},\"query-input\":{\"@type\":\"PropertyValueSpecification\",\"valueRequired\":true,\"valueName\":\"search_term_string\"}}],\"inLanguage\":\"de\"},{\"@type\":\"Person\",\"@id\":\"https:\\\/\\\/www.druckstdu.de\\\/magazin\\\/#\\\/schema\\\/person\\\/21d94f7931f413d20158ecb9769efa5b\",\"name\":\"Julia\",\"image\":{\"@type\":\"ImageObject\",\"inLanguage\":\"de\",\"@id\":\"https:\\\/\\\/secure.gravatar.com\\\/avatar\\\/f8d49d230387fe95329c8c2282dda447963627f07b20969a21414d5cb19c58dc?s=96&d=mm&r=g\",\"url\":\"https:\\\/\\\/secure.gravatar.com\\\/avatar\\\/f8d49d230387fe95329c8c2282dda447963627f07b20969a21414d5cb19c58dc?s=96&d=mm&r=g\",\"contentUrl\":\"https:\\\/\\\/secure.gravatar.com\\\/avatar\\\/f8d49d230387fe95329c8c2282dda447963627f07b20969a21414d5cb19c58dc?s=96&d=mm&r=g\",\"caption\":\"Julia\"},\"url\":\"https:\\\/\\\/www.druckstdu.de\\\/magazin\\\/author\\\/julia\\\/\"}]}<\/script>\n<!-- \/ Yoast SEO plugin. -->","yoast_head_json":{"title":"Digitale Erinnerung: Die Kunst des Erinnerns mit Bildern","description":"Digitale Erinnerung pr\u00e4gt unsere Identit\u00e4t. Entdecken Sie, wie Fotos unser Leben formen + wie Sie Ihre sch\u00f6nsten Erinnerungen bewahren.","canonical":"https:\/\/www.druckstdu.de\/magazin\/digitale-erinnerung-mit-bildern\/","og_locale":"de_DE","og_type":"article","og_title":"Digitale Erinnerung: Die Kunst des Erinnerns mit Bildern","og_description":"Digitale Erinnerung pr\u00e4gt unsere Identit\u00e4t. Entdecken Sie, wie Fotos unser Leben formen + wie Sie Ihre sch\u00f6nsten Erinnerungen bewahren.","og_url":"https:\/\/www.druckstdu.de\/magazin\/digitale-erinnerung-mit-bildern\/","og_site_name":"Magazin | Druckstdu","article_published_time":"2025-09-19T01:49:51+00:00","article_modified_time":"2025-09-19T02:08:25+00:00","og_image":[{"width":1920,"height":628,"url":"https:\/\/www.druckstdu.de\/magazin\/wp-content\/uploads\/2025\/09\/digitale-erinnerung-fotos-von-drei-jungen-mensch-im-park-mit-handys-aufnehmen.webp","type":"image\/webp"}],"author":"Julia","twitter_card":"summary_large_image","twitter_misc":{"Verfasst von":"Julia","Gesch\u00e4tzte Lesezeit":"11\u00a0Minuten"},"schema":{"@context":"https:\/\/schema.org","@graph":[{"@type":"Article","@id":"https:\/\/www.druckstdu.de\/magazin\/digitale-erinnerung-mit-bildern\/#article","isPartOf":{"@id":"https:\/\/www.druckstdu.de\/magazin\/digitale-erinnerung-mit-bildern\/"},"author":{"name":"Julia","@id":"https:\/\/www.druckstdu.de\/magazin\/#\/schema\/person\/21d94f7931f413d20158ecb9769efa5b"},"headline":"Die Kunst des Erinnerns: Wie digitale Erinnerung unsere Identit\u00e4t formt","datePublished":"2025-09-19T01:49:51+00:00","dateModified":"2025-09-19T02:08:25+00:00","mainEntityOfPage":{"@id":"https:\/\/www.druckstdu.de\/magazin\/digitale-erinnerung-mit-bildern\/"},"wordCount":2000,"image":{"@id":"https:\/\/www.druckstdu.de\/magazin\/digitale-erinnerung-mit-bildern\/#primaryimage"},"thumbnailUrl":"https:\/\/www.druckstdu.de\/magazin\/wp-content\/uploads\/2025\/09\/digitale-erinnerung-fotos-von-drei-jungen-mensch-im-park-mit-handys-aufnehmen.webp","articleSection":["Fotografie"],"inLanguage":"de"},{"@type":"WebPage","@id":"https:\/\/www.druckstdu.de\/magazin\/digitale-erinnerung-mit-bildern\/","url":"https:\/\/www.druckstdu.de\/magazin\/digitale-erinnerung-mit-bildern\/","name":"Digitale Erinnerung: Die Kunst des Erinnerns mit Bildern","isPartOf":{"@id":"https:\/\/www.druckstdu.de\/magazin\/#website"},"primaryImageOfPage":{"@id":"https:\/\/www.druckstdu.de\/magazin\/digitale-erinnerung-mit-bildern\/#primaryimage"},"image":{"@id":"https:\/\/www.druckstdu.de\/magazin\/digitale-erinnerung-mit-bildern\/#primaryimage"},"thumbnailUrl":"https:\/\/www.druckstdu.de\/magazin\/wp-content\/uploads\/2025\/09\/digitale-erinnerung-fotos-von-drei-jungen-mensch-im-park-mit-handys-aufnehmen.webp","datePublished":"2025-09-19T01:49:51+00:00","dateModified":"2025-09-19T02:08:25+00:00","author":{"@id":"https:\/\/www.druckstdu.de\/magazin\/#\/schema\/person\/21d94f7931f413d20158ecb9769efa5b"},"description":"Digitale Erinnerung pr\u00e4gt unsere Identit\u00e4t. Entdecken Sie, wie Fotos unser Leben formen + wie Sie Ihre sch\u00f6nsten Erinnerungen bewahren.","breadcrumb":{"@id":"https:\/\/www.druckstdu.de\/magazin\/digitale-erinnerung-mit-bildern\/#breadcrumb"},"inLanguage":"de","potentialAction":[{"@type":"ReadAction","target":["https:\/\/www.druckstdu.de\/magazin\/digitale-erinnerung-mit-bildern\/"]}]},{"@type":"ImageObject","inLanguage":"de","@id":"https:\/\/www.druckstdu.de\/magazin\/digitale-erinnerung-mit-bildern\/#primaryimage","url":"https:\/\/www.druckstdu.de\/magazin\/wp-content\/uploads\/2025\/09\/digitale-erinnerung-fotos-von-drei-jungen-mensch-im-park-mit-handys-aufnehmen.webp","contentUrl":"https:\/\/www.druckstdu.de\/magazin\/wp-content\/uploads\/2025\/09\/digitale-erinnerung-fotos-von-drei-jungen-mensch-im-park-mit-handys-aufnehmen.webp","width":1920,"height":628,"caption":"@Juani Sanchez von capturenow ansehen."},{"@type":"BreadcrumbList","@id":"https:\/\/www.druckstdu.de\/magazin\/digitale-erinnerung-mit-bildern\/#breadcrumb","itemListElement":[{"@type":"ListItem","position":1,"name":"Startseite","item":"https:\/\/www.druckstdu.de\/magazin\/"},{"@type":"ListItem","position":2,"name":"Die Kunst des Erinnerns: Wie digitale Erinnerung unsere Identit\u00e4t formt"}]},{"@type":"WebSite","@id":"https:\/\/www.druckstdu.de\/magazin\/#website","url":"https:\/\/www.druckstdu.de\/magazin\/","name":"Magazin | Druckstdu","description":"","potentialAction":[{"@type":"SearchAction","target":{"@type":"EntryPoint","urlTemplate":"https:\/\/www.druckstdu.de\/magazin\/?s={search_term_string}"},"query-input":{"@type":"PropertyValueSpecification","valueRequired":true,"valueName":"search_term_string"}}],"inLanguage":"de"},{"@type":"Person","@id":"https:\/\/www.druckstdu.de\/magazin\/#\/schema\/person\/21d94f7931f413d20158ecb9769efa5b","name":"Julia","image":{"@type":"ImageObject","inLanguage":"de","@id":"https:\/\/secure.gravatar.com\/avatar\/f8d49d230387fe95329c8c2282dda447963627f07b20969a21414d5cb19c58dc?s=96&d=mm&r=g","url":"https:\/\/secure.gravatar.com\/avatar\/f8d49d230387fe95329c8c2282dda447963627f07b20969a21414d5cb19c58dc?s=96&d=mm&r=g","contentUrl":"https:\/\/secure.gravatar.com\/avatar\/f8d49d230387fe95329c8c2282dda447963627f07b20969a21414d5cb19c58dc?s=96&d=mm&r=g","caption":"Julia"},"url":"https:\/\/www.druckstdu.de\/magazin\/author\/julia\/"}]}},"wp-worthy-pixel":{"ignored":false,"public":null,"server":null,"url":null},"wp-worthy-type":"normal","_links":{"self":[{"href":"https:\/\/www.druckstdu.de\/magazin\/wp-json\/wp\/v2\/posts\/254","targetHints":{"allow":["GET"]}}],"collection":[{"href":"https:\/\/www.druckstdu.de\/magazin\/wp-json\/wp\/v2\/posts"}],"about":[{"href":"https:\/\/www.druckstdu.de\/magazin\/wp-json\/wp\/v2\/types\/post"}],"author":[{"embeddable":true,"href":"https:\/\/www.druckstdu.de\/magazin\/wp-json\/wp\/v2\/users\/3"}],"replies":[{"embeddable":true,"href":"https:\/\/www.druckstdu.de\/magazin\/wp-json\/wp\/v2\/comments?post=254"}],"version-history":[{"count":1,"href":"https:\/\/www.druckstdu.de\/magazin\/wp-json\/wp\/v2\/posts\/254\/revisions"}],"predecessor-version":[{"id":256,"href":"https:\/\/www.druckstdu.de\/magazin\/wp-json\/wp\/v2\/posts\/254\/revisions\/256"}],"wp:featuredmedia":[{"embeddable":true,"href":"https:\/\/www.druckstdu.de\/magazin\/wp-json\/wp\/v2\/media\/260"}],"wp:attachment":[{"href":"https:\/\/www.druckstdu.de\/magazin\/wp-json\/wp\/v2\/media?parent=254"}],"wp:term":[{"taxonomy":"category","embeddable":true,"href":"https:\/\/www.druckstdu.de\/magazin\/wp-json\/wp\/v2\/categories?post=254"},{"taxonomy":"post_tag","embeddable":true,"href":"https:\/\/www.druckstdu.de\/magazin\/wp-json\/wp\/v2\/tags?post=254"}],"curies":[{"name":"wp","href":"https:\/\/api.w.org\/{rel}","templated":true}]}}