{"id":261,"date":"2025-09-19T02:19:44","date_gmt":"2025-09-19T02:19:44","guid":{"rendered":"https:\/\/www.druckstdu.de\/magazin\/?p=261"},"modified":"2025-09-19T03:14:04","modified_gmt":"2025-09-19T03:14:04","slug":"schreiben-zu-bildern","status":"publish","type":"post","link":"https:\/\/www.druckstdu.de\/magazin\/schreiben-zu-bildern\/","title":{"rendered":"Kreatives Schreiben zu Bildern: So verbinden Sie Text und Bild in Ihren Projekten"},"content":{"rendered":"\n<p>Bilder sagen oft mehr als tausend Worte. Doch mit ein paar sorgf\u00e4ltig gew\u00e4hlten Worten erz\u00e4hlen sie <strong>Ihre<\/strong> ganze Geschichte. <strong>Kreatives Schreiben zu Bildern<\/strong> bedeutet, Fotos mit pers\u00f6nlichen Texten zu erg\u00e4nzen, um Erinnerungen lebendig zu halten und Emotionen noch st\u00e4rker auszudr\u00fccken. In diesem Beitrag erfahren Sie, wie <strong>Text und Bild verbinden<\/strong> funktioniert und wie Sie Ihre Fotoprojekte \u2013 vom Fotobuch bis zur Wanddekoration \u2013 mit kreativen Textideen auf das n\u00e4chste Level heben.<\/p>\n\n\n\n<h2 class=\"wp-block-heading\">Text und Bild kombinieren: Warum die Mischung so wirkungsvoll ist<\/h2>\n\n\n\n<p>Ein Foto f\u00e4ngt einen Augenblick ein, doch erst in Kombination mit Worten entfaltet es seine volle Kraft. <strong>Texte zu Bildern verfassen<\/strong> bietet mehrere Vorteile, die Ihre Fotoprojekte bereichern:<\/p>\n\n\n\n<ul class=\"wp-block-list\">\n<li><strong>Pers\u00f6nlicher Kontext:<\/strong> Ein kurzer Satz oder eine <strong>Bildunterschrift<\/strong> liefert Hintergr\u00fcnde, die das Bild allein nicht zeigen kann. Dadurch verstehen Betrachter sofort die Bedeutung des Moments, sei es der Ort, das Datum oder die Stimmung des Ereignisses.<\/li>\n\n\n\n<li><strong>Emotionale Tiefe:<\/strong> Worte k\u00f6nnen Gef\u00fchle beschreiben oder hervorrufen, die im Bild nur angedeutet sind. Ein passendes Zitat oder ein liebevoller Kommentar neben einem <a href=\"https:\/\/www.druckstdu.de\/magazin\/digitale-erinnerung-mit-bildern\/\">Foto wecken Erinnerungen<\/a> und verst\u00e4rken die emotionale Wirkung.<\/li>\n\n\n\n<li><strong>Einzigartige Geschichte:<\/strong> Durch <strong><a href=\"https:\/\/www.druckstdu.de\/magazin\/foto-storytelling\/\">Storytelling mit Fotos<\/a><\/strong> und Text entsteht ein roter Faden. Die Kombination aus visuellem Eindruck und erz\u00e4hlendem Text l\u00e4sst Sie Ihre Erlebnisse <strong>ganzheitlich erz\u00e4hlen<\/strong>, anstatt nur einzelne Bilder nebeneinanderzustellen.<\/li>\n<\/ul>\n\n\n\n<h2 class=\"wp-block-heading\">Fotobuch gestalten: Texte machen Ihre Bilder lebendig<\/h2>\n\n\n\n<p>Ein <a href=\"https:\/\/www.druckstdu.de\/fotobuecher\/\"><strong>Fotobuch<\/strong><\/a> ist mehr als eine blo\u00dfe Bildersammlung. Es ist ein erz\u00e4hltes Erlebnis in gedruckter Form. Indem Sie <em>Texte zu den Bildern im Fotobuch<\/em> hinzuf\u00fcgen, erwecken Sie Ihre sch\u00f6nsten Erinnerungen zum Leben. Stellen Sie sich vor, Sie bl\u00e4ttern Jahre sp\u00e4ter durch Ihr Hochzeitsalbum: Neben den strahlenden Fotos lesen Sie Zeilen aus Ihrem Eheversprechen oder Anekdoten vom Hochzeitstag und sofort sind all die Gef\u00fchle von damals wieder da. Genau solche Momente erm\u00f6glicht ein kreatives Fotobuch mit Text.<\/p>\n\n\n\n<p>Tipps f\u00fcr Texte im Fotobuch:<\/p>\n\n\n\n<ul class=\"wp-block-list\">\n<li><strong>Anekdoten erz\u00e4hlen:<\/strong> Schreiben Sie kleine Geschichten zu Ihren Bildern. Ein lustiger Moment beim Familienfest oder eine kurze Beschreibung der Szene lassen den Leser schmunzeln und machen Ihr Fotobuch einzigartig.<\/li>\n\n\n\n<li><strong>Gef\u00fchle ausdr\u00fccken:<\/strong> Teilen Sie Ihre Emotionen zu den abgebildeten Momenten. Zum Beispiel: \u201eAls <strong>wir<\/strong> diesen Gipfel erreichten, erf\u00fcllten uns pures Gl\u00fcck und Stolz.\u201c Solche pers\u00f6nlichen Notizen schaffen N\u00e4he und geben dem Leser das Gef\u00fchl, dabei gewesen zu sein.<\/li>\n\n\n\n<li><strong>\u00dcberschriften einf\u00fcgen:<\/strong> Geben Sie Ihrem Fotobuch Struktur, indem Sie \u00dcberschriften oder Kapitel\u00fcberschriften verwenden. Das k\u00f6nnen einfache Titel wie <em>\u201eUnsere Verlobung\u201c<\/em> oder <em>\u201eRoadtrip Tag 1\u201c<\/em> sein \u2013 sie leiten den Leser durch die Geschichte.<\/li>\n<\/ul>\n\n\n\n<p><strong>Unser Tipp:<\/strong> Lassen Sie am Ende Ihres Fotobuchs Platz f\u00fcr ein Vorwort oder Nachwort. Hier k\u00f6nnen Sie \u2013 quasi als Abschluss der Geschichte \u2013 ein paar abschlie\u00dfende Worte an den Leser oder die beschenkte Person richten. Solch ein pers\u00f6nliches <strong>Text-Highlight<\/strong> macht Ihr Fotobuch noch emotionaler. Sobald alles fertig ist, k\u00f6nnen Sie Ihr Werk gestalten und drucken lassen.&nbsp;<\/p>\n\n\n\n<h2 class=\"wp-block-heading\">Fotokalender mit Text gestalten: Spr\u00fcche f\u00fcr jeden Monat<\/h2>\n\n\n\n<p>Ein individuell gestalteter <a href=\"https:\/\/www.druckstdu.de\/fotokalender\/\"><strong>Fotokalender<\/strong><\/a> begleitet Sie durch das ganze Jahr. Warum also nicht jeden Monat mit ein paar Worten versehen, die Freude bereiten oder Motivation spenden? <strong>Fotokalender mit Text<\/strong> lassen sich vielseitig nutzen: von kleinen Notizen wie Geburtstagen bis zu inspirierenden Zitaten auf jeder Kalenderseite.<\/p>\n\n\n\n<p>\u00dcberlegen Sie sich ein Motto oder einen Spruch pro Monat, der zum jeweiligen Bild passt. Haben Sie im Juli ein Urlaubsfoto am Strand? Ein kurzer Spruch wie <em>\u201eVitamin Sea \u2013 Sommer, Sonne, Strandvergn\u00fcgen\u201c<\/em> zaubert beim Betrachten ein L\u00e4cheln ins Gesicht. Oder w\u00e4hlen Sie f\u00fcr den Dezember ein besinnliches Zitat zu Weihnachten, das zusammen mit dem Familienfoto f\u00fcr warme Gef\u00fchle sorgt. Diese Texte m\u00fcssen gar nicht lang sein \u2013 ein bis zwei Zeilen gen\u00fcgen v\u00f6llig, um dem Kalenderblatt Charakter zu verleihen.<\/p>\n\n\n\n<p>Ein Fotokalender mit pers\u00f6nlichen Worten bringt <strong>Ihre Liebsten Monat f\u00fcr Monat zum Schmunzeln<\/strong>. Er ist auch eine tolle Geschenkidee: Stellen Sie sich die \u00dcberraschung vor, wenn Oma einen <a href=\"https:\/\/www.druckstdu.de\/fotokalender\/familienplaner\/\">Familienkalender<\/a> erh\u00e4lt, in dem auf dem Foto ihres Enkels im April neben dem strahlenden L\u00e4cheln die Zeile \u201eUnser Sonnenschein wird 5!\u201c steht. Solche Details machen den Kalender zum <strong>individuellen Kunstwerk<\/strong>.<\/p>\n\n\n\n<h2 class=\"wp-block-heading\">Gru\u00dfkarten und Einladungen: Die richtigen Worte f\u00fcr besondere Anl\u00e4sse<\/h2>\n\n\n\n<p>Ob <strong>Geburtstagseinladungen<\/strong>, Weihnachtskarten oder ein Dankesch\u00f6n nach der Hochzeit \u2013 bei Kartenprojekten spielen <strong>Text und Bild<\/strong> gleicherma\u00dfen eine Hauptrolle. Hier kommt es darauf an, <strong>mit wenigen Worten viel auszudr\u00fccken<\/strong>. Das Foto sorgt f\u00fcr den ersten Eindruck, aber erst Ihre Botschaft macht die Karte komplett.<\/p>\n\n\n\n<p>Ein paar Beispiele zur Inspiration:<\/p>\n\n\n\n<ul class=\"wp-block-list\">\n<li><a href=\"https:\/\/www.druckstdu.de\/fotokarten\/geburtstagseinladungen\/\"><strong>Geburtstagseinladung<\/strong><\/a><strong>:<\/strong> <em>\u201eFeiert mit uns! Am [Datum] lassen <strong>wir<\/strong> die Korken knallen \u2013 wir laden euch herzlich zu meinem Geburtstag ein.\u201c<\/em> \u2013 Kombinieren Sie diese Info mit einem fr\u00f6hlichen Foto des Geburtstagskindes oder einem passenden Motiv, und schon haben Sie eine einladende Karte.<\/li>\n\n\n\n<li><a href=\"https:\/\/www.druckstdu.de\/fotokarten\/hochzeitskarten\/\"><strong>Hochzeitskarte<\/strong><\/a> <strong>(Danksagung):<\/strong> F\u00fcgen Sie einem sch\u00f6nen Hochzeitsfoto den Text <em>\u201eDanke, dass <strong>ihr<\/strong> unseren Tag unvergesslich gemacht habt\u201c<\/em> hinzu. Diese wenigen Worte zusammen mit einem strahlenden Bild des Brautpaars r\u00fchren die Empf\u00e4nger garantiert.<\/li>\n\n\n\n<li><a href=\"https:\/\/www.druckstdu.de\/fotokarten\/weihnachtskarten\/\"><strong>Weihnachtskarte<\/strong><\/a><strong>:<\/strong> Neben einem weihnachtlichen Familienfoto k\u00f6nnten Zeilen stehen wie <em>\u201eFrohe Weihnachten und ein gl\u00fcckliches neues Jahr w\u00fcnschen euch \u2026\u201c<\/em>. Eine pers\u00f6nliche Note, eventuell ein Insider oder eine Anspielung auf das vergangene Jahr, macht den Gru\u00df noch herzlicher.<\/li>\n<\/ul>\n\n\n\n<p><strong>Wichtig:<\/strong> Halten Sie den Text auf Karten kompakt. Platzieren Sie den Haupttext nicht direkt \u00fcber dem Foto, au\u00dfer Ihre Karte ist als modernes Design genau so gedacht. In der Regel werden Bild- und Textbereich getrennt, damit beides f\u00fcr sich wirken kann. Nutzen Sie bei Bedarf die R\u00fcckseite der Karte f\u00fcr l\u00e4ngere Informationen (z.&nbsp;B. Wegbeschreibungen oder Programmabl\u00e4ufe bei Einladungskarten).<\/p>\n\n\n\n<h2 class=\"wp-block-heading\">Worte und Bilder \u2013 gemeinsam unvergessliche Erinnerungen schaffen<\/h2>\n\n\n\n<p>Ein Foto konserviert einen Moment, doch erst durch Ihre Texte teilen Sie auch die Bedeutung dieses Moments mit. <strong>Schreiben zu Bildern<\/strong> kann so einfach sein wie eine handschriftliche Notiz am Rand eines Ausdrucks oder so aufwendig wie eine ganze Geschichte im Fotobuch. In jedem Fall gilt: Die Verbindung aus Bild und Wort verleiht Ihren Erinnerungen mehr Tiefe. Sie schaffen Erinnerungsst\u00fccke, die immer wieder gerne angeschaut und gelesen werden \u2013 sei es allein auf dem Sofa oder gemeinsam mit Familie und Freunden beim Durchbl\u00e4ttern.<\/p>\n\n\n\n<h2 class=\"wp-block-heading\">H\u00e4ufige Fragen zu Text und Bild in Fotoprojekten<\/h2>\n\n\n\n<h3 class=\"wp-block-heading\"><strong>Was bedeutet \u201eSchreiben zu Bildern\u201c genau?<\/strong><\/h3>\n\n\n\n<p>\u201eSchreiben zu Bildern\u201c bedeutet, dass Sie Fotos durch eigene Texte erg\u00e4nzen und ihnen so zus\u00e4tzliche Bedeutung verleihen. Das k\u00f6nnen Bildunterschriften, Geschichten, Zitate oder pers\u00f6nliche Kommentare sein. Verwandeln Sie einfache Fotos in erz\u00e4hlte Erinnerungen. Ein Fotobuch mit kleinen Anekdoten, eine Postkarte mit einem pers\u00f6nlichen Gru\u00df oder ein Wandbild mit einem Zitat sind klassische Beispiele, wie Text und Bild harmonisch zusammenwirken k\u00f6nnen.<\/p>\n\n\n\n<h3 class=\"wp-block-heading\"><strong>Kann ich Text und Bild frei anordnen, wie ich m\u00f6chte?<\/strong><\/h3>\n\n\n\n<p>Ja, absolut. Mit dem Online-Gestalter haben Sie volle Freiheit, Text und Fotos so zu kombinieren, wie es zu Ihrem Projekt passt. Sie k\u00f6nnen Schriftarten w\u00e4hlen, Textfelder verschieben und eigene Layouts erstellen. Dadurch wird es zu einer kreativen Gestaltungsaufgabe: Ob kurze Bildunterschriften im Fotobuch, ein Zitat quer \u00fcber ein Wandbild oder pers\u00f6nliche Kommentare in einem Kalender \u2013 Sie entscheiden, wie Text und Bild zueinanderfinden.<\/p>\n\n\n\n<h3 class=\"wp-block-heading\"><strong>Welche Schriftarten sind empfehlenswert?<\/strong><\/h3>\n\n\n\n<p>F\u00fcr Projekte, bei denen Sie zu Bildern schreiben, eignen sich besonders gut lesbare Schriftarten, die zum Motiv passen. Klare, serifenlose Schriften wirken modern und sind ideal f\u00fcr Bildunterschriften oder Fotokalender. Verschn\u00f6rkelte Schriften k\u00f6nnen ein Hingucker sein, etwa bei Hochzeitsbildern oder Kinderfotos. Wichtig ist, dass der Text das Bild erg\u00e4nzt und nicht \u00fcberlagert. Probieren Sie verschiedene Fonts aus und achten Sie darauf, dass die Schrift zur Bildstimmung passt.<\/p>\n\n\n\n<h3 class=\"wp-block-heading\"><strong>Wie lang sollte ein Text beim sein?<\/strong><\/h3>\n\n\n\n<p>Die optimale Textl\u00e4nge h\u00e4ngt stark vom Fotoprojekt ab. Es gilt: so kurz wie m\u00f6glich, so lang wie n\u00f6tig. Eine Bildunterschrift im Fotobuch braucht oft nur einen Satz mit Ort oder Datum. F\u00fcr Kalender reicht eine Zeile pro Monat. In Gru\u00dfkarten passen einige S\u00e4tze, die das Foto begleiten, ohne es zu \u00fcberladen. In einem Fotobuch k\u00f6nnen auch ganze Abs\u00e4tze sinnvoll sein \u2013 etwa f\u00fcr Kapiteltexte oder pers\u00f6nliche Geschichten. Wichtig ist immer, dass das Schreiben zu Bildern den Mehrwert steigert, ohne die Bildwirkung zu verdr\u00e4ngen.<\/p>\n<a class=\"simplefavorite-button\" data-postid=\"261\" data-siteid=\"1\" data-groupid=\"1\" data-favoritecount=\"0\" style=\"\"><img decoding=\"async\" src=\"\/magazin\/wp-content\/uploads\/2025\/07\/heart.svg\">Speichern f\u00fcr sp\u00e4ter<\/a>","protected":false},"excerpt":{"rendered":"<p>Bilder sagen oft mehr als tausend Worte. Doch mit ein paar sorgf\u00e4ltig gew\u00e4hlten Worten erz\u00e4hlen sie Ihre ganze Geschichte. Kreatives&#8230;<\/p>\n","protected":false},"author":3,"featured_media":262,"comment_status":"closed","ping_status":"closed","sticky":false,"template":"","format":"standard","meta":{"_acf_changed":false,"inline_featured_image":false,"footnotes":""},"categories":[4],"tags":[],"class_list":["post-261","post","type-post","status-publish","format-standard","has-post-thumbnail","hentry","category-diy"],"acf":[],"yoast_head":"<!-- This site is optimized with the Yoast SEO plugin v27.5 - https:\/\/yoast.com\/product\/yoast-seo-wordpress\/ -->\n<title>Kreatives Schreiben zu Bildern: Entfalten Sie Ihre Ideen \u2728 jetzt!<\/title>\n<meta name=\"description\" content=\"Wie Sie kreativ schreiben zu Bildern: Schaffen Sie emotionale Designs f\u00fcr besondere Anl\u00e4sse. Lassen Sie Ihrer Fantasie freien Lauf!\" \/>\n<link rel=\"canonical\" href=\"https:\/\/www.druckstdu.de\/magazin\/schreiben-zu-bildern\/\" \/>\n<meta property=\"og:locale\" content=\"de_DE\" \/>\n<meta property=\"og:type\" content=\"article\" \/>\n<meta property=\"og:title\" content=\"Kreatives Schreiben zu Bildern: Entfalten Sie Ihre Ideen \u2728 jetzt!\" \/>\n<meta property=\"og:description\" content=\"Wie Sie kreativ schreiben zu Bildern: Schaffen Sie emotionale Designs f\u00fcr besondere Anl\u00e4sse. Lassen Sie Ihrer Fantasie freien Lauf!\" \/>\n<meta property=\"og:url\" content=\"https:\/\/www.druckstdu.de\/magazin\/schreiben-zu-bildern\/\" \/>\n<meta property=\"og:site_name\" content=\"Magazin | Druckstdu\" \/>\n<meta property=\"article:published_time\" content=\"2025-09-19T02:19:44+00:00\" \/>\n<meta property=\"article:modified_time\" content=\"2025-09-19T03:14:04+00:00\" \/>\n<meta property=\"og:image\" content=\"https:\/\/www.druckstdu.de\/magazin\/wp-content\/uploads\/2025\/09\/schreiben-zu-bildern-schreibtisch-an-dem-frau-erinnerungen-in-den-kalender-schreibt-daneben-ausgedruckte-bilder.webp\" \/>\n\t<meta property=\"og:image:width\" content=\"1920\" \/>\n\t<meta property=\"og:image:height\" content=\"628\" \/>\n\t<meta property=\"og:image:type\" content=\"image\/webp\" \/>\n<meta name=\"author\" content=\"Julia\" \/>\n<meta name=\"twitter:card\" content=\"summary_large_image\" \/>\n<meta name=\"twitter:label1\" content=\"Verfasst von\" \/>\n\t<meta name=\"twitter:data1\" content=\"Julia\" \/>\n\t<meta name=\"twitter:label2\" content=\"Gesch\u00e4tzte Lesezeit\" \/>\n\t<meta name=\"twitter:data2\" content=\"8\u00a0Minuten\" \/>\n<script type=\"application\/ld+json\" class=\"yoast-schema-graph\">{\"@context\":\"https:\\\/\\\/schema.org\",\"@graph\":[{\"@type\":\"Article\",\"@id\":\"https:\\\/\\\/www.druckstdu.de\\\/magazin\\\/schreiben-zu-bildern\\\/#article\",\"isPartOf\":{\"@id\":\"https:\\\/\\\/www.druckstdu.de\\\/magazin\\\/schreiben-zu-bildern\\\/\"},\"author\":{\"name\":\"Julia\",\"@id\":\"https:\\\/\\\/www.druckstdu.de\\\/magazin\\\/#\\\/schema\\\/person\\\/21d94f7931f413d20158ecb9769efa5b\"},\"headline\":\"Kreatives Schreiben zu Bildern: So verbinden Sie Text und Bild in Ihren Projekten\",\"datePublished\":\"2025-09-19T02:19:44+00:00\",\"dateModified\":\"2025-09-19T03:14:04+00:00\",\"mainEntityOfPage\":{\"@id\":\"https:\\\/\\\/www.druckstdu.de\\\/magazin\\\/schreiben-zu-bildern\\\/\"},\"wordCount\":1378,\"image\":{\"@id\":\"https:\\\/\\\/www.druckstdu.de\\\/magazin\\\/schreiben-zu-bildern\\\/#primaryimage\"},\"thumbnailUrl\":\"https:\\\/\\\/www.druckstdu.de\\\/magazin\\\/wp-content\\\/uploads\\\/2025\\\/09\\\/schreiben-zu-bildern-schreibtisch-an-dem-frau-erinnerungen-in-den-kalender-schreibt-daneben-ausgedruckte-bilder.webp\",\"articleSection\":[\"DIY\"],\"inLanguage\":\"de\"},{\"@type\":\"WebPage\",\"@id\":\"https:\\\/\\\/www.druckstdu.de\\\/magazin\\\/schreiben-zu-bildern\\\/\",\"url\":\"https:\\\/\\\/www.druckstdu.de\\\/magazin\\\/schreiben-zu-bildern\\\/\",\"name\":\"Kreatives Schreiben zu Bildern: Entfalten Sie Ihre Ideen \u2728 jetzt!\",\"isPartOf\":{\"@id\":\"https:\\\/\\\/www.druckstdu.de\\\/magazin\\\/#website\"},\"primaryImageOfPage\":{\"@id\":\"https:\\\/\\\/www.druckstdu.de\\\/magazin\\\/schreiben-zu-bildern\\\/#primaryimage\"},\"image\":{\"@id\":\"https:\\\/\\\/www.druckstdu.de\\\/magazin\\\/schreiben-zu-bildern\\\/#primaryimage\"},\"thumbnailUrl\":\"https:\\\/\\\/www.druckstdu.de\\\/magazin\\\/wp-content\\\/uploads\\\/2025\\\/09\\\/schreiben-zu-bildern-schreibtisch-an-dem-frau-erinnerungen-in-den-kalender-schreibt-daneben-ausgedruckte-bilder.webp\",\"datePublished\":\"2025-09-19T02:19:44+00:00\",\"dateModified\":\"2025-09-19T03:14:04+00:00\",\"author\":{\"@id\":\"https:\\\/\\\/www.druckstdu.de\\\/magazin\\\/#\\\/schema\\\/person\\\/21d94f7931f413d20158ecb9769efa5b\"},\"description\":\"Wie Sie kreativ schreiben zu Bildern: Schaffen Sie emotionale Designs f\u00fcr besondere Anl\u00e4sse. Lassen Sie Ihrer Fantasie freien Lauf!\",\"breadcrumb\":{\"@id\":\"https:\\\/\\\/www.druckstdu.de\\\/magazin\\\/schreiben-zu-bildern\\\/#breadcrumb\"},\"inLanguage\":\"de\",\"potentialAction\":[{\"@type\":\"ReadAction\",\"target\":[\"https:\\\/\\\/www.druckstdu.de\\\/magazin\\\/schreiben-zu-bildern\\\/\"]}]},{\"@type\":\"ImageObject\",\"inLanguage\":\"de\",\"@id\":\"https:\\\/\\\/www.druckstdu.de\\\/magazin\\\/schreiben-zu-bildern\\\/#primaryimage\",\"url\":\"https:\\\/\\\/www.druckstdu.de\\\/magazin\\\/wp-content\\\/uploads\\\/2025\\\/09\\\/schreiben-zu-bildern-schreibtisch-an-dem-frau-erinnerungen-in-den-kalender-schreibt-daneben-ausgedruckte-bilder.webp\",\"contentUrl\":\"https:\\\/\\\/www.druckstdu.de\\\/magazin\\\/wp-content\\\/uploads\\\/2025\\\/09\\\/schreiben-zu-bildern-schreibtisch-an-dem-frau-erinnerungen-in-den-kalender-schreibt-daneben-ausgedruckte-bilder.webp\",\"width\":1920,\"height\":628,\"caption\":\"@ StockSnap von pixabay\"},{\"@type\":\"BreadcrumbList\",\"@id\":\"https:\\\/\\\/www.druckstdu.de\\\/magazin\\\/schreiben-zu-bildern\\\/#breadcrumb\",\"itemListElement\":[{\"@type\":\"ListItem\",\"position\":1,\"name\":\"Startseite\",\"item\":\"https:\\\/\\\/www.druckstdu.de\\\/magazin\\\/\"},{\"@type\":\"ListItem\",\"position\":2,\"name\":\"Kreatives Schreiben zu Bildern: So verbinden Sie Text und Bild in Ihren Projekten\"}]},{\"@type\":\"WebSite\",\"@id\":\"https:\\\/\\\/www.druckstdu.de\\\/magazin\\\/#website\",\"url\":\"https:\\\/\\\/www.druckstdu.de\\\/magazin\\\/\",\"name\":\"Magazin | Druckstdu\",\"description\":\"\",\"potentialAction\":[{\"@type\":\"SearchAction\",\"target\":{\"@type\":\"EntryPoint\",\"urlTemplate\":\"https:\\\/\\\/www.druckstdu.de\\\/magazin\\\/?s={search_term_string}\"},\"query-input\":{\"@type\":\"PropertyValueSpecification\",\"valueRequired\":true,\"valueName\":\"search_term_string\"}}],\"inLanguage\":\"de\"},{\"@type\":\"Person\",\"@id\":\"https:\\\/\\\/www.druckstdu.de\\\/magazin\\\/#\\\/schema\\\/person\\\/21d94f7931f413d20158ecb9769efa5b\",\"name\":\"Julia\",\"image\":{\"@type\":\"ImageObject\",\"inLanguage\":\"de\",\"@id\":\"https:\\\/\\\/secure.gravatar.com\\\/avatar\\\/f8d49d230387fe95329c8c2282dda447963627f07b20969a21414d5cb19c58dc?s=96&d=mm&r=g\",\"url\":\"https:\\\/\\\/secure.gravatar.com\\\/avatar\\\/f8d49d230387fe95329c8c2282dda447963627f07b20969a21414d5cb19c58dc?s=96&d=mm&r=g\",\"contentUrl\":\"https:\\\/\\\/secure.gravatar.com\\\/avatar\\\/f8d49d230387fe95329c8c2282dda447963627f07b20969a21414d5cb19c58dc?s=96&d=mm&r=g\",\"caption\":\"Julia\"},\"url\":\"https:\\\/\\\/www.druckstdu.de\\\/magazin\\\/author\\\/julia\\\/\"}]}<\/script>\n<!-- \/ Yoast SEO plugin. -->","yoast_head_json":{"title":"Kreatives Schreiben zu Bildern: Entfalten Sie Ihre Ideen \u2728 jetzt!","description":"Wie Sie kreativ schreiben zu Bildern: Schaffen Sie emotionale Designs f\u00fcr besondere Anl\u00e4sse. Lassen Sie Ihrer Fantasie freien Lauf!","canonical":"https:\/\/www.druckstdu.de\/magazin\/schreiben-zu-bildern\/","og_locale":"de_DE","og_type":"article","og_title":"Kreatives Schreiben zu Bildern: Entfalten Sie Ihre Ideen \u2728 jetzt!","og_description":"Wie Sie kreativ schreiben zu Bildern: Schaffen Sie emotionale Designs f\u00fcr besondere Anl\u00e4sse. Lassen Sie Ihrer Fantasie freien Lauf!","og_url":"https:\/\/www.druckstdu.de\/magazin\/schreiben-zu-bildern\/","og_site_name":"Magazin | Druckstdu","article_published_time":"2025-09-19T02:19:44+00:00","article_modified_time":"2025-09-19T03:14:04+00:00","og_image":[{"width":1920,"height":628,"url":"https:\/\/www.druckstdu.de\/magazin\/wp-content\/uploads\/2025\/09\/schreiben-zu-bildern-schreibtisch-an-dem-frau-erinnerungen-in-den-kalender-schreibt-daneben-ausgedruckte-bilder.webp","type":"image\/webp"}],"author":"Julia","twitter_card":"summary_large_image","twitter_misc":{"Verfasst von":"Julia","Gesch\u00e4tzte Lesezeit":"8\u00a0Minuten"},"schema":{"@context":"https:\/\/schema.org","@graph":[{"@type":"Article","@id":"https:\/\/www.druckstdu.de\/magazin\/schreiben-zu-bildern\/#article","isPartOf":{"@id":"https:\/\/www.druckstdu.de\/magazin\/schreiben-zu-bildern\/"},"author":{"name":"Julia","@id":"https:\/\/www.druckstdu.de\/magazin\/#\/schema\/person\/21d94f7931f413d20158ecb9769efa5b"},"headline":"Kreatives Schreiben zu Bildern: So verbinden Sie Text und Bild in Ihren Projekten","datePublished":"2025-09-19T02:19:44+00:00","dateModified":"2025-09-19T03:14:04+00:00","mainEntityOfPage":{"@id":"https:\/\/www.druckstdu.de\/magazin\/schreiben-zu-bildern\/"},"wordCount":1378,"image":{"@id":"https:\/\/www.druckstdu.de\/magazin\/schreiben-zu-bildern\/#primaryimage"},"thumbnailUrl":"https:\/\/www.druckstdu.de\/magazin\/wp-content\/uploads\/2025\/09\/schreiben-zu-bildern-schreibtisch-an-dem-frau-erinnerungen-in-den-kalender-schreibt-daneben-ausgedruckte-bilder.webp","articleSection":["DIY"],"inLanguage":"de"},{"@type":"WebPage","@id":"https:\/\/www.druckstdu.de\/magazin\/schreiben-zu-bildern\/","url":"https:\/\/www.druckstdu.de\/magazin\/schreiben-zu-bildern\/","name":"Kreatives Schreiben zu Bildern: Entfalten Sie Ihre Ideen \u2728 jetzt!","isPartOf":{"@id":"https:\/\/www.druckstdu.de\/magazin\/#website"},"primaryImageOfPage":{"@id":"https:\/\/www.druckstdu.de\/magazin\/schreiben-zu-bildern\/#primaryimage"},"image":{"@id":"https:\/\/www.druckstdu.de\/magazin\/schreiben-zu-bildern\/#primaryimage"},"thumbnailUrl":"https:\/\/www.druckstdu.de\/magazin\/wp-content\/uploads\/2025\/09\/schreiben-zu-bildern-schreibtisch-an-dem-frau-erinnerungen-in-den-kalender-schreibt-daneben-ausgedruckte-bilder.webp","datePublished":"2025-09-19T02:19:44+00:00","dateModified":"2025-09-19T03:14:04+00:00","author":{"@id":"https:\/\/www.druckstdu.de\/magazin\/#\/schema\/person\/21d94f7931f413d20158ecb9769efa5b"},"description":"Wie Sie kreativ schreiben zu Bildern: Schaffen Sie emotionale Designs f\u00fcr besondere Anl\u00e4sse. Lassen Sie Ihrer Fantasie freien Lauf!","breadcrumb":{"@id":"https:\/\/www.druckstdu.de\/magazin\/schreiben-zu-bildern\/#breadcrumb"},"inLanguage":"de","potentialAction":[{"@type":"ReadAction","target":["https:\/\/www.druckstdu.de\/magazin\/schreiben-zu-bildern\/"]}]},{"@type":"ImageObject","inLanguage":"de","@id":"https:\/\/www.druckstdu.de\/magazin\/schreiben-zu-bildern\/#primaryimage","url":"https:\/\/www.druckstdu.de\/magazin\/wp-content\/uploads\/2025\/09\/schreiben-zu-bildern-schreibtisch-an-dem-frau-erinnerungen-in-den-kalender-schreibt-daneben-ausgedruckte-bilder.webp","contentUrl":"https:\/\/www.druckstdu.de\/magazin\/wp-content\/uploads\/2025\/09\/schreiben-zu-bildern-schreibtisch-an-dem-frau-erinnerungen-in-den-kalender-schreibt-daneben-ausgedruckte-bilder.webp","width":1920,"height":628,"caption":"@ StockSnap von pixabay"},{"@type":"BreadcrumbList","@id":"https:\/\/www.druckstdu.de\/magazin\/schreiben-zu-bildern\/#breadcrumb","itemListElement":[{"@type":"ListItem","position":1,"name":"Startseite","item":"https:\/\/www.druckstdu.de\/magazin\/"},{"@type":"ListItem","position":2,"name":"Kreatives Schreiben zu Bildern: So verbinden Sie Text und Bild in Ihren Projekten"}]},{"@type":"WebSite","@id":"https:\/\/www.druckstdu.de\/magazin\/#website","url":"https:\/\/www.druckstdu.de\/magazin\/","name":"Magazin | Druckstdu","description":"","potentialAction":[{"@type":"SearchAction","target":{"@type":"EntryPoint","urlTemplate":"https:\/\/www.druckstdu.de\/magazin\/?s={search_term_string}"},"query-input":{"@type":"PropertyValueSpecification","valueRequired":true,"valueName":"search_term_string"}}],"inLanguage":"de"},{"@type":"Person","@id":"https:\/\/www.druckstdu.de\/magazin\/#\/schema\/person\/21d94f7931f413d20158ecb9769efa5b","name":"Julia","image":{"@type":"ImageObject","inLanguage":"de","@id":"https:\/\/secure.gravatar.com\/avatar\/f8d49d230387fe95329c8c2282dda447963627f07b20969a21414d5cb19c58dc?s=96&d=mm&r=g","url":"https:\/\/secure.gravatar.com\/avatar\/f8d49d230387fe95329c8c2282dda447963627f07b20969a21414d5cb19c58dc?s=96&d=mm&r=g","contentUrl":"https:\/\/secure.gravatar.com\/avatar\/f8d49d230387fe95329c8c2282dda447963627f07b20969a21414d5cb19c58dc?s=96&d=mm&r=g","caption":"Julia"},"url":"https:\/\/www.druckstdu.de\/magazin\/author\/julia\/"}]}},"wp-worthy-pixel":{"ignored":false,"public":null,"server":null,"url":null},"wp-worthy-type":"normal","_links":{"self":[{"href":"https:\/\/www.druckstdu.de\/magazin\/wp-json\/wp\/v2\/posts\/261","targetHints":{"allow":["GET"]}}],"collection":[{"href":"https:\/\/www.druckstdu.de\/magazin\/wp-json\/wp\/v2\/posts"}],"about":[{"href":"https:\/\/www.druckstdu.de\/magazin\/wp-json\/wp\/v2\/types\/post"}],"author":[{"embeddable":true,"href":"https:\/\/www.druckstdu.de\/magazin\/wp-json\/wp\/v2\/users\/3"}],"replies":[{"embeddable":true,"href":"https:\/\/www.druckstdu.de\/magazin\/wp-json\/wp\/v2\/comments?post=261"}],"version-history":[{"count":2,"href":"https:\/\/www.druckstdu.de\/magazin\/wp-json\/wp\/v2\/posts\/261\/revisions"}],"predecessor-version":[{"id":274,"href":"https:\/\/www.druckstdu.de\/magazin\/wp-json\/wp\/v2\/posts\/261\/revisions\/274"}],"wp:featuredmedia":[{"embeddable":true,"href":"https:\/\/www.druckstdu.de\/magazin\/wp-json\/wp\/v2\/media\/262"}],"wp:attachment":[{"href":"https:\/\/www.druckstdu.de\/magazin\/wp-json\/wp\/v2\/media?parent=261"}],"wp:term":[{"taxonomy":"category","embeddable":true,"href":"https:\/\/www.druckstdu.de\/magazin\/wp-json\/wp\/v2\/categories?post=261"},{"taxonomy":"post_tag","embeddable":true,"href":"https:\/\/www.druckstdu.de\/magazin\/wp-json\/wp\/v2\/tags?post=261"}],"curies":[{"name":"wp","href":"https:\/\/api.w.org\/{rel}","templated":true}]}}