{"id":270,"date":"2025-09-19T03:10:31","date_gmt":"2025-09-19T03:10:31","guid":{"rendered":"https:\/\/www.druckstdu.de\/magazin\/?p=270"},"modified":"2025-09-19T03:10:33","modified_gmt":"2025-09-19T03:10:33","slug":"bilder-mit-eigenen-erinnerungen","status":"publish","type":"post","link":"https:\/\/www.druckstdu.de\/magazin\/bilder-mit-eigenen-erinnerungen\/","title":{"rendered":"Bilder mit eigenen Erinnerungen: So gestalten Sie Ihr Zuhause"},"content":{"rendered":"\n<p>Ihr Zuhause ist mehr als nur ein Ort zum Wohnen. Es spiegelt wider, wer Sie sind. Eine der sch\u00f6nsten M\u00f6glichkeiten, Ihren pers\u00f6nlichen Stil und Ihre Erinnerungen in der Einrichtung zum Leben zu erwecken, sind <strong>eigene Bilder<\/strong> als Dekoration. Wir alle haben unz\u00e4hlige <a href=\"https:\/\/www.druckstdu.de\/magazin\/instagram-bilder-offline-geniessen\/\">Fotos auf dem Smartphone<\/a> oder der Festplatte, die kostbare Momente festhalten. Warum diese <strong>Erinnerungen<\/strong> also im Verborgenen lassen? In diesem Beitrag erfahren Sie, wie Sie mit Ihren <strong>eigenen Fotos<\/strong> kreative Wohnideen umsetzen und so ein wirklich pers\u00f6nliches Zuhause gestalten k\u00f6nnen. Freuen Sie sich auf inspirierende Tipps, von <strong>Wandbildern<\/strong> bis Fotokalendern, und erfahren Sie, wie Sie mit einfachen Mitteln <strong>Ihre sch\u00f6nsten Bilder<\/strong> in Szene setzen.<\/p>\n\n\n\n<h2 class=\"wp-block-heading\">Warum pers\u00f6nliche Fotos Ihr Zuhause bereichern<\/h2>\n\n\n\n<p>Pers\u00f6nliche <strong>Erinnerungsst\u00fccke<\/strong> und Fotos verleihen Ihrer Wohnung eine individuelle Note und machen aus vier W\u00e4nden ein echtes Zuhause. <strong>Familienfotos, Urlaubsaufnahmen oder Schnappsch\u00fcsse von besonderen Momenten<\/strong> erz\u00e4hlen Ihre Geschichte und schaffen eine warme Atmosph\u00e4re. W\u00e4hrend gekaufte Kunstwerke zwar sch\u00f6n aussehen, haben <strong>Bilder mit eigenen Erinnerungen<\/strong> eine unvergleichliche emotionale Wirkung. Sie rufen sch\u00f6ne Gef\u00fchle hervor und zaubern Ihnen t\u00e4glich ein L\u00e4cheln ins Gesicht. Eine <strong>Wandgalerie mit pers\u00f6nlichen Fotos<\/strong> verleiht Ihrem Wohnraum eine besonders warme und individuelle Note. Zudem dienen solche Bilder oft als Gespr\u00e4chsstoff: G\u00e4ste bleiben gern vor einer <a href=\"https:\/\/www.druckstdu.de\/magazin\/von-chaos-zu-galerie-ideen-zur-strukturierten-fotowand-gestaltung\/\">liebevoll gestalteten Fotowand<\/a> stehen und kommen ins Plaudern (\u201eWo wurde dieses Foto aufgenommen?\u201c). Kurzum: <strong>Wohnideen mit eigenen Bildern<\/strong> sind nicht nur dekorativ, sondern auch voller Bedeutung.<\/p>\n\n\n\n<p><strong>Tipp:<\/strong> W\u00e4hlen Sie Motive, die Ihnen viel bedeuten. So haben Sie jeden Tag etwas Pers\u00f6nliches vor Augen \u2013 sei es das Hochzeitsfoto im Schlafzimmer oder die lustige Familiencollage im Flur. Diese individuellen Akzente sorgen f\u00fcr Geborgenheit und zaubern Charakter in Ihre R\u00e4ume.<\/p>\n\n\n\n<h2 class=\"wp-block-heading\">Wandgestaltung mit eigenen Bildern: Ihre Fotos als Kunstwerk<\/h2>\n\n\n\n<p>Die <strong><a href=\"https:\/\/www.druckstdu.de\/magazin\/wanddeko-mit-fotos\/\">Wanddekoration<\/a><\/strong> bietet die gr\u00f6\u00dfte B\u00fchne f\u00fcr Ihre Fotos. Mit <a href=\"https:\/\/www.druckstdu.de\/wandbilder\/\"><strong>Wandbildern<\/strong><\/a> k\u00f6nnen Sie Ihren R\u00e4umen eine pers\u00f6nliche Note verleihen. <strong>Individuelle Fotos auf Leinwand, Acrylglas oder Alu-Dibond gedruckt<\/strong> schaffen ein einzigartiges Kunstwerk. Ihre sch\u00f6nsten Momente und Erinnerungen werden so zu einem stilvollen Blickfang in Ihrem Zuhause. Im Folgenden stellen wir Ihnen beliebte <strong>Arten von Wandbildern<\/strong> vor, mit denen Sie <strong>Ihre W\u00e4nde kreativ gestalten<\/strong> k\u00f6nnen:<\/p>\n\n\n\n<ul class=\"wp-block-list\">\n<li><a href=\"https:\/\/www.druckstdu.de\/wandbilder\/foto-auf-leinwand\/\"><strong>Fotoleinwand<\/strong><\/a><strong>:<\/strong> Ein Foto auf Leinwand wirkt wie ein Gem\u00e4lde. Es wird in brillanten Farben auf hochwertiges Leinengewebe gedruckt und auf einen Holzrahmen gespannt. Das Ergebnis: ein edles, rahmenloses Wandbild mit Galerie-Charakter. Leinwanddrucke sind langlebig, verleihen W\u00e4rme und passen zu jedem Raum \u2013 vom modernen Wohnzimmer bis zum gem\u00fctlichen Schlafzimmer.<\/li>\n\n\n\n<li><a href=\"https:\/\/www.druckstdu.de\/wandbilder\/acrylglas-foto\/\"><strong>Acrylglasbild<\/strong><\/a><strong>:<\/strong> Fotos unter Acrylglas wirken modern und brillant. Die Glasoberfl\u00e4che l\u00e4sst Farben strahlen und verleiht dem Motiv Tiefe. Ein Acrylglas-Wandbild ist langlebig, leicht zu reinigen und wirkt wie ein leuchtendes Kunstwerk. Sie eignet sich ideal f\u00fcr einen eleganten, zeitgem\u00e4\u00dfen Einrichtungsstil.<\/li>\n\n\n\n<li><a href=\"https:\/\/www.druckstdu.de\/wandbilder\/foto-alu-dibond\/\"><strong>Foto auf Alu-Dibond<\/strong><\/a><strong>:<\/strong> Hier wird Ihr Foto auf eine stabile Aluminium-Verbundplatte gebracht. Die matte Oberfl\u00e4che wirkt puristisch und hochwertig, Reflexionen bleiben aus. Alu-Dibond \u00fcberzeugt mit gestochen scharfer Druckqualit\u00e4t, ist leicht und flexibel aufzuh\u00e4ngen, besonders sch\u00f6n f\u00fcr Schwarz-Wei\u00df-Motive oder Architekturaufnahmen.<\/li>\n<\/ul>\n\n\n\n<p><strong>Tipp zur Anordnung:<\/strong> Bevor Sie N\u00e4gel in die Wand schlagen, legen Sie die ausgew\u00e4hlten Bilder und Rahmen zun\u00e4chst am Boden aus und probieren verschiedene Anordnungen. So finden Sie die ideale Komposition. Halten Sie zwischen den Bildern einen gleichm\u00e4\u00dfigen Abstand ein, um ein harmonisches Gesamtbild zu erzielen. F\u00fcr eine kreative <strong>Fotowand-Idee<\/strong> k\u00f6nnen Sie auch mit kleinen Wandregalen, Lichterketten oder Klammern arbeiten, um Fotos unkonventionell zu pr\u00e4sentieren.<\/p>\n\n\n\n<h2 class=\"wp-block-heading\">Wohnaccessoires mit eigenen Fotos gestalten<\/h2>\n\n\n\n<p>Nicht nur an der Wand, auch an anderen Orten Ihrer Wohnung k\u00f6nnen Sie mit pers\u00f6nlichen Bildern dekorieren. Hier ein paar <strong>Ideen<\/strong>, wie Sie <strong>Erinnerungen im Alltag<\/strong> integrieren und praktische Dinge in individuelle Unikate verwandeln:<\/p>\n\n\n\n<ul class=\"wp-block-list\">\n<li><a href=\"https:\/\/www.druckstdu.de\/fotokalender\/\"><strong>Fotokalender<\/strong><\/a><strong>:<\/strong> Ein <strong>Fotokalender<\/strong> ist Wanddeko und Organisationshelfer zugleich. Gestalten Sie z.B. einen Jahreskalender f\u00fcrs Wohnzimmer oder die K\u00fcche mit 12 Ihrer Lieblingsfotos \u2013 f\u00fcr jeden Monat eines. So begleitet Sie jeden Monat eine neue Erinnerung, und nebenbei behalten Sie Termine im Blick. Von Familienfotos \u00fcber Landschaften bis zu lustigen Kinderfotos \u2013 alles ist m\u00f6glich. Ein Wandkalender im gro\u00dfz\u00fcgigen Format kann an einer freien K\u00fcchenwand h\u00e4ngen oder im Arbeitszimmer f\u00fcr Motivation sorgen. Bei druckstdu\u00a0k\u00f6nnen Sie Kalender in verschiedenen Formaten selbst gestalten, etwa als Wandkalender oder praktischen Tischkalender. <strong>Tipp:<\/strong> Auch als Geschenk ist ein personalisierter Kalender sehr beliebt, z.\u00a0B. f\u00fcr die Gro\u00dfeltern mit Fotos der Enkelkinder.<\/li>\n\n\n\n<li><a href=\"https:\/\/www.druckstdu.de\/fotobuecher\/\"><strong>Fotobuch<\/strong><\/a> <strong>als Deko-Element:<\/strong> Ihre sch\u00f6nsten Erinnerungen geh\u00f6ren nicht in die Schublade, sondern ins Regal oder auf den Couchtisch! Ein selbst gestaltetes <strong>Fotobuch<\/strong> voller Urlaubserinnerungen oder Familienfeste kann wunderbar als dekoratives Element dienen. Hochwertige Fotob\u00fccher mit festem Einband sehen im B\u00fccherregal edel aus und laden G\u00e4ste zum Durchbl\u00e4ttern ein (\u201eDarf ich mal reinschauen?\u201c). Ob ein j\u00e4hrliches Familienalbum oder ein <strong>Hochzeitsfotobuch<\/strong> \u2013 solche B\u00fccher sind nicht nur zur Aufbewahrung da, sondern auch Teil Ihrer Wohnkultur. Stapeln Sie ein paar sch\u00f6ne Fotob\u00fccher auf dem Wohnzimmertisch f\u00fcr gem\u00fctliche Schm\u00f6kernachmittage mit der Familie. Bei der Gestaltung helfen Ihnen Vorlagen und Designs, die Sie bei druckstdu\u00a0nach Belieben anpassen k\u00f6nnen.<\/li>\n<\/ul>\n\n\n\n<h2 class=\"wp-block-heading\">So werden Ihre Handyfotos zum Wohn-Highlight \u2013 Schritt f\u00fcr Schritt<\/h2>\n\n\n\n<p>Haben Sie nun Lust bekommen, Ihr Zuhause mit eigenen Bildern zu versch\u00f6nern? Keine Sorge, der Weg vom <strong>Handyfoto<\/strong> zum eindrucksvollen <strong>Wandbild<\/strong> ist ganz einfach. Dank moderner Online-Tools k\u00f6nnen sogar Einsteiger im Handumdrehen tolle Ergebnisse erzielen. <strong>So gehen Sie vor:<\/strong><\/p>\n\n\n\n<ol class=\"wp-block-list\">\n<li><strong>Lieblingsfotos ausw\u00e4hlen:<\/strong> Sichten Sie Ihre digitalen Fotoalben und w\u00e4hlen Sie die Motive aus, die Ihnen am wichtigsten sind. Achten Sie auf gute Bildqualit\u00e4t (ausreichende Aufl\u00f6sung), damit der Druck sp\u00e4ter scharf wird. Tipp: Oft schlummern die sch\u00f6nsten Erinnerungen auf dem Handy \u2013 vom Sonnenuntergang am Meer bis zum Schnappschuss der Kinder beim Spielen.<\/li>\n\n\n\n<li><strong>Format und Produkt festlegen:<\/strong> \u00dcberlegen Sie, in welcher Form Ihr Foto wirken soll. Soll es ein gro\u00dfes <strong>Leinwandbild<\/strong> f\u00fcrs Wohnzimmer werden, eine Serie von <strong>Postern<\/strong> f\u00fcr den Flur oder vielleicht ein praktischer <strong>Fotokalender<\/strong>? Jedes Produkt hat seinen Reiz. Denken Sie auch an den <strong>Platz<\/strong>, den Sie zur Verf\u00fcgung haben, und w\u00e4hlen Sie Gr\u00f6\u00dfe und Material passend zum Ort, an dem das Bild sp\u00e4ter h\u00e4ngt oder steht.<\/li>\n\n\n\n<li><strong>Gestaltung im Online-Editor:<\/strong> Jetzt kommt der kreative Teil! Laden Sie Ihre ausgew\u00e4hlten Fotos auf unserer benutzerfreundlichen Online-Plattform hoch. Bei <strong>druckstdu\u00a0<\/strong>stehen Ihnen vielf\u00e4ltige Designvorlagen, Layouts und Anpassungsm\u00f6glichkeiten zur Verf\u00fcgung. Sie k\u00f6nnen z. B. Collage-Layouts w\u00e4hlen, Hintergr\u00fcnde und Texte hinzuf\u00fcgen oder mehrere Bilder auf einer Seite anordnen \u2013 ganz nach Wunsch. Probieren Sie ruhig verschiedene Varianten aus; der Editor zeigt Ihnen live eine Vorschau. Sie ben\u00f6tigen <strong>keine Grafikkenntnisse<\/strong>, der Prozess ist intuitiv und macht Spa\u00df. Und falls Sie doch einmal unsicher sind, hilft unser Kundenservice Ihnen gern weiter.<\/li>\n\n\n\n<li><strong>Bestellung und Vorfreude:<\/strong> Sind Sie zufrieden mit Ihrem Design? Dann ab damit in den Warenkorb! Wenige Klicks sp\u00e4ter ist Ihre Bestellung abgeschlossen. <strong>Druckstdu<\/strong> druckt Ihr Werk anschlie\u00dfend mit <strong>hochwertiger Vierfarb-Digitaldruck-Technologie<\/strong> und viel Sorgfalt. Kurze Zeit sp\u00e4ter halten Sie Ihr fertiges Fotoprodukt in den H\u00e4nden \u2013 fertig zum Aufh\u00e4ngen oder Aufstellen. Die Lieferung erfolgt schnell und gut verpackt, sodass Ihre Bilder sicher bei Ihnen ankommen. Jetzt hei\u00dft es nur noch: auspacken, platzieren und den pers\u00f6nlichen Touch in Ihrem Zuhause genie\u00dfen!<\/li>\n<\/ol>\n\n\n\n<p><strong>Unser Tipp:<\/strong> Nutzen Sie die M\u00f6glichkeit, mehrere Produkte auf einmal zu gestalten. Oft passen Wandbilder, Kalender und andere Fotoprodukte sch\u00f6n zusammen \u2013 so entsteht ein stimmiges Gesamtkonzept in Ihrer Einrichtung. Sie k\u00f6nnen etwa ein Motiv als Leinwanddruck und dieselbe Bildserie als Kalender gestalten, um einen Raum thematisch abzurunden.<\/p>\n\n\n\n<h2 class=\"wp-block-heading\">Fazit: Pers\u00f6nliche Wohnideen mit Bildern \u2013 einfacher als gedacht<\/h2>\n\n\n\n<p>Mit <strong>eigenen Fotos<\/strong> zu dekorieren, ist eine wundervolle Art, Pers\u00f6nlichkeit in Ihr Zuhause zu bringen. Ob <strong>gro\u00dfformatige Wandbilder<\/strong>, praktische Fotokalender oder kleine gerahmte Schnappsch\u00fcsse auf dem Regal \u2013 <strong>Ihre Bilder erz\u00e4hlen Geschichten<\/strong>, die kein gekauftes Dekoelement ersetzen kann. Dank moderner Druckservices ist die Umsetzung denkbar einfach: In unserem <strong>Online-Editor<\/strong> gestalten Sie Schritt f\u00fcr Schritt Ihr Wunschprodukt, von der Leinwand bis zum Poster, und wir liefern Ihnen brillante Ergebnisse in Top-Qualit\u00e4t. Trauen Sie sich, kreativ zu werden, und verwandeln Sie Ihre vier W\u00e4nde in einen Ort, der <strong>Ihre Erinnerungen<\/strong> stolz pr\u00e4sentiert.<\/p>\n\n\n\n<h2 class=\"wp-block-heading\">FAQ: Bilder mit eigenen Erinnerungen<\/h2>\n\n\n\n<h3 class=\"wp-block-heading\"><strong>Was muss ich beachten, wenn ich Handyfotos in Bilder mit eigenen Erinnerungen verwandle?<\/strong><\/h3>\n\n\n\n<p>Achten Sie bei Handyfotos vor allem auf die Aufl\u00f6sung. Moderne Smartphones liefern meist hochaufl\u00f6sende Fotos, doch f\u00fcr gro\u00dfe Formate wie Leinw\u00e4nde oder Poster sollten die Aufnahmen besonders scharf sein. Verwenden Sie immer das Originalfoto in voller Gr\u00f6\u00dfe, ohne Filter. So entstehen <strong>Bilder mit eigenen Erinnerungen<\/strong>, die gestochen scharf wirken und auch im XXL-Format \u00fcberzeugen. Bearbeiten Sie Helligkeit oder Kontrast bei Bedarf leicht nach, damit Ihr Wandbild die gew\u00fcnschte Wirkung entfaltet.<\/p>\n\n\n\n<h3 class=\"wp-block-heading\"><strong>Welche Wohnideen eignen sich au\u00dfer Wandbildern noch?<\/strong><\/h3>\n\n\n\n<p>Neben Wandbildern gibt es viele kreative Wohnideen, um <strong>Bilder mit eigenen Erinnerungen<\/strong> im Alltag sichtbar zu machen. Ein Fotokalender zeigt jeden Monat ein neues Motiv und bringt so Abwechslung an die Wand. Auch Fotob\u00fccher auf dem Couchtisch sind dekorativ und laden G\u00e4ste zum Bl\u00e4ttern ein.\u00a0<\/p>\n\n\n\n<h3 class=\"wp-block-heading\"><strong>Was ist besser f\u00fcr Bilder \u2013 Leinwand, Acrylglas oder Alu-Dibond?<\/strong><\/h3>\n\n\n\n<p>Die Wahl des Materials h\u00e4ngt von Ihrem Einrichtungsstil ab. Leinwanddrucke verleihen <strong>Bilder mit eigenen Erinnerungen<\/strong> eine warme, k\u00fcnstlerische Note und sind ideal f\u00fcr Wohnzimmer oder Schlafzimmer. Acrylglas sorgt f\u00fcr Brillanz und Tiefe \u2013 perfekt f\u00fcr moderne R\u00e4ume oder B\u00fcros. Alu-Dibond bietet ein mattes, elegantes Finish und passt besonders gut zu schwarz-wei\u00dfen Fotos oder minimalistischen Designs. Mit allen drei Varianten lassen sich Bilder mit eigenen Erinnerungen stilvoll in Szene setzen.<\/p>\n\n\n\n<h3 class=\"wp-block-heading\"><strong>Wie gestalte ich einen Fotokalender ansprechend?<\/strong><\/h3>\n\n\n\n<p>Ein Fotokalender ist eine wunderbare M\u00f6glichkeit, <strong>Bilder mit eigenen Erinnerungen<\/strong> das ganze Jahr \u00fcber pr\u00e4sent zu haben. W\u00e4hlen Sie pro Monat passende Motive \u2013 unter anderem Winterbilder im Januar, bl\u00fchende Natur im Mai oder Strandaufnahmen im Juli. Im Gestaltungs-Editor k\u00f6nnen Sie Vorlagen nutzen, die eine harmonische Anordnung erleichtern. Achten Sie darauf, dass die Fotos nicht vom Kalendarium \u00fcberlagert werden.<\/p>\n<a class=\"simplefavorite-button\" data-postid=\"270\" data-siteid=\"1\" data-groupid=\"1\" data-favoritecount=\"0\" style=\"\"><img decoding=\"async\" src=\"\/magazin\/wp-content\/uploads\/2025\/07\/heart.svg\">Speichern f\u00fcr sp\u00e4ter<\/a>","protected":false},"excerpt":{"rendered":"<p>Ihr Zuhause ist mehr als nur ein Ort zum Wohnen. Es spiegelt wider, wer Sie sind. Eine der sch\u00f6nsten M\u00f6glichkeiten,&#8230;<\/p>\n","protected":false},"author":3,"featured_media":271,"comment_status":"closed","ping_status":"closed","sticky":false,"template":"","format":"standard","meta":{"_acf_changed":false,"inline_featured_image":false,"footnotes":""},"categories":[3],"tags":[],"class_list":["post-270","post","type-post","status-publish","format-standard","has-post-thumbnail","hentry","category-design"],"acf":[],"yoast_head":"<!-- This site is optimized with the Yoast SEO plugin v27.5 - https:\/\/yoast.com\/product\/yoast-seo-wordpress\/ -->\n<title>Bilder mit eigenen Erinnerungen \u2013 Ihr Zuhause pers\u00f6nlich gestalten<\/title>\n<meta name=\"description\" content=\"Kreative Bilder mit eigenen Erinnerungen: Gestalten Sie Wandbilder &amp; Fotokalender mit eigenen Fotos + schaffen Sie ein pers\u00f6nliches Zuhause.\" \/>\n<link rel=\"canonical\" href=\"https:\/\/www.druckstdu.de\/magazin\/bilder-mit-eigenen-erinnerungen\/\" \/>\n<meta property=\"og:locale\" content=\"de_DE\" \/>\n<meta property=\"og:type\" content=\"article\" \/>\n<meta property=\"og:title\" content=\"Bilder mit eigenen Erinnerungen \u2013 Ihr Zuhause pers\u00f6nlich gestalten\" \/>\n<meta property=\"og:description\" content=\"Kreative Bilder mit eigenen Erinnerungen: Gestalten Sie Wandbilder &amp; Fotokalender mit eigenen Fotos + schaffen Sie ein pers\u00f6nliches Zuhause.\" \/>\n<meta property=\"og:url\" content=\"https:\/\/www.druckstdu.de\/magazin\/bilder-mit-eigenen-erinnerungen\/\" \/>\n<meta property=\"og:site_name\" content=\"Magazin | Druckstdu\" \/>\n<meta property=\"article:published_time\" content=\"2025-09-19T03:10:31+00:00\" \/>\n<meta property=\"article:modified_time\" content=\"2025-09-19T03:10:33+00:00\" \/>\n<meta property=\"og:image\" content=\"https:\/\/www.druckstdu.de\/magazin\/wp-content\/uploads\/2025\/09\/bilder-mit-eigenen-erinnerungen-von-reisen-gerahmt-an-der-wand.webp\" \/>\n\t<meta property=\"og:image:width\" content=\"1920\" \/>\n\t<meta property=\"og:image:height\" content=\"628\" \/>\n\t<meta property=\"og:image:type\" content=\"image\/webp\" \/>\n<meta name=\"author\" content=\"Julia\" \/>\n<meta name=\"twitter:card\" content=\"summary_large_image\" \/>\n<meta name=\"twitter:label1\" content=\"Verfasst von\" \/>\n\t<meta name=\"twitter:data1\" content=\"Julia\" \/>\n\t<meta name=\"twitter:label2\" content=\"Gesch\u00e4tzte Lesezeit\" \/>\n\t<meta name=\"twitter:data2\" content=\"9\u00a0Minuten\" \/>\n<script type=\"application\/ld+json\" class=\"yoast-schema-graph\">{\"@context\":\"https:\\\/\\\/schema.org\",\"@graph\":[{\"@type\":\"Article\",\"@id\":\"https:\\\/\\\/www.druckstdu.de\\\/magazin\\\/bilder-mit-eigenen-erinnerungen\\\/#article\",\"isPartOf\":{\"@id\":\"https:\\\/\\\/www.druckstdu.de\\\/magazin\\\/bilder-mit-eigenen-erinnerungen\\\/\"},\"author\":{\"name\":\"Julia\",\"@id\":\"https:\\\/\\\/www.druckstdu.de\\\/magazin\\\/#\\\/schema\\\/person\\\/21d94f7931f413d20158ecb9769efa5b\"},\"headline\":\"Bilder mit eigenen Erinnerungen: So gestalten Sie Ihr Zuhause\",\"datePublished\":\"2025-09-19T03:10:31+00:00\",\"dateModified\":\"2025-09-19T03:10:33+00:00\",\"mainEntityOfPage\":{\"@id\":\"https:\\\/\\\/www.druckstdu.de\\\/magazin\\\/bilder-mit-eigenen-erinnerungen\\\/\"},\"wordCount\":1693,\"image\":{\"@id\":\"https:\\\/\\\/www.druckstdu.de\\\/magazin\\\/bilder-mit-eigenen-erinnerungen\\\/#primaryimage\"},\"thumbnailUrl\":\"https:\\\/\\\/www.druckstdu.de\\\/magazin\\\/wp-content\\\/uploads\\\/2025\\\/09\\\/bilder-mit-eigenen-erinnerungen-von-reisen-gerahmt-an-der-wand.webp\",\"articleSection\":[\"Design\"],\"inLanguage\":\"de\"},{\"@type\":\"WebPage\",\"@id\":\"https:\\\/\\\/www.druckstdu.de\\\/magazin\\\/bilder-mit-eigenen-erinnerungen\\\/\",\"url\":\"https:\\\/\\\/www.druckstdu.de\\\/magazin\\\/bilder-mit-eigenen-erinnerungen\\\/\",\"name\":\"Bilder mit eigenen Erinnerungen \u2013 Ihr Zuhause pers\u00f6nlich gestalten\",\"isPartOf\":{\"@id\":\"https:\\\/\\\/www.druckstdu.de\\\/magazin\\\/#website\"},\"primaryImageOfPage\":{\"@id\":\"https:\\\/\\\/www.druckstdu.de\\\/magazin\\\/bilder-mit-eigenen-erinnerungen\\\/#primaryimage\"},\"image\":{\"@id\":\"https:\\\/\\\/www.druckstdu.de\\\/magazin\\\/bilder-mit-eigenen-erinnerungen\\\/#primaryimage\"},\"thumbnailUrl\":\"https:\\\/\\\/www.druckstdu.de\\\/magazin\\\/wp-content\\\/uploads\\\/2025\\\/09\\\/bilder-mit-eigenen-erinnerungen-von-reisen-gerahmt-an-der-wand.webp\",\"datePublished\":\"2025-09-19T03:10:31+00:00\",\"dateModified\":\"2025-09-19T03:10:33+00:00\",\"author\":{\"@id\":\"https:\\\/\\\/www.druckstdu.de\\\/magazin\\\/#\\\/schema\\\/person\\\/21d94f7931f413d20158ecb9769efa5b\"},\"description\":\"Kreative Bilder mit eigenen Erinnerungen: Gestalten Sie Wandbilder & Fotokalender mit eigenen Fotos + schaffen Sie ein pers\u00f6nliches Zuhause.\",\"breadcrumb\":{\"@id\":\"https:\\\/\\\/www.druckstdu.de\\\/magazin\\\/bilder-mit-eigenen-erinnerungen\\\/#breadcrumb\"},\"inLanguage\":\"de\",\"potentialAction\":[{\"@type\":\"ReadAction\",\"target\":[\"https:\\\/\\\/www.druckstdu.de\\\/magazin\\\/bilder-mit-eigenen-erinnerungen\\\/\"]}]},{\"@type\":\"ImageObject\",\"inLanguage\":\"de\",\"@id\":\"https:\\\/\\\/www.druckstdu.de\\\/magazin\\\/bilder-mit-eigenen-erinnerungen\\\/#primaryimage\",\"url\":\"https:\\\/\\\/www.druckstdu.de\\\/magazin\\\/wp-content\\\/uploads\\\/2025\\\/09\\\/bilder-mit-eigenen-erinnerungen-von-reisen-gerahmt-an-der-wand.webp\",\"contentUrl\":\"https:\\\/\\\/www.druckstdu.de\\\/magazin\\\/wp-content\\\/uploads\\\/2025\\\/09\\\/bilder-mit-eigenen-erinnerungen-von-reisen-gerahmt-an-der-wand.webp\",\"width\":1920,\"height\":628,\"caption\":\"@Aleks Magnusson von Pexels\"},{\"@type\":\"BreadcrumbList\",\"@id\":\"https:\\\/\\\/www.druckstdu.de\\\/magazin\\\/bilder-mit-eigenen-erinnerungen\\\/#breadcrumb\",\"itemListElement\":[{\"@type\":\"ListItem\",\"position\":1,\"name\":\"Startseite\",\"item\":\"https:\\\/\\\/www.druckstdu.de\\\/magazin\\\/\"},{\"@type\":\"ListItem\",\"position\":2,\"name\":\"Bilder mit eigenen Erinnerungen: So gestalten Sie Ihr Zuhause\"}]},{\"@type\":\"WebSite\",\"@id\":\"https:\\\/\\\/www.druckstdu.de\\\/magazin\\\/#website\",\"url\":\"https:\\\/\\\/www.druckstdu.de\\\/magazin\\\/\",\"name\":\"Magazin | Druckstdu\",\"description\":\"\",\"potentialAction\":[{\"@type\":\"SearchAction\",\"target\":{\"@type\":\"EntryPoint\",\"urlTemplate\":\"https:\\\/\\\/www.druckstdu.de\\\/magazin\\\/?s={search_term_string}\"},\"query-input\":{\"@type\":\"PropertyValueSpecification\",\"valueRequired\":true,\"valueName\":\"search_term_string\"}}],\"inLanguage\":\"de\"},{\"@type\":\"Person\",\"@id\":\"https:\\\/\\\/www.druckstdu.de\\\/magazin\\\/#\\\/schema\\\/person\\\/21d94f7931f413d20158ecb9769efa5b\",\"name\":\"Julia\",\"image\":{\"@type\":\"ImageObject\",\"inLanguage\":\"de\",\"@id\":\"https:\\\/\\\/secure.gravatar.com\\\/avatar\\\/f8d49d230387fe95329c8c2282dda447963627f07b20969a21414d5cb19c58dc?s=96&d=mm&r=g\",\"url\":\"https:\\\/\\\/secure.gravatar.com\\\/avatar\\\/f8d49d230387fe95329c8c2282dda447963627f07b20969a21414d5cb19c58dc?s=96&d=mm&r=g\",\"contentUrl\":\"https:\\\/\\\/secure.gravatar.com\\\/avatar\\\/f8d49d230387fe95329c8c2282dda447963627f07b20969a21414d5cb19c58dc?s=96&d=mm&r=g\",\"caption\":\"Julia\"},\"url\":\"https:\\\/\\\/www.druckstdu.de\\\/magazin\\\/author\\\/julia\\\/\"}]}<\/script>\n<!-- \/ Yoast SEO plugin. -->","yoast_head_json":{"title":"Bilder mit eigenen Erinnerungen \u2013 Ihr Zuhause pers\u00f6nlich gestalten","description":"Kreative Bilder mit eigenen Erinnerungen: Gestalten Sie Wandbilder & Fotokalender mit eigenen Fotos + schaffen Sie ein pers\u00f6nliches Zuhause.","canonical":"https:\/\/www.druckstdu.de\/magazin\/bilder-mit-eigenen-erinnerungen\/","og_locale":"de_DE","og_type":"article","og_title":"Bilder mit eigenen Erinnerungen \u2013 Ihr Zuhause pers\u00f6nlich gestalten","og_description":"Kreative Bilder mit eigenen Erinnerungen: Gestalten Sie Wandbilder & Fotokalender mit eigenen Fotos + schaffen Sie ein pers\u00f6nliches Zuhause.","og_url":"https:\/\/www.druckstdu.de\/magazin\/bilder-mit-eigenen-erinnerungen\/","og_site_name":"Magazin | Druckstdu","article_published_time":"2025-09-19T03:10:31+00:00","article_modified_time":"2025-09-19T03:10:33+00:00","og_image":[{"width":1920,"height":628,"url":"https:\/\/www.druckstdu.de\/magazin\/wp-content\/uploads\/2025\/09\/bilder-mit-eigenen-erinnerungen-von-reisen-gerahmt-an-der-wand.webp","type":"image\/webp"}],"author":"Julia","twitter_card":"summary_large_image","twitter_misc":{"Verfasst von":"Julia","Gesch\u00e4tzte Lesezeit":"9\u00a0Minuten"},"schema":{"@context":"https:\/\/schema.org","@graph":[{"@type":"Article","@id":"https:\/\/www.druckstdu.de\/magazin\/bilder-mit-eigenen-erinnerungen\/#article","isPartOf":{"@id":"https:\/\/www.druckstdu.de\/magazin\/bilder-mit-eigenen-erinnerungen\/"},"author":{"name":"Julia","@id":"https:\/\/www.druckstdu.de\/magazin\/#\/schema\/person\/21d94f7931f413d20158ecb9769efa5b"},"headline":"Bilder mit eigenen Erinnerungen: So gestalten Sie Ihr Zuhause","datePublished":"2025-09-19T03:10:31+00:00","dateModified":"2025-09-19T03:10:33+00:00","mainEntityOfPage":{"@id":"https:\/\/www.druckstdu.de\/magazin\/bilder-mit-eigenen-erinnerungen\/"},"wordCount":1693,"image":{"@id":"https:\/\/www.druckstdu.de\/magazin\/bilder-mit-eigenen-erinnerungen\/#primaryimage"},"thumbnailUrl":"https:\/\/www.druckstdu.de\/magazin\/wp-content\/uploads\/2025\/09\/bilder-mit-eigenen-erinnerungen-von-reisen-gerahmt-an-der-wand.webp","articleSection":["Design"],"inLanguage":"de"},{"@type":"WebPage","@id":"https:\/\/www.druckstdu.de\/magazin\/bilder-mit-eigenen-erinnerungen\/","url":"https:\/\/www.druckstdu.de\/magazin\/bilder-mit-eigenen-erinnerungen\/","name":"Bilder mit eigenen Erinnerungen \u2013 Ihr Zuhause pers\u00f6nlich gestalten","isPartOf":{"@id":"https:\/\/www.druckstdu.de\/magazin\/#website"},"primaryImageOfPage":{"@id":"https:\/\/www.druckstdu.de\/magazin\/bilder-mit-eigenen-erinnerungen\/#primaryimage"},"image":{"@id":"https:\/\/www.druckstdu.de\/magazin\/bilder-mit-eigenen-erinnerungen\/#primaryimage"},"thumbnailUrl":"https:\/\/www.druckstdu.de\/magazin\/wp-content\/uploads\/2025\/09\/bilder-mit-eigenen-erinnerungen-von-reisen-gerahmt-an-der-wand.webp","datePublished":"2025-09-19T03:10:31+00:00","dateModified":"2025-09-19T03:10:33+00:00","author":{"@id":"https:\/\/www.druckstdu.de\/magazin\/#\/schema\/person\/21d94f7931f413d20158ecb9769efa5b"},"description":"Kreative Bilder mit eigenen Erinnerungen: Gestalten Sie Wandbilder & Fotokalender mit eigenen Fotos + schaffen Sie ein pers\u00f6nliches Zuhause.","breadcrumb":{"@id":"https:\/\/www.druckstdu.de\/magazin\/bilder-mit-eigenen-erinnerungen\/#breadcrumb"},"inLanguage":"de","potentialAction":[{"@type":"ReadAction","target":["https:\/\/www.druckstdu.de\/magazin\/bilder-mit-eigenen-erinnerungen\/"]}]},{"@type":"ImageObject","inLanguage":"de","@id":"https:\/\/www.druckstdu.de\/magazin\/bilder-mit-eigenen-erinnerungen\/#primaryimage","url":"https:\/\/www.druckstdu.de\/magazin\/wp-content\/uploads\/2025\/09\/bilder-mit-eigenen-erinnerungen-von-reisen-gerahmt-an-der-wand.webp","contentUrl":"https:\/\/www.druckstdu.de\/magazin\/wp-content\/uploads\/2025\/09\/bilder-mit-eigenen-erinnerungen-von-reisen-gerahmt-an-der-wand.webp","width":1920,"height":628,"caption":"@Aleks Magnusson von Pexels"},{"@type":"BreadcrumbList","@id":"https:\/\/www.druckstdu.de\/magazin\/bilder-mit-eigenen-erinnerungen\/#breadcrumb","itemListElement":[{"@type":"ListItem","position":1,"name":"Startseite","item":"https:\/\/www.druckstdu.de\/magazin\/"},{"@type":"ListItem","position":2,"name":"Bilder mit eigenen Erinnerungen: So gestalten Sie Ihr Zuhause"}]},{"@type":"WebSite","@id":"https:\/\/www.druckstdu.de\/magazin\/#website","url":"https:\/\/www.druckstdu.de\/magazin\/","name":"Magazin | Druckstdu","description":"","potentialAction":[{"@type":"SearchAction","target":{"@type":"EntryPoint","urlTemplate":"https:\/\/www.druckstdu.de\/magazin\/?s={search_term_string}"},"query-input":{"@type":"PropertyValueSpecification","valueRequired":true,"valueName":"search_term_string"}}],"inLanguage":"de"},{"@type":"Person","@id":"https:\/\/www.druckstdu.de\/magazin\/#\/schema\/person\/21d94f7931f413d20158ecb9769efa5b","name":"Julia","image":{"@type":"ImageObject","inLanguage":"de","@id":"https:\/\/secure.gravatar.com\/avatar\/f8d49d230387fe95329c8c2282dda447963627f07b20969a21414d5cb19c58dc?s=96&d=mm&r=g","url":"https:\/\/secure.gravatar.com\/avatar\/f8d49d230387fe95329c8c2282dda447963627f07b20969a21414d5cb19c58dc?s=96&d=mm&r=g","contentUrl":"https:\/\/secure.gravatar.com\/avatar\/f8d49d230387fe95329c8c2282dda447963627f07b20969a21414d5cb19c58dc?s=96&d=mm&r=g","caption":"Julia"},"url":"https:\/\/www.druckstdu.de\/magazin\/author\/julia\/"}]}},"wp-worthy-pixel":{"ignored":false,"public":null,"server":null,"url":null},"wp-worthy-type":"normal","_links":{"self":[{"href":"https:\/\/www.druckstdu.de\/magazin\/wp-json\/wp\/v2\/posts\/270","targetHints":{"allow":["GET"]}}],"collection":[{"href":"https:\/\/www.druckstdu.de\/magazin\/wp-json\/wp\/v2\/posts"}],"about":[{"href":"https:\/\/www.druckstdu.de\/magazin\/wp-json\/wp\/v2\/types\/post"}],"author":[{"embeddable":true,"href":"https:\/\/www.druckstdu.de\/magazin\/wp-json\/wp\/v2\/users\/3"}],"replies":[{"embeddable":true,"href":"https:\/\/www.druckstdu.de\/magazin\/wp-json\/wp\/v2\/comments?post=270"}],"version-history":[{"count":1,"href":"https:\/\/www.druckstdu.de\/magazin\/wp-json\/wp\/v2\/posts\/270\/revisions"}],"predecessor-version":[{"id":272,"href":"https:\/\/www.druckstdu.de\/magazin\/wp-json\/wp\/v2\/posts\/270\/revisions\/272"}],"wp:featuredmedia":[{"embeddable":true,"href":"https:\/\/www.druckstdu.de\/magazin\/wp-json\/wp\/v2\/media\/271"}],"wp:attachment":[{"href":"https:\/\/www.druckstdu.de\/magazin\/wp-json\/wp\/v2\/media?parent=270"}],"wp:term":[{"taxonomy":"category","embeddable":true,"href":"https:\/\/www.druckstdu.de\/magazin\/wp-json\/wp\/v2\/categories?post=270"},{"taxonomy":"post_tag","embeddable":true,"href":"https:\/\/www.druckstdu.de\/magazin\/wp-json\/wp\/v2\/tags?post=270"}],"curies":[{"name":"wp","href":"https:\/\/api.w.org\/{rel}","templated":true}]}}