{"id":285,"date":"2025-10-03T03:07:26","date_gmt":"2025-10-03T03:07:26","guid":{"rendered":"https:\/\/www.druckstdu.de\/magazin\/?p=285"},"modified":"2025-10-09T10:00:15","modified_gmt":"2025-10-09T10:00:15","slug":"bilder-im-buero","status":"publish","type":"post","link":"https:\/\/www.druckstdu.de\/magazin\/bilder-im-buero\/","title":{"rendered":"Fotos im Berufsleben: Warum pers\u00f6nliche Bilder im B\u00fcro nicht out sind"},"content":{"rendered":"\n<p><strong>Wir alle kennen sie:<\/strong> die kleinen Bilderrahmen auf dem Schreibtisch, die <strong>pers\u00f6nliche Fotos<\/strong> zeigen \u2013 sei es das Hochzeitsfoto, das Kinderl\u00e4cheln oder der Lieblingsmoment vom letzten Urlaub. In einer zunehmend digitalen Arbeitswelt m\u00f6gen gedruckte <strong>private Bilder im B\u00fcro<\/strong> altmodisch erscheinen. Doch weit gefehlt: Diese pers\u00f6nlichen <strong>Fotos im B\u00fcro<\/strong> sind alles andere als out. Im Gegenteil, sie steigern das Wohlbefinden, f\u00f6rdern die Motivation und verleihen dem Arbeitsplatz eine menschliche Note. Wir von druckstdu wissen aus Erfahrung, wie viel Wirkung in solchen Details steckt. Dieser Beitrag zeigt, warum <strong>pers\u00f6nliche Bilder am Arbeitsplatz<\/strong> weiterhin eine gute Idee sind und wie Sie sie clever einsetzen k\u00f6nnen.<\/p>\n\n\n\n<h2 class=\"wp-block-heading\">Fotos im B\u00fcro erh\u00f6hen Motivation und Produktivit\u00e4t<\/h2>\n\n\n\n<p>Niemand arbeitet gern in einer sterilen, unpers\u00f6nlichen Umgebung. <strong>Pers\u00f6nliche Fotos am Arbeitsplatz<\/strong> bringen Leben ins B\u00fcro und k\u00f6nnen die Motivation erheblich steigern. Eine aufger\u00e4umte, aber individuelle Schreibtischgestaltung wirkt inspirierend: <strong>Ein Blick auf ein vertrautes Gesicht oder ein sch\u00f6nes Erlebnis im Bild kann neue Energie geben.<\/strong> Wissenschaftliche Erkenntnisse untermauern diesen Eindruck. So haben Forscher der University of Exeter herausgefunden, dass Arbeitnehmer <strong><a href=\"https:\/\/news-archive.exeter.ac.uk\/featurednews\/title_98638_en.html\">bis zu 32 % produktiver<\/a><\/strong> arbeiten, wenn sie ihren Arbeitsplatz selbst mitgestalten und mit eigenen Dingen personalisieren d\u00fcrfen. Eine pers\u00f6nliche Note \u2013 etwa in Form von Lieblingsfotos \u2013 sorgt daf\u00fcr, dass Mitarbeiter sich wohler f\u00fchlen und sich st\u00e4rker mit ihrem Arbeitsumfeld identifizieren.<\/p>\n\n\n\n<p><strong>Warum f\u00f6rdern private Bilder die Leistung?<\/strong> Ein individuell gestalteter Arbeitsplatz vermittelt ein Gef\u00fchl von Kontrolle und Zugeh\u00f6rigkeit. Statt in einer standardisierten B\u00fcrolandschaft zu sitzen, die komplett vom <a href=\"https:\/\/www.druckstdu.de\/magazin\/fotoprodukte-fuer-unternehmen\/\">Unternehmen<\/a> durchgestylt wurde, spiegelt der eigene Schreibtisch mit Fotos und Erinnerungsst\u00fccken die Pers\u00f6nlichkeit wider. Man <strong>kommt gern ins B\u00fcro<\/strong>, weil dort nicht nur der berufliche, sondern auch ein Teil des eigenen Lebens Platz findet. Dieses <strong>\u201eAmbient Belonging\u201c<\/strong> \u2013 also das Gef\u00fchl, dass die Umgebung zu einem passt \u2013 steigert nachweislich Arbeitszufriedenheit <strong>und Engagement<\/strong>.<\/p>\n\n\n\n<p>Ein paar Kernvorteile von pers\u00f6nlichen Fotos f\u00fcr die Motivation auf einen Blick:<\/p>\n\n\n\n<ul class=\"wp-block-list\">\n<li><strong>H\u00f6here Identifikation:<\/strong> Mitarbeitende f\u00fchlen sich im selbstgestalteten Umfeld st\u00e4rker mit dem Arbeitsplatz verbunden und zeigen mehr Engagement.<\/li>\n\n\n\n<li><strong>Kreativit\u00e4ts-Boost:<\/strong> Individuelle Dekoration wie eigene Bilder durchbricht die Monotonie und kann neue Ideen f\u00f6rdern. Ein inspirierendes Urlaubsfoto an der Wand regt zum Tr\u00e4umen an und l\u00e4sst kreative Gedanken sprudeln.<\/li>\n\n\n\n<li><strong>Durchhalteverm\u00f6gen:<\/strong> In stressigen Phasen erinnert ein Familienfoto daran, wof\u00fcr man sich anstrengt. Das motiviert, auch anspruchsvolle Projekte motivierter durchzuziehen.<\/li>\n\n\n\n<li><strong>Positive Stimmung:<\/strong> Pers\u00f6nliche <strong>Wandbilder<\/strong> oder Schreibtischfotos l\u00f6sen positive Emotionen aus. Gute Laune im B\u00fcro tr\u00e4gt zu einer produktiven Arbeitsatmosph\u00e4re bei.<\/li>\n<\/ul>\n\n\n\n<figure class=\"wp-block-table\"><table class=\"has-fixed-layout\"><thead><tr><th><strong>Vorteile pers\u00f6nlicher Bilder<\/strong><\/th><th><strong>M\u00f6gliche Bedenken oder Nachteile<\/strong><\/th><\/tr><\/thead><tbody><tr><td>Steigern Motivation und Produktivit\u00e4t<\/td><td>K\u00f6nnen ablenken, wenn <strong>zu viele Bilder<\/strong> herumstehen<\/td><\/tr><tr><td>Reduzieren Stress und heben die Stimmung<\/td><td>Bei strenger <strong>Clean-Desk-Policy<\/strong> evtl. nicht erlaubt<\/td><\/tr><tr><td>Schaffen Wohlf\u00fchlatmosph\u00e4re und Identifikation<\/td><td>Zu <strong>viel Privates<\/strong> k\u00f6nnte unprofessionell wirken<\/td><\/tr><tr><td>F\u00f6rdern Teamgespr\u00e4che und zwischenmenschliche Bindung<\/td><td>Unordnung vermeiden \u2013 <strong>Rahmen &amp; Anordnung<\/strong> sollten gepflegt sein<\/td><\/tr><\/tbody><\/table><\/figure>\n\n\n\n<h2 class=\"wp-block-heading\">Weniger Stress dank vertrauter Gesichter<\/h2>\n\n\n\n<p><strong>Der Arbeitsalltag kann hektisch sein<\/strong> \u2013 umso wertvoller sind kleine Oasen der Ruhe. <strong>Pers\u00f6nliche Fotos im B\u00fcro<\/strong> k\u00f6nnen eine solche Oase schaffen. Ein kurzer Blick auf das Foto der Familie, des Partners oder vielleicht des Haustiers wirkt oft Wunder, um Stress abzubauen. Psychologen sprechen vom <strong>\u201esozialen Anker\u201c:<\/strong> Das Bild eines geliebten Menschen am Schreibtisch erinnert daran, dass es au\u00dferhalb der aktuellen Stresssituation Unterst\u00fctzung und Sinn gibt. Diese Erinnerung hilft, <strong>negative Gedanken schneller loszulassen<\/strong>.<\/p>\n\n\n\n<p>Studien untermauern auch diesen Effekt. Eine Untersuchung an der Cornell University zeigte, dass schon das blo\u00dfe Betrachten eines Fotos eines nahestehenden Menschen die Stimmung merklich aufhellen kann. Wenn Sie etwa an einem schwierigen Projekt arbeiten oder einen R\u00fcckschlag verdauen m\u00fcssen, gen\u00fcgt oft <strong>ein Blick auf das Foto Ihres Partners oder Ihrer Kinder<\/strong>, um innerlich ruhiger zu werden. Die vertrauten Gesichter signalisieren Ihrem Gehirn Sicherheit und Geborgenheit \u2013 Stresshormone gehen zur\u00fcck, stattdessen stellt sich ein Gef\u00fchl von Zuversicht ein.<\/p>\n\n\n\n<p>Auch <strong>niedliche Motive<\/strong> haben eine erstaunliche Wirkung: Japanische Forscher fanden heraus, dass <strong>Bilder von Tierbabys<\/strong> auf dem Bildschirm die Motivation und Konzentration steigern k\u00f6nnen. Kein Wunder also, dass viele B\u00fcroangestellte einen <strong>kreativen Bildschirmschoner<\/strong> oder Hintergrund mit Lieblingsmotiven w\u00e4hlen, wenn schon auf dem Tisch keine Fotos stehen d\u00fcrfen. So nutzen Sie digitale pers\u00f6nliche Bilder als Stresspuffer im B\u00fcroalltag.<\/p>\n\n\n\n<p><strong>Kurz gesagt:<\/strong> Private Bilder fungieren als <strong>mentale Kurzpause<\/strong>. Sie holen positive Erinnerungen in den Kopf und relativieren so manchen \u00c4rger. Das hilft Ihnen, nach einer anstrengenden Besprechung oder einer kritischen E-Mail wieder fokussierter und gelassener weiterzuarbeiten. Ein pers\u00f6nliches Foto ist damit mehr als Deko \u2013 es ist Ihr <strong>Motivations-Booster und Seelentr\u00f6ster<\/strong> in einem.<\/p>\n\n\n\n<h2 class=\"wp-block-heading\">Teamgeist und Gespr\u00e4chsstoff: Wenn Fotos Verbindungen schaffen<\/h2>\n\n\n\n<p>Ein weiterer Pluspunkt von pers\u00f6nlichen Bildern im B\u00fcro: <strong>Sie bringen Menschen ins Gespr\u00e4ch.<\/strong> Stellen Sie sich vor, eine Kollegin bleibt an dem Urlaubsfoto auf Ihrer Pinnwand stehen: \u201eWelcher Strand ist das? Sieht traumhaft aus!\u201c \u2013 schon entspinnt sich ein netter Small Talk \u00fcber Reiseerlebnisse. Solche Gespr\u00e4che \u00fcber <strong>private Bilder im B\u00fcro<\/strong> f\u00f6rdern den Teamgeist und bauen Br\u00fccken zwischen Kollegen, die sich vielleicht sonst weniger austauschen w\u00fcrden.<\/p>\n\n\n\n<p><strong>Pers\u00f6nliche Fotos als \u201eIcebreaker\u201c:<\/strong> Ein Foto mit dem Hund oder ein lustiges Babybild auf dem Schreibtisch verr\u00e4t etwas \u00fcber Sie. Kollegen lernen Sie dadurch von einer menschlichen Seite kennen \u2013 jenseits der reinen Jobrolle. Das kann Sympathie schaffen und das Vertrauen im Team st\u00e4rken. Gerade neue Teammitglieder finden so leichter Anschluss, wenn sie Ankn\u00fcpfungspunkte f\u00fcr lockeren Austausch sehen (\u201eAch, Sie sind auch Hundebesitzer? Wie hei\u00dft Ihr Vierbeiner?\u201c).<\/p>\n\n\n\n<p>F\u00fcr F\u00fchrungskr\u00e4fte kann ein pers\u00f6nliches Bild im B\u00fcro \u00fcbrigens ebenfalls ein <strong>positives Signal<\/strong> sein. Es zeigt, dass auch Chefs ein Privatleben und Gef\u00fchle haben. Das macht Vorgesetzte nahbarer und schafft eine offenere Atmosph\u00e4re. Nat\u00fcrlich sollte die <strong>Professionalit\u00e4t<\/strong> gewahrt bleiben \u2013 doch ein oder zwei <strong>pers\u00f6nliche Fotos auf dem Schreibtisch<\/strong> senden die Botschaft: Hier arbeiten Menschen miteinander, nicht Maschinen.<\/p>\n\n\n\n<p>Dabei gilt es stets, ein gesundes Ma\u00df zu bewahren. Ein <strong>Familienfoto<\/strong> im B\u00fcro ist sozial absolut akzeptiert und meist willkommen, doch ein ganzes Dutzend Partybilder sind an der Pinnwand k\u00f6nnte \u00fcbertrieben wirken. <strong>Weniger ist mehr:<\/strong> Ein paar sorgf\u00e4ltig ausgew\u00e4hlte Bilder erzielen eine viel gr\u00f6\u00dfere Wirkung f\u00fcrs Betriebsklima als eine Collage Ihres gesamten Instagram-Feeds. Wie pers\u00f6nliche Fotos im B\u00fcro gut ankommen, h\u00e4ngt auch vom <strong>Umfeld<\/strong> ab \u2013 dazu im n\u00e4chsten Abschnitt mehr.<\/p>\n\n\n\n<p>Gern d\u00fcrfen Sie auch die beruflichen Meilensteine, die mit dem Team erreicht wurden, abbilden und an die Wand nageln. Warum das positiv ist, erfahren Sie in unserem <a href=\"https:\/\/www.druckstdu.de\/magazin\/fotoprodukte-fuer-berufliche-meilensteine\/\">Beitrag.<\/a><\/p>\n\n\n\n<h2 class=\"wp-block-heading\">Moderation ist der Schl\u00fcssel: Worauf Sie bei privaten B\u00fcrofotos achten sollten<\/h2>\n\n\n\n<p>So wertvoll pers\u00f6nliche Bilder im B\u00fcro sind, so wichtig ist es, sie <strong>bewusst und angemessen<\/strong> einzusetzen. Jedes Unternehmen hat seine Kultur und mitunter auch Regeln, was am Arbeitsplatz erlaubt ist. Mit ein paar <strong>praktischen Tipps<\/strong> integrieren Sie Ihre <strong>pers\u00f6nlichen Fotos<\/strong> stilsicher ins B\u00fcro, ohne Professionalit\u00e4t einzub\u00fc\u00dfen:<\/p>\n\n\n\n<ul class=\"wp-block-list\">\n<li><strong>Richtlinien kennen:<\/strong> Pr\u00fcfen Sie zun\u00e4chst, ob es offizielle Vorgaben gibt. Manche Firmen verfolgen eine strikte <strong>Clean-Desk-Policy<\/strong>, die pers\u00f6nliche Gegenst\u00e4nde untersagt. In den meisten F\u00e4llen ist ein dezentes Foto jedoch geduldet. Im Zweifel fragen Sie freundlich bei HR oder Ihrem Vorgesetzten nach.<\/li>\n\n\n\n<li><strong>Ma\u00dfvolles Dekorieren:<\/strong> Beschr\u00e4nken Sie sich auf wenige, <strong>wichtige Bilder<\/strong>. Ein oder zwei Fotos \u2013 unter anderem eines von der Familie und eines vom letzten Urlaub \u2013 reichen v\u00f6llig aus. So wirkt Ihr Schreibtisch pers\u00f6nlich, aber nicht unordentlich.<\/li>\n\n\n\n<li><strong>Professioneller Kontext:<\/strong> Achten Sie auf die <strong>Motivwahl<\/strong>. Urlaubsfotos am Strand sind in Ordnung, Partybilder eher nicht. W\u00e4hlen Sie Bilder, die <strong>positiv und motivierend<\/strong> sind, aber keine allzu privaten Details preisgeben. Was in der <strong>Mittagspause<\/strong> Gespr\u00e4chsstoff sein darf (z.B. der neue Hund oder das Babyfoto), sollte im Kundenmeeting nicht im Vordergrund stehen.<\/li>\n\n\n\n<li><strong>Qualit\u00e4t und Pr\u00e4sentation:<\/strong> Setzen Sie auf <strong>hochwertige Drucke<\/strong> und ansprechende Rahmen. Ein scharf gedrucktes Foto in einem schlichten, eleganten Rahmen wirkt deutlich wertiger als ein geknitterter Ausdruck an der Wand. Mit unserem Fotoservice k\u00f6nnen Sie Ihre <strong>pers\u00f6nlichen Bilder <\/strong><a href=\"https:\/\/www.druckstdu.de\/druck-und-qualitat\/\"><strong>in bester Qualit\u00e4t<\/strong><\/a> drucken lassen \u2013 ob als Abzug, <strong>Poster<\/strong> oder auf Leinwand. Ein gut pr\u00e4sentiertes Bild zeugt auch von Sorgfalt im Detail.<\/li>\n\n\n\n<li><strong>R\u00fccksicht nehmen:<\/strong> Platzieren Sie private Fotos so, dass sie <strong>Sie selbst am meisten erfreuen<\/strong>, aber Kollegen nicht ablenken. Das Bild darf im eigenen Sichtfeld stehen, muss aber nicht jedem Besucher sofort ins Auge springen. So behalten Sie Ihre Motivation vor sich, ohne die Arbeitsumgebung anderer zu st\u00f6ren.<\/li>\n\n\n\n<li><strong>Digital clever nutzen:<\/strong> Wenn physische Bilder tabu sind, weichen Sie auf <strong>digitale Alternativen<\/strong> aus. Ein pers\u00f6nlicher <strong>Bildschirmschoner<\/strong> oder ein dezentes Hintergrundbild auf dem Desktop erf\u00fcllt einen \u00e4hnlichen Zweck. Wichtig: Auch hier sollten Sie auf passende Motive achten \u2013 bedenken Sie, dass gelegentlich Kollegen oder Kunden Ihren Bildschirm sehen.<\/li>\n<\/ul>\n\n\n\n<p>Halten Sie sich an diese Grunds\u00e4tze, steht dem Genuss Ihrer pers\u00f6nlichen B\u00fcro-Deko nichts im Wege. Im Kern gilt: <strong>Erlaubt ist, was guttut und nicht vom Wesentlichen ablenkt.<\/strong> Ein Foto, das Ihnen jeden Morgen ein L\u00e4cheln entlockt, ist vermutlich genau die richtige Dosis Pers\u00f6nlichkeit f\u00fcr Ihren Arbeitsplatz.<\/p>\n\n\n\n<h2 class=\"wp-block-heading\">Kreative Ideen: So integrieren Sie pers\u00f6nliche Fotos im B\u00fcroalltag<\/h2>\n\n\n\n<p>Es muss nicht immer nur der klassische Bilderrahmen sein. Wenn Sie Lust auf etwas Kreativit\u00e4t haben, gibt es zahlreiche <strong>originelle M\u00f6glichkeiten<\/strong>, <strong>private Fotos im B\u00fcro<\/strong> einzubinden. Hier ein paar Inspirationen, wie Sie Erinnerungen dekorativ und <strong>n\u00fctzlich zugleich<\/strong> pr\u00e4sentieren k\u00f6nnen:<\/p>\n\n\n\n<ul class=\"wp-block-list\">\n<li><strong>Personalisiertes Kalender-Design:<\/strong> Wie w\u00e4re es mit einem selbst gestalteten <strong>Fotokalender<\/strong> auf dem Schreibtisch oder an der Wand? Jeden Monat begleitet Sie ein neues Lieblingsbild. Ein individuell gestalteter Fotokalender \u2013 ob als <a href=\"https:\/\/www.druckstdu.de\/fotokalender\/wandkalender\/\">Wandkalender<\/a> oder praktischer <a href=\"https:\/\/www.druckstdu.de\/fotokalender\/tischkalender\/\">Tischkalender<\/a> \u2013 sorgt nicht nur f\u00fcr Termineinblicke, sondern jeden Monat f\u00fcr frische Motivation durch pers\u00f6nliche Fotos.<\/li>\n\n\n\n<li><strong>Wandbild als Blickfang:<\/strong> Verwandeln Sie ein eindrucksvolles Foto in ein gro\u00dfes <strong><a href=\"https:\/\/www.druckstdu.de\/magazin\/wp-content\/uploads\/2025\/09\/wanddeko-mit-fotos-bilder-in-verschiedenen-rahmen-an-einer-tannengruenen-wand.webp\">Wandbild<\/a><\/strong>. Ein Panorama vom letzten Urlaub oder eine sch\u00f6ne Familienaufnahme auf Leinwand kann Ihr B\u00fcro stilvoll schm\u00fccken. Dank moderner Drucktechnik sind diverse Materialien m\u00f6glich: <strong>Fotoleinwand, Acrylglas, Alu-Dibond<\/strong> oder klassisches Poster. Mit <a href=\"https:\/\/www.druckstdu.de\/wandbilder\/\">hochwertigen Wandbildern<\/a> verleihen Sie sogar dem B\u00fcroflur oder dem Besprechungsraum eine pers\u00f6nliche Note, ohne auf Professionalit\u00e4t zu verzichten.<\/li>\n\n\n\n<li><strong>Memo-Board mit Erinnerungen:<\/strong> Haben Sie eine Pinnwand oder Magnetleiste in Ihrem B\u00fcro? Nutzen Sie sie nicht nur f\u00fcr To-dos, sondern pinnen Sie auch ein paar kleine <strong>Schnappsch\u00fcsse<\/strong> an. Etwa eine <strong>Fotocollage<\/strong> aus Polaroid-Drucken von sch\u00f6nen Momenten \u2013 das lockert die Informationswand auf und zieht Blicke auf sich. Jeder kurze Gang zur Pinnwand wird so zum pers\u00f6nlichen Highlight.<\/li>\n\n\n\n<li><strong>Notizbuch &amp; Co. personalisieren:<\/strong> Allt\u00e4gliche Arbeitsutensilien lassen sich ebenfalls mit Fotos versehen. Denken Sie an ein Notizbuch mit Fotocover oder einen selbstgestalteten Planer mit Familienfoto auf der ersten Seite. Jedes Mal, wenn Sie etwas notieren, sehen Sie Ihr Motiv und sind gleich besser gestimmt. Solche personalisierten B\u00fcroartikel sind Unikate, die garantiert kein anderer im B\u00fcro hat.<\/li>\n\n\n\n<li><strong>Individuelles Mauspad:<\/strong> Ein Mauspad mit Ihrem Lieblingsfoto kombiniert N\u00fctzliches mit Sch\u00f6nem. Ob der Sonnenuntergang vom letzten Urlaub oder das drollige Haustier \u2013 so ein <strong>Fotogeschenk f\u00fcr den Arbeitsplatz<\/strong> l\u00e4sst Routinearbeiten gleich viel angenehmer werden. Sollte Ihr Unternehmen keine pers\u00f6nlichen Gegenst\u00e4nde auf dem Tisch m\u00f6gen, k\u00f6nnen Sie argumentieren: Das Mauspad ist ein Arbeitsmittel \u2013 nur eben mit Pers\u00f6nlichkeit!<\/li>\n<\/ul>\n\n\n\n<p>Sie sehen, der Fantasie sind kaum Grenzen gesetzt. Wichtig ist, dass die Umsetzung <strong>zu Ihnen und Ihrem Job passt<\/strong>. In einem kreativen Berufsumfeld d\u00fcrfen die Ideen ruhig ausgefallener sein; in einem sehr konservativen Setting w\u00e4hlt man lieber dezentere Varianten. Letztlich geht es darum, <strong>Freude an den pers\u00f6nlichen Bildern<\/strong> zu haben, ohne die Arbeitsatmosph\u00e4re zu st\u00f6ren. Finden Sie die Form, die beides vereint \u2013 wir unterst\u00fctzen Sie dabei gern mit hochwertigen Druckl\u00f6sungen.<\/p>\n\n\n\n<h2 class=\"wp-block-heading\">Pers\u00f6nliche Bilder: Kleine Details mit gro\u00dfer Wirkung im Arbeitsalltag<\/h2>\n\n\n\n<p>Sie sehen: Private Bilder im B\u00fcro sind weit mehr als Deko. Es sind <strong>kleine Kraftquellen<\/strong>, die Motivation, Wohlbefinden und Zusammenhalt f\u00f6rdern. Ein einzelnes Foto kann an einem langen Arbeitstag zum L\u00e4cheln anregen, Stress relativieren und daran erinnern, wof\u00fcr Sie Ihr Bestes geben. Solche <strong>pers\u00f6nlichen Akzente<\/strong> machen aus einem anonymen Arbeitsplatz <strong>Ihr B\u00fcro<\/strong> \u2013 einen Ort, an dem Sie sich gerne aufhalten und entfalten.<\/p>\n\n\n\n<p>Bei <strong>druckstdu.de<\/strong> verstehen wir diese Bedeutung. Als Anbieter personalisierter Fotoprodukte sehen wir t\u00e4glich, wie viel Emotion in jedem Bild steckt. Nutzen Sie diese Kraft der Bilder f\u00fcr Ihr Berufsleben! <strong>Gestalten Sie Ihr B\u00fcro ein St\u00fcck weit pers\u00f6nlicher<\/strong> \u2013 sei es mit einem gerahmten Lieblingsfoto, einem individuellen Kalender oder einem farbenfrohen Leinwanddruck.<\/p>\n\n\n\n<p>Trauen Sie sich, <strong>Ihr Arbeitsumfeld mit Ihren Geschichten zu bereichern<\/strong>. Sie werden \u00fcberrascht sein, wie positiv die Wirkung auf Sie und Ihr Team ist. In diesem Sinne: Viel Freude beim <strong>Einrichten mit pers\u00f6nlichen Fotos<\/strong> und beim Schaffen eines Arbeitsplatzes, der so einzigartig ist wie Sie selbst!<\/p>\n\n\n\n<h2 class=\"wp-block-heading\">H\u00e4ufige Fragen zu pers\u00f6nlichen Bildern im B\u00fcro<\/h2>\n\n\n\n<h3 class=\"wp-block-heading\">Sind private Bilder im B\u00fcro erlaubt?<\/h3>\n\n\n\n<p>Grunds\u00e4tzlich ja \u2013 in vielen Unternehmen ist es v\u00f6llig in Ordnung, ein oder zwei private Fotos aufzustellen. Allerdings h\u00e4ngt es von der Firmenkultur und m\u00f6glichen Richtlinien ab. Manche Arbeitgeber haben eine Clean-Desk-Policy, die pers\u00f6nliche Gegenst\u00e4nde untersagt. Informieren Sie sich daher im Zweifel \u00fcber interne Regeln. In den meisten F\u00e4llen sind dezente pers\u00f6nliche Bilder jedoch erlaubt und gern gesehen, solange der Arbeitsplatz ordentlich bleibt.<\/p>\n\n\n\n<h3 class=\"wp-block-heading\">Wirken pers\u00f6nliche Fotos am Arbeitsplatz unprofessionell?<\/h3>\n\n\n\n<p>Nein, ma\u00dfvoll eingesetzt wirken private Fotos nicht unprofessionell. Ein einzelnes Familien- oder Urlaubsfoto auf dem Schreibtisch zeigt Pers\u00f6nlichkeit und Emotion \u2013 das kann das Arbeitsklima sogar verbessern. Wichtig ist, dass die Motive geschmackvoll und angemessen sind. Ein seri\u00f6ser Rahmen und eine aufger\u00e4umte Platzierung sorgen daf\u00fcr, dass Ihr B\u00fcro trotz pers\u00f6nlicher Note professionell wirkt. Solange die Bilder Kollegen oder Kunden nicht ablenken, gelten sie heute eher als Zeichen eines menschlichen Arbeitsplatzes denn als Makel.<\/p>\n\n\n\n<h3 class=\"wp-block-heading\">Wie viele private Fotos sollte ich im B\u00fcro aufstellen?<\/h3>\n\n\n\n<p>Hier gilt: Weniger ist mehr. In der Regel gen\u00fcgen ein bis maximal drei Fotos im direkten Sichtbereich, um eine pers\u00f6nliche Note zu setzen. Zu viele Bilder k\u00f6nnten \u00fcberladen wirken und tats\u00e4chlich vom Arbeiten ablenken. W\u00e4hlen Sie lieber ein paar besonders bedeutungsvolle Motive \u2013 etwa Ihre Familie, Ihren Partner oder ein inspirierendes Landschaftsfoto \u2013 statt jede freie Fl\u00e4che mit Fotos zu f\u00fcllen. So bleibt der Effekt positiv und Ihr Schreibtisch wirkt nicht chaotisch.<\/p>\n\n\n\n<h3 class=\"wp-block-heading\">Steigern private Fotos im B\u00fcro die Produktivit\u00e4t?<\/h3>\n\n\n\n<p>Ja, verschiedene Studien deuten darauf hin, dass pers\u00f6nliche Gestaltung am Arbeitsplatz die Arbeitsleistung positiv beeinflussen kann. Wenn Mitarbeiter ihre Umgebung mitgestalten d\u00fcrfen \u2013 z. B. durch eigene Bilder oder Pflanzen \u2013 f\u00fchlen sie sich wohler und sind motivierter. Ein individuelles Foto kann zudem in Stressmomenten motivieren und an sch\u00f6ne Erlebnisse erinnern, was die Stimmung hebt. Nat\u00fcrlich ersetzen Fotos keine gute Arbeitsorganisation, aber sie tragen zu einer angenehmeren, produktiveren Atmosph\u00e4re bei.<\/p>\n\n\n\n<h3 class=\"wp-block-heading\">Wie kann ich meinen Arbeitsplatz trotz Clean-Desk-Policy personalisieren?<\/h3>\n\n\n\n<p>Wenn Ihr Unternehmen eine strikte Clean-Desk-Policy verfolgt, hei\u00dft das meist: Keine Gegenst\u00e4nde bleiben \u00fcber Nacht am Platz. Sie k\u00f6nnen dennoch Pers\u00f6nlichkeit einbringen, indem Sie jeden Morgen bewusst ein Foto in einem kleinen Rahmen aufstellen und abends wieder mitnehmen. Alternativ nutzen Sie digitale Personalisierung: ein sch\u00f6nes Hintergrundbild auf Ihrem Computer oder ein pers\u00f6nliches Bild als Bildschirmschoner. Auch farbige Desktop-Accessoires (Mauspad, Tasse etc.) mit dezentem Foto k\u00f6nnen den Arbeitsplatz pers\u00f6nlicher machen, ohne gegen die Regeln zu versto\u00dfen.<\/p>\n\n\n\n<h3 class=\"wp-block-heading\">Welche Fotos eignen sich f\u00fcrs B\u00fcro?<\/h3>\n\n\n\n<p>Am besten w\u00e4hlen Sie positive, motivierende Motive. Familienfotos, Hochzeitsbilder, Bilder von Kindern oder Haustieren, sch\u00f6ne Landschaften vom letzten Urlaub \u2013 all das sind geeignete Optionen. Vermeiden sollten Sie Bilder, die zu privat oder provokativ sind (Partyfotos, politische Statements, zu freiz\u00fcgige Motive). Das Foto sollte Ihnen jedes Mal Freude bereiten, wenn Sie es ansehen, und zugleich neutral genug sein, dass Kollegen oder Kunden sich nicht daran st\u00f6ren. L\u00e4chelnde Gesichter, ruhige Natur oder inspirierende Momente eignen sich besonders gut.<\/p>\n\n\n\n<h3 class=\"wp-block-heading\">Wie pr\u00e4sentiere ich pers\u00f6nliche Bilder im B\u00fcro am besten?<\/h3>\n\n\n\n<p>Setzen Sie auf eine ansprechende Pr\u00e4sentation: Ein schlichter, hochwertiger Rahmen in passender Gr\u00f6\u00dfe wirkt professionell. Achten Sie darauf, dass das Foto in guter Druckqualit\u00e4t vorliegt \u2013 am besten nutzen Sie einen Abzug in Fotolabor-Qualit\u00e4t oder einen hochwertigen Druck auf Fotopapier. Platzieren Sie den Rahmen an einer Stelle, die prim\u00e4r f\u00fcr Sie sichtbar ist (z.&nbsp;B. neben dem Monitor). So haben Sie den Nutzen, ohne dass das Bild f\u00fcr jeden Besucher zu sehr im Vordergrund steht. Alternativ k\u00f6nnen Sie ein gr\u00f6\u00dferes Bild als Wanddekoration aufh\u00e4ngen, wenn es zum B\u00fcro passt. Auch hier gilt: Qualit\u00e4t und dezente Platzierung machen den Unterschied, damit Ihr pers\u00f6nliches Bild zum stilvollen Hingucker wird.<\/p>\n<a class=\"simplefavorite-button\" data-postid=\"285\" data-siteid=\"1\" data-groupid=\"1\" data-favoritecount=\"0\" style=\"\"><img decoding=\"async\" src=\"\/magazin\/wp-content\/uploads\/2025\/07\/heart.svg\">Speichern f\u00fcr sp\u00e4ter<\/a>","protected":false},"excerpt":{"rendered":"<p>Wir alle kennen sie: die kleinen Bilderrahmen auf dem Schreibtisch, die pers\u00f6nliche Fotos zeigen \u2013 sei es das Hochzeitsfoto, das&#8230;<\/p>\n","protected":false},"author":3,"featured_media":286,"comment_status":"closed","ping_status":"closed","sticky":false,"template":"","format":"standard","meta":{"_acf_changed":false,"inline_featured_image":false,"footnotes":""},"categories":[5],"tags":[],"class_list":["post-285","post","type-post","status-publish","format-standard","has-post-thumbnail","hentry","category-fotografie"],"acf":[],"yoast_head":"<!-- This site is optimized with the Yoast SEO plugin v27.5 - https:\/\/yoast.com\/product\/yoast-seo-wordpress\/ -->\n<title>Fotos im Berufsleben: Warum private Bilder im B\u00fcro nicht out sind<\/title>\n<meta name=\"description\" content=\"Gestalten Sie Ihr B\u00fcro zur Wohlf\u00fchloase! \ud83d\uddbc\ufe0f\u2728Warum private Bilder im B\u00fcro nicht veraltet sind und diese Mitarbeiter positiv beeinflussen.\" \/>\n<link rel=\"canonical\" href=\"https:\/\/www.druckstdu.de\/magazin\/bilder-im-buero\/\" \/>\n<meta property=\"og:locale\" content=\"de_DE\" \/>\n<meta property=\"og:type\" content=\"article\" \/>\n<meta property=\"og:title\" content=\"Fotos im Berufsleben: Warum private Bilder im B\u00fcro nicht out sind\" \/>\n<meta property=\"og:description\" content=\"Gestalten Sie Ihr B\u00fcro zur Wohlf\u00fchloase! \ud83d\uddbc\ufe0f\u2728Warum private Bilder im B\u00fcro nicht veraltet sind und diese Mitarbeiter positiv beeinflussen.\" \/>\n<meta property=\"og:url\" content=\"https:\/\/www.druckstdu.de\/magazin\/bilder-im-buero\/\" \/>\n<meta property=\"og:site_name\" content=\"Magazin | Druckstdu\" \/>\n<meta property=\"article:published_time\" content=\"2025-10-03T03:07:26+00:00\" \/>\n<meta property=\"article:modified_time\" content=\"2025-10-09T10:00:15+00:00\" \/>\n<meta property=\"og:image\" content=\"https:\/\/www.druckstdu.de\/magazin\/wp-content\/uploads\/2025\/10\/bilder-im-buero-schreibtisch-daneben-ein-wandbild-mit-frau-und-kind-beim-toben-in-der-natur.webp\" \/>\n\t<meta property=\"og:image:width\" content=\"1920\" \/>\n\t<meta property=\"og:image:height\" content=\"628\" \/>\n\t<meta property=\"og:image:type\" content=\"image\/webp\" \/>\n<meta name=\"author\" content=\"Julia\" \/>\n<meta name=\"twitter:card\" content=\"summary_large_image\" \/>\n<meta name=\"twitter:label1\" content=\"Verfasst von\" \/>\n\t<meta name=\"twitter:data1\" content=\"Julia\" \/>\n\t<meta name=\"twitter:label2\" content=\"Gesch\u00e4tzte Lesezeit\" \/>\n\t<meta name=\"twitter:data2\" content=\"15\u00a0Minuten\" \/>\n<script type=\"application\/ld+json\" class=\"yoast-schema-graph\">{\"@context\":\"https:\\\/\\\/schema.org\",\"@graph\":[{\"@type\":\"Article\",\"@id\":\"https:\\\/\\\/www.druckstdu.de\\\/magazin\\\/bilder-im-buero\\\/#article\",\"isPartOf\":{\"@id\":\"https:\\\/\\\/www.druckstdu.de\\\/magazin\\\/bilder-im-buero\\\/\"},\"author\":{\"name\":\"Julia\",\"@id\":\"https:\\\/\\\/www.druckstdu.de\\\/magazin\\\/#\\\/schema\\\/person\\\/21d94f7931f413d20158ecb9769efa5b\"},\"headline\":\"Fotos im Berufsleben: Warum pers\u00f6nliche Bilder im B\u00fcro nicht out sind\",\"datePublished\":\"2025-10-03T03:07:26+00:00\",\"dateModified\":\"2025-10-09T10:00:15+00:00\",\"mainEntityOfPage\":{\"@id\":\"https:\\\/\\\/www.druckstdu.de\\\/magazin\\\/bilder-im-buero\\\/\"},\"wordCount\":2809,\"image\":{\"@id\":\"https:\\\/\\\/www.druckstdu.de\\\/magazin\\\/bilder-im-buero\\\/#primaryimage\"},\"thumbnailUrl\":\"https:\\\/\\\/www.druckstdu.de\\\/magazin\\\/wp-content\\\/uploads\\\/2025\\\/10\\\/bilder-im-buero-schreibtisch-daneben-ein-wandbild-mit-frau-und-kind-beim-toben-in-der-natur.webp\",\"articleSection\":[\"Fotografie\"],\"inLanguage\":\"de\"},{\"@type\":\"WebPage\",\"@id\":\"https:\\\/\\\/www.druckstdu.de\\\/magazin\\\/bilder-im-buero\\\/\",\"url\":\"https:\\\/\\\/www.druckstdu.de\\\/magazin\\\/bilder-im-buero\\\/\",\"name\":\"Fotos im Berufsleben: Warum private Bilder im B\u00fcro nicht out sind\",\"isPartOf\":{\"@id\":\"https:\\\/\\\/www.druckstdu.de\\\/magazin\\\/#website\"},\"primaryImageOfPage\":{\"@id\":\"https:\\\/\\\/www.druckstdu.de\\\/magazin\\\/bilder-im-buero\\\/#primaryimage\"},\"image\":{\"@id\":\"https:\\\/\\\/www.druckstdu.de\\\/magazin\\\/bilder-im-buero\\\/#primaryimage\"},\"thumbnailUrl\":\"https:\\\/\\\/www.druckstdu.de\\\/magazin\\\/wp-content\\\/uploads\\\/2025\\\/10\\\/bilder-im-buero-schreibtisch-daneben-ein-wandbild-mit-frau-und-kind-beim-toben-in-der-natur.webp\",\"datePublished\":\"2025-10-03T03:07:26+00:00\",\"dateModified\":\"2025-10-09T10:00:15+00:00\",\"author\":{\"@id\":\"https:\\\/\\\/www.druckstdu.de\\\/magazin\\\/#\\\/schema\\\/person\\\/21d94f7931f413d20158ecb9769efa5b\"},\"description\":\"Gestalten Sie Ihr B\u00fcro zur Wohlf\u00fchloase! \ud83d\uddbc\ufe0f\u2728Warum private Bilder im B\u00fcro nicht veraltet sind und diese Mitarbeiter positiv beeinflussen.\",\"breadcrumb\":{\"@id\":\"https:\\\/\\\/www.druckstdu.de\\\/magazin\\\/bilder-im-buero\\\/#breadcrumb\"},\"inLanguage\":\"de\",\"potentialAction\":[{\"@type\":\"ReadAction\",\"target\":[\"https:\\\/\\\/www.druckstdu.de\\\/magazin\\\/bilder-im-buero\\\/\"]}]},{\"@type\":\"ImageObject\",\"inLanguage\":\"de\",\"@id\":\"https:\\\/\\\/www.druckstdu.de\\\/magazin\\\/bilder-im-buero\\\/#primaryimage\",\"url\":\"https:\\\/\\\/www.druckstdu.de\\\/magazin\\\/wp-content\\\/uploads\\\/2025\\\/10\\\/bilder-im-buero-schreibtisch-daneben-ein-wandbild-mit-frau-und-kind-beim-toben-in-der-natur.webp\",\"contentUrl\":\"https:\\\/\\\/www.druckstdu.de\\\/magazin\\\/wp-content\\\/uploads\\\/2025\\\/10\\\/bilder-im-buero-schreibtisch-daneben-ein-wandbild-mit-frau-und-kind-beim-toben-in-der-natur.webp\",\"width\":1920,\"height\":628,\"caption\":\"@Kamille Sampaio von Pexels und @navamin Studio\"},{\"@type\":\"BreadcrumbList\",\"@id\":\"https:\\\/\\\/www.druckstdu.de\\\/magazin\\\/bilder-im-buero\\\/#breadcrumb\",\"itemListElement\":[{\"@type\":\"ListItem\",\"position\":1,\"name\":\"Startseite\",\"item\":\"https:\\\/\\\/www.druckstdu.de\\\/magazin\\\/\"},{\"@type\":\"ListItem\",\"position\":2,\"name\":\"Fotos im Berufsleben: Warum pers\u00f6nliche Bilder im B\u00fcro nicht out sind\"}]},{\"@type\":\"WebSite\",\"@id\":\"https:\\\/\\\/www.druckstdu.de\\\/magazin\\\/#website\",\"url\":\"https:\\\/\\\/www.druckstdu.de\\\/magazin\\\/\",\"name\":\"Magazin | Druckstdu\",\"description\":\"\",\"potentialAction\":[{\"@type\":\"SearchAction\",\"target\":{\"@type\":\"EntryPoint\",\"urlTemplate\":\"https:\\\/\\\/www.druckstdu.de\\\/magazin\\\/?s={search_term_string}\"},\"query-input\":{\"@type\":\"PropertyValueSpecification\",\"valueRequired\":true,\"valueName\":\"search_term_string\"}}],\"inLanguage\":\"de\"},{\"@type\":\"Person\",\"@id\":\"https:\\\/\\\/www.druckstdu.de\\\/magazin\\\/#\\\/schema\\\/person\\\/21d94f7931f413d20158ecb9769efa5b\",\"name\":\"Julia\",\"image\":{\"@type\":\"ImageObject\",\"inLanguage\":\"de\",\"@id\":\"https:\\\/\\\/secure.gravatar.com\\\/avatar\\\/f8d49d230387fe95329c8c2282dda447963627f07b20969a21414d5cb19c58dc?s=96&d=mm&r=g\",\"url\":\"https:\\\/\\\/secure.gravatar.com\\\/avatar\\\/f8d49d230387fe95329c8c2282dda447963627f07b20969a21414d5cb19c58dc?s=96&d=mm&r=g\",\"contentUrl\":\"https:\\\/\\\/secure.gravatar.com\\\/avatar\\\/f8d49d230387fe95329c8c2282dda447963627f07b20969a21414d5cb19c58dc?s=96&d=mm&r=g\",\"caption\":\"Julia\"},\"url\":\"https:\\\/\\\/www.druckstdu.de\\\/magazin\\\/author\\\/julia\\\/\"}]}<\/script>\n<!-- \/ Yoast SEO plugin. -->","yoast_head_json":{"title":"Fotos im Berufsleben: Warum private Bilder im B\u00fcro nicht out sind","description":"Gestalten Sie Ihr B\u00fcro zur Wohlf\u00fchloase! \ud83d\uddbc\ufe0f\u2728Warum private Bilder im B\u00fcro nicht veraltet sind und diese Mitarbeiter positiv beeinflussen.","canonical":"https:\/\/www.druckstdu.de\/magazin\/bilder-im-buero\/","og_locale":"de_DE","og_type":"article","og_title":"Fotos im Berufsleben: Warum private Bilder im B\u00fcro nicht out sind","og_description":"Gestalten Sie Ihr B\u00fcro zur Wohlf\u00fchloase! \ud83d\uddbc\ufe0f\u2728Warum private Bilder im B\u00fcro nicht veraltet sind und diese Mitarbeiter positiv beeinflussen.","og_url":"https:\/\/www.druckstdu.de\/magazin\/bilder-im-buero\/","og_site_name":"Magazin | Druckstdu","article_published_time":"2025-10-03T03:07:26+00:00","article_modified_time":"2025-10-09T10:00:15+00:00","og_image":[{"width":1920,"height":628,"url":"https:\/\/www.druckstdu.de\/magazin\/wp-content\/uploads\/2025\/10\/bilder-im-buero-schreibtisch-daneben-ein-wandbild-mit-frau-und-kind-beim-toben-in-der-natur.webp","type":"image\/webp"}],"author":"Julia","twitter_card":"summary_large_image","twitter_misc":{"Verfasst von":"Julia","Gesch\u00e4tzte Lesezeit":"15\u00a0Minuten"},"schema":{"@context":"https:\/\/schema.org","@graph":[{"@type":"Article","@id":"https:\/\/www.druckstdu.de\/magazin\/bilder-im-buero\/#article","isPartOf":{"@id":"https:\/\/www.druckstdu.de\/magazin\/bilder-im-buero\/"},"author":{"name":"Julia","@id":"https:\/\/www.druckstdu.de\/magazin\/#\/schema\/person\/21d94f7931f413d20158ecb9769efa5b"},"headline":"Fotos im Berufsleben: Warum pers\u00f6nliche Bilder im B\u00fcro nicht out sind","datePublished":"2025-10-03T03:07:26+00:00","dateModified":"2025-10-09T10:00:15+00:00","mainEntityOfPage":{"@id":"https:\/\/www.druckstdu.de\/magazin\/bilder-im-buero\/"},"wordCount":2809,"image":{"@id":"https:\/\/www.druckstdu.de\/magazin\/bilder-im-buero\/#primaryimage"},"thumbnailUrl":"https:\/\/www.druckstdu.de\/magazin\/wp-content\/uploads\/2025\/10\/bilder-im-buero-schreibtisch-daneben-ein-wandbild-mit-frau-und-kind-beim-toben-in-der-natur.webp","articleSection":["Fotografie"],"inLanguage":"de"},{"@type":"WebPage","@id":"https:\/\/www.druckstdu.de\/magazin\/bilder-im-buero\/","url":"https:\/\/www.druckstdu.de\/magazin\/bilder-im-buero\/","name":"Fotos im Berufsleben: Warum private Bilder im B\u00fcro nicht out sind","isPartOf":{"@id":"https:\/\/www.druckstdu.de\/magazin\/#website"},"primaryImageOfPage":{"@id":"https:\/\/www.druckstdu.de\/magazin\/bilder-im-buero\/#primaryimage"},"image":{"@id":"https:\/\/www.druckstdu.de\/magazin\/bilder-im-buero\/#primaryimage"},"thumbnailUrl":"https:\/\/www.druckstdu.de\/magazin\/wp-content\/uploads\/2025\/10\/bilder-im-buero-schreibtisch-daneben-ein-wandbild-mit-frau-und-kind-beim-toben-in-der-natur.webp","datePublished":"2025-10-03T03:07:26+00:00","dateModified":"2025-10-09T10:00:15+00:00","author":{"@id":"https:\/\/www.druckstdu.de\/magazin\/#\/schema\/person\/21d94f7931f413d20158ecb9769efa5b"},"description":"Gestalten Sie Ihr B\u00fcro zur Wohlf\u00fchloase! \ud83d\uddbc\ufe0f\u2728Warum private Bilder im B\u00fcro nicht veraltet sind und diese Mitarbeiter positiv beeinflussen.","breadcrumb":{"@id":"https:\/\/www.druckstdu.de\/magazin\/bilder-im-buero\/#breadcrumb"},"inLanguage":"de","potentialAction":[{"@type":"ReadAction","target":["https:\/\/www.druckstdu.de\/magazin\/bilder-im-buero\/"]}]},{"@type":"ImageObject","inLanguage":"de","@id":"https:\/\/www.druckstdu.de\/magazin\/bilder-im-buero\/#primaryimage","url":"https:\/\/www.druckstdu.de\/magazin\/wp-content\/uploads\/2025\/10\/bilder-im-buero-schreibtisch-daneben-ein-wandbild-mit-frau-und-kind-beim-toben-in-der-natur.webp","contentUrl":"https:\/\/www.druckstdu.de\/magazin\/wp-content\/uploads\/2025\/10\/bilder-im-buero-schreibtisch-daneben-ein-wandbild-mit-frau-und-kind-beim-toben-in-der-natur.webp","width":1920,"height":628,"caption":"@Kamille Sampaio von Pexels und @navamin Studio"},{"@type":"BreadcrumbList","@id":"https:\/\/www.druckstdu.de\/magazin\/bilder-im-buero\/#breadcrumb","itemListElement":[{"@type":"ListItem","position":1,"name":"Startseite","item":"https:\/\/www.druckstdu.de\/magazin\/"},{"@type":"ListItem","position":2,"name":"Fotos im Berufsleben: Warum pers\u00f6nliche Bilder im B\u00fcro nicht out sind"}]},{"@type":"WebSite","@id":"https:\/\/www.druckstdu.de\/magazin\/#website","url":"https:\/\/www.druckstdu.de\/magazin\/","name":"Magazin | Druckstdu","description":"","potentialAction":[{"@type":"SearchAction","target":{"@type":"EntryPoint","urlTemplate":"https:\/\/www.druckstdu.de\/magazin\/?s={search_term_string}"},"query-input":{"@type":"PropertyValueSpecification","valueRequired":true,"valueName":"search_term_string"}}],"inLanguage":"de"},{"@type":"Person","@id":"https:\/\/www.druckstdu.de\/magazin\/#\/schema\/person\/21d94f7931f413d20158ecb9769efa5b","name":"Julia","image":{"@type":"ImageObject","inLanguage":"de","@id":"https:\/\/secure.gravatar.com\/avatar\/f8d49d230387fe95329c8c2282dda447963627f07b20969a21414d5cb19c58dc?s=96&d=mm&r=g","url":"https:\/\/secure.gravatar.com\/avatar\/f8d49d230387fe95329c8c2282dda447963627f07b20969a21414d5cb19c58dc?s=96&d=mm&r=g","contentUrl":"https:\/\/secure.gravatar.com\/avatar\/f8d49d230387fe95329c8c2282dda447963627f07b20969a21414d5cb19c58dc?s=96&d=mm&r=g","caption":"Julia"},"url":"https:\/\/www.druckstdu.de\/magazin\/author\/julia\/"}]}},"wp-worthy-pixel":{"ignored":false,"public":null,"server":null,"url":null},"wp-worthy-type":"normal","_links":{"self":[{"href":"https:\/\/www.druckstdu.de\/magazin\/wp-json\/wp\/v2\/posts\/285","targetHints":{"allow":["GET"]}}],"collection":[{"href":"https:\/\/www.druckstdu.de\/magazin\/wp-json\/wp\/v2\/posts"}],"about":[{"href":"https:\/\/www.druckstdu.de\/magazin\/wp-json\/wp\/v2\/types\/post"}],"author":[{"embeddable":true,"href":"https:\/\/www.druckstdu.de\/magazin\/wp-json\/wp\/v2\/users\/3"}],"replies":[{"embeddable":true,"href":"https:\/\/www.druckstdu.de\/magazin\/wp-json\/wp\/v2\/comments?post=285"}],"version-history":[{"count":3,"href":"https:\/\/www.druckstdu.de\/magazin\/wp-json\/wp\/v2\/posts\/285\/revisions"}],"predecessor-version":[{"id":311,"href":"https:\/\/www.druckstdu.de\/magazin\/wp-json\/wp\/v2\/posts\/285\/revisions\/311"}],"wp:featuredmedia":[{"embeddable":true,"href":"https:\/\/www.druckstdu.de\/magazin\/wp-json\/wp\/v2\/media\/286"}],"wp:attachment":[{"href":"https:\/\/www.druckstdu.de\/magazin\/wp-json\/wp\/v2\/media?parent=285"}],"wp:term":[{"taxonomy":"category","embeddable":true,"href":"https:\/\/www.druckstdu.de\/magazin\/wp-json\/wp\/v2\/categories?post=285"},{"taxonomy":"post_tag","embeddable":true,"href":"https:\/\/www.druckstdu.de\/magazin\/wp-json\/wp\/v2\/tags?post=285"}],"curies":[{"name":"wp","href":"https:\/\/api.w.org\/{rel}","templated":true}]}}