{"id":289,"date":"2025-10-08T06:43:43","date_gmt":"2025-10-08T06:43:43","guid":{"rendered":"https:\/\/www.druckstdu.de\/magazin\/?p=289"},"modified":"2025-10-08T06:43:45","modified_gmt":"2025-10-08T06:43:45","slug":"fotoprodukte-fuer-berufliche-meilensteine","status":"publish","type":"post","link":"https:\/\/www.druckstdu.de\/magazin\/fotoprodukte-fuer-berufliche-meilensteine\/","title":{"rendered":"Fotoprodukte f\u00fcr berufliche Meilensteine: Karrierefortschritte, Teamprojekte oder Firmenveranstaltungen kreativ dokumentieren"},"content":{"rendered":"\n<p>Berufliche Meilensteine sind Momente, die weit \u00fcber den Alltag hinausreichen: die erste Bef\u00f6rderung, ein erfolgreich abgeschlossenes Teamprojekt, eine gewonnene Auszeichnung oder das gro\u00dfe Firmenjubil\u00e4um. Solche Ereignisse markieren Wendepunkte im Arbeitsleben und verdienen es, gew\u00fcrdigt zu werden. Doch allzu oft geraten die Erinnerungen daran in Vergessenheit, weil Fotos lediglich in Cloud-Ordnern oder auf Smartphones abgespeichert werden.<\/p>\n\n\n\n<p>Hier kommen <strong><a href=\"https:\/\/www.druckstdu.de\/magazin\/meilensteine-dokumentieren-fotogeschenke\/\">Fotoprodukte f\u00fcr berufliche Meilensteine<\/a><\/strong> ins Spiel. Sie machen aus fl\u00fcchtigen Schnappsch\u00fcssen bleibende Erinnerungsst\u00fccke. Ein hochwertiges Fotobuch, ein edler Kalender oder ein individuelles Wandbild verwandeln Karrieremomente in sichtbare Symbole von Erfolg, Teamgeist und Anerkennung.<\/p>\n\n\n\n<p>In diesem Beitrag erfahren Sie, warum es so wichtig ist, <strong>berufliche Erfolge festzuhalten<\/strong>, welche Fotoprodukte sich f\u00fcr unterschiedliche Anl\u00e4sse eignen und wie Sie sie kreativ gestalten k\u00f6nnen.<\/p>\n\n\n\n<h2 class=\"wp-block-heading\">Warum es sich lohnt, berufliche Erfolge festzuhalten<\/h2>\n\n\n\n<p>Erfolge sichtbar zu machen, ist mehr als eine sch\u00f6ne Geste. Es geht darum, Leistungen zu w\u00fcrdigen, Motivation zu f\u00f6rdern und Unternehmenskultur greifbar zu machen.<\/p>\n\n\n\n<p>Wenn Erfolge dokumentiert und geteilt werden, steigt die Zufriedenheit im Team. Menschen f\u00fchlen sich st\u00e4rker eingebunden, wenn sie ihren Beitrag zu einem gr\u00f6\u00dferen Ganzen auch sp\u00e4ter noch sehen k\u00f6nnen. <strong>Gedruckte Fotoprodukte<\/strong> haben dabei einen entscheidenden Vorteil: Sie sind dauerhaft pr\u00e4sent, nicht fl\u00fcchtig wie ein Post in den sozialen Medien.<\/p>\n\n\n\n<p>Ein Fotobuch im Regal, ein Kalender am Schreibtisch oder ein Poster im B\u00fcro erinnert t\u00e4glich an das, was erreicht wurde. Das wirkt wie ein visueller Beweis: <em>\u201eDieser Moment war wichtig \u2013 und wir waren Teil davon.\u201c<\/em><\/p>\n\n\n\n<p><strong>Die Vorteile auf einen Blick:<\/strong><\/p>\n\n\n\n<ul class=\"wp-block-list\">\n<li>Fotoprodukte steigern die Motivation, weil sie Erfolge sichtbar machen.<\/li>\n\n\n\n<li>Sie st\u00e4rken den Zusammenhalt, indem sie gemeinsame Erinnerungen teilen.<\/li>\n\n\n\n<li>Sie dr\u00fccken Wertsch\u00e4tzung aus \u2013 gegen\u00fcber Einzelpersonen oder ganzen Teams.<\/li>\n\n\n\n<li>Sie sind Teil der Unternehmenskultur und transportieren Werte nach innen wie nach au\u00dfen.<\/li>\n<\/ul>\n\n\n\n<h2 class=\"wp-block-heading\">Karrierefortschritte dokumentieren \u2013 die pers\u00f6nliche Erfolgsgeschichte<\/h2>\n\n\n\n<p>Das Berufsleben ist voller Stationen, die pr\u00e4gend sind. Manche sind klein, andere gro\u00df, doch alle zusammen ergeben sie den individuellen Karriereweg. <strong>Fotoprodukte f\u00fcr berufliche Meilensteine<\/strong> helfen dabei, diese Entwicklung festzuhalten.<\/p>\n\n\n\n<p>Stellen Sie sich ein Fotobuch vor, das Ihre Laufbahn dokumentiert: das erste Foto vom Onboarding-Tag, Bilder vom ersten eigenen B\u00fcro, Fotos von wichtigen Pr\u00e4sentationen oder der \u00dcbergabe einer Auszeichnung. Zwischen die Bilder setzen Sie kleine Texte \u2013 vielleicht Jahreszahlen, kurze Anekdoten oder auch Zitate von Kolleg:innen.<\/p>\n\n\n\n<p>Ein solches Fotobuch ist nicht nur ein R\u00fcckblick, sondern eine Art visuelle Biografie, die den beruflichen Weg nachvollziehbar macht. Es kann f\u00fcr Sie selbst ein wertvolles Erinnerungsst\u00fcck sein, eignet sich aber auch hervorragend als Geschenk \u2013 etwa bei einem Abschied in den Ruhestand oder als Anerkennung f\u00fcr langj\u00e4hrige Betriebszugeh\u00f6rigkeit.<\/p>\n\n\n\n<p><strong>Geeignete Produkte f\u00fcr Karrieremeilensteine:<\/strong><\/p>\n\n\n\n<ul class=\"wp-block-list\">\n<li><a href=\"https:\/\/www.druckstdu.de\/fotobuecher\/\">Fotob\u00fccher<\/a> mit Kapiteln f\u00fcr unterschiedliche Stationen.<\/li>\n\n\n\n<li><a href=\"https:\/\/www.druckstdu.de\/wandbilder\/fotoposter\/\">Poster<\/a> oder <a href=\"https:\/\/www.druckstdu.de\/wandbilder\/foto-auf-leinwand\/\">Leinw\u00e4nde<\/a> mit einem Motiv, das einen Wendepunkt symbolisiert.<\/li>\n\n\n\n<li><a href=\"https:\/\/www.druckstdu.de\/fotokarten\/\">Karten<\/a> oder kleine Hefte, die als Dank oder Gl\u00fcckwunsch verschenkt werden k\u00f6nnen.<\/li>\n<\/ul>\n\n\n\n<p><strong>Gestaltungstipps:<\/strong><\/p>\n\n\n\n<ul class=\"wp-block-list\">\n<li>Strukturieren Sie das Fotobuch chronologisch oder nach Themen wie \u201eProjekte\u201c, \u201eAuszeichnungen\u201c oder \u201eF\u00fchrungsverantwortung\u201c.<\/li>\n\n\n\n<li>F\u00fcgen Sie erkl\u00e4rende Texte hinzu, damit auch sp\u00e4ter klar ist, warum dieser Moment wichtig war.<\/li>\n\n\n\n<li>Binden Sie das Firmenlogo oder Symbole des Unternehmens ein, um den offiziellen Charakter zu betonen.<\/li>\n<\/ul>\n\n\n\n<h2 class=\"wp-block-heading\">Teamprojekte \u2013 gemeinsam erreichte Ziele w\u00fcrdigen<\/h2>\n\n\n\n<p>Kein Projekt wird im Alleingang realisiert. Wenn ein Team ein Ziel erreicht \u2013 sei es der erfolgreiche Produktlaunch, eine Messebeteiligung oder die Einf\u00fchrung einer neuen Software \u2013 steckt dahinter monatelange Arbeit und Kooperation. Solche Momente verdienen es, gemeinsam festgehalten zu werden.<\/p>\n\n\n\n<p>Ein <strong>Projekt-Fotobuch<\/strong> eignet sich hier besonders gut. Es dokumentiert die Reise vom ersten Kick-off-Meeting \u00fcber Zwischenschritte bis hin zur Abschlussfeier. Jedes Teammitglied findet sich darin wieder \u2013 auf Fotos von Workshops, bei Pr\u00e4sentationen oder bei informellen Momenten wie einem Feierabendbier nach einem intensiven Sprint.<\/p>\n\n\n\n<p>Neben Fotob\u00fcchern bieten sich auch <strong>Poster-Collagen oder Wandbilder<\/strong> an. Ein gro\u00dfes Gruppenfoto, erg\u00e4nzt um den Projektnamen und das Abschlussdatum, hat Symbolkraft. H\u00e4ngt es im B\u00fcro, erinnert es t\u00e4glich an das gemeinsam Erreichte und motiviert f\u00fcr neue Herausforderungen.<\/p>\n\n\n\n<p><strong>Vorteile von Fotoprodukten f\u00fcr Teamprojekte:<\/strong><\/p>\n\n\n\n<ul class=\"wp-block-list\">\n<li>Sie w\u00fcrdigen die Leistung aller Beteiligten sichtbar.<\/li>\n\n\n\n<li>Sie schaffen ein gemeinsames Erinnerungsst\u00fcck.<\/li>\n\n\n\n<li>Sie f\u00f6rdern die Identifikation mit dem Unternehmen.<\/li>\n<\/ul>\n\n\n\n<p><strong>Praxis-Tipp:<\/strong> Planen Sie am Ende jedes Projekts ein kurzes Fotoshooting ein. Mit diesen Bildern lassen sich kleine Fotob\u00fccher oder Tischkalender gestalten, die Sie jedem Teammitglied \u00fcberreichen k\u00f6nnen. So bleibt der Erfolg nicht nur in den K\u00f6pfen, sondern auch auf dem Schreibtisch.<\/p>\n\n\n\n<h2 class=\"wp-block-heading\">Firmenveranstaltungen \u2013 Highlights f\u00fcr alle<\/h2>\n\n\n\n<p>Neben Projekten und Karriereschritten sind es vorwiegend <strong>Firmenveranstaltungen<\/strong>, die f\u00fcr viele Erinnerungen sorgen. Weihnachtsfeiern, Sommerfeste, Betriebsausfl\u00fcge oder Jubil\u00e4en schaffen emotionale Erlebnisse, die weit \u00fcber den Alltag hinausreichen.<\/p>\n\n\n\n<p>Warum also nicht die sch\u00f6nsten Momente in einem <strong>Event-Fotobuch<\/strong> festhalten? Vom feierlich dekorierten Raum \u00fcber die Reden der Gesch\u00e4ftsf\u00fchrung bis zu Schnappsch\u00fcssen aus der Fotobox \u2013 all das ergibt eine Geschichte, die sp\u00e4ter gerne wieder angeschaut wird.<\/p>\n\n\n\n<p>Auch ein <strong>Fotokalender<\/strong> ist eine tolle Idee. Jeder Monat zeigt einen H\u00f6hepunkt aus dem letzten Jahr: im Januar das Kick-off-Meeting, im Juli das Sommerfest, im Dezember die Weihnachtsfeier. So wird der Kalender zum praktischen Planer und gleichzeitig zu einem Erinnerungsst\u00fcck.<\/p>\n\n\n\n<p><strong>Geeignete Produkte f\u00fcr Firmenveranstaltungen:<\/strong><\/p>\n\n\n\n<ul class=\"wp-block-list\">\n<li>Fotob\u00fccher mit chronologischem Aufbau.<\/li>\n\n\n\n<li>Kalender mit monatlichen H\u00f6hepunkten.<\/li>\n\n\n\n<li>Poster oder Leinw\u00e4nde mit Gruppenfotos.<\/li>\n\n\n\n<li>Kleine Fotogeschenke wie Tassen, Magnete oder Karten als Give-aways.<\/li>\n<\/ul>\n\n\n\n<p>Ein besonderer Fall ist das <strong>Firmenjubil\u00e4um<\/strong>. Statt einer trockenen Brosch\u00fcre k\u00f6nnen Sie ein Jubil\u00e4umsalbum gestalten: mit historischen Fotos der Gr\u00fcndung, alten Werbematerialien und aktuellen Teamfotos. Dieses Album verbindet Nostalgie mit Gegenwart und zeigt, wie sich das Unternehmen entwickelt hat.<\/p>\n\n\n\n<h2 class=\"wp-block-heading\">Tipps f\u00fcr die Gestaltung von Fotoprodukten<\/h2>\n\n\n\n<p>Damit <strong>Fotoprodukte f\u00fcr berufliche Meilensteine<\/strong> professionell wirken, kommt es nicht nur auf die Fotos an, sondern auch auf die Gestaltung.<\/p>\n\n\n\n<p><strong>Wichtige Gestaltungsprinzipien:<\/strong><\/p>\n\n\n\n<ul class=\"wp-block-list\">\n<li>Verwenden Sie nur hochaufl\u00f6sende Fotos, um eine saubere Druckqualit\u00e4t zu erreichen.<\/li>\n\n\n\n<li>Arbeiten Sie mit abwechslungsreichen Layouts: gro\u00dfe Bilder im Wechsel mit Collagen.<\/li>\n\n\n\n<li>Lassen Sie Wei\u00dfraum, damit das Design nicht \u00fcberladen wirkt.<\/li>\n\n\n\n<li>Erg\u00e4nzen Sie kurze Texte oder Zitate, um den Bildern Kontext zu geben.<\/li>\n\n\n\n<li>Integrieren Sie Corporate-Design-Elemente wie Logo, Farben und Schriftarten.<\/li>\n\n\n\n<li>Nutzen Sie ein einheitliches Farbschema f\u00fcr ein harmonisches Gesamtbild.<\/li>\n<\/ul>\n\n\n\n<p><strong>Storytelling<\/strong> ist ebenfalls ein wichtiger Faktor. Versuchen Sie, Ihre Fotoprodukte wie eine kleine Geschichte aufzubauen: von der Ausgangssituation \u00fcber die Entwicklung bis zum H\u00f6hepunkt und Ausblick. So werden die Produkte nicht nur zu einer Sammlung von Bildern, sondern zu einer erz\u00e4hlten Erfolgsgeschichte.<\/p>\n\n\n\n<h2 class=\"wp-block-heading\">Einsatzm\u00f6glichkeiten \u00fcber den Alltag hinaus<\/h2>\n\n\n\n<p>Fotoprodukte haben nicht nur eine Funktion als Erinnerung. Sie lassen sich auch strategisch einsetzen:<\/p>\n\n\n\n<ul class=\"wp-block-list\">\n<li><strong>Employer Branding:<\/strong> Fotoprodukte zeigen nach au\u00dfen, wie lebendig und wertsch\u00e4tzend Ihre Unternehmenskultur ist. Bewerber:innen bekommen so authentische Einblicke.<\/li>\n\n\n\n<li><strong>Kundenbindung:<\/strong> Ein Kalender mit Highlights des vergangenen Jahres kann als Geschenk an Kunden verschickt werden.<\/li>\n\n\n\n<li><strong>Onboarding:<\/strong> Neue Mitarbeiter:innen erhalten ein kleines Fotobuch mit Impressionen aus dem Unternehmen \u2013 ein perfekter Einstieg.<\/li>\n\n\n\n<li><strong>Nachhaltigkeit:<\/strong> Hochwertige Fotoprodukte sind langlebiger als viele Werbeartikel und zeigen bewussten Umgang mit Ressourcen.<\/li>\n<\/ul>\n\n\n\n<h2 class=\"wp-block-heading\">Workflow \u2013 vom Foto zum fertigen Produkt<\/h2>\n\n\n\n<p>Damit die Erstellung reibungslos klappt, hilft ein klarer Ablauf:<\/p>\n\n\n\n<ol class=\"wp-block-list\">\n<li><strong>Ziel definieren:<\/strong> Welcher Meilenstein soll dokumentiert werden? F\u00fcr wen ist das Produkt gedacht?<\/li>\n\n\n\n<li><strong>Material sammeln:<\/strong> Fotos zusammentragen, Zitate oder Texte sammeln, Logos bereitstellen.<\/li>\n\n\n\n<li><strong>Struktur planen:<\/strong> Kapitel oder Themen festlegen, Seitenumfang bestimmen.<\/li>\n\n\n\n<li><strong>Gestalten:<\/strong> Mit Vorlagen arbeiten oder eigene Layouts entwerfen.<\/li>\n\n\n\n<li><strong>Qualit\u00e4t pr\u00fcfen:<\/strong> Bildaufl\u00f6sung, Texte und Logos kontrollieren.<\/li>\n\n\n\n<li><strong>Bestellen:<\/strong> Produkt ausw\u00e4hlen, Auflage festlegen und rechtzeitig ordern.<\/li>\n<\/ol>\n\n\n\n<p>Mit dem <strong>Online-Editor von druckstdu<\/strong> gelingt das einfach und effizient \u2013 ohne Designkenntnisse, aber mit vielen Vorlagen.<\/p>\n\n\n\n<h2 class=\"wp-block-heading\">Fazit<\/h2>\n\n\n\n<p><strong>Fotoprodukte f\u00fcr berufliche Meilensteine<\/strong> sind mehr als nur Dekoration. Sie sind ein sichtbares Zeichen von Anerkennung, f\u00f6rdern Motivation und st\u00e4rken den Zusammenhalt. Ob als Fotobuch f\u00fcr die Karriere, als Poster f\u00fcr ein Teamprojekt oder als Kalender f\u00fcr das ganze Unternehmen \u2013 sie halten Erfolge fest und machen sie im Alltag pr\u00e4sent.<\/p>\n\n\n\n<p>Wer die n\u00e4chste Bef\u00f6rderung, den n\u00e4chsten Projektabschluss oder das kommende Jubil\u00e4um dokumentieren m\u00f6chte, sollte nicht warten, bis die Fotos in einem Ordner verschwinden. Mit wenigen Schritten entstehen bei druckstdu hochwertige, personalisierte Fotoprodukte, die Erinnerungen greifbar machen \u2013 und damit weit \u00fcber den Moment hinaus wirken.<\/p>\n\n\n\n<h2 class=\"wp-block-heading\">FAQ: Fotoprodukte f\u00fcr berufliche Meilensteine<\/h2>\n\n\n\n<h3 class=\"wp-block-heading\"><strong>Welche Fotoprodukte eignen sich am besten, um berufliche Meilensteine festzuhalten?<\/strong><\/h3>\n\n\n\n<p>Es gibt viele M\u00f6glichkeiten. Am vielseitigsten ist das <strong>Fotobuch<\/strong>, das Fotos und Texte zu einer Geschichte verbindet \u2013 ideal f\u00fcr Karriereschritte, Teamprojekte oder Events. Ebenfalls beliebt sind <strong>Fotokalender<\/strong> mit den Highlights des Jahres und <strong>Wandbilder oder Poster<\/strong> f\u00fcr Teamfotos im B\u00fcro. Kleinere <strong>Fotogeschenke<\/strong> wie Tassen, Mousepads oder Karten eignen sich als pers\u00f6nliche Erinnerung. Wichtig ist, das Produkt dem Anlass anzupassen: Ein gro\u00dfes Projekt verdient ein Fotobuch, ein einzelner Erfolg kommt auch als Leinwand gut zur Geltung.<\/p>\n\n\n\n<h3 class=\"wp-block-heading\"><strong>Wie gestalte ich ein Fotobuch f\u00fcr einen beruflichen Anlass ansprechend?<\/strong><\/h3>\n\n\n\n<p>Achten Sie auf eine klare Struktur. Sortieren Sie Fotos sinnvoll \u2013 chronologisch oder nach Themen. Nutzen Sie <strong>Design-Vorlagen<\/strong> und variable Layouts f\u00fcr Abwechslung und lassen Sie ausreichend Wei\u00dfraum. Erg\u00e4nzen Sie Bilder mit kurzen Texten wie Daten oder Zitaten. Ein Vorwort oder Dankeswort der Gesch\u00e4ftsleitung rundet das Buch ab. Verwenden Sie hochaufl\u00f6sende Fotos, um eine scharfe Druckqualit\u00e4t zu sichern. Mit dem <strong>Online-Designer von Druckstdu<\/strong> gestalten Sie Schritt f\u00fcr Schritt und w\u00e4hlen aus vielen professionellen Vorlagen.<\/p>\n\n\n\n<h3 class=\"wp-block-heading\"><strong>Kann ich im Fotobuch oder Kalender auch unser Firmenlogo und Grafiken einbinden?<\/strong><\/h3>\n\n\n\n<p>Ja, bei Druckstdu haben Sie volle Gestaltungsfreiheit. Sie k\u00f6nnen das <strong>Firmenlogo<\/strong> als Datei hochladen und an beliebiger Stelle platzieren \u2013 etwa auf dem Cover oder dezent im Layout. Auch <strong>Grafiken, Icons oder Diagramme<\/strong> sind m\u00f6glich, z.\u00a0B. f\u00fcr Erfolge in Zahlen. Achten Sie auf hochaufl\u00f6sende Dateien f\u00fcr ein professionelles Druckbild. Unsere Software unterst\u00fctzt g\u00e4ngige Formate und hilft beim pr\u00e4zisen Ausrichten, sodass Ihr Fotoprodukt dem <strong>Corporate Design<\/strong> entspricht.<\/p>\n\n\n\n<h3 class=\"wp-block-heading\"><strong>Welche Anl\u00e4sse gelten als berufliche Meilensteine, die Sie kreativ dokumentieren k\u00f6nnen?<\/strong><\/h3>\n\n\n\n<p>Typische Meilensteine sind <strong>Bef\u00f6rderungen<\/strong>, <strong>Firmenjubil\u00e4en<\/strong>, <strong>Projektabschl\u00fcsse<\/strong>, <strong>Produktlancierungen<\/strong>, <strong>Awards<\/strong> sowie besondere <strong>Teamevents<\/strong> oder Feiern. Auch der <strong>Ruhestand<\/strong> ist ein wichtiger Moment, der sich mit einem Erinnerungsalbum w\u00fcrdigen l\u00e4sst. Grunds\u00e4tzlich gilt: Alles, was f\u00fcr Sie und Ihr Team eine besondere Bedeutung hat \u2013 ob gro\u00df oder klein \u2013, kann kreativ festgehalten werden.<\/p>\n<a class=\"simplefavorite-button\" data-postid=\"289\" data-siteid=\"1\" data-groupid=\"1\" data-favoritecount=\"0\" style=\"\"><img decoding=\"async\" src=\"\/magazin\/wp-content\/uploads\/2025\/07\/heart.svg\">Speichern f\u00fcr sp\u00e4ter<\/a>","protected":false},"excerpt":{"rendered":"<p>Berufliche Meilensteine sind Momente, die weit \u00fcber den Alltag hinausreichen: die erste Bef\u00f6rderung, ein erfolgreich abgeschlossenes Teamprojekt, eine gewonnene Auszeichnung&#8230;<\/p>\n","protected":false},"author":3,"featured_media":290,"comment_status":"closed","ping_status":"closed","sticky":false,"template":"","format":"standard","meta":{"_acf_changed":false,"inline_featured_image":false,"footnotes":""},"categories":[6],"tags":[],"class_list":["post-289","post","type-post","status-publish","format-standard","has-post-thumbnail","hentry","category-geschenke"],"acf":[],"yoast_head":"<!-- This site is optimized with the Yoast SEO plugin v27.5 - https:\/\/yoast.com\/product\/yoast-seo-wordpress\/ -->\n<title>Fotoprodukte f\u00fcr berufliche Meilensteine | Erfolge kreativ festhalten<\/title>\n<meta name=\"description\" content=\"Fotoprodukte f\u00fcr berufliche Meilensteine: Karrierefortschritte, Teamprojekte &amp; Firmenveranstaltungen kreativ festhalten + Erfolge zeigen.\" \/>\n<link rel=\"canonical\" href=\"https:\/\/www.druckstdu.de\/magazin\/fotoprodukte-fuer-berufliche-meilensteine\/\" \/>\n<meta property=\"og:locale\" content=\"de_DE\" \/>\n<meta property=\"og:type\" content=\"article\" \/>\n<meta property=\"og:title\" content=\"Fotoprodukte f\u00fcr berufliche Meilensteine | Erfolge kreativ festhalten\" \/>\n<meta property=\"og:description\" content=\"Fotoprodukte f\u00fcr berufliche Meilensteine: Karrierefortschritte, Teamprojekte &amp; Firmenveranstaltungen kreativ festhalten + Erfolge zeigen.\" \/>\n<meta property=\"og:url\" content=\"https:\/\/www.druckstdu.de\/magazin\/fotoprodukte-fuer-berufliche-meilensteine\/\" \/>\n<meta property=\"og:site_name\" content=\"Magazin | Druckstdu\" \/>\n<meta property=\"article:published_time\" content=\"2025-10-08T06:43:43+00:00\" \/>\n<meta property=\"article:modified_time\" content=\"2025-10-08T06:43:45+00:00\" \/>\n<meta property=\"og:image\" content=\"https:\/\/www.druckstdu.de\/magazin\/wp-content\/uploads\/2025\/10\/fotoprodukte-fuer-berufliche-meilensteine-mann-im-anzug-in-modernem-firmengebaeude-geht-zur-treppe.webp\" \/>\n\t<meta property=\"og:image:width\" content=\"1920\" \/>\n\t<meta property=\"og:image:height\" content=\"628\" \/>\n\t<meta property=\"og:image:type\" content=\"image\/webp\" \/>\n<meta name=\"author\" content=\"Julia\" \/>\n<meta name=\"twitter:card\" content=\"summary_large_image\" \/>\n<meta name=\"twitter:label1\" content=\"Verfasst von\" \/>\n\t<meta name=\"twitter:data1\" content=\"Julia\" \/>\n\t<meta name=\"twitter:label2\" content=\"Gesch\u00e4tzte Lesezeit\" \/>\n\t<meta name=\"twitter:data2\" content=\"9\u00a0Minuten\" \/>\n<script type=\"application\/ld+json\" class=\"yoast-schema-graph\">{\"@context\":\"https:\\\/\\\/schema.org\",\"@graph\":[{\"@type\":\"Article\",\"@id\":\"https:\\\/\\\/www.druckstdu.de\\\/magazin\\\/fotoprodukte-fuer-berufliche-meilensteine\\\/#article\",\"isPartOf\":{\"@id\":\"https:\\\/\\\/www.druckstdu.de\\\/magazin\\\/fotoprodukte-fuer-berufliche-meilensteine\\\/\"},\"author\":{\"name\":\"Julia\",\"@id\":\"https:\\\/\\\/www.druckstdu.de\\\/magazin\\\/#\\\/schema\\\/person\\\/21d94f7931f413d20158ecb9769efa5b\"},\"headline\":\"Fotoprodukte f\u00fcr berufliche Meilensteine: Karrierefortschritte, Teamprojekte oder Firmenveranstaltungen kreativ dokumentieren\",\"datePublished\":\"2025-10-08T06:43:43+00:00\",\"dateModified\":\"2025-10-08T06:43:45+00:00\",\"mainEntityOfPage\":{\"@id\":\"https:\\\/\\\/www.druckstdu.de\\\/magazin\\\/fotoprodukte-fuer-berufliche-meilensteine\\\/\"},\"wordCount\":1706,\"image\":{\"@id\":\"https:\\\/\\\/www.druckstdu.de\\\/magazin\\\/fotoprodukte-fuer-berufliche-meilensteine\\\/#primaryimage\"},\"thumbnailUrl\":\"https:\\\/\\\/www.druckstdu.de\\\/magazin\\\/wp-content\\\/uploads\\\/2025\\\/10\\\/fotoprodukte-fuer-berufliche-meilensteine-mann-im-anzug-in-modernem-firmengebaeude-geht-zur-treppe.webp\",\"articleSection\":[\"Geschenke\"],\"inLanguage\":\"de\"},{\"@type\":\"WebPage\",\"@id\":\"https:\\\/\\\/www.druckstdu.de\\\/magazin\\\/fotoprodukte-fuer-berufliche-meilensteine\\\/\",\"url\":\"https:\\\/\\\/www.druckstdu.de\\\/magazin\\\/fotoprodukte-fuer-berufliche-meilensteine\\\/\",\"name\":\"Fotoprodukte f\u00fcr berufliche Meilensteine | Erfolge kreativ festhalten\",\"isPartOf\":{\"@id\":\"https:\\\/\\\/www.druckstdu.de\\\/magazin\\\/#website\"},\"primaryImageOfPage\":{\"@id\":\"https:\\\/\\\/www.druckstdu.de\\\/magazin\\\/fotoprodukte-fuer-berufliche-meilensteine\\\/#primaryimage\"},\"image\":{\"@id\":\"https:\\\/\\\/www.druckstdu.de\\\/magazin\\\/fotoprodukte-fuer-berufliche-meilensteine\\\/#primaryimage\"},\"thumbnailUrl\":\"https:\\\/\\\/www.druckstdu.de\\\/magazin\\\/wp-content\\\/uploads\\\/2025\\\/10\\\/fotoprodukte-fuer-berufliche-meilensteine-mann-im-anzug-in-modernem-firmengebaeude-geht-zur-treppe.webp\",\"datePublished\":\"2025-10-08T06:43:43+00:00\",\"dateModified\":\"2025-10-08T06:43:45+00:00\",\"author\":{\"@id\":\"https:\\\/\\\/www.druckstdu.de\\\/magazin\\\/#\\\/schema\\\/person\\\/21d94f7931f413d20158ecb9769efa5b\"},\"description\":\"Fotoprodukte f\u00fcr berufliche Meilensteine: Karrierefortschritte, Teamprojekte & Firmenveranstaltungen kreativ festhalten + Erfolge zeigen.\",\"breadcrumb\":{\"@id\":\"https:\\\/\\\/www.druckstdu.de\\\/magazin\\\/fotoprodukte-fuer-berufliche-meilensteine\\\/#breadcrumb\"},\"inLanguage\":\"de\",\"potentialAction\":[{\"@type\":\"ReadAction\",\"target\":[\"https:\\\/\\\/www.druckstdu.de\\\/magazin\\\/fotoprodukte-fuer-berufliche-meilensteine\\\/\"]}]},{\"@type\":\"ImageObject\",\"inLanguage\":\"de\",\"@id\":\"https:\\\/\\\/www.druckstdu.de\\\/magazin\\\/fotoprodukte-fuer-berufliche-meilensteine\\\/#primaryimage\",\"url\":\"https:\\\/\\\/www.druckstdu.de\\\/magazin\\\/wp-content\\\/uploads\\\/2025\\\/10\\\/fotoprodukte-fuer-berufliche-meilensteine-mann-im-anzug-in-modernem-firmengebaeude-geht-zur-treppe.webp\",\"contentUrl\":\"https:\\\/\\\/www.druckstdu.de\\\/magazin\\\/wp-content\\\/uploads\\\/2025\\\/10\\\/fotoprodukte-fuer-berufliche-meilensteine-mann-im-anzug-in-modernem-firmengebaeude-geht-zur-treppe.webp\",\"width\":1920,\"height\":628,\"caption\":\"@Aflo Images von \u30a2\u30d5\u30ed\uff08Aflo)\"},{\"@type\":\"BreadcrumbList\",\"@id\":\"https:\\\/\\\/www.druckstdu.de\\\/magazin\\\/fotoprodukte-fuer-berufliche-meilensteine\\\/#breadcrumb\",\"itemListElement\":[{\"@type\":\"ListItem\",\"position\":1,\"name\":\"Startseite\",\"item\":\"https:\\\/\\\/www.druckstdu.de\\\/magazin\\\/\"},{\"@type\":\"ListItem\",\"position\":2,\"name\":\"Fotoprodukte f\u00fcr berufliche Meilensteine: Karrierefortschritte, Teamprojekte oder Firmenveranstaltungen kreativ dokumentieren\"}]},{\"@type\":\"WebSite\",\"@id\":\"https:\\\/\\\/www.druckstdu.de\\\/magazin\\\/#website\",\"url\":\"https:\\\/\\\/www.druckstdu.de\\\/magazin\\\/\",\"name\":\"Magazin | Druckstdu\",\"description\":\"\",\"potentialAction\":[{\"@type\":\"SearchAction\",\"target\":{\"@type\":\"EntryPoint\",\"urlTemplate\":\"https:\\\/\\\/www.druckstdu.de\\\/magazin\\\/?s={search_term_string}\"},\"query-input\":{\"@type\":\"PropertyValueSpecification\",\"valueRequired\":true,\"valueName\":\"search_term_string\"}}],\"inLanguage\":\"de\"},{\"@type\":\"Person\",\"@id\":\"https:\\\/\\\/www.druckstdu.de\\\/magazin\\\/#\\\/schema\\\/person\\\/21d94f7931f413d20158ecb9769efa5b\",\"name\":\"Julia\",\"image\":{\"@type\":\"ImageObject\",\"inLanguage\":\"de\",\"@id\":\"https:\\\/\\\/secure.gravatar.com\\\/avatar\\\/f8d49d230387fe95329c8c2282dda447963627f07b20969a21414d5cb19c58dc?s=96&d=mm&r=g\",\"url\":\"https:\\\/\\\/secure.gravatar.com\\\/avatar\\\/f8d49d230387fe95329c8c2282dda447963627f07b20969a21414d5cb19c58dc?s=96&d=mm&r=g\",\"contentUrl\":\"https:\\\/\\\/secure.gravatar.com\\\/avatar\\\/f8d49d230387fe95329c8c2282dda447963627f07b20969a21414d5cb19c58dc?s=96&d=mm&r=g\",\"caption\":\"Julia\"},\"url\":\"https:\\\/\\\/www.druckstdu.de\\\/magazin\\\/author\\\/julia\\\/\"}]}<\/script>\n<!-- \/ Yoast SEO plugin. -->","yoast_head_json":{"title":"Fotoprodukte f\u00fcr berufliche Meilensteine | Erfolge kreativ festhalten","description":"Fotoprodukte f\u00fcr berufliche Meilensteine: Karrierefortschritte, Teamprojekte & Firmenveranstaltungen kreativ festhalten + Erfolge zeigen.","canonical":"https:\/\/www.druckstdu.de\/magazin\/fotoprodukte-fuer-berufliche-meilensteine\/","og_locale":"de_DE","og_type":"article","og_title":"Fotoprodukte f\u00fcr berufliche Meilensteine | Erfolge kreativ festhalten","og_description":"Fotoprodukte f\u00fcr berufliche Meilensteine: Karrierefortschritte, Teamprojekte & Firmenveranstaltungen kreativ festhalten + Erfolge zeigen.","og_url":"https:\/\/www.druckstdu.de\/magazin\/fotoprodukte-fuer-berufliche-meilensteine\/","og_site_name":"Magazin | Druckstdu","article_published_time":"2025-10-08T06:43:43+00:00","article_modified_time":"2025-10-08T06:43:45+00:00","og_image":[{"width":1920,"height":628,"url":"https:\/\/www.druckstdu.de\/magazin\/wp-content\/uploads\/2025\/10\/fotoprodukte-fuer-berufliche-meilensteine-mann-im-anzug-in-modernem-firmengebaeude-geht-zur-treppe.webp","type":"image\/webp"}],"author":"Julia","twitter_card":"summary_large_image","twitter_misc":{"Verfasst von":"Julia","Gesch\u00e4tzte Lesezeit":"9\u00a0Minuten"},"schema":{"@context":"https:\/\/schema.org","@graph":[{"@type":"Article","@id":"https:\/\/www.druckstdu.de\/magazin\/fotoprodukte-fuer-berufliche-meilensteine\/#article","isPartOf":{"@id":"https:\/\/www.druckstdu.de\/magazin\/fotoprodukte-fuer-berufliche-meilensteine\/"},"author":{"name":"Julia","@id":"https:\/\/www.druckstdu.de\/magazin\/#\/schema\/person\/21d94f7931f413d20158ecb9769efa5b"},"headline":"Fotoprodukte f\u00fcr berufliche Meilensteine: Karrierefortschritte, Teamprojekte oder Firmenveranstaltungen kreativ dokumentieren","datePublished":"2025-10-08T06:43:43+00:00","dateModified":"2025-10-08T06:43:45+00:00","mainEntityOfPage":{"@id":"https:\/\/www.druckstdu.de\/magazin\/fotoprodukte-fuer-berufliche-meilensteine\/"},"wordCount":1706,"image":{"@id":"https:\/\/www.druckstdu.de\/magazin\/fotoprodukte-fuer-berufliche-meilensteine\/#primaryimage"},"thumbnailUrl":"https:\/\/www.druckstdu.de\/magazin\/wp-content\/uploads\/2025\/10\/fotoprodukte-fuer-berufliche-meilensteine-mann-im-anzug-in-modernem-firmengebaeude-geht-zur-treppe.webp","articleSection":["Geschenke"],"inLanguage":"de"},{"@type":"WebPage","@id":"https:\/\/www.druckstdu.de\/magazin\/fotoprodukte-fuer-berufliche-meilensteine\/","url":"https:\/\/www.druckstdu.de\/magazin\/fotoprodukte-fuer-berufliche-meilensteine\/","name":"Fotoprodukte f\u00fcr berufliche Meilensteine | Erfolge kreativ festhalten","isPartOf":{"@id":"https:\/\/www.druckstdu.de\/magazin\/#website"},"primaryImageOfPage":{"@id":"https:\/\/www.druckstdu.de\/magazin\/fotoprodukte-fuer-berufliche-meilensteine\/#primaryimage"},"image":{"@id":"https:\/\/www.druckstdu.de\/magazin\/fotoprodukte-fuer-berufliche-meilensteine\/#primaryimage"},"thumbnailUrl":"https:\/\/www.druckstdu.de\/magazin\/wp-content\/uploads\/2025\/10\/fotoprodukte-fuer-berufliche-meilensteine-mann-im-anzug-in-modernem-firmengebaeude-geht-zur-treppe.webp","datePublished":"2025-10-08T06:43:43+00:00","dateModified":"2025-10-08T06:43:45+00:00","author":{"@id":"https:\/\/www.druckstdu.de\/magazin\/#\/schema\/person\/21d94f7931f413d20158ecb9769efa5b"},"description":"Fotoprodukte f\u00fcr berufliche Meilensteine: Karrierefortschritte, Teamprojekte & Firmenveranstaltungen kreativ festhalten + Erfolge zeigen.","breadcrumb":{"@id":"https:\/\/www.druckstdu.de\/magazin\/fotoprodukte-fuer-berufliche-meilensteine\/#breadcrumb"},"inLanguage":"de","potentialAction":[{"@type":"ReadAction","target":["https:\/\/www.druckstdu.de\/magazin\/fotoprodukte-fuer-berufliche-meilensteine\/"]}]},{"@type":"ImageObject","inLanguage":"de","@id":"https:\/\/www.druckstdu.de\/magazin\/fotoprodukte-fuer-berufliche-meilensteine\/#primaryimage","url":"https:\/\/www.druckstdu.de\/magazin\/wp-content\/uploads\/2025\/10\/fotoprodukte-fuer-berufliche-meilensteine-mann-im-anzug-in-modernem-firmengebaeude-geht-zur-treppe.webp","contentUrl":"https:\/\/www.druckstdu.de\/magazin\/wp-content\/uploads\/2025\/10\/fotoprodukte-fuer-berufliche-meilensteine-mann-im-anzug-in-modernem-firmengebaeude-geht-zur-treppe.webp","width":1920,"height":628,"caption":"@Aflo Images von \u30a2\u30d5\u30ed\uff08Aflo)"},{"@type":"BreadcrumbList","@id":"https:\/\/www.druckstdu.de\/magazin\/fotoprodukte-fuer-berufliche-meilensteine\/#breadcrumb","itemListElement":[{"@type":"ListItem","position":1,"name":"Startseite","item":"https:\/\/www.druckstdu.de\/magazin\/"},{"@type":"ListItem","position":2,"name":"Fotoprodukte f\u00fcr berufliche Meilensteine: Karrierefortschritte, Teamprojekte oder Firmenveranstaltungen kreativ dokumentieren"}]},{"@type":"WebSite","@id":"https:\/\/www.druckstdu.de\/magazin\/#website","url":"https:\/\/www.druckstdu.de\/magazin\/","name":"Magazin | Druckstdu","description":"","potentialAction":[{"@type":"SearchAction","target":{"@type":"EntryPoint","urlTemplate":"https:\/\/www.druckstdu.de\/magazin\/?s={search_term_string}"},"query-input":{"@type":"PropertyValueSpecification","valueRequired":true,"valueName":"search_term_string"}}],"inLanguage":"de"},{"@type":"Person","@id":"https:\/\/www.druckstdu.de\/magazin\/#\/schema\/person\/21d94f7931f413d20158ecb9769efa5b","name":"Julia","image":{"@type":"ImageObject","inLanguage":"de","@id":"https:\/\/secure.gravatar.com\/avatar\/f8d49d230387fe95329c8c2282dda447963627f07b20969a21414d5cb19c58dc?s=96&d=mm&r=g","url":"https:\/\/secure.gravatar.com\/avatar\/f8d49d230387fe95329c8c2282dda447963627f07b20969a21414d5cb19c58dc?s=96&d=mm&r=g","contentUrl":"https:\/\/secure.gravatar.com\/avatar\/f8d49d230387fe95329c8c2282dda447963627f07b20969a21414d5cb19c58dc?s=96&d=mm&r=g","caption":"Julia"},"url":"https:\/\/www.druckstdu.de\/magazin\/author\/julia\/"}]}},"wp-worthy-pixel":{"ignored":false,"public":null,"server":null,"url":null},"wp-worthy-type":"normal","_links":{"self":[{"href":"https:\/\/www.druckstdu.de\/magazin\/wp-json\/wp\/v2\/posts\/289","targetHints":{"allow":["GET"]}}],"collection":[{"href":"https:\/\/www.druckstdu.de\/magazin\/wp-json\/wp\/v2\/posts"}],"about":[{"href":"https:\/\/www.druckstdu.de\/magazin\/wp-json\/wp\/v2\/types\/post"}],"author":[{"embeddable":true,"href":"https:\/\/www.druckstdu.de\/magazin\/wp-json\/wp\/v2\/users\/3"}],"replies":[{"embeddable":true,"href":"https:\/\/www.druckstdu.de\/magazin\/wp-json\/wp\/v2\/comments?post=289"}],"version-history":[{"count":1,"href":"https:\/\/www.druckstdu.de\/magazin\/wp-json\/wp\/v2\/posts\/289\/revisions"}],"predecessor-version":[{"id":291,"href":"https:\/\/www.druckstdu.de\/magazin\/wp-json\/wp\/v2\/posts\/289\/revisions\/291"}],"wp:featuredmedia":[{"embeddable":true,"href":"https:\/\/www.druckstdu.de\/magazin\/wp-json\/wp\/v2\/media\/290"}],"wp:attachment":[{"href":"https:\/\/www.druckstdu.de\/magazin\/wp-json\/wp\/v2\/media?parent=289"}],"wp:term":[{"taxonomy":"category","embeddable":true,"href":"https:\/\/www.druckstdu.de\/magazin\/wp-json\/wp\/v2\/categories?post=289"},{"taxonomy":"post_tag","embeddable":true,"href":"https:\/\/www.druckstdu.de\/magazin\/wp-json\/wp\/v2\/tags?post=289"}],"curies":[{"name":"wp","href":"https:\/\/api.w.org\/{rel}","templated":true}]}}