{"id":302,"date":"2025-10-09T09:44:29","date_gmt":"2025-10-09T09:44:29","guid":{"rendered":"https:\/\/www.druckstdu.de\/magazin\/?p=302"},"modified":"2025-11-12T10:00:05","modified_gmt":"2025-11-12T10:00:05","slug":"jahresrueckblick-in-bildern","status":"publish","type":"post","link":"https:\/\/www.druckstdu.de\/magazin\/jahresrueckblick-in-bildern\/","title":{"rendered":"Jahresr\u00fcckblick in Bildern \u2013 gestalten Sie ein thematisches Fotobuch Ihres Jahres"},"content":{"rendered":"\n<p>Ein Jahresr\u00fcckblick in Bildern ist eine wunderbare M\u00f6glichkeit, das vergangene Jahr Revue passieren zu lassen. Mit einem thematischen Fotobuch halten Sie Ihre sch\u00f6nsten Erinnerungen fest und schaffen ein pers\u00f6nliches Erinnerungsst\u00fcck, auf das Sie immer wieder gerne zur\u00fcckblicken. Ganz gleich, ob es um <strong>Familienmomente<\/strong>, <strong>Reiseerlebnisse<\/strong> oder andere besondere Ereignisse geht \u2013 in einem <strong>Foto-Jahresr\u00fcckblick<\/strong> k\u00f6nnen Sie all diese Erlebnisse stilvoll vereinen. Dieser Ratgeber zeigt Ihnen, wie Sie Ihr Jahr in Bildern gestalten, welche kreativen Ideen es gibt und wie Ihnen die Plattform <em>druckstdu<\/em> dabei hilft, ein einzigartiges Fotobuch zu erstellen.<\/p>\n\n\n\n<h2 class=\"wp-block-heading\">Warum ein Jahresr\u00fcckblick in Bildern erstellen?<\/h2>\n\n\n\n<p>Jedes Jahr steckt voller kleiner und gro\u00dfer Augenblicke: Geburtstage, Urlaube, Feste oder einfach gemeinsame Alltagsmomente mit der Familie. Oft sammeln sich Hunderte Fotos auf Smartphones und Festplatten. Ein <a href=\"https:\/\/www.druckstdu.de\/fotobuecher\/fotobuch-jahresrueckblick\/\"><strong>Fotobuch Jahresr\u00fcckblick<\/strong><\/a> hilft Ihnen, diese Bilderflut zu ordnen und die <strong>H\u00f6hepunkte des Jahres<\/strong> in einem hochwertigen Buch zu sammeln. So haben Sie Ihre sch\u00f6nsten Erinnerungen geb\u00fcndelt an einem Ort. Au\u00dferdem hat ein solches Jahrbuch in Bildern einen hohen emotionalen Wert: Beim Durchbl\u00e4ttern werden die vergangenen Monate wieder lebendig. F\u00fcr Familien ist es etwa eine sch\u00f6ne Tradition, am Jahresende gemeinsam das Fotobuch anzusehen und \u00fcber Erlebnisse zu sprechen. Auch als Geschenk f\u00fcr Gro\u00dfeltern oder Freunde eignet sich ein Jahresr\u00fcckblick-Fotobuch hervorragend, da es pers\u00f6nliche Momente auf liebevolle Weise pr\u00e4sentiert.<\/p>\n\n\n\n<p>Ein thematisches Fotobuch zum Jahresende bringt Struktur in Ihre Erinnerungen. Sie fokussieren auf bestimmte Themen oder chronologische Abl\u00e4ufe, statt einzelne Fotos unzusammenh\u00e4ngend zu betrachten. Dabei k\u00f6nnen Sie selbst w\u00e4hlen, ob Sie das Jahr <strong>chronologisch<\/strong> (Monat f\u00fcr Monat) aufbereiten m\u00f6chten oder die <strong>besten Momente nach Themen<\/strong> sortieren \u2013 etwa \u201eFamilie\u201c, \u201eFreunde\u201c, \u201eUrlaub\u201c, \u201eFeiern\u201c usw. So entsteht ein roter Faden, der Ihr Fotobuch \u00fcbersichtlich und spannend macht.<\/p>\n\n\n\n<p>Hier finden Sie <a href=\"https:\/\/www.druckstdu.de\/magazin\/reise-fotobuch-ideen-ihre-reisegeschichten-kreativ-in-einem-fotobuch-festhalten\/\">Reise-Fotobuch-Ideen f\u00fcr Reiseerlebnisse als Teil Ihres Jahresfotobuchs<\/a>.<\/p>\n\n\n\n<h2 class=\"wp-block-heading\">M\u00f6gliche Themen f\u00fcr Ihren Foto-Jahresr\u00fcckblick<\/h2>\n\n\n\n<p>Je nachdem, welche Schwerpunkte Ihr Jahr hatte, k\u00f6nnen Sie Ihr <strong>Foto-Jahrbuch<\/strong> individuell gestalten. Hier sind ein paar Ideen und Anl\u00e4sse, die Sie als Thema oder Kapitel f\u00fcr Ihren Jahresr\u00fcckblick in Bildern nutzen k\u00f6nnen:<\/p>\n\n\n\n<ul class=\"wp-block-list\">\n<li><strong>Familienjahr<\/strong>: Halten Sie die Entwicklung Ihrer Kinder fest, Familienausfl\u00fcge, Feiertage und allt\u00e4gliche Szenen. Ein Kapitel k\u00f6nnte z.&nbsp;B. jedem Familienmitglied oder bestimmten Ereignissen gewidmet sein (erster Schultag, bestandene Pr\u00fcfung, neues Haustier etc.).<\/li>\n\n\n\n<li><a href=\"https:\/\/www.druckstdu.de\/unser-Urlaubsbuch-6942\/\"><strong>Reisejahr<\/strong><\/a>: Wenn Sie 202X viel gereist sind, erstellen Sie ein Reise-Fotobuch als Jahreschronik. Sortieren Sie die Bilder nach Reisezielen oder chronologisch nach Datum der Reisen. Erg\u00e4nzen Sie die Fotos mit kurzen Reiseanekdoten, Ortsnamen oder H\u00f6hepunkte jeder Reise.<\/li>\n\n\n\n<li><a href=\"https:\/\/www.druckstdu.de\/fotobuch-baby-time-8623\/\"><strong>Baby\u2019s erstes Jahr<\/strong><\/a>: F\u00fcr frischgebackene Eltern eignet sich ein thematisches Fotobuch \u00fcber das erste Lebensjahr des Kindes. Vom ersten L\u00e4cheln bis zu den ersten Schritten \u2013 dokumentieren Sie Monat f\u00fcr Monat, wie Ihr Baby gewachsen ist und welche besonderen Momente es gab.<\/li>\n\n\n\n<li><strong>Projekt- oder Vereinsjahr<\/strong>: Haben Sie ein gr\u00f6\u00dferes Projekt begleitet oder sind Sie Teil eines Vereins oder Teams? Ein Fotobuch-Jahresr\u00fcckblick kann auch die wichtigsten Meilensteine eines Projekts oder die Aktivit\u00e4ten im Verein \u00fcber das Jahr festhalten. Zum Beispiel f\u00fcr einen Sportverein: Ergebnisse, Turniere, Trainingslager und Feste.<\/li>\n\n\n\n<li><strong>Besondere Ereignisse<\/strong>: Vielleicht war ein Gro\u00dfereignis pr\u00e4gend f\u00fcr Ihr Jahr, wie eine Hochzeit, ein runder Geburtstag oder ein neues Zuhause. Sie k\u00f6nnen den Jahresr\u00fcckblick darauf ausrichten, indem Sie alle Schritte und Momente zu diesem Ereignis in Bildern dokumentieren \u2013 vom Planungsvorlauf bis zum gro\u00dfen Tag und dar\u00fcber hinaus.<\/li>\n<\/ul>\n\n\n\n<p>Diese thematischen Ideen lassen sich auch kombinieren. Sie k\u00f6nnen Ihr Fotobuch in Kapitel unterteilen \u2013 etwa \u201eFamilie\u201c, \u201eUrlaub\u201c, \u201eFeiern\u201c \u2013 oder wirklich jeden Monat des Jahres als eigenes Kapitel gestalten, je nachdem, was f\u00fcr Sie am besten passt. Wichtig ist, dass sich <strong>die Struktur an Ihren pers\u00f6nlichen Erinnerungen orientiert<\/strong>, damit das Buch f\u00fcr Sie stimmig und nachvollziehbar bleibt.<\/p>\n\n\n\n<p>Informationen zur <a href=\"https:\/\/www.druckstdu.de\/magazin\/fotoprodukte-als-therapie\/\">emotionalen Wirkung von Fotoprojekten erhalten Sie hier<\/a>. <\/p>\n\n\n\n<h2 class=\"wp-block-heading\">Tipps zur Gestaltung eines Jahresr\u00fcckblick-Fotobuchs<\/h2>\n\n\n\n<p>Ein <strong>Jahresr\u00fcckblick-Fotobuch<\/strong> soll nicht nur sch\u00f6ne Fotos enthalten, sondern auch ansprechend gestaltet und gut durchdacht sein. Hier sind einige erprobte Tipps, wie Sie bei der Erstellung vorgehen k\u00f6nnen:<\/p>\n\n\n\n<ul class=\"wp-block-list\">\n<li><strong>Fotos sichten und ausw\u00e4hlen:<\/strong> Beginnen Sie damit, alle Fotos des Jahres zu sichten. Legen Sie einen Ordner an, in dem Sie die besten Bilder sammeln. Dabei hilft es, fr\u00fchzeitig auszusortieren: Verwackelte oder doppelte Aufnahmen k\u00f6nnen entfernt werden. \u00dcberlegen Sie, welche Bilder unbedingt hineinsollen \u2013 Qualit\u00e4t geht hier vor Quantit\u00e4t. Oft ist es sch\u00f6ner, weniger Fotos zu zeigen, diese daf\u00fcr gro\u00df und wirkungsvoll zu pr\u00e4sentieren.<\/li>\n\n\n\n<li><strong>Chronologische Ordnung oder Themenbl\u00f6cke:<\/strong> Legen Sie eine sinnvolle Struktur fest. Sie k\u00f6nnen das Fotobuch chronologisch von Januar bis Dezember aufbauen oder thematische Abschnitte bilden (siehe oben). Beide Ans\u00e4tze haben ihren Reiz: Chronologisch ergibt ein klassisches <strong>Jahr in Bildern<\/strong>, w\u00e4hrend Themenbl\u00f6cke es erm\u00f6glichen, Schwerpunkte zu setzen.<\/li>\n\n\n\n<li><strong>Gestaltung und Layout:<\/strong> Nutzen Sie abwechslungsreiche Layouts. Einige Seiten k\u00f6nnen eine gro\u00dfe Highlight-Aufnahme zeigen, andere eine Collage mehrerer kleiner Fotos. Achten Sie darauf, nicht zu viele Bilder auf eine Seite zu packen, damit das Layout luftig und \u00fcbersichtlich bleibt. Ein <strong>einheitlicher Look<\/strong> kann durch wiederkehrende Elemente entstehen \u2013 etwa \u00e4hnliche Farben, gleiche Filter oder ein wiederkehrendes grafisches Element pro Kapitel. Das schafft Harmonie.<\/li>\n\n\n\n<li><strong>Hintergr\u00fcnde und Designelemente:<\/strong> \u00dcberlegen Sie, ob Sie farbige Hintergr\u00fcnde, Muster oder Cliparts einsetzen m\u00f6chten. Dezente, schlichte Hintergr\u00fcnde lassen Fotos meist am besten wirken. Wenn Sie kreativ werden m\u00f6chten, k\u00f6nnen passende Grafiken die Stimmung unterstreichen (z. B. Schneeflocken-Illustrationen f\u00fcr Winterfotos oder kleine Weltkugeln neben Urlaubsbildern). <em>druckstdu<\/em> bietet Ihnen in seinem Online-Designer eine Auswahl an Hintergr\u00fcnden und Cliparts, die Sie bei Bedarf verwenden k\u00f6nnen.<\/li>\n\n\n\n<li><strong>Texte, Zitate und Geschichten:<\/strong> Erg\u00e4nzen Sie Ihr Fotobuch mit ein paar Worten. Ein Jahresr\u00fcckblick in Bildern wird noch pers\u00f6nlicher, wenn Sie kurze Texte hinzuf\u00fcgen. Notieren Sie z.&nbsp;B. das Datum oder den Ort unter einem Foto, schreiben Sie kleine Bildunterschriften mit besonderen Erinnerungen (\u201eUnser Picknick am See im Juli \u2013 so ein sch\u00f6ner Tag!\u201c) oder f\u00fcgen Sie bedeutsame Zitate ein. Auch einleitende Worte oder ein Inhaltsverzeichnis am Anfang des Buches k\u00f6nnen sinnvoll sein, vor allem bei umfangreichen Jahrb\u00fcchern.<\/li>\n\n\n\n<li><strong>Auf Qualit\u00e4t achten:<\/strong> Da ein Fotobuch ein langfristiges Andenken ist, sollte die Druckqualit\u00e4t stimmen. Verwenden Sie hochaufl\u00f6sende Fotos, damit die Bilder auch in gr\u00f6\u00dferem Format scharf und brillant erscheinen. Die <em>druckstdu<\/em> Druckerei setzt auf modernen Vierfarbdruck und hochwertige Materialien, damit Ihr Fotobuch entsprechend edel wirkt. Achten Sie bei eigenen Bildern auf ausreichende Aufl\u00f6sung (mindestens 300 dpi), besonders wenn Sie eine Aufnahme \u00fcber eine ganze Seite ziehen.<\/li>\n\n\n\n<li><strong>Kreativit\u00e4t und Pers\u00f6nlichkeit:<\/strong> Scheuen Sie sich nicht, pers\u00f6nliche Akzente zu setzen. Das kann bedeuten, auch mal lustige Schnappsch\u00fcsse oder weniger \u201eperfekte\u201c Fotos einzubauen, wenn sie eine besondere Erinnerung festhalten. Gerade solche Bilder erz\u00e4hlen oft die besten Geschichten. Ihr Fotobuch soll <strong>authentisch<\/strong> sein \u2013 es repr\u00e4sentiert Ihr Jahr, mit all seinen H\u00f6hen und vielleicht auch Tiefen. Diese Ehrlichkeit macht den R\u00fcckblick sp\u00e4ter umso wertvoller.<\/li>\n<\/ul>\n\n\n\n<p><strong>Beispiel:<\/strong> Anna hat das Jahr 2023 in einem Fotobuch festgehalten. Sie hat ihr Buch in vier Kapitel aufgeteilt: \u201eFr\u00fchling\u201c, \u201eSommer\u201c, \u201eHerbst\u201c, \u201eWinter\u201c. Jedes Kapitel beginnt mit einer kurzen Einf\u00fchrung und einem stimmungsvollen Foto der Jahreszeit. Im Sommer-Kapitel zeigt sie die Bilder vom Familienurlaub an der Ostsee, vom Grillabend mit Freunden und vom Freibadbesuch der Kinder. Im Herbst-Kapitel findet sich neben bunten Laub-Fotos auch ein Scan der Einschulungskarte ihres Sohnes \u2013 ein kreatives Detail, das das Kapitel pers\u00f6nlicher macht. Dieses Beispiel zeigt: Alles, was Ihnen wichtig ist und Erinnerungen weckt, darf ins Buch \u2013 von klassischen Fotos bis hin zu eingescannten Kinderzeichnungen oder Tickets, die im Layout eingef\u00fcgt werden.<\/p>\n\n\n\n<h2 class=\"wp-block-heading\">Fotobuch-Jahresr\u00fcckblick online gestalten mit druckstdu<\/h2>\n\n\n\n<p>Ein thematisches Foto-Jahrbuch zu gestalten, muss kein gro\u00dfer Aufwand sein. Mit der <strong>benutzerfreundlichen Online-Plattform von druckstdu<\/strong> k\u00f6nnen Sie Ihr Fotobuch Schritt f\u00fcr Schritt selbst erstellen \u2013 ganz ohne besondere Vorkenntnisse. W\u00e4hlen Sie das gew\u00fcnschte Format und Design, laden Sie Ihre Fotos hoch und arrangieren Sie sie nach Ihren Vorstellungen. Unsere Software bietet Ihnen zahlreiche Vorlagen, Layout-Ideen und Cliparts, um kreativ zu werden. Probieren Sie verschiedene Anordnungen aus: Verschieben, vergr\u00f6\u00dfern oder verkleinern Sie Bilder per Mausklick und f\u00fcgen Sie Texte ein. Sie sehen sofort eine Vorschau jeder Seite, sodass Sie Ihr Jahresr\u00fcckblick-Fotobuch in Ruhe perfektionieren k\u00f6nnen.<\/p>\n\n\n\n<p><strong>Jetzt Fotobuch gestalten:<\/strong> Sind Sie bereit, Ihren Jahresr\u00fcckblick in Bildern festzuhalten? Dann legen Sie gleich los und gestalten Sie Ihr pers\u00f6nliches Fotobuch online. Mit ein paar Klicks k\u00f6nnen Sie <a href=\"https:\/\/www.druckstdu.de\/fotobuecher\/\"><strong>Ihr Foto-Jahrbuch erstellen<\/strong><\/a> und bestellen. Nutzen Sie die Gelegenheit, Ihre Erinnerungen noch einmal zu durchleben, w\u00e4hrend Sie das Buch zusammenstellen \u2013 Sie werden sehen, wie viel Freude das macht!<\/p>\n\n\n\n<p>Haben Sie Fragen oder ben\u00f6tigen Sie Hilfe bei der Gestaltung? Unser Kundenservice steht Ihnen gerne zur Verf\u00fcgung. Z\u00f6gern Sie nicht, uns zu kontaktieren \u2013 wir beraten Sie pers\u00f6nlich und geben Sie Tipps, damit Ihr Jahresr\u00fcckblick genau so wird, wie Sie ihn sich vorstellen. Dank unserer effizienten Produktion und schnellen Lieferung halten Sie Ihr fertiges <strong>Fotobuch Jahresr\u00fcckblick<\/strong> schon nach kurzer Zeit in den H\u00e4nden.<\/p>\n\n\n\n<p>Wir w\u00fcnschen Ihnen viel Spa\u00df beim Gestalten und beim sp\u00e4teren Schm\u00f6kern in Ihrem fertigen Jahrbuch!<\/p>\n\n\n\n<h2 class=\"wp-block-heading\"><strong>FAQ: Fotob\u00fccher als Jahresr\u00fcckblick<\/strong><\/h2>\n\n\n\n<h3 class=\"wp-block-heading\">Was bedeutet \u201eJahresr\u00fcckblick in Bildern\u201c?<\/h3>\n\n\n\n<p>Ein <strong>Jahresr\u00fcckblick in Bildern<\/strong> ist ein individuell gestaltetes Fotobuch, das die wichtigsten Momente eines Jahres chronologisch oder thematisch pr\u00e4sentiert. Statt langer Texte stehen Fotos im Mittelpunkt, die Ereignisse, Emotionen und Geschichten transportieren \u2013 vom Januar bis Dezember oder nach Themen sortiert. So entsteht ein pers\u00f6nliches Jahrbuch, das Ihr Jahr visuell und emotional festh\u00e4lt.<\/p>\n\n\n\n<h3 class=\"wp-block-heading\">Wie viele Fotos sollte ein Foto-Jahrbuch idealerweise enthalten?<\/h3>\n\n\n\n<p>Das h\u00e4ngt von Ihren Erlebnissen ab. Empfehlenswert ist, weniger, aber aussagekr\u00e4ftige Bilder zu w\u00e4hlen. Etwa 100 sorgf\u00e4ltig ausgew\u00e4hlte Fotos auf 30\u201350 Seiten wirken harmonisch. Nutzen Sie abwechslungsreiche Layouts: einzelne Gro\u00dffotos f\u00fcr Highlights und Collagen f\u00fcr Serien. Wenn sehr viele gelungene Aufnahmen vorliegen, bietet sich eine Aufteilung in zwei B\u00e4nde an. So bleibt der <strong>Foto-Jahresr\u00fcckblick<\/strong> \u00fcbersichtlich.<\/p>\n\n\n\n<h3 class=\"wp-block-heading\">Welche Themen kann ich in meinem Fotobuch-Jahresr\u00fcckblick aufnehmen?<\/h3>\n\n\n\n<p>Alles, was Ihr Jahr gepr\u00e4gt hat: Familie, Freunde, Reisen, Feste, Hobbys, berufliche Erfolge oder Meilensteine wie Umzug, Abschluss oder Geburt eines Kindes. Viele strukturieren den <strong>Jahresr\u00fcckblick in Bildern<\/strong> nach Monaten, andere in Themenkapiteln. Beliebte Ideen sind \u201eUnser Familienjahr\u201c, \u201eReiseabenteuer 2025\u201c, \u201eBabys erstes Jahr\u201c oder \u201eVereinschronik\u201c. So entsteht ein authentisches, individuelles Jahrbuch.<\/p>\n\n\n\n<h3 class=\"wp-block-heading\">Wie kann ich mein Jahresr\u00fcckblick-Fotobuch kreativ gestalten?<\/h3>\n\n\n\n<p>Variieren Sie das Layout, kombinieren Sie Gro\u00dffotos und Collagen, und erg\u00e4nzen Sie kurze Texte, Zitate oder Anekdoten. Ein konsistenter Stil \u00fcber Farben, Schriften oder Filter sorgt f\u00fcr Ruhe. Grafische Elemente wie dezente Symbole oder saisonale Trenner gliedern Kapitel. In der Online-Gestaltung von <strong>druckstdu<\/strong> stehen Vorlagen und Designelemente bereit, mit denen Sie Ihr Jahr in Bildern einfach umsetzen k\u00f6nnen.<\/p>\n\n\n\n<h3 class=\"wp-block-heading\">Ist ein Foto-Jahrbuch auch als Geschenk geeignet?<\/h3>\n\n\n\n<p>Ja. Ein <strong>Jahresr\u00fcckblick in Bildern<\/strong> ist ein pers\u00f6nliches Geschenk f\u00fcr Familie, Partner oder Freundeskreis. Eine Widmung auf der ersten Seite verst\u00e4rkt die pers\u00f6nliche Note. Bei <strong>druckstdu<\/strong> lassen sich mehrere Exemplare bestellen \u2013 passend, wenn Sie den R\u00fcckblick mehreren Personen schenken m\u00f6chten.<\/p>\n\n\n\n<h3 class=\"wp-block-heading\">Wie lange dauert die Lieferung meines Fotobuchs bei druckstdu?<\/h3>\n\n\n\n<p>Nach Abschluss der Online-Gestaltung geht Ihr Fotobuch bei <strong>druckstdu<\/strong> in die Produktion. Die Fertigung dauert in der Regel wenige Werktage, h\u00e4ufig ist das <strong>Foto-Jahrbuch<\/strong> innerhalb einer Woche versandbereit. Wenn Sie einen festen Termin anvisieren (zum Beispiel zum Jahreswechsel), planen Sie etwas Pufferzeit ein. Den Bestellstatus k\u00f6nnen Sie jederzeit einsehen; bei Fragen hilft der Kundenservice weiter.<\/p>\n<a class=\"simplefavorite-button\" data-postid=\"302\" data-siteid=\"1\" data-groupid=\"1\" data-favoritecount=\"0\" style=\"\"><img decoding=\"async\" src=\"\/magazin\/wp-content\/uploads\/2025\/07\/heart.svg\">Speichern f\u00fcr sp\u00e4ter<\/a>","protected":false},"excerpt":{"rendered":"<p>Ein Jahresr\u00fcckblick in Bildern ist eine wunderbare M\u00f6glichkeit, das vergangene Jahr Revue passieren zu lassen. Mit einem thematischen Fotobuch halten&#8230;<\/p>\n","protected":false},"author":3,"featured_media":303,"comment_status":"closed","ping_status":"closed","sticky":false,"template":"","format":"standard","meta":{"_acf_changed":false,"inline_featured_image":false,"footnotes":""},"categories":[6],"tags":[],"class_list":["post-302","post","type-post","status-publish","format-standard","has-post-thumbnail","hentry","category-geschenke"],"acf":[],"yoast_head":"<!-- This site is optimized with the Yoast SEO plugin v27.5 - https:\/\/yoast.com\/product\/yoast-seo-wordpress\/ -->\n<title>Fotob\u00fccher: Ihr pers\u00f6nlicher Jahresr\u00fcckblick in Bildern<\/title>\n<meta name=\"description\" content=\"Jetzt Jahresr\u00fcckblick in Bildern als hochwertiges Fotobuch gestalten. Ideen, Tipps &amp; Vorlagen f\u00fcr kreative Jahresb\u00fccher \u2013 bei druckstdu.\" \/>\n<link rel=\"canonical\" href=\"https:\/\/www.druckstdu.de\/magazin\/jahresrueckblick-in-bildern\/\" \/>\n<meta property=\"og:locale\" content=\"de_DE\" \/>\n<meta property=\"og:type\" content=\"article\" \/>\n<meta property=\"og:title\" content=\"Fotob\u00fccher: Ihr pers\u00f6nlicher Jahresr\u00fcckblick in Bildern\" \/>\n<meta property=\"og:description\" content=\"Jetzt Jahresr\u00fcckblick in Bildern als hochwertiges Fotobuch gestalten. Ideen, Tipps &amp; Vorlagen f\u00fcr kreative Jahresb\u00fccher \u2013 bei druckstdu.\" \/>\n<meta property=\"og:url\" content=\"https:\/\/www.druckstdu.de\/magazin\/jahresrueckblick-in-bildern\/\" \/>\n<meta property=\"og:site_name\" content=\"Magazin | Druckstdu\" \/>\n<meta property=\"article:published_time\" content=\"2025-10-09T09:44:29+00:00\" \/>\n<meta property=\"article:modified_time\" content=\"2025-11-12T10:00:05+00:00\" \/>\n<meta property=\"og:image\" content=\"https:\/\/www.druckstdu.de\/magazin\/wp-content\/uploads\/2025\/10\/jahresrueckblick-in-bildern-fotoalbum-mit-verschiedenen-fotos-von-mama-und-baby.webp\" \/>\n\t<meta property=\"og:image:width\" content=\"1920\" \/>\n\t<meta property=\"og:image:height\" content=\"628\" \/>\n\t<meta property=\"og:image:type\" content=\"image\/webp\" \/>\n<meta name=\"author\" content=\"Julia\" \/>\n<meta name=\"twitter:card\" content=\"summary_large_image\" \/>\n<meta name=\"twitter:label1\" content=\"Verfasst von\" \/>\n\t<meta name=\"twitter:data1\" content=\"Julia\" \/>\n\t<meta name=\"twitter:label2\" content=\"Gesch\u00e4tzte Lesezeit\" \/>\n\t<meta name=\"twitter:data2\" content=\"11\u00a0Minuten\" \/>\n<script type=\"application\/ld+json\" class=\"yoast-schema-graph\">{\"@context\":\"https:\\\/\\\/schema.org\",\"@graph\":[{\"@type\":\"Article\",\"@id\":\"https:\\\/\\\/www.druckstdu.de\\\/magazin\\\/jahresrueckblick-in-bildern\\\/#article\",\"isPartOf\":{\"@id\":\"https:\\\/\\\/www.druckstdu.de\\\/magazin\\\/jahresrueckblick-in-bildern\\\/\"},\"author\":{\"name\":\"Julia\",\"@id\":\"https:\\\/\\\/www.druckstdu.de\\\/magazin\\\/#\\\/schema\\\/person\\\/21d94f7931f413d20158ecb9769efa5b\"},\"headline\":\"Jahresr\u00fcckblick in Bildern \u2013 gestalten Sie ein thematisches Fotobuch Ihres Jahres\",\"datePublished\":\"2025-10-09T09:44:29+00:00\",\"dateModified\":\"2025-11-12T10:00:05+00:00\",\"mainEntityOfPage\":{\"@id\":\"https:\\\/\\\/www.druckstdu.de\\\/magazin\\\/jahresrueckblick-in-bildern\\\/\"},\"wordCount\":1940,\"image\":{\"@id\":\"https:\\\/\\\/www.druckstdu.de\\\/magazin\\\/jahresrueckblick-in-bildern\\\/#primaryimage\"},\"thumbnailUrl\":\"https:\\\/\\\/www.druckstdu.de\\\/magazin\\\/wp-content\\\/uploads\\\/2025\\\/10\\\/jahresrueckblick-in-bildern-fotoalbum-mit-verschiedenen-fotos-von-mama-und-baby.webp\",\"articleSection\":[\"Geschenke\"],\"inLanguage\":\"de\"},{\"@type\":\"WebPage\",\"@id\":\"https:\\\/\\\/www.druckstdu.de\\\/magazin\\\/jahresrueckblick-in-bildern\\\/\",\"url\":\"https:\\\/\\\/www.druckstdu.de\\\/magazin\\\/jahresrueckblick-in-bildern\\\/\",\"name\":\"Fotob\u00fccher: Ihr pers\u00f6nlicher Jahresr\u00fcckblick in Bildern\",\"isPartOf\":{\"@id\":\"https:\\\/\\\/www.druckstdu.de\\\/magazin\\\/#website\"},\"primaryImageOfPage\":{\"@id\":\"https:\\\/\\\/www.druckstdu.de\\\/magazin\\\/jahresrueckblick-in-bildern\\\/#primaryimage\"},\"image\":{\"@id\":\"https:\\\/\\\/www.druckstdu.de\\\/magazin\\\/jahresrueckblick-in-bildern\\\/#primaryimage\"},\"thumbnailUrl\":\"https:\\\/\\\/www.druckstdu.de\\\/magazin\\\/wp-content\\\/uploads\\\/2025\\\/10\\\/jahresrueckblick-in-bildern-fotoalbum-mit-verschiedenen-fotos-von-mama-und-baby.webp\",\"datePublished\":\"2025-10-09T09:44:29+00:00\",\"dateModified\":\"2025-11-12T10:00:05+00:00\",\"author\":{\"@id\":\"https:\\\/\\\/www.druckstdu.de\\\/magazin\\\/#\\\/schema\\\/person\\\/21d94f7931f413d20158ecb9769efa5b\"},\"description\":\"Jetzt Jahresr\u00fcckblick in Bildern als hochwertiges Fotobuch gestalten. Ideen, Tipps & Vorlagen f\u00fcr kreative Jahresb\u00fccher \u2013 bei druckstdu.\",\"breadcrumb\":{\"@id\":\"https:\\\/\\\/www.druckstdu.de\\\/magazin\\\/jahresrueckblick-in-bildern\\\/#breadcrumb\"},\"inLanguage\":\"de\",\"potentialAction\":[{\"@type\":\"ReadAction\",\"target\":[\"https:\\\/\\\/www.druckstdu.de\\\/magazin\\\/jahresrueckblick-in-bildern\\\/\"]}]},{\"@type\":\"ImageObject\",\"inLanguage\":\"de\",\"@id\":\"https:\\\/\\\/www.druckstdu.de\\\/magazin\\\/jahresrueckblick-in-bildern\\\/#primaryimage\",\"url\":\"https:\\\/\\\/www.druckstdu.de\\\/magazin\\\/wp-content\\\/uploads\\\/2025\\\/10\\\/jahresrueckblick-in-bildern-fotoalbum-mit-verschiedenen-fotos-von-mama-und-baby.webp\",\"contentUrl\":\"https:\\\/\\\/www.druckstdu.de\\\/magazin\\\/wp-content\\\/uploads\\\/2025\\\/10\\\/jahresrueckblick-in-bildern-fotoalbum-mit-verschiedenen-fotos-von-mama-und-baby.webp\",\"width\":1920,\"height\":628,\"caption\":\"@Squaredone von pixabay\"},{\"@type\":\"BreadcrumbList\",\"@id\":\"https:\\\/\\\/www.druckstdu.de\\\/magazin\\\/jahresrueckblick-in-bildern\\\/#breadcrumb\",\"itemListElement\":[{\"@type\":\"ListItem\",\"position\":1,\"name\":\"Startseite\",\"item\":\"https:\\\/\\\/www.druckstdu.de\\\/magazin\\\/\"},{\"@type\":\"ListItem\",\"position\":2,\"name\":\"Jahresr\u00fcckblick in Bildern \u2013 gestalten Sie ein thematisches Fotobuch Ihres Jahres\"}]},{\"@type\":\"WebSite\",\"@id\":\"https:\\\/\\\/www.druckstdu.de\\\/magazin\\\/#website\",\"url\":\"https:\\\/\\\/www.druckstdu.de\\\/magazin\\\/\",\"name\":\"Magazin | Druckstdu\",\"description\":\"\",\"potentialAction\":[{\"@type\":\"SearchAction\",\"target\":{\"@type\":\"EntryPoint\",\"urlTemplate\":\"https:\\\/\\\/www.druckstdu.de\\\/magazin\\\/?s={search_term_string}\"},\"query-input\":{\"@type\":\"PropertyValueSpecification\",\"valueRequired\":true,\"valueName\":\"search_term_string\"}}],\"inLanguage\":\"de\"},{\"@type\":\"Person\",\"@id\":\"https:\\\/\\\/www.druckstdu.de\\\/magazin\\\/#\\\/schema\\\/person\\\/21d94f7931f413d20158ecb9769efa5b\",\"name\":\"Julia\",\"image\":{\"@type\":\"ImageObject\",\"inLanguage\":\"de\",\"@id\":\"https:\\\/\\\/secure.gravatar.com\\\/avatar\\\/f8d49d230387fe95329c8c2282dda447963627f07b20969a21414d5cb19c58dc?s=96&d=mm&r=g\",\"url\":\"https:\\\/\\\/secure.gravatar.com\\\/avatar\\\/f8d49d230387fe95329c8c2282dda447963627f07b20969a21414d5cb19c58dc?s=96&d=mm&r=g\",\"contentUrl\":\"https:\\\/\\\/secure.gravatar.com\\\/avatar\\\/f8d49d230387fe95329c8c2282dda447963627f07b20969a21414d5cb19c58dc?s=96&d=mm&r=g\",\"caption\":\"Julia\"},\"url\":\"https:\\\/\\\/www.druckstdu.de\\\/magazin\\\/author\\\/julia\\\/\"}]}<\/script>\n<!-- \/ Yoast SEO plugin. -->","yoast_head_json":{"title":"Fotob\u00fccher: Ihr pers\u00f6nlicher Jahresr\u00fcckblick in Bildern","description":"Jetzt Jahresr\u00fcckblick in Bildern als hochwertiges Fotobuch gestalten. Ideen, Tipps & Vorlagen f\u00fcr kreative Jahresb\u00fccher \u2013 bei druckstdu.","canonical":"https:\/\/www.druckstdu.de\/magazin\/jahresrueckblick-in-bildern\/","og_locale":"de_DE","og_type":"article","og_title":"Fotob\u00fccher: Ihr pers\u00f6nlicher Jahresr\u00fcckblick in Bildern","og_description":"Jetzt Jahresr\u00fcckblick in Bildern als hochwertiges Fotobuch gestalten. Ideen, Tipps & Vorlagen f\u00fcr kreative Jahresb\u00fccher \u2013 bei druckstdu.","og_url":"https:\/\/www.druckstdu.de\/magazin\/jahresrueckblick-in-bildern\/","og_site_name":"Magazin | Druckstdu","article_published_time":"2025-10-09T09:44:29+00:00","article_modified_time":"2025-11-12T10:00:05+00:00","og_image":[{"width":1920,"height":628,"url":"https:\/\/www.druckstdu.de\/magazin\/wp-content\/uploads\/2025\/10\/jahresrueckblick-in-bildern-fotoalbum-mit-verschiedenen-fotos-von-mama-und-baby.webp","type":"image\/webp"}],"author":"Julia","twitter_card":"summary_large_image","twitter_misc":{"Verfasst von":"Julia","Gesch\u00e4tzte Lesezeit":"11\u00a0Minuten"},"schema":{"@context":"https:\/\/schema.org","@graph":[{"@type":"Article","@id":"https:\/\/www.druckstdu.de\/magazin\/jahresrueckblick-in-bildern\/#article","isPartOf":{"@id":"https:\/\/www.druckstdu.de\/magazin\/jahresrueckblick-in-bildern\/"},"author":{"name":"Julia","@id":"https:\/\/www.druckstdu.de\/magazin\/#\/schema\/person\/21d94f7931f413d20158ecb9769efa5b"},"headline":"Jahresr\u00fcckblick in Bildern \u2013 gestalten Sie ein thematisches Fotobuch Ihres Jahres","datePublished":"2025-10-09T09:44:29+00:00","dateModified":"2025-11-12T10:00:05+00:00","mainEntityOfPage":{"@id":"https:\/\/www.druckstdu.de\/magazin\/jahresrueckblick-in-bildern\/"},"wordCount":1940,"image":{"@id":"https:\/\/www.druckstdu.de\/magazin\/jahresrueckblick-in-bildern\/#primaryimage"},"thumbnailUrl":"https:\/\/www.druckstdu.de\/magazin\/wp-content\/uploads\/2025\/10\/jahresrueckblick-in-bildern-fotoalbum-mit-verschiedenen-fotos-von-mama-und-baby.webp","articleSection":["Geschenke"],"inLanguage":"de"},{"@type":"WebPage","@id":"https:\/\/www.druckstdu.de\/magazin\/jahresrueckblick-in-bildern\/","url":"https:\/\/www.druckstdu.de\/magazin\/jahresrueckblick-in-bildern\/","name":"Fotob\u00fccher: Ihr pers\u00f6nlicher Jahresr\u00fcckblick in Bildern","isPartOf":{"@id":"https:\/\/www.druckstdu.de\/magazin\/#website"},"primaryImageOfPage":{"@id":"https:\/\/www.druckstdu.de\/magazin\/jahresrueckblick-in-bildern\/#primaryimage"},"image":{"@id":"https:\/\/www.druckstdu.de\/magazin\/jahresrueckblick-in-bildern\/#primaryimage"},"thumbnailUrl":"https:\/\/www.druckstdu.de\/magazin\/wp-content\/uploads\/2025\/10\/jahresrueckblick-in-bildern-fotoalbum-mit-verschiedenen-fotos-von-mama-und-baby.webp","datePublished":"2025-10-09T09:44:29+00:00","dateModified":"2025-11-12T10:00:05+00:00","author":{"@id":"https:\/\/www.druckstdu.de\/magazin\/#\/schema\/person\/21d94f7931f413d20158ecb9769efa5b"},"description":"Jetzt Jahresr\u00fcckblick in Bildern als hochwertiges Fotobuch gestalten. Ideen, Tipps & Vorlagen f\u00fcr kreative Jahresb\u00fccher \u2013 bei druckstdu.","breadcrumb":{"@id":"https:\/\/www.druckstdu.de\/magazin\/jahresrueckblick-in-bildern\/#breadcrumb"},"inLanguage":"de","potentialAction":[{"@type":"ReadAction","target":["https:\/\/www.druckstdu.de\/magazin\/jahresrueckblick-in-bildern\/"]}]},{"@type":"ImageObject","inLanguage":"de","@id":"https:\/\/www.druckstdu.de\/magazin\/jahresrueckblick-in-bildern\/#primaryimage","url":"https:\/\/www.druckstdu.de\/magazin\/wp-content\/uploads\/2025\/10\/jahresrueckblick-in-bildern-fotoalbum-mit-verschiedenen-fotos-von-mama-und-baby.webp","contentUrl":"https:\/\/www.druckstdu.de\/magazin\/wp-content\/uploads\/2025\/10\/jahresrueckblick-in-bildern-fotoalbum-mit-verschiedenen-fotos-von-mama-und-baby.webp","width":1920,"height":628,"caption":"@Squaredone von pixabay"},{"@type":"BreadcrumbList","@id":"https:\/\/www.druckstdu.de\/magazin\/jahresrueckblick-in-bildern\/#breadcrumb","itemListElement":[{"@type":"ListItem","position":1,"name":"Startseite","item":"https:\/\/www.druckstdu.de\/magazin\/"},{"@type":"ListItem","position":2,"name":"Jahresr\u00fcckblick in Bildern \u2013 gestalten Sie ein thematisches Fotobuch Ihres Jahres"}]},{"@type":"WebSite","@id":"https:\/\/www.druckstdu.de\/magazin\/#website","url":"https:\/\/www.druckstdu.de\/magazin\/","name":"Magazin | Druckstdu","description":"","potentialAction":[{"@type":"SearchAction","target":{"@type":"EntryPoint","urlTemplate":"https:\/\/www.druckstdu.de\/magazin\/?s={search_term_string}"},"query-input":{"@type":"PropertyValueSpecification","valueRequired":true,"valueName":"search_term_string"}}],"inLanguage":"de"},{"@type":"Person","@id":"https:\/\/www.druckstdu.de\/magazin\/#\/schema\/person\/21d94f7931f413d20158ecb9769efa5b","name":"Julia","image":{"@type":"ImageObject","inLanguage":"de","@id":"https:\/\/secure.gravatar.com\/avatar\/f8d49d230387fe95329c8c2282dda447963627f07b20969a21414d5cb19c58dc?s=96&d=mm&r=g","url":"https:\/\/secure.gravatar.com\/avatar\/f8d49d230387fe95329c8c2282dda447963627f07b20969a21414d5cb19c58dc?s=96&d=mm&r=g","contentUrl":"https:\/\/secure.gravatar.com\/avatar\/f8d49d230387fe95329c8c2282dda447963627f07b20969a21414d5cb19c58dc?s=96&d=mm&r=g","caption":"Julia"},"url":"https:\/\/www.druckstdu.de\/magazin\/author\/julia\/"}]}},"wp-worthy-pixel":{"ignored":false,"public":null,"server":null,"url":null},"wp-worthy-type":"normal","_links":{"self":[{"href":"https:\/\/www.druckstdu.de\/magazin\/wp-json\/wp\/v2\/posts\/302","targetHints":{"allow":["GET"]}}],"collection":[{"href":"https:\/\/www.druckstdu.de\/magazin\/wp-json\/wp\/v2\/posts"}],"about":[{"href":"https:\/\/www.druckstdu.de\/magazin\/wp-json\/wp\/v2\/types\/post"}],"author":[{"embeddable":true,"href":"https:\/\/www.druckstdu.de\/magazin\/wp-json\/wp\/v2\/users\/3"}],"replies":[{"embeddable":true,"href":"https:\/\/www.druckstdu.de\/magazin\/wp-json\/wp\/v2\/comments?post=302"}],"version-history":[{"count":3,"href":"https:\/\/www.druckstdu.de\/magazin\/wp-json\/wp\/v2\/posts\/302\/revisions"}],"predecessor-version":[{"id":354,"href":"https:\/\/www.druckstdu.de\/magazin\/wp-json\/wp\/v2\/posts\/302\/revisions\/354"}],"wp:featuredmedia":[{"embeddable":true,"href":"https:\/\/www.druckstdu.de\/magazin\/wp-json\/wp\/v2\/media\/303"}],"wp:attachment":[{"href":"https:\/\/www.druckstdu.de\/magazin\/wp-json\/wp\/v2\/media?parent=302"}],"wp:term":[{"taxonomy":"category","embeddable":true,"href":"https:\/\/www.druckstdu.de\/magazin\/wp-json\/wp\/v2\/categories?post=302"},{"taxonomy":"post_tag","embeddable":true,"href":"https:\/\/www.druckstdu.de\/magazin\/wp-json\/wp\/v2\/tags?post=302"}],"curies":[{"name":"wp","href":"https:\/\/api.w.org\/{rel}","templated":true}]}}