{"id":305,"date":"2025-10-09T09:55:23","date_gmt":"2025-10-09T09:55:23","guid":{"rendered":"https:\/\/www.druckstdu.de\/magazin\/?p=305"},"modified":"2025-11-12T09:57:35","modified_gmt":"2025-11-12T09:57:35","slug":"fotoprodukte-als-therapie","status":"publish","type":"post","link":"https:\/\/www.druckstdu.de\/magazin\/fotoprodukte-als-therapie\/","title":{"rendered":"Fotoprodukte als Therapie: kreative Einsatzm\u00f6glichkeiten in Schulprojekten, Workshops und Vereinsdokumentationen"},"content":{"rendered":"\n<p>Fotografien halten besondere Momente fest und erz\u00e4hlen Geschichten. Im Bildungsbereich und im Vereinsleben k\u00f6nnen Fotoprodukte wie <strong>Fotob\u00fccher<\/strong> oder <a href=\"https:\/\/www.druckstdu.de\/wandbilder\/fotoposter\/\"><strong>Fotoposter<\/strong><\/a> jedoch noch mehr bewirken: Sie dokumentieren Projekte, f\u00f6rdern Kreativit\u00e4t, st\u00e4rken Gemeinschaftsgef\u00fchl \u2013 und entfalten mitunter sogar eine <strong>therapeutische Wirkung<\/strong>. In diesem Beitrag erfahren Sie, wie Sie Fotob\u00fccher und Poster gezielt in <strong>Schulprojekten<\/strong>, <strong>Workshops<\/strong> oder zur <strong>Vereinsdokumentation<\/strong> einsetzen k\u00f6nnen, und warum diese kreativen Medien manchmal <em>Fotoprodukte als Therapie<\/em> verstanden werden.<\/p>\n\n\n\n<h2 class=\"wp-block-heading\">Fotoprojekte in der Schule \u2013 Lernen mit Fotobuch und Poster<\/h2>\n\n\n\n<p>In der Schule lassen sich <strong>Fotoprodukte<\/strong> vielseitig einsetzen, um Lernen lebendig zu gestalten. F\u00fcr junge Menschen sind Bilder ein wichtiges Werkzeug des Selbstausdrucks und damit Teil ihrer Pers\u00f6nlichkeitsentwicklung. Ein <strong>Fotoprojekt im Unterricht<\/strong> \u2013 etwa das Erstellen eines Fotobuchs oder einer Collage \u2013 erm\u00f6glicht Sch\u00fclern, ihre Sicht auf die Welt kreativ auszudr\u00fccken und zu pr\u00e4sentieren. Dabei zeigen sich oft positive Effekte, die sich auch als Form von <strong>Fotoprodukten als Therapie<\/strong> verstehen lassen \u2013 denn die kreative Arbeit mit Bildern f\u00f6rdert Emotionen, Reflexion und Teamgeist.<\/p>\n\n\n\n<p>Eine Klasse kann unter anderem eine <strong>Projektwoche in Bildern festhalten<\/strong> oder die Ergebnisse eines Experiments auf Postern darstellen. In F\u00e4chern wie Kunst oder Deutsch kann ein <strong>Fotobuch als Projektportfolio<\/strong> dienen, das Arbeitsschritte und Ergebnisse dokumentiert. Das st\u00e4rkt Medienkompetenz und Stolz \u2013 schlie\u00dflich halten die Sch\u00fcler am Ende ein greifbares Produkt in den H\u00e4nden.<\/p>\n\n\n\n<p>Ein Beispiel: Eine Schulklasse in Linz dokumentierte ihr Viertel fotografisch und gestaltete daraus ein <strong>Fotobuch und eine Ausstellung<\/strong>. Das pr\u00e4mierte Projekt verband fachliches Lernen mit Sozialkompetenz \u2013 die Jugendlichen lernten ihr Umfeld zu erkunden, mit Menschen ins Gespr\u00e4ch zu kommen und Ergebnisse kreativ aufzubereiten. Solche Projekte zeigen, wie <strong>kreative Fotoprodukte therapeutisch wirken<\/strong> k\u00f6nnen, indem sie Selbstbewusstsein und Gemeinschaft f\u00f6rdern.<\/p>\n\n\n\n<p>Auch im Schulalltag bieten Fotoprodukte Mehrwert. <strong>Jahrb\u00fccher oder Klassenchroniken<\/strong> fassen Erlebnisse und Projekte zusammen und bleiben als Erinnerungsst\u00fccke erhalten. Durch die aktive Gestaltung \u2013 von der Bildauswahl bis zum Layout \u2013 lernen Sch\u00fcler zugleich etwas \u00fcber Design und Storytelling. <strong>Poster und Collagen<\/strong> visualisieren Gruppenarbeiten, etwa ein Plakat zum Schulgarten im Jahresverlauf. Solche Fotoprodukte f\u00f6rdern Kreativit\u00e4t, machen Lernleistungen sichtbar und st\u00e4rken das Gemeinschaftsgef\u00fchl.<\/p>\n\n\n\n<h3 class=\"wp-block-heading\">Tipps: Erfolgreiche Umsetzung im Unterricht<\/h3>\n\n\n\n<p>Damit <strong>Fotoprodukte als Therapie<\/strong> und als Lernmotor im Schulalltag Wirkung entfalten, finden Sie hier praxiserprobte Tipps f\u00fcr die erfolgreiche Umsetzung im Unterricht.<\/p>\n\n\n\n<ul class=\"wp-block-list\">\n<li><strong>Fr\u00fchzeitig planen:<\/strong> \u00dcberlegen Sie bereits zu Beginn des Projekts, welche Fotos ben\u00f6tigt werden. Beziehen Sie die Klasse in die Ideensammlung ein \u2013 welche Motive wollen wir zeigen? Wer fotografiert? So f\u00fchlen sich alle beteiligt.<\/li>\n\n\n\n<li><strong>Thema und Struktur festlegen:<\/strong> Definieren Sie ein klares Thema oder eine Geschichte f\u00fcr das Fotobuch\/Poster. Ein roter Faden (etwa chronologisch oder thematisch geordnet) hilft bei der Gestaltung.<\/li>\n\n\n\n<li><strong>Auswahl und Beteiligung:<\/strong> Sortieren Sie gemeinsam die besten Bilder aus. Lassen Sie Sch\u00fcler*innen erkl\u00e4ren, warum bestimmte Fotos wichtig sind \u2013 das sch\u00e4rft den Blick und f\u00f6rdert Reflexion.<\/li>\n\n\n\n<li><strong>Gestaltung nutzen:<\/strong> Verwenden Sie vorhandene <strong>Layouts oder Vorlagen<\/strong>, um ein ansprechendes Design zu erhalten. Bei druckstdu finden Sie unter anderem zahlreiche <strong>Design-Vorlagen<\/strong> und Hintergr\u00fcnde, die sich an das Thema <em>Schule<\/em> anpassen lassen. Texte wie Bildunterschriften oder kurze Anekdoten bringen zus\u00e4tzlichen Kontext und Pers\u00f6nlichkeit ins Fotobuch.<\/li>\n\n\n\n<li><strong>Pr\u00e4sentation einplanen:<\/strong> Kr\u00f6nen Sie das Projekt mit einer Pr\u00e4sentation. Ob in einer kleinen Ausstellung der Fotoposter oder beim Vorzeigen des fertigen Fotobuchs vor Eltern \u2013 die Wertsch\u00e4tzung motiviert die Lernenden und r\u00fcckt ihre Arbeit ins Rampenlicht.<\/li>\n<\/ul>\n\n\n\n<h2 class=\"wp-block-heading\">Kreative Workshops: Fotos als Lern- und Erlebniswerkzeug<\/h2>\n\n\n\n<p>Nicht nur im Schulunterricht, auch in <strong>Workshops und Seminaren<\/strong> entfalten Fotoprodukte ihre Wirkung. In p\u00e4dagogischen oder k\u00fcnstlerischen Workshops \u2013 etwa in der Jugendbildung, an der Volkshochschule oder in der Erwachsenenbildung \u2013 k\u00f6nnen Teilnehmer*innen durch Fotoprojekte aktiv lernen. Der Ansatz &#8222;Learning by Doing&#8220; wird unterst\u00fctzt, wenn am Ende des Workshops ein selbstgestaltetes Fotoprodukt steht, das die Ergebnisse sichtbar macht.<\/p>\n\n\n\n<p>Stellen Sie sich einen <strong>Fotografie-Workshop<\/strong> vor, in dem die Teilnehmenden verschiedene Techniken ausprobieren \u2013 von Portr\u00e4ts bis Lightpainting. Ein gedrucktes <strong>Magazin oder <\/strong><a href=\"https:\/\/www.druckstdu.de\/fotobuecher\/\"><strong>Fotobuch<\/strong><\/a> mit den besten Bildern des Workshops fasst die Lernergebnisse zusammen und gibt jedem Teilnehmer ein Erfolgserlebnis zum Mit-nach-Hause-Nehmen. Ebenso k\u00f6nnte in einem <strong>Projektworkshop<\/strong> (z.&nbsp;B. Umweltschutz, Stadtgeschichte, Arch\u00e4ologie) das Erlebte fotografisch dokumentiert und auf Postern pr\u00e4sentiert werden. So bleiben die <strong>Ergebnisse nicht nur digital<\/strong>, sondern werden greifbar und k\u00f6nnen ausgestellt oder weitergegeben werden.<\/p>\n\n\n\n<p>Fotoprodukte in Workshops f\u00f6rdern auch das <strong>Teamgef\u00fchl<\/strong>. Wenn alle gemeinsam an einem Album oder einer Collage arbeiten, entsteht automatisch Austausch: Dabei wird gemeinsam dar\u00fcber gesprochen, welches Bild wo platziert wird, und zusammen an den Moment der Aufnahme erinnert. Das st\u00e4rkt den Zusammenhalt der Gruppe. Besonders in <strong>sozialp\u00e4dagogischen Workshops<\/strong> oder Teambuilding-Seminaren kann eine Abschluss-Collage mit gemeinsamen Fotos die Gruppenerfahrung positiv abschlie\u00dfen.<\/p>\n\n\n\n<p>Auch Naturfotografie ist h\u00e4ufig ein Teil kreativer, therapeutischer Projekte. <a href=\"https:\/\/www.druckstdu.de\/magazin\/naturfotografie\/\">Tipps dazu erhalten Sie in diesem Artikel<\/a>. <\/p>\n\n\n\n<h3 class=\"wp-block-heading\">Fotoprodukte als Therapie und zur Selbstreflexion<\/h3>\n\n\n\n<p>Ein besonders spannender Aspekt ist die <strong>therapeutische Wirkung von Fotoprodukten<\/strong>. Unter dem Begriff <strong>Fotoprodukte als Therapie<\/strong> werden kreative Methoden verstanden, bei denen Fotos genutzt werden, um Emotionen, Erinnerungen und Identit\u00e4t sichtbar zu machen.<\/p>\n\n\n\n<p>In der <strong>Psychologie und Sozialarbeit<\/strong> werden solche Ans\u00e4tze unter \u201eFototherapie\u201c oder \u201etherapeutischer Fotografie\u201c gef\u00fchrt. Dabei helfen Bilder, Gef\u00fchle auszudr\u00fccken und Selbstreflexion zu f\u00f6rdern. Schon das Aufnehmen oder Gestalten eines Albums kann Menschen st\u00e4rken und innere Prozesse ansto\u00dfen.<\/p>\n\n\n\n<p><strong>Positive Effekte von Fotoprodukten als Therapie:<\/strong><\/p>\n\n\n\n<ul class=\"wp-block-list\">\n<li><strong>Selbstausdruck:<\/strong> Fotos erm\u00f6glichen, Emotionen sichtbar zu machen, die sich schwer in Worte fassen lassen.<\/li>\n\n\n\n<li><strong>Selbstbewusstsein:<\/strong> Das bewusste Ausw\u00e4hlen und Pr\u00e4sentieren eigener Bilder st\u00e4rkt das Vertrauen in die eigene Wahrnehmung.<\/li>\n\n\n\n<li><strong>Gemeinschaft:<\/strong> In Gruppenprojekten wirken Fotos als Gespr\u00e4chsanlass und f\u00f6rdern Empathie, ohne Druck oder Blo\u00dfstellung.<\/li>\n\n\n\n<li><strong>Entschleunigung:<\/strong> Das Gestalten eines Fotobuchs wirkt meditativ, hilft beim Stressabbau und steigert Wohlbefinden.<\/li>\n<\/ul>\n\n\n\n<p>Auch das <strong>Betrachten<\/strong> von Bildern hat eine therapeutische Komponente: Ein liebevoll gestaltetes Fotoalbum weckt positive Erinnerungen, schafft Orientierung und kann helfen, schwierige Lebensphasen zu verarbeiten.<\/p>\n\n\n\n<p>Beispiele aus der Praxis:<\/p>\n\n\n\n<ul class=\"wp-block-list\">\n<li><strong>Schulprojekt \u201eMein Leben in Bildern\u201c:<\/strong> Jugendliche fotografieren ihren Alltag und gestalten daraus ein pers\u00f6nliches Album \u2013 das st\u00e4rkt Selbstwert und Gruppenzusammenhalt.<\/li>\n\n\n\n<li><strong>Seniorenarbeit:<\/strong> Erinnerungsalben f\u00f6rdern Gespr\u00e4che und helfen, biografische Erlebnisse lebendig zu halten.<\/li>\n<\/ul>\n\n\n\n<p><strong>Tipp:<\/strong> Wenn Sie Fotoprodukte in sensiblen Kontexten \u2013 etwa mit Kindern, Jugendlichen oder Senior*innen \u2013 einsetzen, achten Sie auf <strong>Datenschutz und Einwilligungen<\/strong>. So schaffen Sie einen sicheren, vertrauensvollen Rahmen f\u00fcr kreative und heilende Arbeit mit Bildern.<\/p>\n\n\n\n<h2 class=\"wp-block-heading\">Vereinsdokumentation: Vereinsleben kreativ festhalten<\/h2>\n\n\n\n<p>Fotob\u00fccher und Poster sind auch im <strong>Vereinsleben<\/strong> ideale Begleiter. In vielen Vereinen \u2013 ob Sportverein, Musikgruppe, Freiwillige Feuerwehr oder gemeinn\u00fctzige Initiative \u2013 sammeln sich \u00fcber das Jahr unz\u00e4hlige Fotos von Events, Wettk\u00e4mpfen und gemeinsamen Aktionen. Oft werden diese Bilder vielleicht auf der Jahreshauptversammlung gezeigt und danach auf der Festplatte archiviert. Leider geraten solche Erinnerungen danach oft in Vergessenheit. <strong>Lassen Sie das nicht zu!<\/strong> Wie w\u00e4re es stattdessen mit einem <strong>Vereins-Fotobuch<\/strong>, das alle H\u00f6hepunkte des letzten Jahres als <strong>Jahreschronik<\/strong> zusammenfasst? So ein gedruckter Jahresr\u00fcckblick mit Fotos und kurzen Beitr\u00e4gen h\u00e4lt die sch\u00f6nsten Vereinsmomente lebendig.<\/p>\n\n\n\n<h3 class=\"wp-block-heading\">Das Vereinsjahr im Fotobuch \u2013 Tipps und Ideen<\/h3>\n\n\n\n<p>Ein <strong>Vereins-Fotobuch<\/strong> kann vieles sein: Erinnerung f\u00fcr Mitglieder, Dankesch\u00f6n f\u00fcr Engagierte, Pr\u00e4sentation f\u00fcr Sponsoren oder einfach Chronik f\u00fcr das Archiv. Damit es gelingt, hier einige erprobte Tipps:<\/p>\n\n\n\n<ul class=\"wp-block-list\">\n<li><strong>Ressourcen planen:<\/strong> Legen Sie fr\u00fch fest, wann das Fotobuch fertig sein soll \u2013 etwa zum Vereinsjubil\u00e4um oder zur Saisonfeier \u2013 und wie viele Exemplare Sie ben\u00f6tigen. So k\u00f6nnen Sie r\u00fcckw\u00e4rts planen: Bis wann m\u00fcssen Fotos, Texte und Budget stehen? Ein klarer Zeitplan sorgt f\u00fcr entspannte Abl\u00e4ufe.<\/li>\n\n\n\n<li><strong>Fotos und Inhalte sammeln:<\/strong> Erfassen Sie alle relevanten Materialien \u2013 Fotos von Veranstaltungen, Zeitungsartikel, Urkunden oder Statistiken. Solche Beigaben machen Ihr Vereinsbuch einzigartig. Bitten Sie Mitglieder um kurze R\u00fcckblicke oder Anekdoten. Ein Vorwort des Vorstands oder der B\u00fcrgermeisterin verleiht dem Buch einen offiziellen Charakter.<\/li>\n\n\n\n<li><strong>Gestaltung erleichtern:<\/strong> Nutzen Sie die benutzerfreundliche Gestaltungssoftware von druckstdu. Sie bietet Vorlagen, Hintergr\u00fcnde und Cliparts f\u00fcr Vereins-Themen. Legen Sie Seiten f\u00fcr Kategorien wie <em>Feste<\/em>, <em>Training<\/em> oder <em>Erfolge<\/em> an. Mit automatischen Layouts lassen sich Bilder und Texte schnell kombinieren. So entsteht ein stimmiges Ergebnis, das Gemeinschaft und Emotionen transportiert \u2013 fast wie <em>Fotoprodukte als Therapie<\/em> f\u00fcr den Verein, die gemeinsame Erinnerungen st\u00e4rken.<\/li>\n\n\n\n<li><strong>Korrektur &amp; Druck:<\/strong> Lassen Sie das Buch pr\u00fcfen, um Fehler zu vermeiden, und sichern Sie Bildrechte. Bestellen Sie anschlie\u00dfend die ben\u00f6tigte St\u00fcckzahl \u2013 bei gr\u00f6\u00dferen Auflagen oft mit Rabatt. Planen Sie ausreichend Zeit f\u00fcr Produktion und Versand, damit Ihr Vereins-Fotobuch rechtzeitig vorliegt und bei Mitgliedern, Sponsoren und G\u00e4sten Begeisterung ausl\u00f6st.<\/li>\n<\/ul>\n\n\n\n<p>Neben Fotob\u00fcchern bieten sich im Vereinskontext auch <strong>Poster und Collagen<\/strong> an. Sie k\u00f6nnen etwa ein gro\u00dfes <strong>Mannschaftsposter<\/strong> drucken lassen \u2013 mit dem Teamfoto in der Mitte und kleineren Actionbildern drumherum. Solche Poster sind perfekt, um sie im Vereinsheim aufzuh\u00e4ngen oder an Unterst\u00fctzer zu verschenken. Auch <a href=\"https:\/\/www.druckstdu.de\/fotokalender\/\"><strong>Kalender<\/strong><\/a> sind beliebt: Ein Wandkalender mit den 12 besten Vereinsfotos des Jahres ist ein praktisches Fotoprodukt, das sich an Mitglieder verteilen oder verkaufen l\u00e4sst (und nebenbei das Gemeinschaftsgef\u00fchl jeden Monat neu belebt).<\/p>\n\n\n\n<h2 class=\"wp-block-heading\">FAQ: Fotoprodukte in Bildungsprojekten und Therapie<\/h2>\n\n\n\n<h3 class=\"wp-block-heading\">Welche Fotoprodukte eignen sich f\u00fcr Workshops oder Kurse?<\/h3>\n\n\n\n<p>In Workshops kommen vor allem Fotob\u00fccher, Collagen und Poster zum Einsatz. Ein Fotobuch sammelt entstandene Arbeiten \u2013 etwa Bilder aus einem Fotokurs oder Projektseminar. Collagen sind ideal f\u00fcr Gruppenarbeit, da jede<em>r Teilnehmende Fotos beisteuern kann. Fotoposter pr\u00e4sentieren Ergebnisse oder Gruppenfotos gro\u00dfformatig, etwa bei Abschlussausstellungen. Auch Fotokalender oder kleine Hefte eignen sich, um Teilnehmer<\/em>innen eine bleibende Erinnerung mitzugeben.<\/p>\n\n\n\n<h3 class=\"wp-block-heading\">K\u00f6nnen Fotoprodukte als Therapie eingesetzt werden?<\/h3>\n\n\n\n<p>Ja. In der Fototherapie nutzen Fachkr\u00e4fte Fotos, um Gef\u00fchle und Erinnerungen sichtbar zu machen. Klient*innen bringen eigene Bilder mit oder fotografieren Emotionen. Diese Ans\u00e4tze, oft als therapeutische Fotografie bezeichnet, f\u00f6rdern Selbstwahrnehmung und Ausdruck. Auch privat wirkt das Gestalten von Fotob\u00fcchern beruhigend: Beim Durchbl\u00e4ttern sch\u00f6ner Erinnerungen entstehen Gl\u00fccksgef\u00fchle, Stress wird abgebaut und das Wohlbefinden gest\u00e4rkt.<\/p>\n\n\n\n<h3 class=\"wp-block-heading\">Was ist beim Erstellen eines Vereins-Fotobuchs wichtig?<\/h3>\n\n\n\n<p>Ein Vereins-Fotobuch braucht gute Planung. Sammeln Sie Fotos von Veranstaltungen, Presseartikel und Urkunden. Legen Sie eine klare Struktur fest \u2013 etwa chronologisch oder thematisch. Achten Sie auf Bildrechte und lassen Sie das Buch gegenlesen. Nutzen Sie Vorlagen und automatische Layout-Funktionen, um Zeit zu sparen. Planen Sie Budget und Druckmenge vorab. So entsteht eine wertvolle Vereinschronik, die Mitglieder und Sponsoren begeistert.<\/p>\n\n\n\n<h3 class=\"wp-block-heading\">Ben\u00f6tige ich spezielle Software, um ein Fotobuch zu gestalten?<\/h3>\n\n\n\n<p>Nein. Bei druckstdu k\u00f6nnen Sie Fotob\u00fccher und andere Produkte direkt im Browser gestalten, ohne zus\u00e4tzliche Software. Der Online-Editor ist intuitiv: Fotos hochladen, Layout ausw\u00e4hlen, Texte einf\u00fcgen \u2013 fertig. Funktionen wie Drag-and-Drop und Design-Vorlagen erleichtern den Prozess. Auch Einsteiger*innen ohne Vorkenntnisse erstellen so schnell ein professionelles Fotobuch.<\/p>\n\n\n\n<h3 class=\"wp-block-heading\">Wie aufwendig ist die Gestaltung eines Fotobuchs?<\/h3>\n\n\n\n<p>Das h\u00e4ngt vom Umfang ab. Dank vorgefertigter Layouts und Assistenten ist ein einfaches Album in wenigen Stunden fertig. F\u00fcr gr\u00f6\u00dfere Projekte oder individuelle Designs braucht es etwas mehr Zeit. Mit einem klaren Ablauf \u2013 Bilder sortieren, Seiten f\u00fcllen, Texte erg\u00e4nzen \u2013 kommen Sie z\u00fcgig voran. Viele empfinden das Gestalten sogar als entspannend und kreativ. Projekte lassen sich speichern und sp\u00e4ter fortsetzen.<\/p>\n<a class=\"simplefavorite-button\" data-postid=\"305\" data-siteid=\"1\" data-groupid=\"1\" data-favoritecount=\"0\" style=\"\"><img decoding=\"async\" src=\"\/magazin\/wp-content\/uploads\/2025\/07\/heart.svg\">Speichern f\u00fcr sp\u00e4ter<\/a>","protected":false},"excerpt":{"rendered":"<p>Fotografien halten besondere Momente fest und erz\u00e4hlen Geschichten. Im Bildungsbereich und im Vereinsleben k\u00f6nnen Fotoprodukte wie Fotob\u00fccher oder Fotoposter jedoch&#8230;<\/p>\n","protected":false},"author":3,"featured_media":306,"comment_status":"closed","ping_status":"closed","sticky":false,"template":"","format":"standard","meta":{"_acf_changed":false,"inline_featured_image":false,"footnotes":""},"categories":[4],"tags":[],"class_list":["post-305","post","type-post","status-publish","format-standard","has-post-thumbnail","hentry","category-diy"],"acf":[],"yoast_head":"<!-- This site is optimized with the Yoast SEO plugin v27.5 - https:\/\/yoast.com\/product\/yoast-seo-wordpress\/ -->\n<title>Fotoprodukte als Therapie \u2013 Ideen f\u00fcr Schule, Workshop &amp; Verein<\/title>\n<meta name=\"description\" content=\"Fotoprodukte als Therapie: Kreative Einsatzm\u00f6glichkeiten in Schulprojekten, Workshops und Vereinsdokumentationen\" \/>\n<link rel=\"canonical\" href=\"https:\/\/www.druckstdu.de\/magazin\/fotoprodukte-als-therapie\/\" \/>\n<meta property=\"og:locale\" content=\"de_DE\" \/>\n<meta property=\"og:type\" content=\"article\" \/>\n<meta property=\"og:title\" content=\"Fotoprodukte als Therapie \u2013 Ideen f\u00fcr Schule, Workshop &amp; Verein\" \/>\n<meta property=\"og:description\" content=\"Fotoprodukte als Therapie: Kreative Einsatzm\u00f6glichkeiten in Schulprojekten, Workshops und Vereinsdokumentationen\" \/>\n<meta property=\"og:url\" content=\"https:\/\/www.druckstdu.de\/magazin\/fotoprodukte-als-therapie\/\" \/>\n<meta property=\"og:site_name\" content=\"Magazin | Druckstdu\" \/>\n<meta property=\"article:published_time\" content=\"2025-10-09T09:55:23+00:00\" \/>\n<meta property=\"article:modified_time\" content=\"2025-11-12T09:57:35+00:00\" \/>\n<meta property=\"og:image\" content=\"https:\/\/www.druckstdu.de\/magazin\/wp-content\/uploads\/2025\/10\/fotoprodukte-als-therapie-frau-mit-schwarzem-mantel-steht-in-herbstlandschaft-mit-kamera.jpg\" \/>\n\t<meta property=\"og:image:width\" content=\"1920\" \/>\n\t<meta property=\"og:image:height\" content=\"628\" \/>\n\t<meta property=\"og:image:type\" content=\"image\/jpeg\" \/>\n<meta name=\"author\" content=\"Julia\" \/>\n<meta name=\"twitter:card\" content=\"summary_large_image\" \/>\n<meta name=\"twitter:label1\" content=\"Verfasst von\" \/>\n\t<meta name=\"twitter:data1\" content=\"Julia\" \/>\n\t<meta name=\"twitter:label2\" content=\"Gesch\u00e4tzte Lesezeit\" \/>\n\t<meta name=\"twitter:data2\" content=\"10\u00a0Minuten\" \/>\n<script type=\"application\/ld+json\" class=\"yoast-schema-graph\">{\"@context\":\"https:\\\/\\\/schema.org\",\"@graph\":[{\"@type\":\"Article\",\"@id\":\"https:\\\/\\\/www.druckstdu.de\\\/magazin\\\/fotoprodukte-als-therapie\\\/#article\",\"isPartOf\":{\"@id\":\"https:\\\/\\\/www.druckstdu.de\\\/magazin\\\/fotoprodukte-als-therapie\\\/\"},\"author\":{\"name\":\"Julia\",\"@id\":\"https:\\\/\\\/www.druckstdu.de\\\/magazin\\\/#\\\/schema\\\/person\\\/21d94f7931f413d20158ecb9769efa5b\"},\"headline\":\"Fotoprodukte als Therapie: kreative Einsatzm\u00f6glichkeiten in Schulprojekten, Workshops und Vereinsdokumentationen\",\"datePublished\":\"2025-10-09T09:55:23+00:00\",\"dateModified\":\"2025-11-12T09:57:35+00:00\",\"mainEntityOfPage\":{\"@id\":\"https:\\\/\\\/www.druckstdu.de\\\/magazin\\\/fotoprodukte-als-therapie\\\/\"},\"wordCount\":1860,\"image\":{\"@id\":\"https:\\\/\\\/www.druckstdu.de\\\/magazin\\\/fotoprodukte-als-therapie\\\/#primaryimage\"},\"thumbnailUrl\":\"https:\\\/\\\/www.druckstdu.de\\\/magazin\\\/wp-content\\\/uploads\\\/2025\\\/10\\\/fotoprodukte-als-therapie-frau-mit-schwarzem-mantel-steht-in-herbstlandschaft-mit-kamera.jpg\",\"articleSection\":[\"DIY\"],\"inLanguage\":\"de\"},{\"@type\":\"WebPage\",\"@id\":\"https:\\\/\\\/www.druckstdu.de\\\/magazin\\\/fotoprodukte-als-therapie\\\/\",\"url\":\"https:\\\/\\\/www.druckstdu.de\\\/magazin\\\/fotoprodukte-als-therapie\\\/\",\"name\":\"Fotoprodukte als Therapie \u2013 Ideen f\u00fcr Schule, Workshop & Verein\",\"isPartOf\":{\"@id\":\"https:\\\/\\\/www.druckstdu.de\\\/magazin\\\/#website\"},\"primaryImageOfPage\":{\"@id\":\"https:\\\/\\\/www.druckstdu.de\\\/magazin\\\/fotoprodukte-als-therapie\\\/#primaryimage\"},\"image\":{\"@id\":\"https:\\\/\\\/www.druckstdu.de\\\/magazin\\\/fotoprodukte-als-therapie\\\/#primaryimage\"},\"thumbnailUrl\":\"https:\\\/\\\/www.druckstdu.de\\\/magazin\\\/wp-content\\\/uploads\\\/2025\\\/10\\\/fotoprodukte-als-therapie-frau-mit-schwarzem-mantel-steht-in-herbstlandschaft-mit-kamera.jpg\",\"datePublished\":\"2025-10-09T09:55:23+00:00\",\"dateModified\":\"2025-11-12T09:57:35+00:00\",\"author\":{\"@id\":\"https:\\\/\\\/www.druckstdu.de\\\/magazin\\\/#\\\/schema\\\/person\\\/21d94f7931f413d20158ecb9769efa5b\"},\"description\":\"Fotoprodukte als Therapie: Kreative Einsatzm\u00f6glichkeiten in Schulprojekten, Workshops und Vereinsdokumentationen\",\"breadcrumb\":{\"@id\":\"https:\\\/\\\/www.druckstdu.de\\\/magazin\\\/fotoprodukte-als-therapie\\\/#breadcrumb\"},\"inLanguage\":\"de\",\"potentialAction\":[{\"@type\":\"ReadAction\",\"target\":[\"https:\\\/\\\/www.druckstdu.de\\\/magazin\\\/fotoprodukte-als-therapie\\\/\"]}]},{\"@type\":\"ImageObject\",\"inLanguage\":\"de\",\"@id\":\"https:\\\/\\\/www.druckstdu.de\\\/magazin\\\/fotoprodukte-als-therapie\\\/#primaryimage\",\"url\":\"https:\\\/\\\/www.druckstdu.de\\\/magazin\\\/wp-content\\\/uploads\\\/2025\\\/10\\\/fotoprodukte-als-therapie-frau-mit-schwarzem-mantel-steht-in-herbstlandschaft-mit-kamera.jpg\",\"contentUrl\":\"https:\\\/\\\/www.druckstdu.de\\\/magazin\\\/wp-content\\\/uploads\\\/2025\\\/10\\\/fotoprodukte-als-therapie-frau-mit-schwarzem-mantel-steht-in-herbstlandschaft-mit-kamera.jpg\",\"width\":1920,\"height\":628,\"caption\":\"@ Diana \u2728 von Pexels\"},{\"@type\":\"BreadcrumbList\",\"@id\":\"https:\\\/\\\/www.druckstdu.de\\\/magazin\\\/fotoprodukte-als-therapie\\\/#breadcrumb\",\"itemListElement\":[{\"@type\":\"ListItem\",\"position\":1,\"name\":\"Startseite\",\"item\":\"https:\\\/\\\/www.druckstdu.de\\\/magazin\\\/\"},{\"@type\":\"ListItem\",\"position\":2,\"name\":\"Fotoprodukte als Therapie: kreative Einsatzm\u00f6glichkeiten in Schulprojekten, Workshops und Vereinsdokumentationen\"}]},{\"@type\":\"WebSite\",\"@id\":\"https:\\\/\\\/www.druckstdu.de\\\/magazin\\\/#website\",\"url\":\"https:\\\/\\\/www.druckstdu.de\\\/magazin\\\/\",\"name\":\"Magazin | Druckstdu\",\"description\":\"\",\"potentialAction\":[{\"@type\":\"SearchAction\",\"target\":{\"@type\":\"EntryPoint\",\"urlTemplate\":\"https:\\\/\\\/www.druckstdu.de\\\/magazin\\\/?s={search_term_string}\"},\"query-input\":{\"@type\":\"PropertyValueSpecification\",\"valueRequired\":true,\"valueName\":\"search_term_string\"}}],\"inLanguage\":\"de\"},{\"@type\":\"Person\",\"@id\":\"https:\\\/\\\/www.druckstdu.de\\\/magazin\\\/#\\\/schema\\\/person\\\/21d94f7931f413d20158ecb9769efa5b\",\"name\":\"Julia\",\"image\":{\"@type\":\"ImageObject\",\"inLanguage\":\"de\",\"@id\":\"https:\\\/\\\/secure.gravatar.com\\\/avatar\\\/f8d49d230387fe95329c8c2282dda447963627f07b20969a21414d5cb19c58dc?s=96&d=mm&r=g\",\"url\":\"https:\\\/\\\/secure.gravatar.com\\\/avatar\\\/f8d49d230387fe95329c8c2282dda447963627f07b20969a21414d5cb19c58dc?s=96&d=mm&r=g\",\"contentUrl\":\"https:\\\/\\\/secure.gravatar.com\\\/avatar\\\/f8d49d230387fe95329c8c2282dda447963627f07b20969a21414d5cb19c58dc?s=96&d=mm&r=g\",\"caption\":\"Julia\"},\"url\":\"https:\\\/\\\/www.druckstdu.de\\\/magazin\\\/author\\\/julia\\\/\"}]}<\/script>\n<!-- \/ Yoast SEO plugin. -->","yoast_head_json":{"title":"Fotoprodukte als Therapie \u2013 Ideen f\u00fcr Schule, Workshop & Verein","description":"Fotoprodukte als Therapie: Kreative Einsatzm\u00f6glichkeiten in Schulprojekten, Workshops und Vereinsdokumentationen","canonical":"https:\/\/www.druckstdu.de\/magazin\/fotoprodukte-als-therapie\/","og_locale":"de_DE","og_type":"article","og_title":"Fotoprodukte als Therapie \u2013 Ideen f\u00fcr Schule, Workshop & Verein","og_description":"Fotoprodukte als Therapie: Kreative Einsatzm\u00f6glichkeiten in Schulprojekten, Workshops und Vereinsdokumentationen","og_url":"https:\/\/www.druckstdu.de\/magazin\/fotoprodukte-als-therapie\/","og_site_name":"Magazin | Druckstdu","article_published_time":"2025-10-09T09:55:23+00:00","article_modified_time":"2025-11-12T09:57:35+00:00","og_image":[{"width":1920,"height":628,"url":"https:\/\/www.druckstdu.de\/magazin\/wp-content\/uploads\/2025\/10\/fotoprodukte-als-therapie-frau-mit-schwarzem-mantel-steht-in-herbstlandschaft-mit-kamera.jpg","type":"image\/jpeg"}],"author":"Julia","twitter_card":"summary_large_image","twitter_misc":{"Verfasst von":"Julia","Gesch\u00e4tzte Lesezeit":"10\u00a0Minuten"},"schema":{"@context":"https:\/\/schema.org","@graph":[{"@type":"Article","@id":"https:\/\/www.druckstdu.de\/magazin\/fotoprodukte-als-therapie\/#article","isPartOf":{"@id":"https:\/\/www.druckstdu.de\/magazin\/fotoprodukte-als-therapie\/"},"author":{"name":"Julia","@id":"https:\/\/www.druckstdu.de\/magazin\/#\/schema\/person\/21d94f7931f413d20158ecb9769efa5b"},"headline":"Fotoprodukte als Therapie: kreative Einsatzm\u00f6glichkeiten in Schulprojekten, Workshops und Vereinsdokumentationen","datePublished":"2025-10-09T09:55:23+00:00","dateModified":"2025-11-12T09:57:35+00:00","mainEntityOfPage":{"@id":"https:\/\/www.druckstdu.de\/magazin\/fotoprodukte-als-therapie\/"},"wordCount":1860,"image":{"@id":"https:\/\/www.druckstdu.de\/magazin\/fotoprodukte-als-therapie\/#primaryimage"},"thumbnailUrl":"https:\/\/www.druckstdu.de\/magazin\/wp-content\/uploads\/2025\/10\/fotoprodukte-als-therapie-frau-mit-schwarzem-mantel-steht-in-herbstlandschaft-mit-kamera.jpg","articleSection":["DIY"],"inLanguage":"de"},{"@type":"WebPage","@id":"https:\/\/www.druckstdu.de\/magazin\/fotoprodukte-als-therapie\/","url":"https:\/\/www.druckstdu.de\/magazin\/fotoprodukte-als-therapie\/","name":"Fotoprodukte als Therapie \u2013 Ideen f\u00fcr Schule, Workshop & Verein","isPartOf":{"@id":"https:\/\/www.druckstdu.de\/magazin\/#website"},"primaryImageOfPage":{"@id":"https:\/\/www.druckstdu.de\/magazin\/fotoprodukte-als-therapie\/#primaryimage"},"image":{"@id":"https:\/\/www.druckstdu.de\/magazin\/fotoprodukte-als-therapie\/#primaryimage"},"thumbnailUrl":"https:\/\/www.druckstdu.de\/magazin\/wp-content\/uploads\/2025\/10\/fotoprodukte-als-therapie-frau-mit-schwarzem-mantel-steht-in-herbstlandschaft-mit-kamera.jpg","datePublished":"2025-10-09T09:55:23+00:00","dateModified":"2025-11-12T09:57:35+00:00","author":{"@id":"https:\/\/www.druckstdu.de\/magazin\/#\/schema\/person\/21d94f7931f413d20158ecb9769efa5b"},"description":"Fotoprodukte als Therapie: Kreative Einsatzm\u00f6glichkeiten in Schulprojekten, Workshops und Vereinsdokumentationen","breadcrumb":{"@id":"https:\/\/www.druckstdu.de\/magazin\/fotoprodukte-als-therapie\/#breadcrumb"},"inLanguage":"de","potentialAction":[{"@type":"ReadAction","target":["https:\/\/www.druckstdu.de\/magazin\/fotoprodukte-als-therapie\/"]}]},{"@type":"ImageObject","inLanguage":"de","@id":"https:\/\/www.druckstdu.de\/magazin\/fotoprodukte-als-therapie\/#primaryimage","url":"https:\/\/www.druckstdu.de\/magazin\/wp-content\/uploads\/2025\/10\/fotoprodukte-als-therapie-frau-mit-schwarzem-mantel-steht-in-herbstlandschaft-mit-kamera.jpg","contentUrl":"https:\/\/www.druckstdu.de\/magazin\/wp-content\/uploads\/2025\/10\/fotoprodukte-als-therapie-frau-mit-schwarzem-mantel-steht-in-herbstlandschaft-mit-kamera.jpg","width":1920,"height":628,"caption":"@ Diana \u2728 von Pexels"},{"@type":"BreadcrumbList","@id":"https:\/\/www.druckstdu.de\/magazin\/fotoprodukte-als-therapie\/#breadcrumb","itemListElement":[{"@type":"ListItem","position":1,"name":"Startseite","item":"https:\/\/www.druckstdu.de\/magazin\/"},{"@type":"ListItem","position":2,"name":"Fotoprodukte als Therapie: kreative Einsatzm\u00f6glichkeiten in Schulprojekten, Workshops und Vereinsdokumentationen"}]},{"@type":"WebSite","@id":"https:\/\/www.druckstdu.de\/magazin\/#website","url":"https:\/\/www.druckstdu.de\/magazin\/","name":"Magazin | Druckstdu","description":"","potentialAction":[{"@type":"SearchAction","target":{"@type":"EntryPoint","urlTemplate":"https:\/\/www.druckstdu.de\/magazin\/?s={search_term_string}"},"query-input":{"@type":"PropertyValueSpecification","valueRequired":true,"valueName":"search_term_string"}}],"inLanguage":"de"},{"@type":"Person","@id":"https:\/\/www.druckstdu.de\/magazin\/#\/schema\/person\/21d94f7931f413d20158ecb9769efa5b","name":"Julia","image":{"@type":"ImageObject","inLanguage":"de","@id":"https:\/\/secure.gravatar.com\/avatar\/f8d49d230387fe95329c8c2282dda447963627f07b20969a21414d5cb19c58dc?s=96&d=mm&r=g","url":"https:\/\/secure.gravatar.com\/avatar\/f8d49d230387fe95329c8c2282dda447963627f07b20969a21414d5cb19c58dc?s=96&d=mm&r=g","contentUrl":"https:\/\/secure.gravatar.com\/avatar\/f8d49d230387fe95329c8c2282dda447963627f07b20969a21414d5cb19c58dc?s=96&d=mm&r=g","caption":"Julia"},"url":"https:\/\/www.druckstdu.de\/magazin\/author\/julia\/"}]}},"wp-worthy-pixel":{"ignored":false,"public":null,"server":null,"url":null},"wp-worthy-type":"normal","_links":{"self":[{"href":"https:\/\/www.druckstdu.de\/magazin\/wp-json\/wp\/v2\/posts\/305","targetHints":{"allow":["GET"]}}],"collection":[{"href":"https:\/\/www.druckstdu.de\/magazin\/wp-json\/wp\/v2\/posts"}],"about":[{"href":"https:\/\/www.druckstdu.de\/magazin\/wp-json\/wp\/v2\/types\/post"}],"author":[{"embeddable":true,"href":"https:\/\/www.druckstdu.de\/magazin\/wp-json\/wp\/v2\/users\/3"}],"replies":[{"embeddable":true,"href":"https:\/\/www.druckstdu.de\/magazin\/wp-json\/wp\/v2\/comments?post=305"}],"version-history":[{"count":2,"href":"https:\/\/www.druckstdu.de\/magazin\/wp-json\/wp\/v2\/posts\/305\/revisions"}],"predecessor-version":[{"id":352,"href":"https:\/\/www.druckstdu.de\/magazin\/wp-json\/wp\/v2\/posts\/305\/revisions\/352"}],"wp:featuredmedia":[{"embeddable":true,"href":"https:\/\/www.druckstdu.de\/magazin\/wp-json\/wp\/v2\/media\/306"}],"wp:attachment":[{"href":"https:\/\/www.druckstdu.de\/magazin\/wp-json\/wp\/v2\/media?parent=305"}],"wp:term":[{"taxonomy":"category","embeddable":true,"href":"https:\/\/www.druckstdu.de\/magazin\/wp-json\/wp\/v2\/categories?post=305"},{"taxonomy":"post_tag","embeddable":true,"href":"https:\/\/www.druckstdu.de\/magazin\/wp-json\/wp\/v2\/tags?post=305"}],"curies":[{"name":"wp","href":"https:\/\/api.w.org\/{rel}","templated":true}]}}