{"id":79,"date":"2025-08-26T08:06:07","date_gmt":"2025-08-26T08:06:07","guid":{"rendered":"https:\/\/www.druckstdu.de\/magazin\/?p=79"},"modified":"2025-09-05T03:15:13","modified_gmt":"2025-09-05T03:15:13","slug":"fotos-und-erinnerungen-achtsamkeit-im-alltag","status":"publish","type":"post","link":"https:\/\/www.druckstdu.de\/magazin\/fotos-und-erinnerungen-achtsamkeit-im-alltag\/","title":{"rendered":"Fotos und Erinnerungen als Teil der Achtsamkeit im Alltag"},"content":{"rendered":"\n<p>In der heutigen, schnelllebigen Gesellschaft sind wir oft so besch\u00e4ftigt, dass wir die kleinen, aber <strong>bedeutungsvollen Momente<\/strong> \u00fcbersehen. Doch gerade diese Momente sind es, die unser Leben pr\u00e4gen und uns zu dem machen, was wir sind. Eine der sch\u00f6nsten M\u00f6glichkeiten, sich immer wieder an diese wertvollen Erlebnisse zu erinnern und <strong>achtsamer durch den Alltag <\/strong>zu <strong>gehen<\/strong>, ist es, Fotos in unserem Zuhause und Arbeitsumfeld zu integrieren. Diese visuellen Erinnerungen k\u00f6nnen uns nicht nur mit der Vergangenheit verbinden, sondern auch unsere Entscheidungen und unser Verhalten im Hier und Jetzt beeinflussen.<\/p>\n\n\n\n<h2 class=\"wp-block-heading\">Fotos als Anker f\u00fcr Achtsamkeit im Alltag<\/h2>\n\n\n\n<p>Fotografien sind nicht nur Erinnerungen an vergangene Ereignisse, sondern k\u00f6nnen auch als t\u00e4gliche Achtsamkeitshelfer dienen. Sie erm\u00f6glichen es uns,<strong> innezuhalten<\/strong> und<strong> bewusst <\/strong>auf die <strong>Momente und Menschen zu achten<\/strong>, die unser Leben bereichern. Wenn wir ein Foto eines geliebten Menschen auf unserem Schreibtisch oder im Wohnzimmer haben, wird dieses Bild zu einem visuellen Anker, der uns daran erinnert, achtsam zu sein und bewusst<strong> in der Gegenwart <\/strong>zu leben. Fotos k\u00f6nnen uns auch daran erinnern, welche Werte uns wichtig sind, wie Verbundenheit, Dankbarkeit oder Freude an kleinen Dingen.<\/p>\n\n\n\n<h3 class=\"wp-block-heading\">Achtsamkeit durch visuelle Erinnerungen<\/h3>\n\n\n\n<ul class=\"wp-block-list\">\n<li><strong>Verbindung zur Vergangenheit<\/strong>: Ein Foto eines gl\u00fccklichen Moments aus der Vergangenheit kann uns daran erinnern, wie wichtig es ist, im Moment zu leben und das Gute in unserem Leben zu sch\u00e4tzen.<\/li>\n\n\n\n<li><strong>Erinnerung an Werte<\/strong>: Fotos von Menschen oder Orten, die uns am Herzen liegen, helfen uns, unsere Werte und Lebensziele immer wieder zu reflektieren und bewusst zu handeln.<\/li>\n\n\n\n<li><strong>F\u00f6rderung von Dankbarkeit<\/strong>: Jedes Bild kann eine Erinnerung an die sch\u00f6nen Dinge im Leben sein, sei es eine Reise, ein besonderes Ereignis oder einfach ein Moment der Freude.<\/li>\n<\/ul>\n\n\n\n<p><em>Warum Fotos gl\u00fccklich machen, erkl\u00e4rt unser <a href=\"https:\/\/www.druckstdu.de\/magazin\/warum-machen-fotos-gluecklich\/\">Magazinartikel zu den Lieblingsbildern<\/a>.<\/em><\/p>\n\n\n\n<h2 class=\"wp-block-heading\">Der Einfluss von Fotos auf unsere Lebensentscheidungen<\/h2>\n\n\n\n<p>Es mag \u00fcberraschen, aber Fotos k\u00f6nnen tats\u00e4chlich Einfluss auf unsere <strong>Entscheidungen und Handlungen<\/strong> haben. Sie dienen nicht nur als Erinnerungen an sch\u00f6ne Erlebnisse, sondern auch als st\u00e4ndige Erinnerung daran, was uns wirklich wichtig ist. Wenn wir Fotos von unseren Zielen, Tr\u00e4umen oder bedeutenden Lebensmomenten in Sichtweite haben, k\u00f6nnen sie uns <strong>motivieren<\/strong>, die richtigen Entscheidungen zu treffen, die im Einklang mit unseren Werten und Zielen stehen. Sie k\u00f6nnen uns daran erinnern, achtsamer zu leben und <strong>Entscheidungen bewusst zu treffen<\/strong>, die unser Wohlbefinden und unsere Lebensqualit\u00e4t erh\u00f6hen.<\/p>\n\n\n\n<h3 class=\"wp-block-heading\">Fotos als Inspirationsquelle<\/h3>\n\n\n\n<ul class=\"wp-block-list\">\n<li><strong>Motivation und Fokus<\/strong>: Ein Bild von einem Traumziel oder einer Reise kann uns daran erinnern, dass wir aktiv darauf hinarbeiten sollten, diese Tr\u00e4ume zu verwirklichen.<\/li>\n\n\n\n<li><strong>Achtsamkeit im Entscheidungsprozess<\/strong>: Wenn wir uns in Momenten der Unsicherheit an ein Foto eines besonderen Moments oder einer bedeutenden Person erinnern, kann dies helfen, unsere Priorit\u00e4ten neu auszurichten und bewusstere Entscheidungen zu treffen.<\/li>\n\n\n\n<li><strong>F\u00f6rderung der positiven Handlungsweise<\/strong>: Ein Foto von einem wertvollen Moment kann uns immer wieder daran erinnern, welche Werte und Handlungsweisen uns wichtig sind, und uns dazu anregen, in unserem t\u00e4glichen Leben achtsamer zu sein.<\/li>\n<\/ul>\n\n\n\n<h2 class=\"wp-block-heading\">Fotoprodukte f\u00fcr mehr Achtsamkeit im Alltag<\/h2>\n\n\n\n<p>Es gibt zahlreiche M\u00f6glichkeiten, wie Sie Fotos in Ihrem t\u00e4glichen Leben nutzen k\u00f6nnen, um sich immer wieder<strong> an das<\/strong> <strong>Wesentliche zu erinnern<\/strong> und Ihre Achtsamkeit zu f\u00f6rdern. Ob als Wandbild, Fotobuch oder Kalender \u2013 Fotoprodukte erlauben Ihnen, Ihre wertvollsten Erinnerungen sichtbar zu machen und regelm\u00e4\u00dfig darauf zur\u00fcckzugreifen.<\/p>\n\n\n\n<h3 class=\"wp-block-heading\">Wandbilder als t\u00e4gliche Erinnerung<\/h3>\n\n\n\n<p><a href=\"https:\/\/www.druckstdu.de\/wandbilder\/\">Wandbilder<\/a> sind eine der einfachsten und wirkungsvollsten Methoden, um Achtsamkeit in Ihr Zuhause zu integrieren. Indem Sie Fotos an den W\u00e4nden platzieren, schaffen Sie <strong>visuelle Anker,<\/strong> die Sie immer wieder an die positiven, achtsamen Momente in Ihrem Leben erinnern. Ein Foto von einem besonderen Moment mit der Familie oder von einem Ort, der f\u00fcr Sie Ruhe und Frieden bedeutet, kann Sie dazu anregen, <strong>bewusst innezuhalten<\/strong> und den Moment zu genie\u00dfen.<\/p>\n\n\n\n<ul class=\"wp-block-list\">\n<li><strong>Wandbilder als Inspirationsquelle<\/strong>: W\u00e4hlen Sie Bilder, die Sie an Ihre Werte oder Ziele erinnern. Ob es ein Foto von einem Ausflug, einem geliebten Menschen oder einem beruhigenden Naturbild ist \u2013 solche Fotos k\u00f6nnen Sie in Ihrem Alltag positiv beeinflussen.<\/li>\n\n\n\n<li><strong>Kreative Platzierung<\/strong>: Platzieren Sie Wandbilder an Orten, an denen Sie t\u00e4glich vorbeikommen, wie im Wohnzimmer, in der K\u00fcche oder im Arbeitsbereich. Jedes Mal, wenn Ihr Blick auf das Bild f\u00e4llt, werden Sie an den Moment erinnert, den es festh\u00e4lt.<\/li>\n<\/ul>\n\n\n\n<h3 class=\"wp-block-heading\">Fotob\u00fccher f\u00fcr Achtsamkeit und Reflektion<\/h3>\n\n\n\n<p><a href=\"https:\/\/www.druckstdu.de\/fotobuecher\/\">Fotob\u00fccher<\/a> sind eine gro\u00dfartige M\u00f6glichkeit, eine <strong>Sammlung Ihrer wichtigsten Momente<\/strong> zu erstellen und regelm\u00e4\u00dfig durchzubl\u00e4ttern. Diese k\u00f6nnen als Erinnerung an vergangene Ereignisse oder als Inspiration f\u00fcr zuk\u00fcnftige Ziele dienen. Sie k\u00f6nnen Ihre Fotob\u00fccher thematisch gestalten \u2013 sei es nach Jahren, besonderen Ereignissen oder Achtsamkeitsthemen.<\/p>\n\n\n\n<ul class=\"wp-block-list\">\n<li><strong>Jahresr\u00fcckblicke und themenorientierte Fotob\u00fccher<\/strong>: Erstellen Sie Fotob\u00fccher, die Ihnen helfen, Ihr Jahr zu reflektieren oder wichtige Ziele festzuhalten. F\u00fcgen Sie Erinnerungen hinzu, die Sie daran erinnern, was Ihnen im Leben wirklich wichtig ist, und reflektieren Sie \u00fcber diese Momente.<\/li>\n\n\n\n<li><strong>T\u00e4gliche Reflexion<\/strong>: Bl\u00e4ttern Sie regelm\u00e4\u00dfig durch Ihr Fotobuch und lassen Sie sich von den Bildern dazu inspirieren, im Moment zu leben und Achtsamkeit zu \u00fcben.<\/li>\n<\/ul>\n\n\n\n<h3 class=\"wp-block-heading\">Fotokalender als t\u00e4gliche Achtsamkeitspraxis<\/h3>\n\n\n\n<p>Ein <a href=\"https:\/\/www.druckstdu.de\/fotokalender\/\">Fotokalender<\/a> ist nicht nur praktisch, sondern auch eine kreative M\u00f6glichkeit, Achtsamkeit in den Alltag zu integrieren. Jedes Monatsbild kann Sie an einen bestimmten Moment erinnern, der f\u00fcr Sie eine<strong> besondere Bedeutung<\/strong> hat. Mit einem Fotokalender k\u00f6nnen Sie den Monat positiv starten, indem Sie das Bild und die Bedeutung dahinter jeden Monat neu entdecken.<\/p>\n\n\n\n<ul class=\"wp-block-list\">\n<li><strong>Monatliche Achtsamkeit<\/strong>: W\u00e4hlen Sie f\u00fcr jeden Monat ein Foto aus, das Sie dazu anregt, achtsamer zu leben \u2013 sei es ein Bild von einem entspannenden Moment, einer Reise oder einer sch\u00f6nen Erinnerung.<\/li>\n\n\n\n<li><strong>Erinnerungen f\u00fcr den Alltag<\/strong>: Der Kalender erinnert Sie nicht nur an Termine, sondern auch an wichtige Werte und Ziele, die Sie im Alltag verfolgen m\u00f6chten.<\/li>\n<\/ul>\n\n\n\n<h2 class=\"wp-block-heading\">Fotos als Teil Ihrer Lebensentscheidungen<\/h2>\n\n\n\n<p>Indem Sie Fotos als t\u00e4gliche Erinnerung verwenden, beeinflussen Sie nicht nur Ihr Umfeld, sondern auch Ihre <strong>Entscheidungen und Handlungen<\/strong>. Wenn Ihre Fotos Sie an bestimmte Werte oder Ziele erinnern, k\u00f6nnen sie als Antrieb dienen, achtsamer und bewusster durch das Leben zu gehen. Ein Foto auf Ihrem Schreibtisch, das Sie an Ihre Familie oder Ihre Tr\u00e4ume erinnert, kann Ihre Entscheidungen und Handlungen <strong>positiv beeinflussen.<\/strong><\/p>\n\n\n\n<p><em>Konkret wird es mit der <a href=\"https:\/\/www.druckstdu.de\/magazin\/365-tage-foto-challenge\/\">365-Tage-Foto-Challenge<\/a> \u2013 jeden Tag ein Bild ver\u00e4ndert den Blick auf den Alltag.<\/em><\/p>\n\n\n\n<h3 class=\"wp-block-heading\">Achtsamkeit durch visuelle Erinnerungen im Arbeitsumfeld<\/h3>\n\n\n\n<p>Auch im Arbeitsbereich k\u00f6nnen Fotos eine starke Wirkung auf Ihre Achtsamkeit haben. Ein Foto von einem erholsamen Urlaub, von Ihnen und Ihrer Familie oder von einem inspirierenden Ziel kann Ihnen helfen, stressige Momente zu \u00fcberstehen und sich <strong>auf das Wesentliche <\/strong>zu <strong>konzentrieren.<\/strong><\/p>\n\n\n\n<ul class=\"wp-block-list\">\n<li><strong>F\u00f6rderung von Konzentration und Ruhe<\/strong>: Indem Sie sich regelm\u00e4\u00dfig an wertvolle Momente erinnern, k\u00f6nnen Sie sich in stressigen Momenten beruhigen und fokussiert bleiben.<\/li>\n\n\n\n<li><strong>Visuelle Anker f\u00fcr wichtige Ziele<\/strong>: Nutzen Sie Fotos als visuelle Erinnerung an Ihre beruflichen und pers\u00f6nlichen Ziele, um Sie im Arbeitsalltag zu motivieren und Ihre Entscheidungen zu hinterfragen.<\/li>\n<\/ul>\n\n\n\n<h3 class=\"wp-block-heading\">F\u00f6rderung von Dankbarkeit und positiven Lebensentscheidungen<\/h3>\n\n\n\n<p>Indem Sie sich regelm\u00e4\u00dfig an wertvolle Erinnerungen und bedeutende Menschen erinnern, kultivieren Sie Dankbarkeit. <strong>Dankbarkeit f\u00fcr die sch\u00f6nen Momente <\/strong>und die Menschen in Ihrem Leben kann Ihre Lebensentscheidungen beeinflussen, indem sie Sie zu einem achtsameren Umgang mit sich selbst und anderen anregt.<\/p>\n\n\n\n<ul class=\"wp-block-list\">\n<li><strong>Dankbarkeit als t\u00e4gliche Praxis<\/strong>: Jedes Bild, das Sie ansehen, erinnert Sie an die positiven Aspekte Ihres Lebens und f\u00f6rdert eine dankbare Haltung.<\/li>\n\n\n\n<li><strong>Positives Mindset entwickeln<\/strong>: Die Fotos, die Sie in Ihrer Umgebung haben, wirken als st\u00e4ndige Erinnerung daran, wie wichtig es ist, das Gute in jedem Moment zu sch\u00e4tzen und bewusst Entscheidungen zu treffen.<\/li>\n<\/ul>\n\n\n\n<h2 class=\"wp-block-heading\">Fazit: Achtsamkeit durch Fotos im Alltag integrieren<\/h2>\n\n\n\n<p>Fotos sind nicht nur Erinnerungen an vergangene Momente, sondern k\u00f6nnen auch als <strong>Instrument <\/strong>dienen, um <strong>achtsamer durch das Leben zu gehen.<\/strong> Durch die Integration von Fotoprodukten in Ihrem Zuhause oder Arbeitsplatz k\u00f6nnen Sie die positiven, achtsamen Momente immer wieder<strong> in den Mittelpunkt stellen <\/strong>und Ihr Wohlbefinden steigern. Ob als Wandbild, Fotobuch oder Kalender \u2013 Fotoprodukte erm\u00f6glichen Ihnen, Erinnerungen zu bewahren, Ihre <strong>Achtsamkeit zu f\u00f6rdern <\/strong>und Ihr Leben bewusst zu gestalten. Nutzen Sie diese einfachen Mittel, um Ihre Achtsamkeit zu f\u00f6rdern und die Welt um sich herum mit mehr Aufmerksamkeit zu erleben.<\/p>\n\n\n\n<p>\ud83d\udc49 Verwandeln Sie Ihre wertvollen Erinnerungen in hochwertige Fotoprodukte von <a href=\"https:\/\/www.druckstdu.de\">druckstdu<\/a>! Entdecken Sie die beste <a href=\"https:\/\/www.druckstdu.de\/druck-und-qualitat\/\">Qualit\u00e4t<\/a>, um Achtsamkeit in Ihrem Alltag zu f\u00f6rdern und Ihre besonderen Momente zu bewahren.<\/p>\n\n\n\n<h2 class=\"wp-block-heading\">FAQ \u2013 H\u00e4ufig gestellte Fragen zu Fotos und Achtsamkeit im Alltag<\/h2>\n\n\n\n<h3 class=\"wp-block-heading\">Wie k\u00f6nnen Fotos meine Achtsamkeit im Alltag f\u00f6rdern?<\/h3>\n\n\n\n<p>Fotos k\u00f6nnen eine wertvolle Unterst\u00fctzung f\u00fcr Ihre Achtsamkeitspraxis sein, indem sie Sie regelm\u00e4\u00dfig an besondere Momente und wichtige Werte erinnern. Sie helfen Ihnen, sich auf das Wesentliche zu konzentrieren und die kleinen Freuden des Lebens wieder mehr zu sch\u00e4tzen. Indem Sie Fotos von besonderen Erlebnissen oder wertvollen Menschen an Orten platzieren, die Sie t\u00e4glich sehen, schaffen Sie visuelle Anker, die Sie immer wieder an den gegenw\u00e4rtigen Moment erinnern.<\/p>\n\n\n\n<h3 class=\"wp-block-heading\">Warum sollte ich Fotos in meinem Arbeitsumfeld nutzen, um Achtsamkeit zu f\u00f6rdern?<\/h3>\n\n\n\n<p>Fotos in Ihrem Arbeitsumfeld zu platzieren, kann Ihnen helfen, auch in stressigen oder hektischen Momenten innezuhalten und sich auf das Wesentliche zu besinnen. Ein Foto von einem besonderen Moment oder einer inspirierenden Erinnerung kann als visueller Anker dienen, der Sie daran erinnert, ruhig und fokussiert zu bleiben, sowie Ihre Achtsamkeit zu steigern und Ihre Entscheidungen zu beeinflussen.<\/p>\n\n\n\n<h3 class=\"wp-block-heading\">Wie kann ich meine Fotos kreativ in meinem Zuhause einsetzen, um Achtsamkeit zu f\u00f6rdern?<\/h3>\n\n\n\n<p>Sie k\u00f6nnen Fotos auf verschiedene kreative Weise in Ihrem Zuhause integrieren, um Achtsamkeit zu f\u00f6rdern. Wandbilder, Fotob\u00fccher und Fotokalender sind hervorragende M\u00f6glichkeiten, wertvolle Erinnerungen und besondere Momente sichtbar zu machen. Diese Fotos k\u00f6nnen Sie regelm\u00e4\u00dfig durchsehen und sich an die positiven Erfahrungen erinnern, die sie repr\u00e4sentieren, und so Ihre Achtsamkeit im Alltag steigern.<\/p>\n\n\n\n<h3 class=\"wp-block-heading\">Welche Fotoprodukte eignen sich am besten, um Erinnerungen und Achtsamkeit in meinem Alltag zu integrieren?<\/h3>\n\n\n\n<p>Fotob\u00fccher, Wandbilder und Fotokalender sind besonders geeignet, um Ihre Achtsamkeit im Alltag zu f\u00f6rdern. Fotob\u00fccher erm\u00f6glichen es Ihnen, Ihre besten Momente und Erinnerungen zusammenzustellen und regelm\u00e4\u00dfig zu reflektieren. Wandbilder und Fotokalender sind eine wunderbare M\u00f6glichkeit, sich immer wieder an wertvolle Momente und die Menschen, die Ihnen wichtig sind, zu erinnern. Sie integrieren Achtsamkeit auf nat\u00fcrliche Weise in Ihre Umgebung.<\/p>\n\n\n\n<h3 class=\"wp-block-heading\">Kann das Betrachten von Fotos wirklich meine Lebensentscheidungen beeinflussen?<\/h3>\n\n\n\n<p>Ja, das Betrachten von Fotos kann Ihre Lebensentscheidungen beeinflussen, indem sie Ihnen helfen, sich wieder mit Ihren Werten und Zielen zu verbinden. Fotos erinnern uns an wichtige Erlebnisse, Ziele oder Menschen, die unsere Entscheidungen leiten. Sie k\u00f6nnen als positive Best\u00e4rkung dienen, achtsamer zu leben und bewusstere, werteorientierte Entscheidungen zu treffen, die im Einklang mit unseren langfristigen Zielen stehen.<\/p>\n<a class=\"simplefavorite-button\" data-postid=\"79\" data-siteid=\"1\" data-groupid=\"1\" data-favoritecount=\"0\" style=\"\"><img decoding=\"async\" src=\"\/magazin\/wp-content\/uploads\/2025\/07\/heart.svg\">Speichern f\u00fcr sp\u00e4ter<\/a>","protected":false},"excerpt":{"rendered":"<p>In der heutigen, schnelllebigen Gesellschaft sind wir oft so besch\u00e4ftigt, dass wir die kleinen, aber bedeutungsvollen Momente \u00fcbersehen. Doch gerade&#8230;<\/p>\n","protected":false},"author":3,"featured_media":81,"comment_status":"closed","ping_status":"closed","sticky":false,"template":"","format":"standard","meta":{"_acf_changed":false,"inline_featured_image":false,"footnotes":""},"categories":[5],"tags":[],"class_list":["post-79","post","type-post","status-publish","format-standard","has-post-thumbnail","hentry","category-fotografie"],"acf":[],"yoast_head":"<!-- This site is optimized with the Yoast SEO plugin v27.5 - https:\/\/yoast.com\/product\/yoast-seo-wordpress\/ -->\n<title>Fotos und Achtsamkeit im Alltag \ud83d\udcf8 \u2013 Erinnerungen bewusst leben<\/title>\n<meta name=\"description\" content=\"So k\u00f6nnen Fotos Ihre Achtsamkeit im Alltag f\u00f6rdern. \ud83c\udf1f Nutzen Sie Fotoprodukte, um Erinnerungen sichtbar zu machen und bewusster zu leben.\" \/>\n<link rel=\"canonical\" href=\"https:\/\/www.druckstdu.de\/magazin\/fotos-und-erinnerungen-achtsamkeit-im-alltag\/\" \/>\n<meta property=\"og:locale\" content=\"de_DE\" \/>\n<meta property=\"og:type\" content=\"article\" \/>\n<meta property=\"og:title\" content=\"Fotos und Achtsamkeit im Alltag \ud83d\udcf8 \u2013 Erinnerungen bewusst leben\" \/>\n<meta property=\"og:description\" content=\"So k\u00f6nnen Fotos Ihre Achtsamkeit im Alltag f\u00f6rdern. \ud83c\udf1f Nutzen Sie Fotoprodukte, um Erinnerungen sichtbar zu machen und bewusster zu leben.\" \/>\n<meta property=\"og:url\" content=\"https:\/\/www.druckstdu.de\/magazin\/fotos-und-erinnerungen-achtsamkeit-im-alltag\/\" \/>\n<meta property=\"og:site_name\" content=\"Magazin | Druckstdu\" \/>\n<meta property=\"article:published_time\" content=\"2025-08-26T08:06:07+00:00\" \/>\n<meta property=\"article:modified_time\" content=\"2025-09-05T03:15:13+00:00\" \/>\n<meta property=\"og:image\" content=\"https:\/\/www.druckstdu.de\/magazin\/wp-content\/uploads\/2025\/08\/fotos-mit-erinnerungen-bilder-von-yoga-meditation-und-achtsamkeit.webp\" \/>\n\t<meta property=\"og:image:width\" content=\"1920\" \/>\n\t<meta property=\"og:image:height\" content=\"628\" \/>\n\t<meta property=\"og:image:type\" content=\"image\/webp\" \/>\n<meta name=\"author\" content=\"Julia\" \/>\n<meta name=\"twitter:card\" content=\"summary_large_image\" \/>\n<meta name=\"twitter:label1\" content=\"Verfasst von\" \/>\n\t<meta name=\"twitter:data1\" content=\"Julia\" \/>\n\t<meta name=\"twitter:label2\" content=\"Gesch\u00e4tzte Lesezeit\" \/>\n\t<meta name=\"twitter:data2\" content=\"10\u00a0Minuten\" \/>\n<script type=\"application\/ld+json\" class=\"yoast-schema-graph\">{\"@context\":\"https:\\\/\\\/schema.org\",\"@graph\":[{\"@type\":\"Article\",\"@id\":\"https:\\\/\\\/www.druckstdu.de\\\/magazin\\\/fotos-und-erinnerungen-achtsamkeit-im-alltag\\\/#article\",\"isPartOf\":{\"@id\":\"https:\\\/\\\/www.druckstdu.de\\\/magazin\\\/fotos-und-erinnerungen-achtsamkeit-im-alltag\\\/\"},\"author\":{\"name\":\"Julia\",\"@id\":\"https:\\\/\\\/www.druckstdu.de\\\/magazin\\\/#\\\/schema\\\/person\\\/21d94f7931f413d20158ecb9769efa5b\"},\"headline\":\"Fotos und Erinnerungen als Teil der Achtsamkeit im Alltag\",\"datePublished\":\"2025-08-26T08:06:07+00:00\",\"dateModified\":\"2025-09-05T03:15:13+00:00\",\"mainEntityOfPage\":{\"@id\":\"https:\\\/\\\/www.druckstdu.de\\\/magazin\\\/fotos-und-erinnerungen-achtsamkeit-im-alltag\\\/\"},\"wordCount\":1808,\"image\":{\"@id\":\"https:\\\/\\\/www.druckstdu.de\\\/magazin\\\/fotos-und-erinnerungen-achtsamkeit-im-alltag\\\/#primaryimage\"},\"thumbnailUrl\":\"https:\\\/\\\/www.druckstdu.de\\\/magazin\\\/wp-content\\\/uploads\\\/2025\\\/08\\\/fotos-mit-erinnerungen-bilder-von-yoga-meditation-und-achtsamkeit.webp\",\"articleSection\":[\"Fotografie\"],\"inLanguage\":\"de\"},{\"@type\":\"WebPage\",\"@id\":\"https:\\\/\\\/www.druckstdu.de\\\/magazin\\\/fotos-und-erinnerungen-achtsamkeit-im-alltag\\\/\",\"url\":\"https:\\\/\\\/www.druckstdu.de\\\/magazin\\\/fotos-und-erinnerungen-achtsamkeit-im-alltag\\\/\",\"name\":\"Fotos und Achtsamkeit im Alltag \ud83d\udcf8 \u2013 Erinnerungen bewusst leben\",\"isPartOf\":{\"@id\":\"https:\\\/\\\/www.druckstdu.de\\\/magazin\\\/#website\"},\"primaryImageOfPage\":{\"@id\":\"https:\\\/\\\/www.druckstdu.de\\\/magazin\\\/fotos-und-erinnerungen-achtsamkeit-im-alltag\\\/#primaryimage\"},\"image\":{\"@id\":\"https:\\\/\\\/www.druckstdu.de\\\/magazin\\\/fotos-und-erinnerungen-achtsamkeit-im-alltag\\\/#primaryimage\"},\"thumbnailUrl\":\"https:\\\/\\\/www.druckstdu.de\\\/magazin\\\/wp-content\\\/uploads\\\/2025\\\/08\\\/fotos-mit-erinnerungen-bilder-von-yoga-meditation-und-achtsamkeit.webp\",\"datePublished\":\"2025-08-26T08:06:07+00:00\",\"dateModified\":\"2025-09-05T03:15:13+00:00\",\"author\":{\"@id\":\"https:\\\/\\\/www.druckstdu.de\\\/magazin\\\/#\\\/schema\\\/person\\\/21d94f7931f413d20158ecb9769efa5b\"},\"description\":\"So k\u00f6nnen Fotos Ihre Achtsamkeit im Alltag f\u00f6rdern. \ud83c\udf1f Nutzen Sie Fotoprodukte, um Erinnerungen sichtbar zu machen und bewusster zu leben.\",\"breadcrumb\":{\"@id\":\"https:\\\/\\\/www.druckstdu.de\\\/magazin\\\/fotos-und-erinnerungen-achtsamkeit-im-alltag\\\/#breadcrumb\"},\"inLanguage\":\"de\",\"potentialAction\":[{\"@type\":\"ReadAction\",\"target\":[\"https:\\\/\\\/www.druckstdu.de\\\/magazin\\\/fotos-und-erinnerungen-achtsamkeit-im-alltag\\\/\"]}]},{\"@type\":\"ImageObject\",\"inLanguage\":\"de\",\"@id\":\"https:\\\/\\\/www.druckstdu.de\\\/magazin\\\/fotos-und-erinnerungen-achtsamkeit-im-alltag\\\/#primaryimage\",\"url\":\"https:\\\/\\\/www.druckstdu.de\\\/magazin\\\/wp-content\\\/uploads\\\/2025\\\/08\\\/fotos-mit-erinnerungen-bilder-von-yoga-meditation-und-achtsamkeit.webp\",\"contentUrl\":\"https:\\\/\\\/www.druckstdu.de\\\/magazin\\\/wp-content\\\/uploads\\\/2025\\\/08\\\/fotos-mit-erinnerungen-bilder-von-yoga-meditation-und-achtsamkeit.webp\",\"width\":1920,\"height\":628,\"caption\":\"Fotos mit Erinnerungen: Bilder von Yoga, Meditation und Achtsamkeit\"},{\"@type\":\"BreadcrumbList\",\"@id\":\"https:\\\/\\\/www.druckstdu.de\\\/magazin\\\/fotos-und-erinnerungen-achtsamkeit-im-alltag\\\/#breadcrumb\",\"itemListElement\":[{\"@type\":\"ListItem\",\"position\":1,\"name\":\"Startseite\",\"item\":\"https:\\\/\\\/www.druckstdu.de\\\/magazin\\\/\"},{\"@type\":\"ListItem\",\"position\":2,\"name\":\"Fotos und Erinnerungen als Teil der Achtsamkeit im Alltag\"}]},{\"@type\":\"WebSite\",\"@id\":\"https:\\\/\\\/www.druckstdu.de\\\/magazin\\\/#website\",\"url\":\"https:\\\/\\\/www.druckstdu.de\\\/magazin\\\/\",\"name\":\"Magazin | Druckstdu\",\"description\":\"\",\"potentialAction\":[{\"@type\":\"SearchAction\",\"target\":{\"@type\":\"EntryPoint\",\"urlTemplate\":\"https:\\\/\\\/www.druckstdu.de\\\/magazin\\\/?s={search_term_string}\"},\"query-input\":{\"@type\":\"PropertyValueSpecification\",\"valueRequired\":true,\"valueName\":\"search_term_string\"}}],\"inLanguage\":\"de\"},{\"@type\":\"Person\",\"@id\":\"https:\\\/\\\/www.druckstdu.de\\\/magazin\\\/#\\\/schema\\\/person\\\/21d94f7931f413d20158ecb9769efa5b\",\"name\":\"Julia\",\"image\":{\"@type\":\"ImageObject\",\"inLanguage\":\"de\",\"@id\":\"https:\\\/\\\/secure.gravatar.com\\\/avatar\\\/f8d49d230387fe95329c8c2282dda447963627f07b20969a21414d5cb19c58dc?s=96&d=mm&r=g\",\"url\":\"https:\\\/\\\/secure.gravatar.com\\\/avatar\\\/f8d49d230387fe95329c8c2282dda447963627f07b20969a21414d5cb19c58dc?s=96&d=mm&r=g\",\"contentUrl\":\"https:\\\/\\\/secure.gravatar.com\\\/avatar\\\/f8d49d230387fe95329c8c2282dda447963627f07b20969a21414d5cb19c58dc?s=96&d=mm&r=g\",\"caption\":\"Julia\"},\"url\":\"https:\\\/\\\/www.druckstdu.de\\\/magazin\\\/author\\\/julia\\\/\"}]}<\/script>\n<!-- \/ Yoast SEO plugin. -->","yoast_head_json":{"title":"Fotos und Achtsamkeit im Alltag \ud83d\udcf8 \u2013 Erinnerungen bewusst leben","description":"So k\u00f6nnen Fotos Ihre Achtsamkeit im Alltag f\u00f6rdern. \ud83c\udf1f Nutzen Sie Fotoprodukte, um Erinnerungen sichtbar zu machen und bewusster zu leben.","canonical":"https:\/\/www.druckstdu.de\/magazin\/fotos-und-erinnerungen-achtsamkeit-im-alltag\/","og_locale":"de_DE","og_type":"article","og_title":"Fotos und Achtsamkeit im Alltag \ud83d\udcf8 \u2013 Erinnerungen bewusst leben","og_description":"So k\u00f6nnen Fotos Ihre Achtsamkeit im Alltag f\u00f6rdern. \ud83c\udf1f Nutzen Sie Fotoprodukte, um Erinnerungen sichtbar zu machen und bewusster zu leben.","og_url":"https:\/\/www.druckstdu.de\/magazin\/fotos-und-erinnerungen-achtsamkeit-im-alltag\/","og_site_name":"Magazin | Druckstdu","article_published_time":"2025-08-26T08:06:07+00:00","article_modified_time":"2025-09-05T03:15:13+00:00","og_image":[{"width":1920,"height":628,"url":"https:\/\/www.druckstdu.de\/magazin\/wp-content\/uploads\/2025\/08\/fotos-mit-erinnerungen-bilder-von-yoga-meditation-und-achtsamkeit.webp","type":"image\/webp"}],"author":"Julia","twitter_card":"summary_large_image","twitter_misc":{"Verfasst von":"Julia","Gesch\u00e4tzte Lesezeit":"10\u00a0Minuten"},"schema":{"@context":"https:\/\/schema.org","@graph":[{"@type":"Article","@id":"https:\/\/www.druckstdu.de\/magazin\/fotos-und-erinnerungen-achtsamkeit-im-alltag\/#article","isPartOf":{"@id":"https:\/\/www.druckstdu.de\/magazin\/fotos-und-erinnerungen-achtsamkeit-im-alltag\/"},"author":{"name":"Julia","@id":"https:\/\/www.druckstdu.de\/magazin\/#\/schema\/person\/21d94f7931f413d20158ecb9769efa5b"},"headline":"Fotos und Erinnerungen als Teil der Achtsamkeit im Alltag","datePublished":"2025-08-26T08:06:07+00:00","dateModified":"2025-09-05T03:15:13+00:00","mainEntityOfPage":{"@id":"https:\/\/www.druckstdu.de\/magazin\/fotos-und-erinnerungen-achtsamkeit-im-alltag\/"},"wordCount":1808,"image":{"@id":"https:\/\/www.druckstdu.de\/magazin\/fotos-und-erinnerungen-achtsamkeit-im-alltag\/#primaryimage"},"thumbnailUrl":"https:\/\/www.druckstdu.de\/magazin\/wp-content\/uploads\/2025\/08\/fotos-mit-erinnerungen-bilder-von-yoga-meditation-und-achtsamkeit.webp","articleSection":["Fotografie"],"inLanguage":"de"},{"@type":"WebPage","@id":"https:\/\/www.druckstdu.de\/magazin\/fotos-und-erinnerungen-achtsamkeit-im-alltag\/","url":"https:\/\/www.druckstdu.de\/magazin\/fotos-und-erinnerungen-achtsamkeit-im-alltag\/","name":"Fotos und Achtsamkeit im Alltag \ud83d\udcf8 \u2013 Erinnerungen bewusst leben","isPartOf":{"@id":"https:\/\/www.druckstdu.de\/magazin\/#website"},"primaryImageOfPage":{"@id":"https:\/\/www.druckstdu.de\/magazin\/fotos-und-erinnerungen-achtsamkeit-im-alltag\/#primaryimage"},"image":{"@id":"https:\/\/www.druckstdu.de\/magazin\/fotos-und-erinnerungen-achtsamkeit-im-alltag\/#primaryimage"},"thumbnailUrl":"https:\/\/www.druckstdu.de\/magazin\/wp-content\/uploads\/2025\/08\/fotos-mit-erinnerungen-bilder-von-yoga-meditation-und-achtsamkeit.webp","datePublished":"2025-08-26T08:06:07+00:00","dateModified":"2025-09-05T03:15:13+00:00","author":{"@id":"https:\/\/www.druckstdu.de\/magazin\/#\/schema\/person\/21d94f7931f413d20158ecb9769efa5b"},"description":"So k\u00f6nnen Fotos Ihre Achtsamkeit im Alltag f\u00f6rdern. \ud83c\udf1f Nutzen Sie Fotoprodukte, um Erinnerungen sichtbar zu machen und bewusster zu leben.","breadcrumb":{"@id":"https:\/\/www.druckstdu.de\/magazin\/fotos-und-erinnerungen-achtsamkeit-im-alltag\/#breadcrumb"},"inLanguage":"de","potentialAction":[{"@type":"ReadAction","target":["https:\/\/www.druckstdu.de\/magazin\/fotos-und-erinnerungen-achtsamkeit-im-alltag\/"]}]},{"@type":"ImageObject","inLanguage":"de","@id":"https:\/\/www.druckstdu.de\/magazin\/fotos-und-erinnerungen-achtsamkeit-im-alltag\/#primaryimage","url":"https:\/\/www.druckstdu.de\/magazin\/wp-content\/uploads\/2025\/08\/fotos-mit-erinnerungen-bilder-von-yoga-meditation-und-achtsamkeit.webp","contentUrl":"https:\/\/www.druckstdu.de\/magazin\/wp-content\/uploads\/2025\/08\/fotos-mit-erinnerungen-bilder-von-yoga-meditation-und-achtsamkeit.webp","width":1920,"height":628,"caption":"Fotos mit Erinnerungen: Bilder von Yoga, Meditation und Achtsamkeit"},{"@type":"BreadcrumbList","@id":"https:\/\/www.druckstdu.de\/magazin\/fotos-und-erinnerungen-achtsamkeit-im-alltag\/#breadcrumb","itemListElement":[{"@type":"ListItem","position":1,"name":"Startseite","item":"https:\/\/www.druckstdu.de\/magazin\/"},{"@type":"ListItem","position":2,"name":"Fotos und Erinnerungen als Teil der Achtsamkeit im Alltag"}]},{"@type":"WebSite","@id":"https:\/\/www.druckstdu.de\/magazin\/#website","url":"https:\/\/www.druckstdu.de\/magazin\/","name":"Magazin | Druckstdu","description":"","potentialAction":[{"@type":"SearchAction","target":{"@type":"EntryPoint","urlTemplate":"https:\/\/www.druckstdu.de\/magazin\/?s={search_term_string}"},"query-input":{"@type":"PropertyValueSpecification","valueRequired":true,"valueName":"search_term_string"}}],"inLanguage":"de"},{"@type":"Person","@id":"https:\/\/www.druckstdu.de\/magazin\/#\/schema\/person\/21d94f7931f413d20158ecb9769efa5b","name":"Julia","image":{"@type":"ImageObject","inLanguage":"de","@id":"https:\/\/secure.gravatar.com\/avatar\/f8d49d230387fe95329c8c2282dda447963627f07b20969a21414d5cb19c58dc?s=96&d=mm&r=g","url":"https:\/\/secure.gravatar.com\/avatar\/f8d49d230387fe95329c8c2282dda447963627f07b20969a21414d5cb19c58dc?s=96&d=mm&r=g","contentUrl":"https:\/\/secure.gravatar.com\/avatar\/f8d49d230387fe95329c8c2282dda447963627f07b20969a21414d5cb19c58dc?s=96&d=mm&r=g","caption":"Julia"},"url":"https:\/\/www.druckstdu.de\/magazin\/author\/julia\/"}]}},"wp-worthy-pixel":{"ignored":false,"public":null,"server":null,"url":null},"wp-worthy-type":"normal","_links":{"self":[{"href":"https:\/\/www.druckstdu.de\/magazin\/wp-json\/wp\/v2\/posts\/79","targetHints":{"allow":["GET"]}}],"collection":[{"href":"https:\/\/www.druckstdu.de\/magazin\/wp-json\/wp\/v2\/posts"}],"about":[{"href":"https:\/\/www.druckstdu.de\/magazin\/wp-json\/wp\/v2\/types\/post"}],"author":[{"embeddable":true,"href":"https:\/\/www.druckstdu.de\/magazin\/wp-json\/wp\/v2\/users\/3"}],"replies":[{"embeddable":true,"href":"https:\/\/www.druckstdu.de\/magazin\/wp-json\/wp\/v2\/comments?post=79"}],"version-history":[{"count":3,"href":"https:\/\/www.druckstdu.de\/magazin\/wp-json\/wp\/v2\/posts\/79\/revisions"}],"predecessor-version":[{"id":221,"href":"https:\/\/www.druckstdu.de\/magazin\/wp-json\/wp\/v2\/posts\/79\/revisions\/221"}],"wp:featuredmedia":[{"embeddable":true,"href":"https:\/\/www.druckstdu.de\/magazin\/wp-json\/wp\/v2\/media\/81"}],"wp:attachment":[{"href":"https:\/\/www.druckstdu.de\/magazin\/wp-json\/wp\/v2\/media?parent=79"}],"wp:term":[{"taxonomy":"category","embeddable":true,"href":"https:\/\/www.druckstdu.de\/magazin\/wp-json\/wp\/v2\/categories?post=79"},{"taxonomy":"post_tag","embeddable":true,"href":"https:\/\/www.druckstdu.de\/magazin\/wp-json\/wp\/v2\/tags?post=79"}],"curies":[{"name":"wp","href":"https:\/\/api.w.org\/{rel}","templated":true}]}}