{"id":98,"date":"2025-08-28T10:40:44","date_gmt":"2025-08-28T10:40:44","guid":{"rendered":"https:\/\/www.druckstdu.de\/magazin\/?p=98"},"modified":"2025-09-01T09:03:05","modified_gmt":"2025-09-01T09:03:05","slug":"fotoprojekt-fuer-erinnerungen","status":"publish","type":"post","link":"https:\/\/www.druckstdu.de\/magazin\/fotoprojekt-fuer-erinnerungen\/","title":{"rendered":"Von der Speicherkarte zur Erinnerung: So entsteht ein pers\u00f6nliches Fotoprojekt"},"content":{"rendered":"\n<p><a href=\"https:\/\/www.druckstdu.de\/magazin\/fotografie\/\">Fotografie<\/a> ist <strong>mehr als nur ein Hobby<\/strong>! Sie ist eine M\u00f6glichkeit, Momente festzuhalten, Erinnerungen zu bewahren und kreative Geschichten zu erz\u00e4hlen. Ein Fotoprojekt erm\u00f6glicht es, diese<strong> Momente<\/strong> in einzigartigen Fotoprodukten zu<strong> verewigen<\/strong>. Aber wie entsteht ein pers\u00f6nliches Fotoprojekt? Von der Auswahl der richtigen Bilder bis zum finalen Fotobuch oder Wandbild ist der Prozess <strong>vielseitig und spannend. <\/strong>In diesem Artikel zeigen wir Ihnen, wie Sie ein Fotoprojekt von der Speicherkarte bis zur fertigen Erinnerung gestalten k\u00f6nnen.<\/p>\n\n\n\n<h2 class=\"wp-block-heading\">Die Planung Ihres Fotoprojekts: Der erste Schritt zum Erfolg<\/h2>\n\n\n\n<p>Ein gut durchdachtes Fotoprojekt beginnt mit einer <strong>klaren Vorstellung <\/strong>davon, was Sie erreichen m\u00f6chten. Planen Sie Ihr Projekt, bevor Sie sich in den kreativen Prozess st\u00fcrzen, um sicherzustellen, dass Sie die richtigen Bilder ausw\u00e4hlen und Ihre Ideen<strong> zielgerichtet<\/strong> umsetzen.<\/p>\n\n\n\n<h3 class=\"wp-block-heading\">Bestimmen Sie das Thema Ihres Projekts<\/h3>\n\n\n\n<p>\u00dcberlegen Sie, welches <strong>Thema<\/strong> Ihr Fotoprojekt leiten soll. Vielleicht m\u00f6chten Sie Ihre Reise in ein Fotobuch verwandeln oder die Entwicklung Ihrer Kinder \u00fcber die Jahre dokumentieren. Hier sind <strong>einige Ideen<\/strong>, die als Grundlage f\u00fcr Ihr Fotoprojekt dienen k\u00f6nnen:<\/p>\n\n\n\n<ul class=\"wp-block-list\">\n<li><strong>Reisen und Abenteuer<\/strong>: Halten Sie Ihre sch\u00f6nsten Urlaubserinnerungen fest.<\/li>\n\n\n\n<li><strong>Familienerinnerungen<\/strong>: Ein Fotoprojekt \u00fcber die Entwicklung Ihrer Kinder oder ein Familienportr\u00e4t.<\/li>\n\n\n\n<li><strong>Besondere Anl\u00e4sse<\/strong>: Hochzeiten, Jubil\u00e4en oder Geburtstagsfeiern.<\/li>\n\n\n\n<li><strong>K\u00fcnstlerische Fotografie<\/strong>: Ein kreatives Projekt, das Ihre Fotografie-Techniken und Perspektiven zeigt.<\/li>\n<\/ul>\n\n\n\n<h3 class=\"wp-block-heading\">W\u00e4hlen Sie Ihre besten Fotos aus<\/h3>\n\n\n\n<p>Der n\u00e4chste Schritt bei der Erstellung eines Fotoprojekts ist die Auswahl der richtigen Fotos. Dies kann eine zeitaufwendige Aufgabe sein, aber es lohnt sich,<strong> nur die besten Bilder<\/strong> zu verwenden. Sie sollten darauf achten, dass Ihre Bilder eine Geschichte erz\u00e4hlen und miteinander harmonieren.<\/p>\n\n\n\n<p>Tipps f\u00fcr die Auswahl der besten Fotos:<\/p>\n\n\n\n<ul class=\"wp-block-list\">\n<li><strong>Klarheit und Sch\u00e4rfe<\/strong>: Achten Sie darauf, dass die Bilder gut belichtet und scharf sind.<\/li>\n\n\n\n<li><strong>Emotionen einfangen<\/strong>: W\u00e4hlen Sie Fotos, die starke Emotionen oder bedeutende Momente zeigen.<\/li>\n\n\n\n<li><strong>Vielfalt und Abwechslung<\/strong>: Kombinieren Sie Portr\u00e4ts, Landschaften, Detailaufnahmen und andere Perspektiven.<\/li>\n<\/ul>\n\n\n\n<h2 class=\"wp-block-heading\">Die Gestaltung Ihres Fotoprojekts: Kreativit\u00e4t ist gefragt<\/h2>\n\n\n\n<p>Sobald Sie Ihre besten Bilder ausgew\u00e4hlt haben, ist es an der Zeit, Ihr <strong>Fotoprojekt<\/strong> zu gestalten. Der kreative Prozess gibt Ihnen die Freiheit, Ihr Projekt <strong>nach Ihren Vorstellungen<\/strong> zu<strong> gestalten<\/strong>, sei es ein Fotobuch, ein Kalender oder ein Wandbild.<\/p>\n\n\n\n<h3 class=\"wp-block-heading\">Design-Software und Tools nutzen<\/h3>\n\n\n\n<p>Mit den richtigen Tools k\u00f6nnen Sie Ihr Fotoprojekt ganz einfach erstellen. Bei druckstdu bieten wir Ihnen eine <strong>benutzerfreundliche Design-Software<\/strong>, die Ihnen hilft, Ihre Fotos zu einem ansprechenden Produkt zu machen. Sie k\u00f6nnen aus verschiedenen Vorlagen w\u00e4hlen und das Layout ganz nach Ihren Vorstellungen anpassen.<\/p>\n\n\n\n<ul class=\"wp-block-list\">\n<li><strong>Fotob\u00fccher<\/strong>: W\u00e4hlen Sie aus einer Vielzahl von Layouts, Hintergr\u00fcnden und Designs.<\/li>\n\n\n\n<li><strong>Kalender<\/strong>: Gestalten Sie einen individuellen Fotokalender f\u00fcr das kommende Jahr.<\/li>\n\n\n\n<li><strong>Wandbilder<\/strong>: Entscheiden Sie sich f\u00fcr ein modernes Wandbild oder eine Leinwand mit Ihren Lieblingsfotos.<\/li>\n<\/ul>\n\n\n\n<h3 class=\"wp-block-heading\">Bildbearbeitung und Feinschliff<\/h3>\n\n\n\n<p>Bevor Sie Ihr Fotoprojekt drucken lassen, sollten Sie sicherstellen, dass Ihre Bilder <strong>perfekt zur Geltung kommen. <\/strong>Eine kleine Bearbeitung kann Wunder wirken, sei es durch das Anpassen von Helligkeit und Kontrast oder durch das Zuschneiden von unn\u00f6tigen Bildbereichen. Achten Sie darauf, dass Ihre Fotos <strong>gut ausbalanciert<\/strong> sind und das Gesamtbild ansprechend wirkt.<\/p>\n\n\n\n<p>Wichtige Bearbeitungstipps:<\/p>\n\n\n\n<ul class=\"wp-block-list\">\n<li><strong>Helligkeit und Kontrast anpassen<\/strong>: Sorgen Sie f\u00fcr eine ausgewogene Belichtung und scharfe Details.<\/li>\n\n\n\n<li><strong>Farben optimieren<\/strong>: Verst\u00e4rken Sie die Farben, um Ihre Bilder lebendig und ausdrucksstark zu machen.<\/li>\n\n\n\n<li><strong>Zuschneiden<\/strong>: Entfernen Sie st\u00f6rende Elemente oder verbessern Sie die Komposition des Bildes.<\/li>\n<\/ul>\n\n\n\n<h2 class=\"wp-block-heading\">Die Auswahl des richtigen Fotoprodukts<\/h2>\n\n\n\n<p>Je nachdem, welche Erinnerungen Sie festhalten m\u00f6chten, gibt es <strong>verschiedene<\/strong> Fotoprodukte, die Ihre Bilder perfekt zur Geltung bringen. Die Auswahl des <strong>richtigen Produkts <\/strong>h\u00e4ngt von Ihrem Fotoprojekt und dem Verwendungszweck ab, egal ob als Fotobuch, Kalender oder Wandbild.<\/p>\n\n\n\n<h3 class=\"wp-block-heading\">Fotob\u00fccher: Die perfekte Erinnerung f\u00fcr jedes Projekt<\/h3>\n\n\n\n<p>Fotob\u00fccher sind eine der beliebtesten M\u00f6glichkeiten, ein Fotoprojekt umzusetzen. Sie bieten <strong>ausreichend Platz<\/strong>, um eine Geschichte zu erz\u00e4hlen und dabei viele verschiedene Bilder unterzubringen. Bei druckstdu k\u00f6nnen Sie Fotob\u00fccher in<strong> unterschiedlichen Gr\u00f6\u00dfen und Ausf\u00fchrungen <\/strong>gestalten \u2013 von klassisch bis modern, mit Hardcover oder Softcover.<\/p>\n\n\n\n<p>Vorteile von Fotob\u00fcchern:<\/p>\n\n\n\n<ul class=\"wp-block-list\">\n<li><strong>Hochwertige <\/strong>Druckqualit\u00e4t<\/li>\n\n\n\n<li><strong>Vielf\u00e4ltige <\/strong>Gestaltungsm\u00f6glichkeiten<\/li>\n\n\n\n<li>Ideal als <strong>Geschenk<\/strong> oder f\u00fcr die eigene Sammlung<\/li>\n<\/ul>\n\n\n\n<h3 class=\"wp-block-heading\">Wandbilder und Leinw\u00e4nde: Ihre Fotos als Kunstwerk<\/h3>\n\n\n\n<p>Wenn Sie ein besonders herausragendes Foto haben, das Sie gerne in Ihrem Zuhause oder B\u00fcro <strong>pr\u00e4sentieren<\/strong> m\u00f6chten, ist ein Wandbild oder eine Leinwand eine gro\u00dfartige Wahl. Sie verwandeln Ihr Fotoprojekt in ein <strong>beeindruckendes Kunstwerk<\/strong> und lassen Ihre Fotos f\u00fcr sich sprechen.<\/p>\n\n\n\n<p>Vorteile von Wandbildern und Leinw\u00e4nden:<\/p>\n\n\n\n<ul class=\"wp-block-list\">\n<li>Perfekt f\u00fcr gro\u00dfe Fotos oder <strong>besondere Erinnerungen<\/strong><\/li>\n\n\n\n<li><strong>Langlebige<\/strong> Qualit\u00e4t<\/li>\n\n\n\n<li>Sie verleihen jedem Raum eine <strong>pers\u00f6nliche Note<\/strong><\/li>\n<\/ul>\n\n\n\n<h3 class=\"wp-block-heading\">Kalender: Ihre Fotos das ganze Jahr \u00fcber genie\u00dfen<\/h3>\n\n\n\n<p>Mit einem Fotokalender k\u00f6nnen Sie Ihre besten Aufnahmen auf eine <strong>praktische<\/strong> und<strong> dekorative<\/strong> Weise pr\u00e4sentieren. Ihre Fotos begleiten Sie das ganze Jahr \u00fcber und sorgen f\u00fcr<strong> regelm\u00e4\u00dfige <\/strong>Freude, unabh\u00e4ngig davon, ob es sich um Wandkalender oder Tischkalender handelt.<\/p>\n\n\n\n<p>Vorteile von Fotokalendern:<\/p>\n\n\n\n<ul class=\"wp-block-list\">\n<li><strong>Praktisch<\/strong> und dekorativ<\/li>\n\n\n\n<li>Ideal f\u00fcr <strong>pers\u00f6nliche <\/strong>Geschenke<\/li>\n\n\n\n<li>Jeden Monat ein <strong>neuer Blick<\/strong> auf Ihre Erinnerungen<\/li>\n<\/ul>\n\n\n\n<p>Falls Sie Lust auf ein Fotoprojekt mit Freunden oder der Familie haben, finden Sie hier Inspiration: <a href=\"https:\/\/www.druckstdu.de\/magazin\/erinnerungen-festhalten-wie-gemeinsame-fotoprojekte-menschen-verbinden\/\">Erinnerungen festhalten: Wie gemeinsame Fotoprojekte Menschen verbinden<\/a>.<\/p>\n\n\n\n<h2 class=\"wp-block-heading\">Druck und Qualit\u00e4tssicherung f\u00fcr Ihr Fotoprojekt<\/h2>\n\n\n\n<p>Nachdem Sie sich f\u00fcr das richtige Fotoprodukt entschieden haben, geht es an den Druck. Um sicherzustellen, dass Ihr Fotoprojekt in <strong>bester Qualit\u00e4t<\/strong> herauskommt, sollten Sie einige Dinge beachten.<\/p>\n\n\n\n<h3 class=\"wp-block-heading\">Die richtige Aufl\u00f6sung und Qualit\u00e4t der Bilder<\/h3>\n\n\n\n<p>Bevor Sie Ihre Bilder drucken lassen, ist es wichtig, dass diese in <strong>ausreichender Aufl\u00f6sung<\/strong> vorliegen. Eine hohe Aufl\u00f6sung sorgt daf\u00fcr, dass die Details Ihrer Fotos <strong>scharf<\/strong> und<strong> klar<\/strong> abgebildet werden, besonders wenn Sie gr\u00f6\u00dfere Formate wie Wandbilder oder Fotob\u00fccher drucken.<\/p>\n\n\n\n<p>Empfohlene Aufl\u00f6sungen:<\/p>\n\n\n\n<ul class=\"wp-block-list\">\n<li><a href=\"https:\/\/www.druckstdu.de\/fotobuecher\/\"><strong>Fotob\u00fccher<\/strong><\/a><strong>: <\/strong>Mindestens 300 DPI (dots per inch)<\/li>\n\n\n\n<li><a href=\"https:\/\/www.druckstdu.de\/wandbilder\/\"><strong>Wandbilder<\/strong><\/a><strong>: <\/strong>Je h\u00f6her die Aufl\u00f6sung, desto besser das Ergebnis, prim\u00e4r bei gr\u00f6\u00dferen Formaten.<\/li>\n<\/ul>\n\n\n\n<h3 class=\"wp-block-heading\">Farbmanagement und Druckqualit\u00e4t<\/h3>\n\n\n\n<p>Achten Sie darauf, dass die Farben Ihrer Fotos auf dem Druckergebnis genauso <strong>lebendig und kr\u00e4ftig<\/strong> wirken wie auf Ihrem Bildschirm. Der Einsatz von professionellen Drucktechniken und hochwertigen Papieren sorgt f\u00fcr lebendige Farben und eine <strong>lange Haltbarkeit<\/strong> Ihres Fotoprojekts.<\/p>\n\n\n\n<p><strong>Tipp<\/strong>: Stellen Sie sicher, dass Ihr Bildschirm kalibriert ist, um eine m\u00f6glichst genaue Farbwiedergabe f\u00fcr optimale <a href=\"https:\/\/www.druckstdu.de\/druck-und-qualitat\/\">Qualit\u00e4t<\/a> zu gew\u00e4hrleisten.<\/p>\n\n\n\n<h3 class=\"wp-block-heading\">Probedrucke und Anpassungen<\/h3>\n\n\n\n<p>Bevor Sie Ihr Fotoprojekt endg\u00fcltig drucken lassen, empfiehlt es sich, einen<strong> Probedruck anzufordern.<\/strong> So k\u00f6nnen Sie pr\u00fcfen, ob alles wie gew\u00fcnscht aussieht \u2013 von der Bildplatzierung bis hin zur Farbwiedergabe. Eventuelle Anpassungen k\u00f6nnen noch vorgenommen werden, bevor das finale Produkt in den Druck geht.<\/p>\n\n\n\n<h2 class=\"wp-block-heading\">Das perfekte Fotoprojekt verschenken<\/h2>\n\n\n\n<p>Fotoprojekte sind nicht nur eine M\u00f6glichkeit, Ihre eigenen Erinnerungen zu bewahren, sondern auch eine<strong> tolle Geschenkidee. <\/strong>Ein personalisiertes Fotobuch, ein Wandbild oder ein Kalender mit den sch\u00f6nsten Momenten k\u00f6nnen ein ganz besonderes Geschenk f\u00fcr Freunde und Familie sein.<\/p>\n\n\n\n<p>Warum Fotoprodukte perfekte Geschenke sind:<\/p>\n\n\n\n<ul class=\"wp-block-list\">\n<li><strong>Pers\u00f6nlich<\/strong> und einzigartig<\/li>\n\n\n\n<li>F\u00fcr<strong> jeden Anlass<\/strong> geeignet (Geburtstag, Hochzeit, Weihnachten)<\/li>\n\n\n\n<li>Ein Geschenk, das <strong>lange Freude<\/strong> bereitet<\/li>\n<\/ul>\n\n\n\n<h2 class=\"wp-block-heading\">Fazit: Die Planung ist das A und O<\/h2>\n\n\n\n<p>Ein Fotoprojekt zu erstellen, ist eine <strong>lohnende<\/strong> und <strong>kreative Aufgabe<\/strong>, die Ihre Erinnerungen in einzigartige Produkte verwandelt. Ihre Fotos verdienen es, in hochwertiger Form pr\u00e4sentiert zu werden, egal ob als Fotobuch, Kalender oder Wandbild. Mit der <strong>richtigen Planung,<\/strong> Gestaltung und Auswahl des Fotoprodukts wird Ihr <strong>Fotoprojekt<\/strong> zu einem wertvollen Begleiter in Ihrem Alltag.<\/p>\n\n\n\n<p>\ud83d\udc49 <strong>Starten Sie noch heute<\/strong> mit Ihrem pers\u00f6nlichen Fotoprojekt und lassen Sie Ihre Erinnerungen bei <a href=\"https:\/\/www.druckstdu.de\/\">druckstdu<\/a> zu etwas ganz Besonderem werden!<\/p>\n\n\n\n<h2 class=\"wp-block-heading\">FAQ: Fotoprojekt<\/h2>\n\n\n\n<h3 class=\"wp-block-heading\">Was ist ein Fotoprojekt und wie starte ich es?<\/h3>\n\n\n\n<p>Ein Fotoprojekt ist eine kreative Art und Weise, Ihre Fotos in einem bestimmten Kontext zu sammeln und in ein einzigartiges Produkt umzuwandeln. Es kann sich um ein Fotobuch, einen Kalender oder ein Wandbild handeln. Der erste Schritt bei einem Fotoprojekt ist die Entscheidung f\u00fcr ein Thema und die Auswahl der Fotos, die das Thema am besten widerspiegeln. Stellen Sie sicher, dass Sie eine klare Vorstellung davon haben, was Ihr Fotoprojekt aussagen soll \u2013 sei es ein Urlaub, ein Familienereignis oder eine k\u00fcnstlerische Sammlung.<\/p>\n\n\n\n<h3 class=\"wp-block-heading\">Welche Fotoprodukte eignen sich am besten f\u00fcr mein Fotoprojekt?<\/h3>\n\n\n\n<p>F\u00fcr jedes Fotoprojekt gibt es unterschiedliche Fotoprodukte, die je nach Ziel und Ausf\u00fchrung gew\u00e4hlt werden k\u00f6nnen. Zu den g\u00e4ngigsten Produkten geh\u00f6ren Fotob\u00fccher, Kalender, Wandbilder und Leinw\u00e4nde. Wenn Sie eine Sammlung von Erinnerungen aus einem bestimmten Ereignis oder Jahr pr\u00e4sentieren m\u00f6chten, ist ein Fotobuch eine ausgezeichnete Wahl. F\u00fcr Kunstliebhaber, die ihre Fotos als Wanddekoration zeigen m\u00f6chten, bieten sich Wandbilder oder Leinw\u00e4nde an. Fotokalender sind besonders praktisch, um Ihre Fotos das ganze Jahr \u00fcber zu genie\u00dfen und als personalisierte Geschenke zu verschenken.<\/p>\n\n\n\n<h3 class=\"wp-block-heading\">Wie w\u00e4hle ich die besten Fotos f\u00fcr mein Fotoprojekt aus?<\/h3>\n\n\n\n<p>Die Auswahl der richtigen Fotos ist ein entscheidender Schritt f\u00fcr den Erfolg Ihres Fotoprojekts. Achten Sie darauf, dass die Fotos von hoher Qualit\u00e4t sind, gut belichtet und klare Details zeigen. \u00dcberlegen Sie, welche Bilder eine Geschichte erz\u00e4hlen oder besonders emotionale Momente einfangen. Sie k\u00f6nnen Ihre Auswahl noch weiter verfeinern, indem Sie darauf achten, eine Vielzahl von Perspektiven und Bildarten zu integrieren, um das Fotoprojekt abwechslungsreich zu gestalten.<\/p>\n\n\n\n<h3 class=\"wp-block-heading\">Welche Gestaltungsm\u00f6glichkeiten habe ich f\u00fcr mein Fotoprojekt?<\/h3>\n\n\n\n<p>F\u00fcr ein gelungenes Fotoprojekt gibt es zahlreiche kreative Gestaltungsm\u00f6glichkeiten. Mit der richtigen Design-Software k\u00f6nnen Sie das Layout Ihres Projekts anpassen, Text hinzuf\u00fcgen und Hintergr\u00fcnde w\u00e4hlen, die Ihre Fotos erg\u00e4nzen. Wenn Sie mit druckstdu arbeiten, haben Sie Zugriff auf eine benutzerfreundliche Plattform, die Ihnen viele Gestaltungsm\u00f6glichkeiten bietet. Achten Sie darauf, eine passende Farbpalette und ein klares Design auszuw\u00e4hlen, das die Stimmung Ihrer Fotos unterstreicht.<\/p>\n\n\n\n<h3 class=\"wp-block-heading\">Wie kann ich die Druckqualit\u00e4t meines Fotoprojekts sicherstellen?<\/h3>\n\n\n\n<p>Damit Ihr Fotoprojekt in bestm\u00f6glicher Qualit\u00e4t gedruckt wird, sollten Sie sicherstellen, dass Ihre Fotos eine ausreichende Aufl\u00f6sung haben. F\u00fcr die meisten Fotoprojekte wird eine Aufl\u00f6sung von mindestens 300 DPI empfohlen. Achten Sie darauf, dass die Farben Ihrer Bilder genau wiedergegeben werden, indem Sie ein Farbmanagement-System verwenden oder auf ein hochwertiges Druckverfahren setzen. Wenn m\u00f6glich, sollten Sie einen Probedruck durchf\u00fchren, um sicherzustellen, dass alles Ihren Erwartungen entspricht, bevor das endg\u00fcltige Fotoprojekt in den Druck geht.<\/p>\n<a class=\"simplefavorite-button\" data-postid=\"98\" data-siteid=\"1\" data-groupid=\"1\" data-favoritecount=\"0\" style=\"\"><img decoding=\"async\" src=\"\/magazin\/wp-content\/uploads\/2025\/07\/heart.svg\">Speichern f\u00fcr sp\u00e4ter<\/a>","protected":false},"excerpt":{"rendered":"<p>Fotografie ist mehr als nur ein Hobby! Sie ist eine M\u00f6glichkeit, Momente festzuhalten, Erinnerungen zu bewahren und kreative Geschichten zu&#8230;<\/p>\n","protected":false},"author":3,"featured_media":99,"comment_status":"closed","ping_status":"closed","sticky":false,"template":"","format":"standard","meta":{"_acf_changed":false,"inline_featured_image":false,"footnotes":""},"categories":[4],"tags":[],"class_list":["post-98","post","type-post","status-publish","format-standard","has-post-thumbnail","hentry","category-diy"],"acf":[],"yoast_head":"<!-- This site is optimized with the Yoast SEO plugin v27.5 - https:\/\/yoast.com\/product\/yoast-seo-wordpress\/ -->\n<title>Fotoprojekt gestalten \ud83d\udcf8 \u2013 So entsteht Ihre pers\u00f6nliche Erinnerung<\/title>\n<meta name=\"description\" content=\"Fotoprojekt: Ihre Fotos in einzigartige Fotoprodukte wandeln \ud83c\udf1f Kreative Ideen &amp; Tipps! Von der Idee bis zum fertigen Produkt.\" \/>\n<link rel=\"canonical\" href=\"https:\/\/www.druckstdu.de\/magazin\/fotoprojekt-fuer-erinnerungen\/\" \/>\n<meta property=\"og:locale\" content=\"de_DE\" \/>\n<meta property=\"og:type\" content=\"article\" \/>\n<meta property=\"og:title\" content=\"Fotoprojekt gestalten \ud83d\udcf8 \u2013 So entsteht Ihre pers\u00f6nliche Erinnerung\" \/>\n<meta property=\"og:description\" content=\"Fotoprojekt: Ihre Fotos in einzigartige Fotoprodukte wandeln \ud83c\udf1f Kreative Ideen &amp; Tipps! Von der Idee bis zum fertigen Produkt.\" \/>\n<meta property=\"og:url\" content=\"https:\/\/www.druckstdu.de\/magazin\/fotoprojekt-fuer-erinnerungen\/\" \/>\n<meta property=\"og:site_name\" content=\"Magazin | Druckstdu\" \/>\n<meta property=\"article:published_time\" content=\"2025-08-28T10:40:44+00:00\" \/>\n<meta property=\"article:modified_time\" content=\"2025-09-01T09:03:05+00:00\" \/>\n<meta property=\"og:image\" content=\"https:\/\/www.druckstdu.de\/magazin\/wp-content\/uploads\/2025\/08\/fotoprojekt-tisch-mit-kamera-fotos-album-in-schwarz-weiss.webp\" \/>\n\t<meta property=\"og:image:width\" content=\"1920\" \/>\n\t<meta property=\"og:image:height\" content=\"628\" \/>\n\t<meta property=\"og:image:type\" content=\"image\/webp\" \/>\n<meta name=\"author\" content=\"Julia\" \/>\n<meta name=\"twitter:card\" content=\"summary_large_image\" \/>\n<meta name=\"twitter:label1\" content=\"Verfasst von\" \/>\n\t<meta name=\"twitter:data1\" content=\"Julia\" \/>\n\t<meta name=\"twitter:label2\" content=\"Gesch\u00e4tzte Lesezeit\" \/>\n\t<meta name=\"twitter:data2\" content=\"9\u00a0Minuten\" \/>\n<script type=\"application\/ld+json\" class=\"yoast-schema-graph\">{\"@context\":\"https:\\\/\\\/schema.org\",\"@graph\":[{\"@type\":\"Article\",\"@id\":\"https:\\\/\\\/www.druckstdu.de\\\/magazin\\\/fotoprojekt-fuer-erinnerungen\\\/#article\",\"isPartOf\":{\"@id\":\"https:\\\/\\\/www.druckstdu.de\\\/magazin\\\/fotoprojekt-fuer-erinnerungen\\\/\"},\"author\":{\"name\":\"Julia\",\"@id\":\"https:\\\/\\\/www.druckstdu.de\\\/magazin\\\/#\\\/schema\\\/person\\\/21d94f7931f413d20158ecb9769efa5b\"},\"headline\":\"Von der Speicherkarte zur Erinnerung: So entsteht ein pers\u00f6nliches Fotoprojekt\",\"datePublished\":\"2025-08-28T10:40:44+00:00\",\"dateModified\":\"2025-09-01T09:03:05+00:00\",\"mainEntityOfPage\":{\"@id\":\"https:\\\/\\\/www.druckstdu.de\\\/magazin\\\/fotoprojekt-fuer-erinnerungen\\\/\"},\"wordCount\":1711,\"image\":{\"@id\":\"https:\\\/\\\/www.druckstdu.de\\\/magazin\\\/fotoprojekt-fuer-erinnerungen\\\/#primaryimage\"},\"thumbnailUrl\":\"https:\\\/\\\/www.druckstdu.de\\\/magazin\\\/wp-content\\\/uploads\\\/2025\\\/08\\\/fotoprojekt-tisch-mit-kamera-fotos-album-in-schwarz-weiss.webp\",\"articleSection\":[\"DIY\"],\"inLanguage\":\"de\"},{\"@type\":\"WebPage\",\"@id\":\"https:\\\/\\\/www.druckstdu.de\\\/magazin\\\/fotoprojekt-fuer-erinnerungen\\\/\",\"url\":\"https:\\\/\\\/www.druckstdu.de\\\/magazin\\\/fotoprojekt-fuer-erinnerungen\\\/\",\"name\":\"Fotoprojekt gestalten \ud83d\udcf8 \u2013 So entsteht Ihre pers\u00f6nliche Erinnerung\",\"isPartOf\":{\"@id\":\"https:\\\/\\\/www.druckstdu.de\\\/magazin\\\/#website\"},\"primaryImageOfPage\":{\"@id\":\"https:\\\/\\\/www.druckstdu.de\\\/magazin\\\/fotoprojekt-fuer-erinnerungen\\\/#primaryimage\"},\"image\":{\"@id\":\"https:\\\/\\\/www.druckstdu.de\\\/magazin\\\/fotoprojekt-fuer-erinnerungen\\\/#primaryimage\"},\"thumbnailUrl\":\"https:\\\/\\\/www.druckstdu.de\\\/magazin\\\/wp-content\\\/uploads\\\/2025\\\/08\\\/fotoprojekt-tisch-mit-kamera-fotos-album-in-schwarz-weiss.webp\",\"datePublished\":\"2025-08-28T10:40:44+00:00\",\"dateModified\":\"2025-09-01T09:03:05+00:00\",\"author\":{\"@id\":\"https:\\\/\\\/www.druckstdu.de\\\/magazin\\\/#\\\/schema\\\/person\\\/21d94f7931f413d20158ecb9769efa5b\"},\"description\":\"Fotoprojekt: Ihre Fotos in einzigartige Fotoprodukte wandeln \ud83c\udf1f Kreative Ideen & Tipps! Von der Idee bis zum fertigen Produkt.\",\"breadcrumb\":{\"@id\":\"https:\\\/\\\/www.druckstdu.de\\\/magazin\\\/fotoprojekt-fuer-erinnerungen\\\/#breadcrumb\"},\"inLanguage\":\"de\",\"potentialAction\":[{\"@type\":\"ReadAction\",\"target\":[\"https:\\\/\\\/www.druckstdu.de\\\/magazin\\\/fotoprojekt-fuer-erinnerungen\\\/\"]}]},{\"@type\":\"ImageObject\",\"inLanguage\":\"de\",\"@id\":\"https:\\\/\\\/www.druckstdu.de\\\/magazin\\\/fotoprojekt-fuer-erinnerungen\\\/#primaryimage\",\"url\":\"https:\\\/\\\/www.druckstdu.de\\\/magazin\\\/wp-content\\\/uploads\\\/2025\\\/08\\\/fotoprojekt-tisch-mit-kamera-fotos-album-in-schwarz-weiss.webp\",\"contentUrl\":\"https:\\\/\\\/www.druckstdu.de\\\/magazin\\\/wp-content\\\/uploads\\\/2025\\\/08\\\/fotoprojekt-tisch-mit-kamera-fotos-album-in-schwarz-weiss.webp\",\"width\":1920,\"height\":628,\"caption\":\"@ ready made von Pexels\"},{\"@type\":\"BreadcrumbList\",\"@id\":\"https:\\\/\\\/www.druckstdu.de\\\/magazin\\\/fotoprojekt-fuer-erinnerungen\\\/#breadcrumb\",\"itemListElement\":[{\"@type\":\"ListItem\",\"position\":1,\"name\":\"Startseite\",\"item\":\"https:\\\/\\\/www.druckstdu.de\\\/magazin\\\/\"},{\"@type\":\"ListItem\",\"position\":2,\"name\":\"Von der Speicherkarte zur Erinnerung: So entsteht ein pers\u00f6nliches Fotoprojekt\"}]},{\"@type\":\"WebSite\",\"@id\":\"https:\\\/\\\/www.druckstdu.de\\\/magazin\\\/#website\",\"url\":\"https:\\\/\\\/www.druckstdu.de\\\/magazin\\\/\",\"name\":\"Magazin | Druckstdu\",\"description\":\"\",\"potentialAction\":[{\"@type\":\"SearchAction\",\"target\":{\"@type\":\"EntryPoint\",\"urlTemplate\":\"https:\\\/\\\/www.druckstdu.de\\\/magazin\\\/?s={search_term_string}\"},\"query-input\":{\"@type\":\"PropertyValueSpecification\",\"valueRequired\":true,\"valueName\":\"search_term_string\"}}],\"inLanguage\":\"de\"},{\"@type\":\"Person\",\"@id\":\"https:\\\/\\\/www.druckstdu.de\\\/magazin\\\/#\\\/schema\\\/person\\\/21d94f7931f413d20158ecb9769efa5b\",\"name\":\"Julia\",\"image\":{\"@type\":\"ImageObject\",\"inLanguage\":\"de\",\"@id\":\"https:\\\/\\\/secure.gravatar.com\\\/avatar\\\/f8d49d230387fe95329c8c2282dda447963627f07b20969a21414d5cb19c58dc?s=96&d=mm&r=g\",\"url\":\"https:\\\/\\\/secure.gravatar.com\\\/avatar\\\/f8d49d230387fe95329c8c2282dda447963627f07b20969a21414d5cb19c58dc?s=96&d=mm&r=g\",\"contentUrl\":\"https:\\\/\\\/secure.gravatar.com\\\/avatar\\\/f8d49d230387fe95329c8c2282dda447963627f07b20969a21414d5cb19c58dc?s=96&d=mm&r=g\",\"caption\":\"Julia\"},\"url\":\"https:\\\/\\\/www.druckstdu.de\\\/magazin\\\/author\\\/julia\\\/\"}]}<\/script>\n<!-- \/ Yoast SEO plugin. -->","yoast_head_json":{"title":"Fotoprojekt gestalten \ud83d\udcf8 \u2013 So entsteht Ihre pers\u00f6nliche Erinnerung","description":"Fotoprojekt: Ihre Fotos in einzigartige Fotoprodukte wandeln \ud83c\udf1f Kreative Ideen & Tipps! Von der Idee bis zum fertigen Produkt.","canonical":"https:\/\/www.druckstdu.de\/magazin\/fotoprojekt-fuer-erinnerungen\/","og_locale":"de_DE","og_type":"article","og_title":"Fotoprojekt gestalten \ud83d\udcf8 \u2013 So entsteht Ihre pers\u00f6nliche Erinnerung","og_description":"Fotoprojekt: Ihre Fotos in einzigartige Fotoprodukte wandeln \ud83c\udf1f Kreative Ideen & Tipps! Von der Idee bis zum fertigen Produkt.","og_url":"https:\/\/www.druckstdu.de\/magazin\/fotoprojekt-fuer-erinnerungen\/","og_site_name":"Magazin | Druckstdu","article_published_time":"2025-08-28T10:40:44+00:00","article_modified_time":"2025-09-01T09:03:05+00:00","og_image":[{"width":1920,"height":628,"url":"https:\/\/www.druckstdu.de\/magazin\/wp-content\/uploads\/2025\/08\/fotoprojekt-tisch-mit-kamera-fotos-album-in-schwarz-weiss.webp","type":"image\/webp"}],"author":"Julia","twitter_card":"summary_large_image","twitter_misc":{"Verfasst von":"Julia","Gesch\u00e4tzte Lesezeit":"9\u00a0Minuten"},"schema":{"@context":"https:\/\/schema.org","@graph":[{"@type":"Article","@id":"https:\/\/www.druckstdu.de\/magazin\/fotoprojekt-fuer-erinnerungen\/#article","isPartOf":{"@id":"https:\/\/www.druckstdu.de\/magazin\/fotoprojekt-fuer-erinnerungen\/"},"author":{"name":"Julia","@id":"https:\/\/www.druckstdu.de\/magazin\/#\/schema\/person\/21d94f7931f413d20158ecb9769efa5b"},"headline":"Von der Speicherkarte zur Erinnerung: So entsteht ein pers\u00f6nliches Fotoprojekt","datePublished":"2025-08-28T10:40:44+00:00","dateModified":"2025-09-01T09:03:05+00:00","mainEntityOfPage":{"@id":"https:\/\/www.druckstdu.de\/magazin\/fotoprojekt-fuer-erinnerungen\/"},"wordCount":1711,"image":{"@id":"https:\/\/www.druckstdu.de\/magazin\/fotoprojekt-fuer-erinnerungen\/#primaryimage"},"thumbnailUrl":"https:\/\/www.druckstdu.de\/magazin\/wp-content\/uploads\/2025\/08\/fotoprojekt-tisch-mit-kamera-fotos-album-in-schwarz-weiss.webp","articleSection":["DIY"],"inLanguage":"de"},{"@type":"WebPage","@id":"https:\/\/www.druckstdu.de\/magazin\/fotoprojekt-fuer-erinnerungen\/","url":"https:\/\/www.druckstdu.de\/magazin\/fotoprojekt-fuer-erinnerungen\/","name":"Fotoprojekt gestalten \ud83d\udcf8 \u2013 So entsteht Ihre pers\u00f6nliche Erinnerung","isPartOf":{"@id":"https:\/\/www.druckstdu.de\/magazin\/#website"},"primaryImageOfPage":{"@id":"https:\/\/www.druckstdu.de\/magazin\/fotoprojekt-fuer-erinnerungen\/#primaryimage"},"image":{"@id":"https:\/\/www.druckstdu.de\/magazin\/fotoprojekt-fuer-erinnerungen\/#primaryimage"},"thumbnailUrl":"https:\/\/www.druckstdu.de\/magazin\/wp-content\/uploads\/2025\/08\/fotoprojekt-tisch-mit-kamera-fotos-album-in-schwarz-weiss.webp","datePublished":"2025-08-28T10:40:44+00:00","dateModified":"2025-09-01T09:03:05+00:00","author":{"@id":"https:\/\/www.druckstdu.de\/magazin\/#\/schema\/person\/21d94f7931f413d20158ecb9769efa5b"},"description":"Fotoprojekt: Ihre Fotos in einzigartige Fotoprodukte wandeln \ud83c\udf1f Kreative Ideen & Tipps! Von der Idee bis zum fertigen Produkt.","breadcrumb":{"@id":"https:\/\/www.druckstdu.de\/magazin\/fotoprojekt-fuer-erinnerungen\/#breadcrumb"},"inLanguage":"de","potentialAction":[{"@type":"ReadAction","target":["https:\/\/www.druckstdu.de\/magazin\/fotoprojekt-fuer-erinnerungen\/"]}]},{"@type":"ImageObject","inLanguage":"de","@id":"https:\/\/www.druckstdu.de\/magazin\/fotoprojekt-fuer-erinnerungen\/#primaryimage","url":"https:\/\/www.druckstdu.de\/magazin\/wp-content\/uploads\/2025\/08\/fotoprojekt-tisch-mit-kamera-fotos-album-in-schwarz-weiss.webp","contentUrl":"https:\/\/www.druckstdu.de\/magazin\/wp-content\/uploads\/2025\/08\/fotoprojekt-tisch-mit-kamera-fotos-album-in-schwarz-weiss.webp","width":1920,"height":628,"caption":"@ ready made von Pexels"},{"@type":"BreadcrumbList","@id":"https:\/\/www.druckstdu.de\/magazin\/fotoprojekt-fuer-erinnerungen\/#breadcrumb","itemListElement":[{"@type":"ListItem","position":1,"name":"Startseite","item":"https:\/\/www.druckstdu.de\/magazin\/"},{"@type":"ListItem","position":2,"name":"Von der Speicherkarte zur Erinnerung: So entsteht ein pers\u00f6nliches Fotoprojekt"}]},{"@type":"WebSite","@id":"https:\/\/www.druckstdu.de\/magazin\/#website","url":"https:\/\/www.druckstdu.de\/magazin\/","name":"Magazin | Druckstdu","description":"","potentialAction":[{"@type":"SearchAction","target":{"@type":"EntryPoint","urlTemplate":"https:\/\/www.druckstdu.de\/magazin\/?s={search_term_string}"},"query-input":{"@type":"PropertyValueSpecification","valueRequired":true,"valueName":"search_term_string"}}],"inLanguage":"de"},{"@type":"Person","@id":"https:\/\/www.druckstdu.de\/magazin\/#\/schema\/person\/21d94f7931f413d20158ecb9769efa5b","name":"Julia","image":{"@type":"ImageObject","inLanguage":"de","@id":"https:\/\/secure.gravatar.com\/avatar\/f8d49d230387fe95329c8c2282dda447963627f07b20969a21414d5cb19c58dc?s=96&d=mm&r=g","url":"https:\/\/secure.gravatar.com\/avatar\/f8d49d230387fe95329c8c2282dda447963627f07b20969a21414d5cb19c58dc?s=96&d=mm&r=g","contentUrl":"https:\/\/secure.gravatar.com\/avatar\/f8d49d230387fe95329c8c2282dda447963627f07b20969a21414d5cb19c58dc?s=96&d=mm&r=g","caption":"Julia"},"url":"https:\/\/www.druckstdu.de\/magazin\/author\/julia\/"}]}},"wp-worthy-pixel":{"ignored":false,"public":null,"server":null,"url":null},"wp-worthy-type":"normal","_links":{"self":[{"href":"https:\/\/www.druckstdu.de\/magazin\/wp-json\/wp\/v2\/posts\/98","targetHints":{"allow":["GET"]}}],"collection":[{"href":"https:\/\/www.druckstdu.de\/magazin\/wp-json\/wp\/v2\/posts"}],"about":[{"href":"https:\/\/www.druckstdu.de\/magazin\/wp-json\/wp\/v2\/types\/post"}],"author":[{"embeddable":true,"href":"https:\/\/www.druckstdu.de\/magazin\/wp-json\/wp\/v2\/users\/3"}],"replies":[{"embeddable":true,"href":"https:\/\/www.druckstdu.de\/magazin\/wp-json\/wp\/v2\/comments?post=98"}],"version-history":[{"count":2,"href":"https:\/\/www.druckstdu.de\/magazin\/wp-json\/wp\/v2\/posts\/98\/revisions"}],"predecessor-version":[{"id":108,"href":"https:\/\/www.druckstdu.de\/magazin\/wp-json\/wp\/v2\/posts\/98\/revisions\/108"}],"wp:featuredmedia":[{"embeddable":true,"href":"https:\/\/www.druckstdu.de\/magazin\/wp-json\/wp\/v2\/media\/99"}],"wp:attachment":[{"href":"https:\/\/www.druckstdu.de\/magazin\/wp-json\/wp\/v2\/media?parent=98"}],"wp:term":[{"taxonomy":"category","embeddable":true,"href":"https:\/\/www.druckstdu.de\/magazin\/wp-json\/wp\/v2\/categories?post=98"},{"taxonomy":"post_tag","embeddable":true,"href":"https:\/\/www.druckstdu.de\/magazin\/wp-json\/wp\/v2\/tags?post=98"}],"curies":[{"name":"wp","href":"https:\/\/api.w.org\/{rel}","templated":true}]}}